{"id":19441,"date":"2023-07-10T21:07:45","date_gmt":"2023-07-10T19:07:45","guid":{"rendered":"https:\/\/www2.memri.org\/polish\/?p=19441"},"modified":"2023-07-10T21:07:47","modified_gmt":"2023-07-10T19:07:47","slug":"znany-zwolennika-al-kaidy-wzywa-muzulmanow-do-wspierania-palestynczykow-przez-atakowanie-zydow-i-ich-interesow-i-pomocnikow","status":"publish","type":"post","link":"https:\/\/www2.memri.org\/polish\/znany-zwolennika-al-kaidy-wzywa-muzulmanow-do-wspierania-palestynczykow-przez-atakowanie-zydow-i-ich-interesow-i-pomocnikow\/19441","title":{"rendered":"Znany zwolennika Al-Kaidy wzywa muzu\u0142man\u00f3w do wspierania Palesty\u0144czyk\u00f3w przez atakowanie \u017byd\u00f3w i \u201cich interes\u00f3w i pomocnik\u00f3w\u201d"},"content":{"rendered":"<p><b><i>Poni\u017cszy raport jest teraz bezp\u0142atn\u0105 ofert\u0105 MEMRI Jihad and Terrorism Threat Monitor (JTTM).\u00a0Aby uzyska\u0107 informacje o subskrypcji JTTM,\u00a0<\/i><\/b><a href=\"http:\/\/memri.convio.net\/site\/R?i=_bJ3vqPE-oDtjXEjsXjR3Q\"><b>kliknij tutaj<\/b><\/a><b><i>.<\/i><\/b><\/p>\n<p><span style=\"font-weight: 400;\">5 lipca 2023 r. zwolennik Al-Kaidy, Sandar Al-Ghafiki, opublikowa\u0142 jednostronicowy esej zatytu\u0142owany \u201eAgresja \u017byd\u00f3w na niez\u0142omny ob\u00f3z w D\u017cenin\u201d.\u00a0<\/span><a href=\"https:\/\/www.memri.org\/jttm\/prominent-al-qaeda-supporter-calls-muslims-support-palestinians-attacking-jews-and-their#_edn1\"><span style=\"font-weight: 400;\">[1]<\/span><\/a><\/p>\n<p><span style=\"font-weight: 400;\">Esej zaczyna si\u0119 od stwierdzenia, \u017ce \u200b\u200bka\u017cdy muzu\u0142manin zna wydarzenia z obozu dla uchod\u017ac\u00f3w w D\u017ceninie, twierdzi, \u017ce Izrael \u201ezabija, sieje zepsucie i zniszczenie oraz odstrasza ich [muzu\u0142man\u00f3w na Zachodnim Brzegu (Judei i Samarii)], pod pretekstem eliminowania terroru i gaszenia p\u0142omienia d\u017cihadu\u201d.\u00a0Al-Ghafiki dodaje, \u017ce celem eseju nie jest wyliczenie zbrodni \u201eokupanta\u201d, ale raczej zwr\u00f3cenie si\u0119 do \u201emoich muzu\u0142ma\u0144skich braci na ca\u0142ym \u015bwiecie\u201d.<\/span><\/p>\n<p><img loading=\"lazy\" decoding=\"async\" class=\"aligncenter size-full wp-image-19442\" src=\"https:\/\/www2.memri.org\/polish\/wp-content\/uploads\/2023\/07\/Screenshot_197.jpg\" alt=\"\" width=\"561\" height=\"793\" srcset=\"https:\/\/www2.memri.org\/polish\/wp-content\/uploads\/2023\/07\/Screenshot_197.jpg 561w, https:\/\/www2.memri.org\/polish\/wp-content\/uploads\/2023\/07\/Screenshot_197-212x300.jpg 212w, https:\/\/www2.memri.org\/polish\/wp-content\/uploads\/2023\/07\/Screenshot_197-297x420.jpg 297w\" sizes=\"auto, (max-width: 561px) 100vw, 561px\" \/><\/p>\n<p><span style=\"font-weight: 400;\">Wzywaj\u0105c muzu\u0142man\u00f3w, by \u201ewspierali waszych braci, gdziekolwiek jeste\u015bcie i jakkolwiek mo\u017cecie, i stoczmy t\u0119 bitw\u0119 razem\u201d, Al-Ghafiki cytuje zabitego przyw\u00f3dc\u0119 Al-Kaidy, szejka Ajmana Al-Zawahiriego: \u201eWalczymy jako jeden nar\u00f3d, jedna bitwa na wielu frontach\u201d.<\/span><\/p>\n<p><span style=\"font-weight: 400;\">Zwolennik Al-Kaidy dalej pisze: \u201eId\u017amy naprz\u00f3d i zaatakujmy \u017byd\u00f3w, ich interesy i ich pomocnik\u00f3w, w tym zwolennik\u00f3w nie-Arab\u00f3w i arabskich normalizator\u00f3w, gdziekolwiek si\u0119 znajduj\u0105 i osiedlaj\u0105, czy to w Palestynie, czy za granic\u0105. P\u00f3jdziemy za przyk\u0142adem \u2018lw\u00f3w\u2019 indywidualnego d\u017cihadu, kiedy atakujemy ich [\u017byd\u00f3w], wyja\u015bnijmy to przez daw&#8217;a\u201d.\u00a0Al-Ghafiki dodaje, \u017ce d\u017cihad powinien by\u0107 prowadzony przeciwko \u017bydom i ich sojusznikom, w tym \u201echrze\u015bcijanom i tyranom z Zachodu\u201d.<\/span><\/p>\n<p><span style=\"font-weight: 400;\">Al-Ghafiki cz\u0119sto publikuje eseje na r\u00f3\u017cne tematy.\u00a01 lutego opublikowa\u0142 artyku\u0142 omawiaj\u0105cy znaczenie przysi\u0119gi wierno\u015bci z\u0142o\u017conej 25 stycznia przez cz\u0142onk\u00f3w plemienia Tuareg\u00f3w w Mali\u00a0<\/span><a href=\"https:\/\/www.memri.org\/jttm\/prominent-al-qaeda-supporter-calls-muslims-support-palestinians-attacking-jews-and-their#_edn2\"><span style=\"font-weight: 400;\">[2]<\/span><\/a><span style=\"font-weight: 400;\">, a 30 czerwca esej zatytu\u0142owany \u201eO ludu Koranu, upi\u0119kszcie Koran swoimi czynami!\u201d,\u00a0o ostatnim prote\u015bcie palenia Koranu w Sztokholmie.\u00a0<\/span><a href=\"https:\/\/www.memri.org\/jttm\/prominent-al-qaeda-supporter-calls-muslims-support-palestinians-attacking-jews-and-their#_edn3\"><span style=\"font-weight: 400;\">[3]<\/span><\/a><\/p>\n<hr \/>\n<p><a href=\"https:\/\/www.memri.org\/jttm\/prominent-al-qaeda-supporter-calls-muslims-support-palestinians-attacking-jews-and-their#_ednref1\"><span style=\"font-weight: 400;\">[1]<\/span><\/a><span style=\"font-weight: 400;\">\u00a0Chirpwire.net, July 5, 2023.<\/span><\/p>\n<p><a href=\"https:\/\/www.memri.org\/jttm\/prominent-al-qaeda-supporter-calls-muslims-support-palestinians-attacking-jews-and-their#_ednref2\"><span style=\"font-weight: 400;\">[2]<\/span><\/a><span style=\"font-weight: 400;\">\u00a0See MEMRI JTTM Report<\/span><a href=\"https:\/\/www.memri.org\/jttm\/prominent-al-qaeda-supporter-hails-pledge-allegiance-tuareg-tribes-al-qaeda-mali-beginning\"><span style=\"font-weight: 400;\">: Prominent Al-Qaeda Supporter Hails Pledge Of Allegiance By Tuareg Tribes To Al-Qaeda In Mali As 'Beginning Of Glories&#8217; In Islamic Maghreb<\/span><\/a><span style=\"font-weight: 400;\">, February 2, 2023.<\/span><\/p>\n<p><a href=\"https:\/\/www.memri.org\/jttm\/prominent-al-qaeda-supporter-calls-muslims-support-palestinians-attacking-jews-and-their#_ednref3\"><span style=\"font-weight: 400;\">[3]<\/span><\/a><span style=\"font-weight: 400;\">\u00a0See MEMRI JTTM Report:\u00a0<\/span><a href=\"https:\/\/www.memri.org\/jttm\/reacting-quran-burning-stockholm-al-qaeda-indian-subcontinent-aqis-calls-beheadings-al-qaeda\"><span style=\"font-weight: 400;\">Reacting To Quran Burning In Stockholm, Al-Qaeda In The Indian Subcontinent (AQIS) Calls For Beheadings, Al-Qaeda Supporter Asserts Killing Insulters Of Islam Would End The Phenomenon<\/span><\/a><span style=\"font-weight: 400;\">, July 3, 2023.<\/span><\/p>\n","protected":false},"excerpt":{"rendered":"<p>Poni\u017cszy raport jest teraz bezp\u0142atn\u0105 ofert\u0105 MEMRI Jihad and Terrorism Threat Monitor (JTTM).\u00a0Aby uzyska\u0107 informacje o subskrypcji JTTM,\u00a0kliknij tutaj. 5 lipca 2023 r. zwolennik Al-Kaidy, Sandar Al-Ghafiki, opublikowa\u0142 jednostronicowy esej zatytu\u0142owany \u201eAgresja \u017byd\u00f3w na niez\u0142omny ob\u00f3z w D\u017cenin\u201d.\u00a0[1] Esej zaczyna si\u0119 od stwierdzenia, \u017ce \u200b\u200bka\u017cdy muzu\u0142manin zna wydarzenia z obozu dla uchod\u017ac\u00f3w w D\u017ceninie, twierdzi, [&hellip;]<\/p>\n","protected":false},"author":1,"featured_media":19442,"comment_status":"closed","ping_status":"closed","sticky":false,"template":"","format":"standard","meta":{"footnotes":""},"categories":[824,828,835,837],"tags":[909,911,912],"class_list":["post-19441","post","type-post","status-publish","format-standard","has-post-thumbnail","hentry","category-specjalne-komunikaty","category-autonomia-palestynska","category-archiwum","category-kraje","tag-irak","tag-konfliktu-izraelsko-palestynskiego","tag-konflikt-arabsko-izraelski"],"_links":{"self":[{"href":"https:\/\/www2.memri.org\/polish\/wp-json\/wp\/v2\/posts\/19441","targetHints":{"allow":["GET"]}}],"collection":[{"href":"https:\/\/www2.memri.org\/polish\/wp-json\/wp\/v2\/posts"}],"about":[{"href":"https:\/\/www2.memri.org\/polish\/wp-json\/wp\/v2\/types\/post"}],"author":[{"embeddable":true,"href":"https:\/\/www2.memri.org\/polish\/wp-json\/wp\/v2\/users\/1"}],"replies":[{"embeddable":true,"href":"https:\/\/www2.memri.org\/polish\/wp-json\/wp\/v2\/comments?post=19441"}],"version-history":[{"count":1,"href":"https:\/\/www2.memri.org\/polish\/wp-json\/wp\/v2\/posts\/19441\/revisions"}],"predecessor-version":[{"id":19443,"href":"https:\/\/www2.memri.org\/polish\/wp-json\/wp\/v2\/posts\/19441\/revisions\/19443"}],"wp:featuredmedia":[{"embeddable":true,"href":"https:\/\/www2.memri.org\/polish\/wp-json\/wp\/v2\/media\/19442"}],"wp:attachment":[{"href":"https:\/\/www2.memri.org\/polish\/wp-json\/wp\/v2\/media?parent=19441"}],"wp:term":[{"taxonomy":"category","embeddable":true,"href":"https:\/\/www2.memri.org\/polish\/wp-json\/wp\/v2\/categories?post=19441"},{"taxonomy":"post_tag","embeddable":true,"href":"https:\/\/www2.memri.org\/polish\/wp-json\/wp\/v2\/tags?post=19441"}],"curies":[{"name":"wp","href":"https:\/\/api.w.org\/{rel}","templated":true}]}}