{"id":19064,"date":"2023-04-26T23:24:53","date_gmt":"2023-04-26T21:24:53","guid":{"rendered":"https:\/\/www2.memri.org\/polish\/?p=19064"},"modified":"2023-04-26T23:24:53","modified_gmt":"2023-04-26T21:24:53","slug":"hamas-wydaje-uroczysty-posilek-iftar-dla-dyplomatow-w-stolicy-kataru-wsrod-gosci-byli-ambasadorowie-iranu-afganistanu-turcji-rosji","status":"publish","type":"post","link":"https:\/\/www2.memri.org\/polish\/hamas-wydaje-uroczysty-posilek-iftar-dla-dyplomatow-w-stolicy-kataru-wsrod-gosci-byli-ambasadorowie-iranu-afganistanu-turcji-rosji\/19064","title":{"rendered":"Hamas wydaje uroczysty posi\u0142ek Iftar dla dyplomat\u00f3w w stolicy Kataru; w\u015br\u00f3d go\u015bci byli ambasadorowie Iranu, Afganistanu, Turcji, Rosji"},"content":{"rendered":"<p><i><span style=\"font-weight: 400;\">13 kwietnia 2023 r. Hamas zorganizowa\u0142 uroczysty iftar (wieczorny posi\u0142ek na zako\u0144czenie codziennego postu Ramadanu) w stolicy Kataru Doha dla oko\u0142o 30 dyplomat\u00f3w z pa\u0144stw arabskich i islamskich oraz kilku \u201eprzyjaznych kraj\u00f3w niearabskich\u201d, jak r\u00f3wnie\u017c ministr\u00f3w i pos\u0142\u00f3w Kataru.\u00a0Wydarzenie, kt\u00f3re szef Biura Politycznego Hamasu Isma&#8217;il Hanija okre\u015bli\u0142 jako \u201epierwsze w swoim rodzaju\u201d, mia\u0142o miejsce w Klubie Dyplomatycznym w Doha i odzwierciedla poparcie Kataru dla Hamasu i innych organizacji terrorystycznych.\u00a0<\/span><\/i><a href=\"https:\/\/www.memri.org\/reports\/hamas-hosts-festive-iftar-dinner-diplomats-qatari-capital-guests-include-ambassadors-iran#_edn1\"><b><i>[1]<\/i><\/b><\/a><i><span style=\"font-weight: 400;\">\u00a0Katar go\u015bci przyw\u00f3dc\u00f3w Hamasu na swoim terytorium, zapewnia organizacji pomoc finansow\u0105 i zasadniczo wspiera Hamas w jego walce z Izraelem.\u00a0<\/span><\/i><a href=\"https:\/\/www.memri.org\/reports\/hamas-hosts-festive-iftar-dinner-diplomats-qatari-capital-guests-include-ambassadors-iran#_edn2\"><b><i>[2]<\/i><\/b><\/a><i><span style=\"font-weight: 400;\">\u00a0<\/span><\/i><\/p>\n<p><i><span style=\"font-weight: 400;\">Uroczysto\u015b\u0107 obejmowa\u0142a przyj\u0119cie, modlitw\u0119 prowadzon\u0105 przez Isma&#8217;ila Hanij\u0119 oraz polityczne przem\u00f3wienie Haniji.\u00a0Zdj\u0119cia z imprezy, kt\u00f3re zosta\u0142y zamieszczone w mediach spo\u0142eczno\u015bciowych, pokazuj\u0105 niekt\u00f3rych dyplomat\u00f3w, kt\u00f3rzy brali w niej udzia\u0142, w tym ambasadora Iranu w Katarze, Hamidreza Dehghani Poudeha, [3]\u00a0<\/span><\/i><a href=\"https:\/\/www.memri.org\/reports\/hamas-hosts-festive-iftar-dinner-diplomats-qatari-capital-guests-include-ambassadors-iran#_edn3\"><b><i>ambasadora<\/i><\/b><\/a><i><span style=\"font-weight: 400;\">\u00a0Turcji w Katarze, Mustaf\u0119 Goksu,\u00a0<\/span><\/i><a href=\"https:\/\/www.memri.org\/reports\/hamas-hosts-festive-iftar-dinner-diplomats-qatari-capital-guests-include-ambassadors-iran#_edn4\"><b><i>[4]<\/i><\/b><\/a><i><span style=\"font-weight: 400;\">\u00a0ambasadora talibskiego Islamskiego Emiratu Afganistanu, Mohammada Na&#8217;eema\u00a0<\/span><\/i><a href=\"https:\/\/www.memri.org\/reports\/hamas-hosts-festive-iftar-dinner-diplomats-qatari-capital-guests-include-ambassadors-iran#_edn5\"><b><i>[5]<\/i><\/b><\/a><i><span style=\"font-weight: 400;\">\u00a0i ambasadora Rosji w Katarze, Dmitrija Dogadkina.\u00a0<\/span><\/i><a href=\"https:\/\/www.memri.org\/reports\/hamas-hosts-festive-iftar-dinner-diplomats-qatari-capital-guests-include-ambassadors-iran#_edn6\"><b><i>[6]<\/i><\/b><\/a><i><span style=\"font-weight: 400;\">\u00a0Gazeta \u201eAl-Arabi Al-Jadid\u201d pisze, \u017ce w uroczysto\u015bci uczestniczy\u0142 tak\u017ce \u201edoradca ds. bezpiecze\u0144stwa z du\u017cego kraju europejskiego\u201d i \u017ce ambasador Autonomii Palesty\u0144skiej w Katarze, Munir Ghannam, nie by\u0142 obecny.\u00a0<\/span><\/i><a href=\"https:\/\/www.memri.org\/reports\/hamas-hosts-festive-iftar-dinner-diplomats-qatari-capital-guests-include-ambassadors-iran#_edn7\"><b><i>[7]<\/i><\/b><\/a><i><span style=\"font-weight: 400;\">\u00a0<\/span><\/i><\/p>\n<p><i><span style=\"font-weight: 400;\">W imprezie wzi\u0119\u0142o udzia\u0142 wielu funkcjonariuszy Hamasu, kt\u00f3rych cz\u0119sto go\u015bci Katar.\u00a0Opr\u00f3cz szefa Biura Politycznego Ismaila Haniji, tymi funkcjonariuszami Hamasu byli mi\u0119dzy innymi: Chaled Masz&#8217;al, Moussa Abu Marzouk, Chalil Al-Haja, Maher Salah, Izzat Al-Riszk, Muhammad Nazzal, Hussam Badran, Sami Chater i Maher Ubaid.\u00a0<\/span><\/i><a href=\"https:\/\/www.memri.org\/reports\/hamas-hosts-festive-iftar-dinner-diplomats-qatari-capital-guests-include-ambassadors-iran#_edn8\"><b><i>[8]<\/i><\/b><\/a><i><span style=\"font-weight: 400;\">\u00a0Katarscy oficjele bior\u0105cy udzia\u0142 w wydarzeniu to minister ds. darowizn religijnych Ghanem bin Szahin Al-Ghanem i przewodnicz\u0105cy katarskiego Komitetu Odbudowy Gazy, Muhammad Al-Imadi, kt\u00f3ry jest g\u0142\u00f3wnym \u0142\u0105cznikiem mi\u0119dzy Katarem a Hamasem i kt\u00f3rego komitet s\u0142u\u017cy jako kana\u0142 kierowania funduszy do Strefy Gazy.\u00a0<\/span><\/i><a href=\"https:\/\/www.memri.org\/reports\/hamas-hosts-festive-iftar-dinner-diplomats-qatari-capital-guests-include-ambassadors-iran#_edn9\"><b><i>[9]<\/i><\/b><\/a><\/p>\n<p><i><span style=\"font-weight: 400;\">Aby zobaczy\u0107 klip MEMRI TV z kolacji iftar Hamasu, kliknij\u00a0<\/span><\/i><a href=\"https:\/\/www.memri.org\/tv\/hamas-hosts-iftar-dinner-doha-qatar-attended-leader-ismail-haniyeh-diplomats\"><i><span style=\"font-weight: 400;\">tutaj<\/span><\/i><\/a><i><span style=\"font-weight: 400;\">\u00a0lub poni\u017cej:<\/span><\/i><\/p>\n<p><i><span style=\"font-weight: 400;\">Ten raport stanowi przegl\u0105d uroczysto\u015bci zorganizowanej przez Hamas dla dyplomat\u00f3w w Katarze.<\/span><\/i><\/p>\n<p><b>Przyw\u00f3dca Hamasu Hanija w przem\u00f3wieniu do dyplomat\u00f3w: B\u0119dziemy kontynuowa\u0107 op\u00f3r we wszystkich jego formach;\u00a0Mam nadziej\u0119, \u017ce pomo\u017cecie nam na forach mi\u0119dzynarodowych<\/b><\/p>\n<p><span style=\"font-weight: 400;\">W przem\u00f3wieniu na tej imprezie Hanija podkre\u015bli\u0142, \u017ce \u201eHamas walczy na trzy sposoby ze strategicznym rozwojem i zmianami na poziomie lokalnym, regionalnym i mi\u0119dzynarodowym: po pierwsze, poprzez sta\u0142\u0105 gotowo\u015b\u0107 do [zbrojnej] konfrontacji; po drugie, poprzez wspieranie prawdziwej [wewn\u0105trz palesty\u0144skiej] jedno\u015bci narodowej; i po trzecie, poprzez wzmocnienie koordynacji i konsultacji ze \u015brodowiskiem arabskim i islamskim oraz ze wszystkimi wolnymi [narodami] \u015bwiata\u201d.\u00a0Doda\u0142, \u017ce jedyn\u0105 opcj\u0105 dla Hamasu jest kontynuowanie \u201eniez\u0142omno\u015bci, walki i oporu we wszystkich formach, a\u017c okupacja zostanie usuni\u0119ta\u201d i wyrazi\u0142 nadziej\u0119, \u017ce \u201epa\u0144stwa arabskie i islamskie oraz [nasi] przyjaciele na ca\u0142ym \u015bwiecie pomog\u0105 [Hamasowi] politycznie i dyplomatycznie na wszystkich forach regionalnych i mi\u0119dzynarodowych\u201d.\u00a0Podkre\u015bli\u0142 &#8222;znaczenie koordynacji i konsultacji z r\u00f3\u017cnymi krajami i wolnymi [narodami] \u015bwiata w \u015bwietle trwaj\u0105cych pr\u00f3b okupanta infiltrowania regionu na [poziomach] politycznym, bezpiecze\u0144stwa i militarnym\u201d.\u00a0Hanija podzi\u0119kowa\u0142 go\u015bciom i opisa\u0142 uroczysto\u015b\u0107 jako \u201cokazj\u0119 do przypomnienia \u015bwiatu, \u017ce ka\u017cdy ma polityczny, moralny i ludzki obowi\u0105zek zatrzymania trwaj\u0105cej agresji przeciwko Palesty\u0144czykom, ich ziemi i ich miejscom \u015bwi\u0119tym oraz dzia\u0142ania na rzecz zako\u0144czenia okupacji&#8221;.<\/span><a href=\"https:\/\/www.memri.org\/reports\/hamas-hosts-festive-iftar-dinner-diplomats-qatari-capital-guests-include-ambassadors-iran#_edn10\"><span style=\"font-weight: 400;\">[10]<\/span><\/a><span style=\"font-weight: 400;\">\u00a0\u00a0<\/span><\/p>\n<p><span style=\"font-weight: 400;\"><img loading=\"lazy\" decoding=\"async\" class=\"alignnone size-full wp-image-19066\" src=\"https:\/\/www2.memri.org\/polish\/wp-content\/uploads\/2023\/04\/sd10576.jpg\" width=\"486\" height=\"324\" srcset=\"https:\/\/www2.memri.org\/polish\/wp-content\/uploads\/2023\/04\/sd10576.jpg 486w, https:\/\/www2.memri.org\/polish\/wp-content\/uploads\/2023\/04\/sd10576-300x200.jpg 300w\" sizes=\"auto, (max-width: 486px) 100vw, 486px\" \/><\/span><i><span style=\"font-weight: 400;\">Szef Biura Politycznego Hamasu, Isma&#8217;il Hanija, przemawiaj\u0105cy na imprezie w Doha;\u00a0na ekranie za nim widniej\u0105 flagi Kataru i Palestyny \u200b\u200boraz tekst: \u201eNasi honorowi go\u015bcie, witamy na iftar Ramadanu [organizowanym przez] Islamski Ruch Oporu Hamas \u2013 Palestyna\u201d (Zdj\u0119cie: Safa.ps, 15 kwietnia 2023 r.)<\/span><\/i><\/p>\n<p><span style=\"font-weight: 400;\"><img loading=\"lazy\" decoding=\"async\" class=\"alignnone size-full wp-image-19067\" src=\"https:\/\/www2.memri.org\/polish\/wp-content\/uploads\/2023\/04\/sd10576a.jpg\" width=\"464\" height=\"325\" srcset=\"https:\/\/www2.memri.org\/polish\/wp-content\/uploads\/2023\/04\/sd10576a.jpg 464w, https:\/\/www2.memri.org\/polish\/wp-content\/uploads\/2023\/04\/sd10576a-300x210.jpg 300w, https:\/\/www2.memri.org\/polish\/wp-content\/uploads\/2023\/04\/sd10576a-100x70.jpg 100w\" sizes=\"auto, (max-width: 464px) 100vw, 464px\" \/><\/span><i><span style=\"font-weight: 400;\">Isma&#8217;il Hanija przemawiaj\u0105cy na uroczysto\u015bci w Doha (Zdj\u0119cie: Hamas.ps, 15 kwietnia 2023)<\/span><\/i><\/p>\n<p><b>Zdj\u0119cia z uroczystego Iftar Hamasu w Dyplomatycznym Klubie w Doha<\/b><\/p>\n<p><span style=\"font-weight: 400;\">W katarskich mediach prawie nie wspomniano o wydarzeniu, ale zdj\u0119cia z niego zosta\u0142y opublikowane przez Hamas i, jak wspomniano, zamieszczone r\u00f3wnie\u017c w mediach spo\u0142eczno\u015bciowych.\u00a0Poni\u017cej znajduje si\u0119 kilka przyk\u0142ad\u00f3w:<\/span><\/p>\n<p><span style=\"font-weight: 400;\"><img loading=\"lazy\" decoding=\"async\" class=\"alignnone size-full wp-image-19068\" src=\"https:\/\/www2.memri.org\/polish\/wp-content\/uploads\/2023\/04\/sd10576b.jpg\" width=\"447\" height=\"313\" srcset=\"https:\/\/www2.memri.org\/polish\/wp-content\/uploads\/2023\/04\/sd10576b.jpg 447w, https:\/\/www2.memri.org\/polish\/wp-content\/uploads\/2023\/04\/sd10576b-300x210.jpg 300w, https:\/\/www2.memri.org\/polish\/wp-content\/uploads\/2023\/04\/sd10576b-100x70.jpg 100w\" sizes=\"auto, (max-width: 447px) 100vw, 447px\" \/><\/span><i><span style=\"font-weight: 400;\">Przyw\u00f3dcy Hamasu z Muhammadem Al-&#8217;Imadim, przewodnicz\u0105cym katarskiego Komitetu Odbudowy Gazy (Hamas.ps, 15 kwietnia 2023)<\/span><\/i><\/p>\n<p><span style=\"font-weight: 400;\"><img loading=\"lazy\" decoding=\"async\" class=\"alignnone size-full wp-image-19069\" src=\"https:\/\/www2.memri.org\/polish\/wp-content\/uploads\/2023\/04\/sd10576c.jpg\" width=\"444\" height=\"333\" srcset=\"https:\/\/www2.memri.org\/polish\/wp-content\/uploads\/2023\/04\/sd10576c.jpg 444w, https:\/\/www2.memri.org\/polish\/wp-content\/uploads\/2023\/04\/sd10576c-300x225.jpg 300w, https:\/\/www2.memri.org\/polish\/wp-content\/uploads\/2023\/04\/sd10576c-80x60.jpg 80w, https:\/\/www2.memri.org\/polish\/wp-content\/uploads\/2023\/04\/sd10576c-265x198.jpg 265w\" sizes=\"auto, (max-width: 444px) 100vw, 444px\" \/><\/span><i><span style=\"font-weight: 400;\">Isma&#8217;il Hanija z katarskimi oficjelami i ambasadorami Rosji, Iranu i Turcji (Facebook.com\/TCDoha, 14 kwietnia 2023)<\/span><\/i><\/p>\n<p><span style=\"font-weight: 400;\"><img loading=\"lazy\" decoding=\"async\" class=\"alignnone size-full wp-image-19070\" src=\"https:\/\/www2.memri.org\/polish\/wp-content\/uploads\/2023\/04\/sd10576d.jpg\" width=\"335\" height=\"478\" srcset=\"https:\/\/www2.memri.org\/polish\/wp-content\/uploads\/2023\/04\/sd10576d.jpg 335w, https:\/\/www2.memri.org\/polish\/wp-content\/uploads\/2023\/04\/sd10576d-210x300.jpg 210w, https:\/\/www2.memri.org\/polish\/wp-content\/uploads\/2023\/04\/sd10576d-294x420.jpg 294w\" sizes=\"auto, (max-width: 335px) 100vw, 335px\" \/><\/span><i><span style=\"font-weight: 400;\">Isma&#8217;il Hanija z ambasadorem talib\u00f3w w Katarze Mohammadem Na&#8217;eemem.\u00a0Tekst nad zdj\u0119ciem m\u00f3wi: \u201eWczoraj, 13 kwietnia 2023 r., na zaproszenie Biura Politycznego Hamasu w Doha, pe\u0142ni\u0105cy obowi\u0105zki ambasadora Islamskiego Emiratu Afganistanu, dr Mohammad Na&#8217;eem, uczestniczy\u0142 w iftar zorganizowanym przez to biuro&#8221; (Twitter.com\/AfgEmbDoha, 14 kwietnia 2023 r.)<\/span><\/i><\/p>\n<p><span style=\"font-weight: 400;\"><img loading=\"lazy\" decoding=\"async\" class=\"alignnone size-full wp-image-19071\" src=\"https:\/\/www2.memri.org\/polish\/wp-content\/uploads\/2023\/04\/sd10576e.jpg\" width=\"321\" height=\"539\" srcset=\"https:\/\/www2.memri.org\/polish\/wp-content\/uploads\/2023\/04\/sd10576e.jpg 321w, https:\/\/www2.memri.org\/polish\/wp-content\/uploads\/2023\/04\/sd10576e-179x300.jpg 179w, https:\/\/www2.memri.org\/polish\/wp-content\/uploads\/2023\/04\/sd10576e-250x420.jpg 250w\" sizes=\"auto, (max-width: 321px) 100vw, 321px\" \/><\/span><i><span style=\"font-weight: 400;\">Isma&#8217;il Hanija z rosyjskim ambasadorem w Katarze, Dmitrim Dogadkinem (Facebook.com\/profile.php?id=100041660296765, 13 kwietnia 2023)<\/span><\/i><\/p>\n<p><span style=\"font-weight: 400;\"><img loading=\"lazy\" decoding=\"async\" class=\"alignnone size-full wp-image-19072\" src=\"https:\/\/www2.memri.org\/polish\/wp-content\/uploads\/2023\/04\/sd10576f.jpg\" width=\"421\" height=\"317\" srcset=\"https:\/\/www2.memri.org\/polish\/wp-content\/uploads\/2023\/04\/sd10576f.jpg 421w, https:\/\/www2.memri.org\/polish\/wp-content\/uploads\/2023\/04\/sd10576f-300x226.jpg 300w, https:\/\/www2.memri.org\/polish\/wp-content\/uploads\/2023\/04\/sd10576f-80x60.jpg 80w\" sizes=\"auto, (max-width: 421px) 100vw, 421px\" \/><\/span><span style=\"font-weight: 400;\"><br \/>\n<\/span><i><span style=\"font-weight: 400;\">Isma&#8217;il Hanija z tureckim ambasadorem w Katarze, Mustaf\u0105 G\u00f6ksu (Facebook.com\/TCDoha, 14 kwietnia 2023)<\/span><\/i><\/p>\n<p><span style=\"font-weight: 400;\"><img loading=\"lazy\" decoding=\"async\" class=\"alignnone size-full wp-image-19073\" src=\"https:\/\/www2.memri.org\/polish\/wp-content\/uploads\/2023\/04\/sd10576g.jpg\" width=\"522\" height=\"177\" srcset=\"https:\/\/www2.memri.org\/polish\/wp-content\/uploads\/2023\/04\/sd10576g.jpg 522w, https:\/\/www2.memri.org\/polish\/wp-content\/uploads\/2023\/04\/sd10576g-300x102.jpg 300w\" sizes=\"auto, (max-width: 522px) 100vw, 522px\" \/><\/span><i><span style=\"font-weight: 400;\">Isma&#8217;il Hanija przewodzi go\u015bciom w modlitwie (Twitter.com\/FahadAlMuteryQ8, 16 kwietnia 2023; Twitter.com\/hamidehghani, 18 kwietnia 2023)<\/span><\/i><\/p>\n<hr \/>\n<p><a href=\"https:\/\/www.memri.org\/reports\/hamas-hosts-festive-iftar-dinner-diplomats-qatari-capital-guests-include-ambassadors-iran#_ednref1\"><span style=\"font-weight: 400;\">[1]<\/span><\/a><span style=\"font-weight: 400;\">\u00a0Hamas has been designated by the U.S. as a terror organization. See\u00a0<\/span><a href=\"https:\/\/www.state.gov\/foreign-terrorist-organizations\"><span style=\"font-weight: 400;\">https:\/\/www.state.gov\/foreign-terrorist-organizations<\/span><\/a><span style=\"font-weight: 400;\">. On Qatar&#8217;s support of terrorism, see e.g. MEMRI reports: Daily Brief No. 152,\u00a0<\/span><a href=\"https:\/\/www.memri.org\/reports\/cut-qatar\"><span style=\"font-weight: 400;\">Cut Off Qatar<\/span><\/a><span style=\"font-weight: 400;\">, March 4, 2018;\u00a0 Daily Brief No. 148,\u00a0<\/span><a href=\"https:\/\/www.memri.org\/reports\/gaza-need-qatars-aid\"><span style=\"font-weight: 400;\">Is Gaza In Need Of Qatar&#8217;s Aid?,<\/span><\/a><span style=\"font-weight: 400;\">\u00a0January 29, 2018; Daily Brief No. 146,\u00a0<\/span><a href=\"https:\/\/www.memri.org\/reports\/qatar-emirate-fools-them-all-and-its-enablers\"><span style=\"font-weight: 400;\">Qatar, The Emirate That Fools Them All, And Its Enablers<\/span><\/a><span style=\"font-weight: 400;\">, January 18, 2018.<\/span><\/p>\n<p><a href=\"https:\/\/www.memri.org\/reports\/hamas-hosts-festive-iftar-dinner-diplomats-qatari-capital-guests-include-ambassadors-iran#_ednref2\"><span style=\"font-weight: 400;\">[2]<\/span><\/a><span style=\"font-weight: 400;\">\u00a0\u00a0It should be mentioned that, during the 2021 round of fighting between Hamas and Israel in Gaza, while Qatar was involved, along with the U.S., Egypt and other countries, in attempts to mediate a ceasefire between the sides, a mass rally in support of Hamas was held in Doha with the participation of Qatari officials. See Inquiry &amp; Analysis Series No. 1576 &#8211;\u00a0<\/span><a href=\"https:\/\/www.memri.org\/reports\/qatar-mediates-between-israel-and-hamas-it-holds-mass-rally-hamas-doha-supporting-armed\"><span style=\"font-weight: 400;\">As Qatar Mediates Between Israel And Hamas, It Holds Mass Rally For Hamas In Doha Supporting Armed Struggle And Jihad Against Israel \u2013 Participants Included Hamas Political Bureau Head Isma&#8217;il Haniya<\/span><\/a><span style=\"font-weight: 400;\">\u00a0\u2013 May 21, 2021. The Qatari press publishes many articles in support of Hamas and terror against Israel. See MEMRI reports: Special Dispatch No. 10452 &#8211;\u00a0<\/span><a href=\"https:\/\/www.memri.org\/reports\/al-jazeera-presenters-journalists-qatari-press-qatar-backed-muslim-clerics-terrorist-attack\"><span style=\"font-weight: 400;\">Al-Jazeera Presenters, Journalists In Qatari Press, Qatar-Backed Muslim Clerics: Terrorist Attack Near Jerusalem Synagogue Was 'Brave Act&#8217; Of 'Legitimate Resistance,&#8217; Its Perpetrator Is A 'Hero&#8217;<\/span><\/a><span style=\"font-weight: 400;\">\u00a0\u2013 February 1, 2023; Special Dispatch No. 9316 &#8211;\u00a0<\/span><a href=\"https:\/\/www.memri.org\/reports\/article-al-jazeera-website-ramadan-month-jihad-and-victories-season-palestinian-armed\"><span style=\"font-weight: 400;\">Article On Al-Jazeera Website: Ramadan, 'Month Of Jihad And Victories,&#8217; Is The Season Of Palestinian Armed Operations<\/span><\/a><span style=\"font-weight: 400;\">\u00a0\u2013 May 3, 2021; Inquiry &amp; Analysis Series No. 1634 &#8211;\u00a0<\/span><a href=\"https:\/\/www.memri.org\/reports\/antisemitism-holocaust-denial-qatari-press\"><span style=\"font-weight: 400;\">Antisemitism, Holocaust Denial In Qatari Press<\/span><\/a><span style=\"font-weight: 400;\">\u00a0\u2013 April 28, 2022; Special Dispatch No. 9891 &#8211;\u00a0<\/span><a href=\"https:\/\/www.memri.org\/reports\/qatari-press-praises-tel-aviv-terror-attack-which-three-israelis-were-killed-%E2%80%93-and-terrorist\"><span style=\"font-weight: 400;\">Qatari Press Praises Tel Aviv Terror Attack In Which Three Israelis Were Killed \u2013 And The Terrorist Who Carried It Out<\/span><\/a><span style=\"font-weight: 400;\">\u00a0\u2013 April 11, 2022; Inquiry &amp; Analysis Series No. 1527,\u00a0<\/span><a href=\"https:\/\/www.memri.org\/reports\/al-jazeera-unmasked-political-islam-media-arm-qatari-state\"><span style=\"font-weight: 400;\">Al-Jazeera Unmasked: Political Islam As A Media Arm Of The Qatari State<\/span><\/a><span style=\"font-weight: 400;\">, August 12, 2020;<\/span><\/p>\n<p><span style=\"font-weight: 400;\">Special Dispatch No. 8242 &#8211;\u00a0<\/span><a href=\"https:\/\/www.memri.org\/reports\/blog-post-website-qatars-al-jazeera-network-praises-hamas-summer-camps-and-its-efforts-raise\"><span style=\"font-weight: 400;\">Blog Post On Website Of Qatar&#8217;s Al-Jazeera Network Praises Hamas Summer Camps And Its Efforts To 'Raise A Generation That Believes In The Duty Of Jihad&#8217;<\/span><\/a><span style=\"font-weight: 400;\">\u00a0\u2013 August 26, 2019; Special Dispatch No. 7975 &#8211;\u00a0<\/span><a href=\"https:\/\/www.memri.org\/reports\/qatari-press-praises-armed-palestinian-resistance-self-sacrifice-palestine\"><span style=\"font-weight: 400;\">Qatari Press Praises Armed Palestinian Resistance, Self-Sacrifice For Palestine<\/span><\/a><span style=\"font-weight: 400;\">\u00a0\u2013 April 1, 2019.<\/span><\/p>\n<p><span style=\"font-weight: 400;\">In addition, Qatar also supports, sponsors and funds the International Union of Muslim Scholars (IUMS), founded in 2004 by the extremist Sheikh Yousuf Al-Qaradawi, in which Hamas Political Bureau head Isma&#8217;il Haniya is a member. The union provides Hamas with religious legitimacy and consistently promotes an extremist discourse of hate, incitement, antisemitism, calls for jihad and encouragement of armed struggle against Israel. On this IUMS&#8217; extremist discourse and support for terrorism, see MEMRI reports:\u00a0 Special Dispatch No. 10557,\u00a0<\/span><a href=\"https:\/\/www.memri.org\/reports\/qatar-funded-and-operated-international-union-muslim-scholars-iums-and-hamas-leaders-qatar\"><span style=\"font-weight: 400;\">Qatar-Funded And Operated International Union Of Muslim Scholars (IUMS) And Hamas Leaders In Qatar Call Palestinians To I&#8217;tikaf In Al-Aqsa Mosque With Intention Of Waging Jihad Prior To April 5 Clashes, Declare April 7 As 'Day Of Rage&#8217;<\/span><\/a><span style=\"font-weight: 400;\">, April 7, 2023; Special Dispatch No. 10553 &#8211;\u00a0<\/span><a href=\"https:\/\/www.memri.org\/reports\/member-international-union-muslim-scholars-muslims-must-liberate-al-aqsa-any-means-it-blood\"><span style=\"font-weight: 400;\">Member Of The International Union Of Muslim Scholars: Muslims Must Liberate Al-Aqsa By Any Means; It Is The Blood Of The Jihad Fighters That Lights The Flame Of Al-Aqsa; The Day Of Judgement Will Come When The Muslims Fight And Kill The Jews<\/span><\/a><span style=\"font-weight: 400;\">\u00a0\u2013 April 5, 2023; Inquiry &amp; Analysis No. 1652,\u00a0<\/span><a href=\"https:\/\/www.memri.org\/reports\/al-qaradawi-qatars-islamist-empire-builder\"><span style=\"font-weight: 400;\">Al-Qaradawi: Qatar&#8217;s Islamist Empire Builder<\/span><\/a><span style=\"font-weight: 400;\">, October 3, 2022; Special Dispatch No. 10464 &#8211;\u00a0<\/span><a href=\"https:\/\/www.memri.org\/reports\/international-union-muslim-clerics-iums-member-jerusalem-terrorist-who-killed-seven\"><span style=\"font-weight: 400;\">International Union Of Muslim Clerics (IUMS) Member: The Jerusalem Terrorist Who Killed Seven Civilians Is A 'Hero&#8217; And A 'Role Model&#8217;; The Quran Explicitly Calls To Wage Jihad For The Sake Of Allah<\/span><\/a><span style=\"font-weight: 400;\">\u00a0\u2013 February 6, 2023; Special Dispatch No. 10356 &#8211;\u00a0<\/span><a href=\"https:\/\/www.memri.org\/reports\/youssef-al-qaradawis-successor-ali-al-qaradaghi-shares-mentors-hardline-views-and-positions\"><span style=\"font-weight: 400;\">Youssef Al-Qaradawi&#8217;s Successor Ali Al-Qaradaghi Shares Mentor&#8217;s Hardline Views And Positions On West, Christianity, And Jihad, Actively Promotes Muslim Brotherhood Ideology To Millions Of People On Multiple Platforms<\/span><\/a><span style=\"font-weight: 400;\">\u00a0\u2013 May 12, 2022; Special Dispatch No. 8830 &#8211;\u00a0<\/span><a href=\"https:\/\/www.memri.org\/reports\/international-union-muslim-scholars-backed-qatar-and-turkey-calls-jihad-and-self-sacrifice\"><span style=\"font-weight: 400;\">International Union Of Muslim Scholars, Backed By Qatar And Turkey, Calls For Jihad And Self-Sacrifice To Foil Israel\u2019s Plan To Annex Parts Of The West Bank<\/span><\/a><span style=\"font-weight: 400;\">\u00a0\u2013 July 6, 2020; Special Dispatch No. 7984\u00a0<\/span><a href=\"https:\/\/www.memri.org\/reports\/international-union-muslim-scholars-urges-imams-preach-armed-jihad-against-israel-save-al\"><span style=\"font-weight: 400;\">&#8211; International Union Of Muslim Scholars Urges Imams To Preach Armed Jihad Against Israel To Save Al-Aqsa<\/span><\/a><span style=\"font-weight: 400;\">\u00a0\u2013 April 4, 2019; Special Dispatch No. 8083 &#8211;\u00a0<\/span><a href=\"https:\/\/www.memri.org\/reports\/dr-ahmed-al-raissouni-head-international-union-muslim-scholars-which-was-founded-sheikh\"><span style=\"font-weight: 400;\">Dr. Ahmed Al-Raissouni, Head Of The International Union Of Muslim Scholars Which Was Founded By Sheikh Yousef Al-Qaradawi In Dublin: Questioning The Holocaust Is Not Just A Right But An Obligation<\/span><\/a><span style=\"font-weight: 400;\">\u00a0\u2013 May 23, 2019; Special Dispatch No. 8135 &#8211;\u00a0<\/span><a href=\"https:\/\/www.memri.org\/reports\/international-union-muslim-scholars-supported-qatar-calls-boycott-bahrain-conference-deal\"><span style=\"font-weight: 400;\">International Union Of Muslim Scholars, Supported By Qatar, Calls To Boycott Bahrain Conference On Deal Of The Century, Support Palestinians&#8217; Jihad<\/span><\/a><span style=\"font-weight: 400;\">\u00a0\u2013 June 24, 2019; Special Dispatch No. 7264 &#8211;\u00a0<\/span><a href=\"https:\/\/www.memri.org\/reports\/sheikh-yousuf-al-qaradawi-calls-resistance-jihad-and-martyrdom-following-trumps-recognition\"><span style=\"font-weight: 400;\">Sheikh Yousuf Al-Qaradawi Calls For Resistance, Jihad And Martyrdom Following Trump&#8217;s Recognition Of Jerusalem As Israel&#8217;s Capital<\/span><\/a><span style=\"font-weight: 400;\">\u00a0\u2013 January 4, 2018.<\/span><\/p>\n<p><a href=\"https:\/\/www.memri.org\/reports\/hamas-hosts-festive-iftar-dinner-diplomats-qatari-capital-guests-include-ambassadors-iran#_ednref3\"><span style=\"font-weight: 400;\">[3]<\/span><\/a><span style=\"font-weight: 400;\">\u00a0\u00a0Twitter.com\/hamidehghani, April 18, 2023.<\/span><\/p>\n<p><a href=\"https:\/\/www.memri.org\/reports\/hamas-hosts-festive-iftar-dinner-diplomats-qatari-capital-guests-include-ambassadors-iran#_ednref4\"><span style=\"font-weight: 400;\">[4]<\/span><\/a><span style=\"font-weight: 400;\">\u00a0Facebook.com\/TCDoha, April 14, 2023.<\/span><\/p>\n<p><a href=\"https:\/\/www.memri.org\/reports\/hamas-hosts-festive-iftar-dinner-diplomats-qatari-capital-guests-include-ambassadors-iran#_ednref5\"><span style=\"font-weight: 400;\">[5]<\/span><\/a><span style=\"font-weight: 400;\">\u00a0\u00a0Twitter.com\/AfgEmbDoha1, April 14, 2023. On Hamas&#8217; relations with the Taliban, see MEMRI<\/span><\/p>\n<p><span style=\"font-weight: 400;\">Special Dispatch No. 9505 &#8211;\u00a0<\/span><a href=\"https:\/\/www.memri.org\/reports\/qatars-prot%C3%A9g%C3%A9s-%E2%80%93-hamas-officials-muslim-brotherhood-al-jazeera-reporters-%E2%80%93-praise-talibans\"><span style=\"font-weight: 400;\">Qatar&#8217;s Prot\u00e9g\u00e9s \u2013 Hamas Officials, Muslim Brotherhood, Al-Jazeera Reporters \u2013 Praise Taliban&#8217;s 'Jihad&#8217; And 'Victory&#8217;; Journalists, Liberals In Response: They Should Move To Kabul<\/span><\/a><span style=\"font-weight: 400;\">\u00a0\u2013 August 19, 2021.<\/span><\/p>\n<p><a href=\"https:\/\/www.memri.org\/reports\/hamas-hosts-festive-iftar-dinner-diplomats-qatari-capital-guests-include-ambassadors-iran#_ednref6\"><span style=\"font-weight: 400;\">[6]<\/span><\/a><span style=\"font-weight: 400;\">\u00a0\u00a0Facebook.com\/profile.php?id=100041660296765, April 13, 2023.<\/span><\/p>\n<p><a href=\"https:\/\/www.memri.org\/reports\/hamas-hosts-festive-iftar-dinner-diplomats-qatari-capital-guests-include-ambassadors-iran#_ednref7\"><span style=\"font-weight: 400;\">[7]<\/span><\/a><span style=\"font-weight: 400;\">\u00a0Alaraby.co.uk, April 16, 2023.<\/span><\/p>\n<p><a href=\"https:\/\/www.memri.org\/reports\/hamas-hosts-festive-iftar-dinner-diplomats-qatari-capital-guests-include-ambassadors-iran#_ednref8\"><span style=\"font-weight: 400;\">[8]<\/span><\/a><span style=\"font-weight: 400;\">\u00a0\u00a0Hamas.ps, April 15, 2023.<\/span><\/p>\n<p><a href=\"https:\/\/www.memri.org\/reports\/hamas-hosts-festive-iftar-dinner-diplomats-qatari-capital-guests-include-ambassadors-iran#_ednref9\"><span style=\"font-weight: 400;\">[9]<\/span><\/a><span style=\"font-weight: 400;\">\u00a0Hamas.ps, April 15, 2023, Twitter.com\/hamidehghani, April 18, 2023.<\/span><\/p>\n<p><a href=\"https:\/\/www.memri.org\/reports\/hamas-hosts-festive-iftar-dinner-diplomats-qatari-capital-guests-include-ambassadors-iran#_ednref10\"><span style=\"font-weight: 400;\">[10]<\/span><\/a><span style=\"font-weight: 400;\">\u00a0\u00a0Hamas.ps, April 15, 2023.<\/span><\/p>\n","protected":false},"excerpt":{"rendered":"<p>13 kwietnia 2023 r. Hamas zorganizowa\u0142 uroczysty iftar (wieczorny posi\u0142ek na zako\u0144czenie codziennego postu Ramadanu) w stolicy Kataru Doha dla oko\u0142o 30 dyplomat\u00f3w z pa\u0144stw arabskich i islamskich oraz kilku \u201eprzyjaznych kraj\u00f3w niearabskich\u201d, jak r\u00f3wnie\u017c ministr\u00f3w i pos\u0142\u00f3w Kataru.\u00a0Wydarzenie, kt\u00f3re szef Biura Politycznego Hamasu Isma&#8217;il Hanija okre\u015bli\u0142 jako \u201epierwsze w swoim rodzaju\u201d, mia\u0142o miejsce w [&hellip;]<\/p>\n","protected":false},"author":1,"featured_media":19066,"comment_status":"closed","ping_status":"closed","sticky":false,"template":"","format":"standard","meta":{"footnotes":""},"categories":[824,828,835,837],"tags":[907,908,911],"class_list":["post-19064","post","type-post","status-publish","format-standard","has-post-thumbnail","hentry","category-specjalne-komunikaty","category-autonomia-palestynska","category-archiwum","category-kraje","tag-hamas","tag-izrael","tag-konfliktu-izraelsko-palestynskiego"],"_links":{"self":[{"href":"https:\/\/www2.memri.org\/polish\/wp-json\/wp\/v2\/posts\/19064","targetHints":{"allow":["GET"]}}],"collection":[{"href":"https:\/\/www2.memri.org\/polish\/wp-json\/wp\/v2\/posts"}],"about":[{"href":"https:\/\/www2.memri.org\/polish\/wp-json\/wp\/v2\/types\/post"}],"author":[{"embeddable":true,"href":"https:\/\/www2.memri.org\/polish\/wp-json\/wp\/v2\/users\/1"}],"replies":[{"embeddable":true,"href":"https:\/\/www2.memri.org\/polish\/wp-json\/wp\/v2\/comments?post=19064"}],"version-history":[{"count":1,"href":"https:\/\/www2.memri.org\/polish\/wp-json\/wp\/v2\/posts\/19064\/revisions"}],"predecessor-version":[{"id":19074,"href":"https:\/\/www2.memri.org\/polish\/wp-json\/wp\/v2\/posts\/19064\/revisions\/19074"}],"wp:featuredmedia":[{"embeddable":true,"href":"https:\/\/www2.memri.org\/polish\/wp-json\/wp\/v2\/media\/19066"}],"wp:attachment":[{"href":"https:\/\/www2.memri.org\/polish\/wp-json\/wp\/v2\/media?parent=19064"}],"wp:term":[{"taxonomy":"category","embeddable":true,"href":"https:\/\/www2.memri.org\/polish\/wp-json\/wp\/v2\/categories?post=19064"},{"taxonomy":"post_tag","embeddable":true,"href":"https:\/\/www2.memri.org\/polish\/wp-json\/wp\/v2\/tags?post=19064"}],"curies":[{"name":"wp","href":"https:\/\/api.w.org\/{rel}","templated":true}]}}