{"id":18986,"date":"2023-04-12T21:36:37","date_gmt":"2023-04-12T19:36:37","guid":{"rendered":"https:\/\/www2.memri.org\/polish\/?p=18986"},"modified":"2023-04-12T21:36:37","modified_gmt":"2023-04-12T19:36:37","slug":"kuwejcki-autor-jasem-al-juraid-krytykuje-sportowcow-ktorzy-odmiawiaja-stawania-do-zawodow-z-izraelczykami-mowi-uwazam-ich-za-niewierzacych-nie-wierza-w-koegzystencje-w-prawa-kobiet","status":"publish","type":"post","link":"https:\/\/www2.memri.org\/polish\/kuwejcki-autor-jasem-al-juraid-krytykuje-sportowcow-ktorzy-odmiawiaja-stawania-do-zawodow-z-izraelczykami-mowi-uwazam-ich-za-niewierzacych-nie-wierza-w-koegzystencje-w-prawa-kobiet\/18986","title":{"rendered":"Kuwejcki autor, Jasem Al-Juraid krytykuje sportowc\u00f3w, kt\u00f3rzy odmiawiaj\u0105 stawania do zawod\u00f3w z Izraelczykami, m\u00f3wi: Uwa\u017cam ich za niewierz\u0105cych \u2013 nie wierz\u0105 w koegzystencj\u0119, w prawa kobiet"},"content":{"rendered":"<p><i><span style=\"font-weight: 400;\">W programie z 19 marca 2023 r. w Sky News Arabia (ZEA), kuwejcki pisarz Jasem Al-Juraid skrytykowa\u0142 kuwejckich sportowc\u00f3w, kt\u00f3rzy odmawiaj\u0105 rywalizacji z Izraelczykami.\u00a0Powiedzia\u0142, \u017ce nie rozumie, dlaczego Kuwejt znormalizowa\u0142 stosunki z Iranem i innymi krajami, kt\u00f3re maj\u0105 problemy z prawami cz\u0142owieka, a nie mo\u017ce utrzymywa\u0107 cho\u0107by minimalnego kontaktu z Izraelem.\u00a0Ponadto powiedzia\u0142, \u017ce islami\u015bci to terrory\u015bci i niewierz\u0105cy, zw\u0142aszcza dlatego, \u017ce nie wierz\u0105 w koegzystencj\u0119 i prawa kobiet.<\/span><\/i><\/p>\n<p><b>Aby zobaczy\u0107 klip z Jasemem Al-Juraidem w MEMRI TV, kliknij\u00a0<\/b><a href=\"https:\/\/www.memri.org\/tv\/kuwaiti-writer-juraid-criticizes-athletes-refuse-compete-israelis-disbelievers-coexistence-women\"><b>tutaj<\/b><\/a><b>\u00a0lub poni\u017cej.<\/b><\/p>\n<p><b>\u201eNie mam problemu z Izraelem\u2026 Dlaczego nie mo\u017cemy utrzymywa\u0107 kontakt\u00f3w \u2013 nawet na minimalnym poziomie \u2013 z Izraelem?\u201d<\/b><\/p>\n<p><img loading=\"lazy\" decoding=\"async\" class=\"alignnone size-full wp-image-18988\" src=\"https:\/\/www2.memri.org\/polish\/wp-content\/uploads\/2023\/04\/MTV10222-1.jpg\" width=\"720\" height=\"377\" srcset=\"https:\/\/www2.memri.org\/polish\/wp-content\/uploads\/2023\/04\/MTV10222-1.jpg 720w, https:\/\/www2.memri.org\/polish\/wp-content\/uploads\/2023\/04\/MTV10222-1-300x157.jpg 300w, https:\/\/www2.memri.org\/polish\/wp-content\/uploads\/2023\/04\/MTV10222-1-600x314.jpg 600w, https:\/\/www2.memri.org\/polish\/wp-content\/uploads\/2023\/04\/MTV10222-1-696x364.jpg 696w\" sizes=\"auto, (max-width: 720px) 100vw, 720px\" \/><\/p>\n<p><b>Jasem Al-Juraid:<\/b><span style=\"font-weight: 400;\">\u00a0Nie mo\u017cemy zaakceptowa\u0107, \u017ceby [sportowiec] z Kuwejtu zgadza\u0142 si\u0119 na udzia\u0142 w zawodach sportowych i zgadza\u0142 si\u0119 z ich zasadami, a nast\u0119pnie wycofywa\u0142 si\u0119, poniewa\u017c odmawia wsp\u00f3\u0142zawodnictwa z izraelskim uczestnikiem.<\/span><\/p>\n<p><span style=\"font-weight: 400;\">[&#8230;]<\/span><\/p>\n<p><span style=\"font-weight: 400;\">Nie mam problemu z Izraelem.<\/span><\/p>\n<p><span style=\"font-weight: 400;\">Widz\u0119, \u017ce Kuwejt normalizuje i wzmacnia swoje stosunki na przyk\u0142ad z Iranem lub z krajami, kt\u00f3re maj\u0105 wiele problem\u00f3w zwi\u0105zanych z prawami cz\u0142owieka.<\/span><\/p>\n<p><img loading=\"lazy\" decoding=\"async\" class=\"alignnone size-full wp-image-18989\" src=\"https:\/\/www2.memri.org\/polish\/wp-content\/uploads\/2023\/04\/MTV102221.jpg\" width=\"720\" height=\"382\" srcset=\"https:\/\/www2.memri.org\/polish\/wp-content\/uploads\/2023\/04\/MTV102221.jpg 720w, https:\/\/www2.memri.org\/polish\/wp-content\/uploads\/2023\/04\/MTV102221-300x159.jpg 300w, https:\/\/www2.memri.org\/polish\/wp-content\/uploads\/2023\/04\/MTV102221-600x318.jpg 600w, https:\/\/www2.memri.org\/polish\/wp-content\/uploads\/2023\/04\/MTV102221-696x369.jpg 696w\" sizes=\"auto, (max-width: 720px) 100vw, 720px\" \/><\/p>\n<p><img loading=\"lazy\" decoding=\"async\" class=\"alignnone size-full wp-image-18990\" src=\"https:\/\/www2.memri.org\/polish\/wp-content\/uploads\/2023\/04\/MTV102222.jpg\" width=\"720\" height=\"375\" srcset=\"https:\/\/www2.memri.org\/polish\/wp-content\/uploads\/2023\/04\/MTV102222.jpg 720w, https:\/\/www2.memri.org\/polish\/wp-content\/uploads\/2023\/04\/MTV102222-300x156.jpg 300w, https:\/\/www2.memri.org\/polish\/wp-content\/uploads\/2023\/04\/MTV102222-600x313.jpg 600w, https:\/\/www2.memri.org\/polish\/wp-content\/uploads\/2023\/04\/MTV102222-696x363.jpg 696w\" sizes=\"auto, (max-width: 720px) 100vw, 720px\" \/><\/p>\n<p><img loading=\"lazy\" decoding=\"async\" class=\"alignnone size-full wp-image-18991\" src=\"https:\/\/www2.memri.org\/polish\/wp-content\/uploads\/2023\/04\/MTV102223.jpg\" width=\"720\" height=\"370\" srcset=\"https:\/\/www2.memri.org\/polish\/wp-content\/uploads\/2023\/04\/MTV102223.jpg 720w, https:\/\/www2.memri.org\/polish\/wp-content\/uploads\/2023\/04\/MTV102223-300x154.jpg 300w, https:\/\/www2.memri.org\/polish\/wp-content\/uploads\/2023\/04\/MTV102223-600x308.jpg 600w, https:\/\/www2.memri.org\/polish\/wp-content\/uploads\/2023\/04\/MTV102223-696x358.jpg 696w\" sizes=\"auto, (max-width: 720px) 100vw, 720px\" \/><\/p>\n<p><span style=\"font-weight: 400;\">Dlaczego nie mo\u017cemy utrzymywa\u0107 kontakt\u00f3w \u2013 cho\u0107by na minimalnym poziomie \u2013 z Izraelem?\u00a0<\/span><\/p>\n<p><img loading=\"lazy\" decoding=\"async\" class=\"alignnone size-full wp-image-18992\" src=\"https:\/\/www2.memri.org\/polish\/wp-content\/uploads\/2023\/04\/MTV102224.jpg\" width=\"720\" height=\"370\" srcset=\"https:\/\/www2.memri.org\/polish\/wp-content\/uploads\/2023\/04\/MTV102224.jpg 720w, https:\/\/www2.memri.org\/polish\/wp-content\/uploads\/2023\/04\/MTV102224-300x154.jpg 300w, https:\/\/www2.memri.org\/polish\/wp-content\/uploads\/2023\/04\/MTV102224-600x308.jpg 600w, https:\/\/www2.memri.org\/polish\/wp-content\/uploads\/2023\/04\/MTV102224-696x358.jpg 696w\" sizes=\"auto, (max-width: 720px) 100vw, 720px\" \/><\/p>\n<p><span style=\"font-weight: 400;\">[&#8230;]<\/span><\/p>\n<p><b>\u201eTrzymajcie islam z dala od tych ekstremist\u00f3w \u2013 to terrory\u015bci\u201d<\/b><\/p>\n<p><span style=\"font-weight: 400;\">Nie powinni\u015bmy u\u017cywa\u0107 terminu \u201eruch islamski\u201d.\u00a0Trzymajcie islam z dala od tych ekstremist\u00f3w. Oni s\u0105 terrorystami. Oni s\u0105 heretykami. Uwa\u017cam ich za niewierz\u0105cych.<\/span><\/p>\n<p><img loading=\"lazy\" decoding=\"async\" class=\"alignnone size-full wp-image-18993\" src=\"https:\/\/www2.memri.org\/polish\/wp-content\/uploads\/2023\/04\/MTV102225.jpg\" width=\"720\" height=\"378\" srcset=\"https:\/\/www2.memri.org\/polish\/wp-content\/uploads\/2023\/04\/MTV102225.jpg 720w, https:\/\/www2.memri.org\/polish\/wp-content\/uploads\/2023\/04\/MTV102225-300x158.jpg 300w, https:\/\/www2.memri.org\/polish\/wp-content\/uploads\/2023\/04\/MTV102225-600x315.jpg 600w, https:\/\/www2.memri.org\/polish\/wp-content\/uploads\/2023\/04\/MTV102225-696x365.jpg 696w\" sizes=\"auto, (max-width: 720px) 100vw, 720px\" \/><\/p>\n<p><img loading=\"lazy\" decoding=\"async\" class=\"alignnone size-full wp-image-18994\" src=\"https:\/\/www2.memri.org\/polish\/wp-content\/uploads\/2023\/04\/MTV102226.jpg\" width=\"720\" height=\"378\" srcset=\"https:\/\/www2.memri.org\/polish\/wp-content\/uploads\/2023\/04\/MTV102226.jpg 720w, https:\/\/www2.memri.org\/polish\/wp-content\/uploads\/2023\/04\/MTV102226-300x158.jpg 300w, https:\/\/www2.memri.org\/polish\/wp-content\/uploads\/2023\/04\/MTV102226-600x315.jpg 600w, https:\/\/www2.memri.org\/polish\/wp-content\/uploads\/2023\/04\/MTV102226-696x365.jpg 696w\" sizes=\"auto, (max-width: 720px) 100vw, 720px\" \/><\/p>\n<p><span style=\"font-weight: 400;\">Odmawiaj\u0105 prawa do s\u0105siedzkich stosunk\u00f3w. Odmawiaj\u0105 kobietom prawa do decydowania o w\u0142asnym losie, co jest sednem przymierza obywatelskiego. S\u0105 zaprzeczeniem pokojowego wsp\u00f3\u0142istnienia. Nie mo\u017cemy ich \u0142\u0105czy\u0107 z religi\u0105, kt\u00f3ra jest nieustannie okre\u015blana jako tolerancyjna religia pokoju.<\/span><\/p>\n<p><img loading=\"lazy\" decoding=\"async\" class=\"alignnone size-full wp-image-18995\" src=\"https:\/\/www2.memri.org\/polish\/wp-content\/uploads\/2023\/04\/MTV102227.jpg\" width=\"720\" height=\"378\" srcset=\"https:\/\/www2.memri.org\/polish\/wp-content\/uploads\/2023\/04\/MTV102227.jpg 720w, https:\/\/www2.memri.org\/polish\/wp-content\/uploads\/2023\/04\/MTV102227-300x158.jpg 300w, https:\/\/www2.memri.org\/polish\/wp-content\/uploads\/2023\/04\/MTV102227-600x315.jpg 600w, https:\/\/www2.memri.org\/polish\/wp-content\/uploads\/2023\/04\/MTV102227-696x365.jpg 696w\" sizes=\"auto, (max-width: 720px) 100vw, 720px\" \/><\/p>\n<p><img loading=\"lazy\" decoding=\"async\" class=\"alignnone size-full wp-image-18996\" src=\"https:\/\/www2.memri.org\/polish\/wp-content\/uploads\/2023\/04\/MTV102229.jpg\" width=\"720\" height=\"377\" srcset=\"https:\/\/www2.memri.org\/polish\/wp-content\/uploads\/2023\/04\/MTV102229.jpg 720w, https:\/\/www2.memri.org\/polish\/wp-content\/uploads\/2023\/04\/MTV102229-300x157.jpg 300w, https:\/\/www2.memri.org\/polish\/wp-content\/uploads\/2023\/04\/MTV102229-600x314.jpg 600w, https:\/\/www2.memri.org\/polish\/wp-content\/uploads\/2023\/04\/MTV102229-696x364.jpg 696w\" sizes=\"auto, (max-width: 720px) 100vw, 720px\" \/><\/p>\n<p>&nbsp;<\/p>\n<p>&nbsp;<\/p>\n","protected":false},"excerpt":{"rendered":"<p>W programie z 19 marca 2023 r. w Sky News Arabia (ZEA), kuwejcki pisarz Jasem Al-Juraid skrytykowa\u0142 kuwejckich sportowc\u00f3w, kt\u00f3rzy odmawiaj\u0105 rywalizacji z Izraelczykami.\u00a0Powiedzia\u0142, \u017ce nie rozumie, dlaczego Kuwejt znormalizowa\u0142 stosunki z Iranem i innymi krajami, kt\u00f3re maj\u0105 problemy z prawami cz\u0142owieka, a nie mo\u017ce utrzymywa\u0107 cho\u0107by minimalnego kontaktu z Izraelem.\u00a0Ponadto powiedzia\u0142, \u017ce islami\u015bci to [&hellip;]<\/p>\n","protected":false},"author":1,"featured_media":18988,"comment_status":"closed","ping_status":"closed","sticky":false,"template":"","format":"standard","meta":{"footnotes":""},"categories":[824,828,835,837],"tags":[911,929,957],"class_list":["post-18986","post","type-post","status-publish","format-standard","has-post-thumbnail","hentry","category-specjalne-komunikaty","category-autonomia-palestynska","category-archiwum","category-kraje","tag-konfliktu-izraelsko-palestynskiego","tag-hezbollah","tag-pakistanie"],"_links":{"self":[{"href":"https:\/\/www2.memri.org\/polish\/wp-json\/wp\/v2\/posts\/18986","targetHints":{"allow":["GET"]}}],"collection":[{"href":"https:\/\/www2.memri.org\/polish\/wp-json\/wp\/v2\/posts"}],"about":[{"href":"https:\/\/www2.memri.org\/polish\/wp-json\/wp\/v2\/types\/post"}],"author":[{"embeddable":true,"href":"https:\/\/www2.memri.org\/polish\/wp-json\/wp\/v2\/users\/1"}],"replies":[{"embeddable":true,"href":"https:\/\/www2.memri.org\/polish\/wp-json\/wp\/v2\/comments?post=18986"}],"version-history":[{"count":1,"href":"https:\/\/www2.memri.org\/polish\/wp-json\/wp\/v2\/posts\/18986\/revisions"}],"predecessor-version":[{"id":18997,"href":"https:\/\/www2.memri.org\/polish\/wp-json\/wp\/v2\/posts\/18986\/revisions\/18997"}],"wp:featuredmedia":[{"embeddable":true,"href":"https:\/\/www2.memri.org\/polish\/wp-json\/wp\/v2\/media\/18988"}],"wp:attachment":[{"href":"https:\/\/www2.memri.org\/polish\/wp-json\/wp\/v2\/media?parent=18986"}],"wp:term":[{"taxonomy":"category","embeddable":true,"href":"https:\/\/www2.memri.org\/polish\/wp-json\/wp\/v2\/categories?post=18986"},{"taxonomy":"post_tag","embeddable":true,"href":"https:\/\/www2.memri.org\/polish\/wp-json\/wp\/v2\/tags?post=18986"}],"curies":[{"name":"wp","href":"https:\/\/api.w.org\/{rel}","templated":true}]}}