{"id":1869,"date":"2011-06-22T00:00:00","date_gmt":"2011-06-22T00:00:00","guid":{"rendered":"http:\/\/www2.memri.org\/polaco\/w-artykule-w-pismie-w-jezyku-urdu-dowodca-talibow-umer-chalid-oskarza-media-zachodnie-o-ukrywanie-najwiekszej-wiadomosci-dnia-usa-zostaly-pokonane-w-afganistanie\/1869"},"modified":"2011-06-22T00:00:00","modified_gmt":"2011-06-22T00:00:00","slug":"w-artykule-w-pismie-w-jezyku-urdu-dowodca-talibow-umer-chalid-oskarza-media-zachodnie-o-ukrywanie-najwiekszej-wiadomosci-dnia-usa-zostaly-pokonane-w-afganistanie","status":"publish","type":"post","link":"https:\/\/www2.memri.org\/polish\/w-artykule-w-pismie-w-jezyku-urdu-dowodca-talibow-umer-chalid-oskarza-media-zachodnie-o-ukrywanie-najwiekszej-wiadomosci-dnia-usa-zostaly-pokonane-w-afganistanie\/1869","title":{"rendered":"W artykule w pi\u015bmie w j\u0119zyku urdu dow\u00f3dca talib\u00f3w Umer Chalid oskar\u017ca media zachodnie o ukrywanie najwi\u0119kszej wiadomo\u015bci dnia \u2013 \u201cUSA zosta\u0142y pokonane w Afganistanie\u201d"},"content":{"rendered":"<div class=\"bodytext c1\">\n<p><em>W artykule w kwartalniku w j\u0119zyku urdu publikowanym przez Tehreek-e-Taliban Pakistan (TTP), dow\u00f3dca talib\u00f3w Umer Chalid oskar\u017cy\u0142 \u201cmedia zachodnie i media mi\u0119dzynarodowe pracuj\u0105ce pod ich wp\u0142ywem\u201d o ukrywanie najwi\u0119kszej wiadomo\u015bci dnia \u2013 tego, \u017ce \u201cUSA zosta\u0142y pokonane w Afganistanie\u201d.<\/em><\/p>\n<p><em>Artyku\u0142, zatytu\u0142owany \u201cGrupa 40 z\u0142odziei\u201d, zosta\u0142 opublikowany w kwartalniku w j\u0119zyku urdu, kt\u00f3ry jest now\u0105 publikacj\u0105 TTP, rozpocz\u0119t\u0105 pod patronatem Umera Chalida. Pierwszy numer kwartalnika, datowany na Marzec 2011, zosta\u0142 og\u0142oszony w Internecie na forach d\u017cihadystycznych w czerwcu 2011.<\/em><\/p>\n<p><em>Umer Chalid, kt\u00f3ry jest emirem TTP na pakista\u0144ski okr\u0119g plemienny Agencj\u0119 Mohmand, m\u00f3wi, \u017ce wszystkie kraje s\u0105 zaanga\u017cowane w formu\u0142owanie nowych strategii w obliczu pora\u017cki USA w Afganistanie, ale \u017ce Pakistan nadal drzemie. \u201eIndie s\u0105 zaniepokojone pora\u017ck\u0105 swoich sojusznik\u00f3w, a wi\u0119c zaj\u0119te s\u0105 wzmacnianiem swojej gotowo\u015bci obronnej, podczas gdy Chiny, Iran i Rosja widz\u0105 przeb\u0142ysk nowego porz\u0105dku \u015bwiata\u201d, pisze on.<\/em><\/p>\n<p><em>I kontynuuje: \u201cKraje Europy, Ameryki P\u00f3\u0142nocnej i Po\u0142udniowej rozwa\u017caj\u0105 swoje stosunki z tym krajem [niewyra\u017ane], podczas gdy biedne kraje Azji i Afryki maj\u0105 dylemat, z kt\u00f3rym [blokiem] supermocarstwa powinny teraz p\u00f3j\u015b\u0107. Rz\u0105dy Korei Po\u0142udniowej, Afganistanu, Jemenu, Iraku, Algierii i Somalii obserwuj\u0105 konsekwencje i s\u0105 gotowe do wszelkiego porozumienia obronnego, \u017ceby si\u0119 wzmocni\u0107\u201d.<\/em><\/p>\n<p><strong>Armia pakista\u0144ska i jej [ISI]\u2026 martwi\u0105 si\u0119 o [bezpiecze\u0144stwo] broni nuklearnej i o \u015bwiecki wizerunek Pakistanu\u201d<\/strong><\/p>\n<p>Krytykuj\u0105c przyw\u00f3dztwo pakista\u0144skie dow\u00f3dca talib\u00f3w pisze, \u017ce \u017cyj\u0105 w b\u0142ogiej nie\u015bwiadomo\u015bci: \u201eKlasa rz\u0105dz\u0105ca tego kraju postanowi\u0142a, \u017ce po pora\u017cce USA b\u0119d\u0105 kontynuowa\u0107 ograbianie tego kraju [Pakistanu] przez kolejne pi\u0119\u0107 lat w zamian za 2 miliardy dolar\u00f3w [pomocy] USA\u201d.<\/p>\n<p>Opisuj\u0105c klas\u0119 rz\u0105dz\u0105c\u0105 Pakistanu jako \u201cgrup\u0119 40 z\u0142odziei\u201d Umer Chalid zauwa\u017ca: \u201cTa grupa 40 z\u0142odziei nie dba o kraj i jego ludzi; dba tylko o pieni\u0105dze\u2026 I jest inna grupa\u2026 armia pakista\u0144ska i jej agencja wywiadowcza [ISI]; przede wszystkim martwi\u0105 si\u0119 oni o [bezpiecze\u0144stwo] broni nuklearnej i \u015bwiecki wizerunek Pakistanu. Uwa\u017caj\u0105, \u017ce je\u015bli uczucia religijne b\u0119d\u0105 w dominacji, to dojdzie do izolacji mi\u0119dzynarodowej, a ich program nuklearny stanie si\u0119 celem supermocarstw\u201d.<\/p>\n<p>Cytuj\u0105c Koran Umer Chalid m\u00f3wi, \u017ce \u201e\u017bydzi i chrze\u015bcijanie nigdy nie b\u0119d\u0105 z ciebie zadowoleni, a\u017c staniesz si\u0119 jednym z nich\u201d. Zauwa\u017ca, \u017ce ludzie w Pakistanie s\u0105 religijni i \u017ce Zach\u00f3d nie lubi ludzi religijnych i \u201eje\u015bli nie zgadzasz si\u0119 z nimi [Zachodem] zmusz\u0105 ci\u0119 do walki z twoimi lud\u017ami\u201d.<\/p>\n<p><strong>&#8222;Moim zdaniem\u2026 w rzeczywisto\u015bci w\u0142adcy Pakistanu, partie polityczne i samo wojsko s\u0105 najgorszymi wrogami islamu\u201d<\/strong><\/p>\n<p>Opisuj\u0105c armi\u0119 pakista\u0144sk\u0105 i agencje wywiadowcze jako apostat\u00f3w za popieranie USA, dow\u00f3dca TTP m\u00f3wi, \u017ce zwolennicy i wrogowie wojska pakista\u0144skiego my\u015bleli kiedy\u015b, \u017ce \u017co\u0142nierze pakista\u0144scy walcz\u0105 dla USA. \u201eAle moim zdaniem ten pogl\u0105d jest s\u0142aby, bo w rzeczywisto\u015bci w\u0142adcy Pakistanu, partie polityczne i samo wojsko s\u0105 najgorszymi wrogami islamu\u201d.<\/p>\n<p>Cytuj\u0105c jako \u017ar\u00f3d\u0142o pakista\u0144skich cz\u0142onk\u00f3w si\u0142 bezpiecze\u0144stwa schwytanych przez talib\u00f3w Umer Chalid m\u00f3wi, \u017ce armia pakista\u0144ska awansuje tylko tych, kt\u00f3rzy mog\u0105 dostarczy\u0107 swoje \u017cony i c\u00f3rki swoim prze\u0142o\u017conym.<\/p>\n<p>\u201eJest zbyt du\u017cym [wymaganiem] oczekiwanie braterstwa wobec islamu od takiej armii kraju islamskiego. B\u0119dzie ona walczy\u0142a z muzu\u0142manami, niszczy\u0142a meczety i madrasy, dostarczaj\u0105c muzu\u0142ma\u0144skich syn\u00f3w i c\u00f3rki USA\u2026 Ale je\u015bli my\u015bl\u0105, \u017ce wyko\u0144cz\u0105 talib\u00f3w, to jest to g\u0142upie my\u015blenie, poniewa\u017c USA podda\u0142y si\u0119 z ca\u0142\u0105 swoj\u0105 armi\u0105 i arsena\u0142em; Rosja podda\u0142a si\u0119; i Brytania zaakceptowa\u0142a pora\u017ck\u0119\u201d.<\/p>\n<p>Ko\u0144czy: \u201cNie jest odleg\u0142y dzie\u0144, kiedy b\u0119dzie czysty islamski <em>szariat<\/em> w Pakistanie i Pakistan b\u0119dzie ga\u0142\u0119zi\u0105 tego samego islamskiego Kalifatu&#8221;<a name=\"_ednref1\"><\/a> <a href=\"#_edn1\">[1]<\/a> .<\/p>\n<hr noshade=\"noshade\" \/>\n<p><a name=\"_edn1\"><\/a> <a href=\"#_ednref1\">[1]<\/a> <em>Khilafat<\/em>, Pakistan, Marzec 2011.<\/p>\n<\/div>\n","protected":false},"excerpt":{"rendered":"<p>W artykule w kwartalniku w j\u0119zyku urdu publikowanym przez Tehreek-e-Taliban Pakistan (TTP), dow\u00f3dca talib\u00f3w Umer Chalid oskar\u017cy\u0142 \u201cmedia zachodnie i media mi\u0119dzynarodowe pracuj\u0105ce pod ich wp\u0142ywem\u201d o ukrywanie najwi\u0119kszej wiadomo\u015bci dnia \u2013 tego, \u017ce \u201cUSA zosta\u0142y pokonane w Afganistanie\u201d. Artyku\u0142, zatytu\u0142owany \u201cGrupa 40 z\u0142odziei\u201d, zosta\u0142 opublikowany w kwartalniku w j\u0119zyku urdu, kt\u00f3ry jest now\u0105 publikacj\u0105 [&hellip;]<\/p>\n","protected":false},"author":1,"featured_media":0,"comment_status":"open","ping_status":"closed","sticky":false,"template":"","format":"standard","meta":{"footnotes":""},"categories":[824,832,835,836,848],"tags":[],"class_list":["post-1869","post","type-post","status-publish","format-standard","hentry","category-specjalne-komunikaty","category-projekt-badan-nad-dzihadem-i-terroryzmem","category-archiwum","category-tematy","category-projekt-dot-mediow-w-urdu-pasztu"],"_links":{"self":[{"href":"https:\/\/www2.memri.org\/polish\/wp-json\/wp\/v2\/posts\/1869","targetHints":{"allow":["GET"]}}],"collection":[{"href":"https:\/\/www2.memri.org\/polish\/wp-json\/wp\/v2\/posts"}],"about":[{"href":"https:\/\/www2.memri.org\/polish\/wp-json\/wp\/v2\/types\/post"}],"author":[{"embeddable":true,"href":"https:\/\/www2.memri.org\/polish\/wp-json\/wp\/v2\/users\/1"}],"replies":[{"embeddable":true,"href":"https:\/\/www2.memri.org\/polish\/wp-json\/wp\/v2\/comments?post=1869"}],"version-history":[{"count":0,"href":"https:\/\/www2.memri.org\/polish\/wp-json\/wp\/v2\/posts\/1869\/revisions"}],"wp:attachment":[{"href":"https:\/\/www2.memri.org\/polish\/wp-json\/wp\/v2\/media?parent=1869"}],"wp:term":[{"taxonomy":"category","embeddable":true,"href":"https:\/\/www2.memri.org\/polish\/wp-json\/wp\/v2\/categories?post=1869"},{"taxonomy":"post_tag","embeddable":true,"href":"https:\/\/www2.memri.org\/polish\/wp-json\/wp\/v2\/tags?post=1869"}],"curies":[{"name":"wp","href":"https:\/\/api.w.org\/{rel}","templated":true}]}}