{"id":18149,"date":"2022-10-11T18:50:32","date_gmt":"2022-10-11T16:50:32","guid":{"rendered":"https:\/\/www2.memri.org\/polish\/?p=18149"},"modified":"2022-10-11T18:50:32","modified_gmt":"2022-10-11T16:50:32","slug":"w-rocznice-zdobycia-jerozolimy-przez-saladyna-muzulmanscy-intelektualisci-i-islamisci-wyrazaja-nadzieje-i-przekonanie-ze-muzulmanie-ponownie-ja-zdobeda","status":"publish","type":"post","link":"https:\/\/www2.memri.org\/polish\/w-rocznice-zdobycia-jerozolimy-przez-saladyna-muzulmanscy-intelektualisci-i-islamisci-wyrazaja-nadzieje-i-przekonanie-ze-muzulmanie-ponownie-ja-zdobeda\/18149","title":{"rendered":"W rocznic\u0119 zdobycia Jerozolimy przez Saladyna muzu\u0142ma\u0144scy intelektuali\u015bci i islami\u015bci wyra\u017caj\u0105 nadziej\u0119 i przekonanie, \u017ce muzu\u0142manie ponownie j\u0105 zdob\u0119d\u0105"},"content":{"rendered":"<p><i><span style=\"font-weight: 400;\">2 pa\u017adziernika 2022 r. setki muzu\u0142ma\u0144skich intelektualist\u00f3w i islamist\u00f3w obchodzi\u0142y w Internecie rocznic\u0119 podboju Jerozolimy w 1187 r. przez Saladyna, muzu\u0142ma\u0144skiego su\u0142tana Egiptu i Syrii, kt\u00f3ry odebra\u0142 miasto krzy\u017cowcom.\u00a0Wielu z tych, kt\u00f3rzy komentowali rocznic\u0119, rozpowszechnia\u0142o filmy i plakaty wyprodukowane przez mieszcz\u0105cy si\u0119 w Katarze kana\u0142 telewizyjny Al-D\u017cazira, upami\u0119tniaj\u0105cy rocznic\u0119 i przedstawiaj\u0105cy historyczne szczeg\u00f3\u0142y dotycz\u0105ce podboju.\u00a0W ostatnich latach kana\u0142 zacz\u0105\u0142 informowa\u0107 w mediach spo\u0142eczno\u015bciowych o historycznych podbojach islamskich, zw\u0142aszcza islamskiego sojusznika Kataru, Turcji.\u00a0Z okazji rocznicy u\u017cytkownicy wyrazili nadziej\u0119 i przekonanie, \u017ce pr\u0119dzej czy p\u00f3\u017aniej muzu\u0142manie ponownie zaw\u0142adn\u0105 Jerozolim\u0105.\u00a0\u00a0\u00a0\u00a0\u00a0<\/span><\/i><\/p>\n<p><img loading=\"lazy\" decoding=\"async\" class=\"alignnone size-full wp-image-18150\" src=\"https:\/\/www2.memri.org\/polish\/wp-content\/uploads\/2022\/10\/sd10251.jpg\" width=\"384\" height=\"384\" srcset=\"https:\/\/www2.memri.org\/polish\/wp-content\/uploads\/2022\/10\/sd10251.jpg 384w, https:\/\/www2.memri.org\/polish\/wp-content\/uploads\/2022\/10\/sd10251-300x300.jpg 300w, https:\/\/www2.memri.org\/polish\/wp-content\/uploads\/2022\/10\/sd10251-150x150.jpg 150w\" sizes=\"auto, (max-width: 384px) 100vw, 384px\" \/><\/p>\n<p><span style=\"font-weight: 400;\">Komentuj\u0105c plakat Al-D\u017caziry o podboju Jerozolimy przez Saladyna, zatytu\u0142owany \u201eSaladyn wkracza do Jerozolimy jako wyzwoliciel i zdobywca\u201d, sekretarz generalny Mi\u0119dzynarodowego Zwi\u0105zku Uczonych Muzu\u0142ma\u0144skich (IUMS) Ali Al-Karadaghi napisa\u0142 na Twitterze: \u201eW rocznic\u0119 naszego dziadka Saladyna. Dzi\u015b polityka arogancji popiera ta\u0144ce w naszych \u015bwi\u0119tych miejscach, wypaczanie naszych wyzna\u0144, a gdy wybucha wojna, gro\u017c\u0105 uderzeniem chemiczn\u0105 [broni\u0105], co zrobili i przeprowadzili w pierwszej i drugiej wojnie \u015bwiatowej, i bij\u0105 w b\u0119bny trzeciej wojny na \u015bwiecie, [kt\u00f3ry] mimo bogactwa wiedzy, wci\u0105\u017c potrzebuje bogactwa sumienia. Poka\u017c nam jednego z was, kt\u00f3ry jest jak nasz Saladyn\u201d.\u00a0<\/span><a href=\"https:\/\/www.memri.org\/reports\/marking-anniversary-saladins-conquest-jerusalem-muslim-intellectuals-islamists-express-hope#_edn1\"><span style=\"font-weight: 400;\">[1]<\/span><\/a><\/p>\n<p><img loading=\"lazy\" decoding=\"async\" class=\"alignnone size-full wp-image-18151\" src=\"https:\/\/www2.memri.org\/polish\/wp-content\/uploads\/2022\/10\/sd10251a.png\" width=\"636\" height=\"630\" srcset=\"https:\/\/www2.memri.org\/polish\/wp-content\/uploads\/2022\/10\/sd10251a.png 636w, https:\/\/www2.memri.org\/polish\/wp-content\/uploads\/2022\/10\/sd10251a-300x297.png 300w, https:\/\/www2.memri.org\/polish\/wp-content\/uploads\/2022\/10\/sd10251a-150x150.png 150w, https:\/\/www2.memri.org\/polish\/wp-content\/uploads\/2022\/10\/sd10251a-600x594.png 600w, https:\/\/www2.memri.org\/polish\/wp-content\/uploads\/2022\/10\/sd10251a-424x420.png 424w\" sizes=\"auto, (max-width: 636px) 100vw, 636px\" \/><\/p>\n<p><span style=\"font-weight: 400;\">W innym tweecie dr Al-Karadaghi podkre\u015bli\u0142, \u017ce \u201eobietnica Allaha, \u017ce \u200b\u200bAl-Kuds zostanie wyzwolona, \u200b\u200bna pewno si\u0119 spe\u0142ni\u201d i przypomnia\u0142 czytelnikowi, \u017ce chocia\u017c muzu\u0142manie byli podzieleni w czasach Saladyna, uda\u0142o mu si\u0119 ich zjednoczy\u0107 i przywr\u00f3ci\u0107 ich sunnick\u0105 to\u017csamo\u015b\u0107.\u00a0<\/span><a href=\"https:\/\/www.memri.org\/reports\/marking-anniversary-saladins-conquest-jerusalem-muslim-intellectuals-islamists-express-hope#_edn2\"><span style=\"font-weight: 400;\">[2]<\/span><\/a><\/p>\n<p><img loading=\"lazy\" decoding=\"async\" class=\"alignnone size-full wp-image-18152\" src=\"https:\/\/www2.memri.org\/polish\/wp-content\/uploads\/2022\/10\/sd10251b.png\" width=\"636\" height=\"611\" srcset=\"https:\/\/www2.memri.org\/polish\/wp-content\/uploads\/2022\/10\/sd10251b.png 636w, https:\/\/www2.memri.org\/polish\/wp-content\/uploads\/2022\/10\/sd10251b-300x288.png 300w, https:\/\/www2.memri.org\/polish\/wp-content\/uploads\/2022\/10\/sd10251b-600x576.png 600w, https:\/\/www2.memri.org\/polish\/wp-content\/uploads\/2022\/10\/sd10251b-437x420.png 437w\" sizes=\"auto, (max-width: 636px) 100vw, 636px\" \/><\/p>\n<p><span style=\"font-weight: 400;\">3 pa\u017adziernika 2022 r. algierska prezenterka Al-D\u017caziry, Chadid\u017ca Benguennak, udost\u0119pni\u0142a plakat Al-D\u017caziry zatytu\u0142owany \u201eWyzwolenie Al-Aksa\u201d i skomentowa\u0142a \u201erocznic\u0119 wyzwolenia Jerozolimy przez muzu\u0142ma\u0144skiego dow\u00f3dc\u0119 Saladyna. [Islamska] ummah generuje bojownik\u00f3w ruchu oporu, aktywist\u00f3w i zdobywc\u00f3w. Z obietnic\u0105 Allaha, zrodzi pobo\u017cnych ludzi w rodzaju Saladyna\u201d.\u00a0<\/span><a href=\"https:\/\/www.memri.org\/reports\/marking-anniversary-saladins-conquest-jerusalem-muslim-intellectuals-islamists-express-hope#_edn3\"><span style=\"font-weight: 400;\">[3]<\/span><\/a><\/p>\n<p><img loading=\"lazy\" decoding=\"async\" class=\"alignnone size-full wp-image-18153\" src=\"https:\/\/www2.memri.org\/polish\/wp-content\/uploads\/2022\/10\/sd10251c.png\" width=\"636\" height=\"630\" srcset=\"https:\/\/www2.memri.org\/polish\/wp-content\/uploads\/2022\/10\/sd10251c.png 636w, https:\/\/www2.memri.org\/polish\/wp-content\/uploads\/2022\/10\/sd10251c-300x297.png 300w, https:\/\/www2.memri.org\/polish\/wp-content\/uploads\/2022\/10\/sd10251c-150x150.png 150w, https:\/\/www2.memri.org\/polish\/wp-content\/uploads\/2022\/10\/sd10251c-600x594.png 600w, https:\/\/www2.memri.org\/polish\/wp-content\/uploads\/2022\/10\/sd10251c-424x420.png 424w\" sizes=\"auto, (max-width: 636px) 100vw, 636px\" \/><\/p>\n<p><span style=\"font-weight: 400;\">Znany katarski pisarz D\u017caber Al-Harami, kt\u00f3ry ma ponad 900 tysi\u0119cy obserwuj\u0105cych na Twitterze, wspomnia\u0142 o podboju Jerozolimy przez Saladyna w tweecie, w kt\u00f3rym u\u017cy\u0142 hashtagu \u201eobietnica przysz\u0142ego \u017cycia\u201d, co jest odniesieniem do Koranu 17:107: \u201eA my rzek\u0142 do Izraelit\u00f3w za nim: Mieszkajcie w tej ziemi, a gdy spe\u0142ni si\u0119 obietnica \u017cycia przysz\u0142ego, zbierzemy was razem na s\u0105d\u201d.\u00a0Nast\u0119pnie napisa\u0142: \u201eSytuacja w Jerozolimie i meczecie Al-Aksa by\u0142a znacznie gorsza, gdy Saladyn przej\u0105\u0142 j\u0105 2 pa\u017adziernika 1187 r. i wyzwoli\u0142 j\u0105 od krzy\u017cowc\u00f3w. Powiesili krzy\u017ce [w Al-Aksa] i zamienili go w ko\u015bci\u00f3\u0142 i stajni\u0119 dla koni, i meczety zamienili w ko\u015bcio\u0142y. Przysz\u0142y wyzwoliciel b\u0119dzie m\u00f3g\u0142 obmy\u0107 go perfumami, tak jak zrobi\u0142 to Saladyn\u201d.\u00a0<\/span><a href=\"https:\/\/www.memri.org\/reports\/marking-anniversary-saladins-conquest-jerusalem-muslim-intellectuals-islamists-express-hope#_edn4\"><span style=\"font-weight: 400;\">[4]<\/span><\/a><\/p>\n<p><img loading=\"lazy\" decoding=\"async\" class=\"alignnone size-full wp-image-18154\" src=\"https:\/\/www2.memri.org\/polish\/wp-content\/uploads\/2022\/10\/sd10251d.png\" width=\"636\" height=\"620\" srcset=\"https:\/\/www2.memri.org\/polish\/wp-content\/uploads\/2022\/10\/sd10251d.png 636w, https:\/\/www2.memri.org\/polish\/wp-content\/uploads\/2022\/10\/sd10251d-300x292.png 300w, https:\/\/www2.memri.org\/polish\/wp-content\/uploads\/2022\/10\/sd10251d-600x585.png 600w, https:\/\/www2.memri.org\/polish\/wp-content\/uploads\/2022\/10\/sd10251d-431x420.png 431w\" sizes=\"auto, (max-width: 636px) 100vw, 636px\" \/><\/p>\n<p><span style=\"font-weight: 400;\">Al-Harami napisa\u0142 kilka innych tweet\u00f3w pod tym samym hashtagiem, w tym jeden, w kt\u00f3rym udost\u0119pni\u0142 wideo przedstawiaj\u0105ce setki \u017cydowskich wyznawc\u00f3w w Jaskini Patriarch\u00f3w [lub Meczecie Al-Ibrahimi] i napisa\u0142: \u201eOsadnicy wykonuj\u0105cy ta\u0144ce i rytua\u0142y Talmudu w Meczecie Al-Ibrahimi w Al-Chalil. Ta sytuacja nie b\u0119dzie trwa\u0142a. Na ko\u0144cu tunelu jest \u015bwiate\u0142ko.\u00a0<\/span><a href=\"https:\/\/www.memri.org\/reports\/marking-anniversary-saladins-conquest-jerusalem-muslim-intellectuals-islamists-express-hope#_edn5\"><span style=\"font-weight: 400;\">[5]<\/span><\/a><\/p>\n<p><img loading=\"lazy\" decoding=\"async\" class=\"alignnone size-full wp-image-18155\" src=\"https:\/\/www2.memri.org\/polish\/wp-content\/uploads\/2022\/10\/sd10251e.png\" width=\"386\" height=\"620\" srcset=\"https:\/\/www2.memri.org\/polish\/wp-content\/uploads\/2022\/10\/sd10251e.png 386w, https:\/\/www2.memri.org\/polish\/wp-content\/uploads\/2022\/10\/sd10251e-187x300.png 187w, https:\/\/www2.memri.org\/polish\/wp-content\/uploads\/2022\/10\/sd10251e-261x420.png 261w\" sizes=\"auto, (max-width: 386px) 100vw, 386px\" \/><\/p>\n<p><span style=\"font-weight: 400;\">Mad\u017ced Abdulhadi, inny dziennikarz Al-D\u017caziry, r\u00f3wnie\u017c u\u017cy\u0142 hashtagu \u201eobietnica przysz\u0142ego \u017cycia\u201d i zaznaczy\u0142 rocznic\u0119 podboju Jerozolimy w tweecie opublikowanym 2 pa\u017adziernika 2022 r. Chwal\u0105c m\u0142odzie\u017c palesty\u0144sk\u0105, kt\u00f3ra korzysta z Internetu i medi\u00f3w spo\u0142eczno\u015bciowych w obronie kwestii palesty\u0144skiej, Abdulhadi podzieli\u0142 si\u0119 jednym ze swoich raport\u00f3w na temat sporu o domy w dzielnicy Szejk D\u017carrah w Jerozolimie i napisa\u0142: \u201ePo 835 latach podboju Jerozolimy przez Saladyna, Palesty\u0144czycy 5G kwestionuj\u0105 przekonanie ojc\u00f3w za\u0142o\u017cycieli Izraela i prowadz\u0105 walk\u0119 przeciwko nowym rozdzia\u0142om palesty\u0144skiej Nakby\u201d.\u00a0<\/span><a href=\"https:\/\/www.memri.org\/reports\/marking-anniversary-saladins-conquest-jerusalem-muslim-intellectuals-islamists-express-hope#_edn6\"><span style=\"font-weight: 400;\">[6]<\/span><\/a><\/p>\n<p><img loading=\"lazy\" decoding=\"async\" class=\"alignnone size-full wp-image-18156\" src=\"https:\/\/www2.memri.org\/polish\/wp-content\/uploads\/2022\/10\/sd10251f.png\" width=\"386\" height=\"447\" srcset=\"https:\/\/www2.memri.org\/polish\/wp-content\/uploads\/2022\/10\/sd10251f.png 386w, https:\/\/www2.memri.org\/polish\/wp-content\/uploads\/2022\/10\/sd10251f-259x300.png 259w, https:\/\/www2.memri.org\/polish\/wp-content\/uploads\/2022\/10\/sd10251f-363x420.png 363w\" sizes=\"auto, (max-width: 386px) 100vw, 386px\" \/><\/p>\n<p><span style=\"font-weight: 400;\">W tym samym tonie maroka\u0144ski u\u017cytkownik Twittera, Abd Al-Aziz Al-Maghribi, kt\u00f3ry ma ponad 15 tysi\u0119cy obserwuj\u0105cych, opublikowa\u0142 tweeta, w kt\u00f3rym zaznaczy\u0142 rocznic\u0119 podboju Jerozolimy przez Saladyna i modli\u0142 si\u0119 do Allaha, aby \u201eudzieli\u0142 Jerozolimie kolejnego Saladyna, aby uwolni\u0142 j\u0105 od okupacji syjonistycznej\u201d.\u00a0<\/span><a href=\"https:\/\/www.memri.org\/reports\/marking-anniversary-saladins-conquest-jerusalem-muslim-intellectuals-islamists-express-hope#_edn7\"><span style=\"font-weight: 400;\">[7]<\/span><\/a><\/p>\n<p><img loading=\"lazy\" decoding=\"async\" class=\"alignnone size-full wp-image-18157\" src=\"https:\/\/www2.memri.org\/polish\/wp-content\/uploads\/2022\/10\/sd10251g.png\" width=\"636\" height=\"641\" srcset=\"https:\/\/www2.memri.org\/polish\/wp-content\/uploads\/2022\/10\/sd10251g.png 636w, https:\/\/www2.memri.org\/polish\/wp-content\/uploads\/2022\/10\/sd10251g-298x300.png 298w, https:\/\/www2.memri.org\/polish\/wp-content\/uploads\/2022\/10\/sd10251g-150x150.png 150w, https:\/\/www2.memri.org\/polish\/wp-content\/uploads\/2022\/10\/sd10251g-600x605.png 600w, https:\/\/www2.memri.org\/polish\/wp-content\/uploads\/2022\/10\/sd10251g-417x420.png 417w\" sizes=\"auto, (max-width: 636px) 100vw, 636px\" \/><\/p>\n<p><span style=\"font-weight: 400;\">Konto \u201eIslamic World\u201d na Twitterze, kt\u00f3re ma ponad 180 tysi\u0119cy obserwuj\u0105cych, podzieli\u0142o si\u0119 cytatem mieszkaj\u0105cego w Stambule palesty\u0144skiego islamisty Mochlesa Barzaka, w kt\u00f3rym powiedzia\u0142: \u201eTego dnia armia Saladyna wyzwoli\u0142a Bait Al-Maqdis po tym, jak by\u0142 bezczeszczony przez ponad 88 lat przez krzy\u017cowc\u00f3w. Nadszed\u0142 czas, aby go oczy\u015bci\u0107.&#8221;\u00a0<\/span><a href=\"https:\/\/www.memri.org\/reports\/marking-anniversary-saladins-conquest-jerusalem-muslim-intellectuals-islamists-express-hope#_edn8\"><span style=\"font-weight: 400;\">[8]<\/span><\/a><\/p>\n<p><img loading=\"lazy\" decoding=\"async\" class=\"alignnone size-full wp-image-18158\" src=\"https:\/\/www2.memri.org\/polish\/wp-content\/uploads\/2022\/10\/sd10251h.png\" width=\"636\" height=\"633\" srcset=\"https:\/\/www2.memri.org\/polish\/wp-content\/uploads\/2022\/10\/sd10251h.png 636w, https:\/\/www2.memri.org\/polish\/wp-content\/uploads\/2022\/10\/sd10251h-300x300.png 300w, https:\/\/www2.memri.org\/polish\/wp-content\/uploads\/2022\/10\/sd10251h-150x150.png 150w, https:\/\/www2.memri.org\/polish\/wp-content\/uploads\/2022\/10\/sd10251h-600x597.png 600w, https:\/\/www2.memri.org\/polish\/wp-content\/uploads\/2022\/10\/sd10251h-422x420.png 422w\" sizes=\"auto, (max-width: 636px) 100vw, 636px\" \/><\/p>\n<p><span style=\"font-weight: 400;\">Wyra\u017caj\u0105c przekonanie, \u017ce muzu\u0142manie przejm\u0105 Jerozolim\u0119, syryjski pisarz i politolog Yasser Saedaldine napisa\u0142: \u201eNie oczekujemy ani nie mamy nadziei\u2026 jeste\u015bmy pewni za zgod\u0105 Allaha\u2026 Jerozolima nale\u017cy do islamu, nale\u017cy do islamu i nale\u017cy do islamu i Arab\u00f3w\u201d.\u00a0<\/span><a href=\"https:\/\/www.memri.org\/reports\/marking-anniversary-saladins-conquest-jerusalem-muslim-intellectuals-islamists-express-hope#_edn9\"><span style=\"font-weight: 400;\">[9]<\/span><\/a><\/p>\n<p><img loading=\"lazy\" decoding=\"async\" class=\"alignnone size-full wp-image-18159\" src=\"https:\/\/www2.memri.org\/polish\/wp-content\/uploads\/2022\/10\/sd10251i.png\" width=\"386\" height=\"189\" srcset=\"https:\/\/www2.memri.org\/polish\/wp-content\/uploads\/2022\/10\/sd10251i.png 386w, https:\/\/www2.memri.org\/polish\/wp-content\/uploads\/2022\/10\/sd10251i-300x147.png 300w, https:\/\/www2.memri.org\/polish\/wp-content\/uploads\/2022\/10\/sd10251i-324x160.png 324w\" sizes=\"auto, (max-width: 386px) 100vw, 386px\" \/><\/p>\n<p><span style=\"font-weight: 400;\">Islamsta D\u017cihad Helles z Gazy, kt\u00f3ry ma ponad 381 tysi\u0119cy obserwuj\u0105cych na Twitterze, wyrazi\u0142 nadziej\u0119, \u017ce podobny podb\u00f3j Jerozolimy nast\u0105pi wkr\u00f3tce.\u00a0W tweecie opublikowanym 2 pa\u017adziernika 2022 r. napisa\u0142: \u201eW tym dniu i 835 lat temu przyw\u00f3dca Saladyn wyzwoli\u0142 Jerozolim\u0119 spod kontroli krzy\u017cowc\u00f3w po 88 latach okupacji, kiedy muzu\u0142manie nie mieli nadziei i my\u015bleli, \u017ce nigdy nie zostanie przywr\u00f3cona. Wkr\u00f3tce, za pozwoleniem Allaha, dzie\u0144, w kt\u00f3rym wyrazimy rado\u015b\u0107, nadejdzie wraz z podbojem Jerozolimy&#8230;\u201d\u00a0<\/span><a href=\"https:\/\/www.memri.org\/reports\/marking-anniversary-saladins-conquest-jerusalem-muslim-intellectuals-islamists-express-hope#_edn10\"><span style=\"font-weight: 400;\">[10]<\/span><\/a><\/p>\n<p><img loading=\"lazy\" decoding=\"async\" class=\"alignnone size-full wp-image-18160\" src=\"https:\/\/www2.memri.org\/polish\/wp-content\/uploads\/2022\/10\/sd10251j.png\" width=\"386\" height=\"259\" srcset=\"https:\/\/www2.memri.org\/polish\/wp-content\/uploads\/2022\/10\/sd10251j.png 386w, https:\/\/www2.memri.org\/polish\/wp-content\/uploads\/2022\/10\/sd10251j-300x201.png 300w\" sizes=\"auto, (max-width: 386px) 100vw, 386px\" \/><\/p>\n<p><span style=\"font-weight: 400;\">U\u017cywaj\u0105c hashtag\u00f3w \u201eSaladyn\u201d, \u201eJerozolima\u201d, \u201eIzrael\u201d i \u201ePalestyna\u201d, oficjalne arabskie konto na Twitterze tureckiej agencji informacyjnej \u0130lke podzieli\u0142o si\u0119 cytatem palesty\u0144skiego funkcjonariusza Islamskiego D\u017cihadu Fouada Kasima Arafata, w kt\u00f3rym podkre\u015bli\u0142, \u017ce \u201eSaladyn zjednoczy\u0142 umm\u0119 i podbi\u0142 Jerozolim\u0119 z pokoleniem, kt\u00f3re dorasta\u0142o na naukach Koranu i Sunny. U\u017cywaj\u0105c tych narz\u0119dzi, Jerozolima mo\u017ce odzyska\u0107 wolno\u015b\u0107\u201d.\u00a0<\/span><a href=\"https:\/\/www.memri.org\/reports\/marking-anniversary-saladins-conquest-jerusalem-muslim-intellectuals-islamists-express-hope#_edn11\"><span style=\"font-weight: 400;\">[11]<\/span><\/a><\/p>\n<p><img loading=\"lazy\" decoding=\"async\" class=\"alignnone size-full wp-image-18161\" src=\"https:\/\/www2.memri.org\/polish\/wp-content\/uploads\/2022\/10\/sd10251k.png\" width=\"636\" height=\"636\" srcset=\"https:\/\/www2.memri.org\/polish\/wp-content\/uploads\/2022\/10\/sd10251k.png 636w, https:\/\/www2.memri.org\/polish\/wp-content\/uploads\/2022\/10\/sd10251k-300x300.png 300w, https:\/\/www2.memri.org\/polish\/wp-content\/uploads\/2022\/10\/sd10251k-150x150.png 150w, https:\/\/www2.memri.org\/polish\/wp-content\/uploads\/2022\/10\/sd10251k-600x600.png 600w, https:\/\/www2.memri.org\/polish\/wp-content\/uploads\/2022\/10\/sd10251k-420x420.png 420w\" sizes=\"auto, (max-width: 636px) 100vw, 636px\" \/><\/p>\n<p><span style=\"font-weight: 400;\">Jorda\u0144ski islamista Osama Abu Bakr, kt\u00f3ry jest r\u00f3wnie\u017c cz\u0142onkiem Jorda\u0144skich Uczonych w Islamie i sekretarzem generalnym Mi\u0119dzynarodowej Organizacji Zakat, opublikowa\u0142 3 pa\u017adziernika 2022 r. tweet, w kt\u00f3rym zaznaczy\u0142 rocznic\u0119 i wezwa\u0142 muzu\u0142man\u00f3w do przygotowania si\u0119 do \u201eprojektu obietnicy przysz\u0142ego \u017cycia\u201d, aby mogli wype\u0142ni\u0107 proroctwo o wyzwoleniu Jerozolimy, kt\u00f3re opisa\u0142 jako \u201ekompas wierz\u0105cych, podpor\u0119 chwa\u0142y i dominacji\u201d.\u00a0Nast\u0119pnie zapyta\u0142 muzu\u0142man\u00f3w &#8222;czy rozmawiacie ze sob\u0105 o podboju? Czy rozmawiacie ze sob\u0105 o inwazji?&#8221;\u00a0<\/span><a href=\"https:\/\/www.memri.org\/reports\/marking-anniversary-saladins-conquest-jerusalem-muslim-intellectuals-islamists-express-hope#_edn12\"><span style=\"font-weight: 400;\">[12]<\/span><\/a><\/p>\n<p><img loading=\"lazy\" decoding=\"async\" class=\"alignnone size-full wp-image-18162\" src=\"https:\/\/www2.memri.org\/polish\/wp-content\/uploads\/2022\/10\/sd10251m.png\" width=\"636\" height=\"638\" srcset=\"https:\/\/www2.memri.org\/polish\/wp-content\/uploads\/2022\/10\/sd10251m.png 636w, https:\/\/www2.memri.org\/polish\/wp-content\/uploads\/2022\/10\/sd10251m-300x300.png 300w, https:\/\/www2.memri.org\/polish\/wp-content\/uploads\/2022\/10\/sd10251m-150x150.png 150w, https:\/\/www2.memri.org\/polish\/wp-content\/uploads\/2022\/10\/sd10251m-600x602.png 600w, https:\/\/www2.memri.org\/polish\/wp-content\/uploads\/2022\/10\/sd10251m-419x420.png 419w\" sizes=\"auto, (max-width: 636px) 100vw, 636px\" \/><\/p>\n<p><span style=\"font-weight: 400;\">3 pa\u017adziernika 2022 r. u\u017cytkownik Twittera Mohammad Al-Muzien, in\u017cynier rolnictwa z Jordanii, napisa\u0142 po uczczeniu rocznicy podboju Jerozolimy przez Saladyna: \u201eProsz\u0119 Allaha, aby wkr\u00f3tce uwolni\u0142 j\u0105 od brudnych syjonist\u00f3w\u201d.\u00a0<\/span><a href=\"https:\/\/www.memri.org\/reports\/marking-anniversary-saladins-conquest-jerusalem-muslim-intellectuals-islamists-express-hope#_edn13\"><span style=\"font-weight: 400;\">[13]<\/span><\/a><\/p>\n<p><img loading=\"lazy\" decoding=\"async\" class=\"alignnone size-full wp-image-18163\" src=\"https:\/\/www2.memri.org\/polish\/wp-content\/uploads\/2022\/10\/sd10251n.png\" width=\"636\" height=\"644\" srcset=\"https:\/\/www2.memri.org\/polish\/wp-content\/uploads\/2022\/10\/sd10251n.png 636w, https:\/\/www2.memri.org\/polish\/wp-content\/uploads\/2022\/10\/sd10251n-296x300.png 296w, https:\/\/www2.memri.org\/polish\/wp-content\/uploads\/2022\/10\/sd10251n-600x608.png 600w, https:\/\/www2.memri.org\/polish\/wp-content\/uploads\/2022\/10\/sd10251n-415x420.png 415w\" sizes=\"auto, (max-width: 636px) 100vw, 636px\" \/><\/p>\n<p><span style=\"font-weight: 400;\">Palesty\u0144ska profesorka andaluzyjskiej historii islamu Jasmine Hamada r\u00f3wnie\u017c zaznaczy\u0142a rocznic\u0119 hashtagami \u201eTen dzie\u0144\u201d, \u201eAl-Aksa jest w niebezpiecze\u0144stwie\u201d i \u201eSaladin\u201d, m\u00f3wi\u0105c: \u201eMeczet Al-Aksa zosta\u0142 wyzwolony z brudu krzy\u017cowc\u00f3w po 88 latach okupacji i teraz jeste\u015bmy w Palestynie, czekaj\u0105c, a\u017c Saladyn ponownie nas wyzwoli i uratuje nasz\u0105 Aks\u0119\u201d.\u00a0<\/span><a href=\"https:\/\/www.memri.org\/reports\/marking-anniversary-saladins-conquest-jerusalem-muslim-intellectuals-islamists-express-hope#_edn14\"><span style=\"font-weight: 400;\">[14]<\/span><\/a><\/p>\n<p><img loading=\"lazy\" decoding=\"async\" class=\"alignnone size-full wp-image-18164\" src=\"https:\/\/www2.memri.org\/polish\/wp-content\/uploads\/2022\/10\/sd10251o.png\" width=\"386\" height=\"606\" srcset=\"https:\/\/www2.memri.org\/polish\/wp-content\/uploads\/2022\/10\/sd10251o.png 386w, https:\/\/www2.memri.org\/polish\/wp-content\/uploads\/2022\/10\/sd10251o-191x300.png 191w, https:\/\/www2.memri.org\/polish\/wp-content\/uploads\/2022\/10\/sd10251o-268x420.png 268w\" sizes=\"auto, (max-width: 386px) 100vw, 386px\" \/><\/p>\n<p><span style=\"font-weight: 400;\">Niekt\u00f3rzy u\u017cytkownicy Twittera wyrazili swoje rozczarowanie muzu\u0142manami, kt\u00f3rzy 2 pa\u017adziernika obchodzili urodziny Mahatmy Gandhiego zamiast \u015bwi\u0119towa\u0107 podb\u00f3j Jerozolimy.\u00a0Na przyk\u0142ad u\u017cytkownik Twittera, Hafiz Abd Al-Raheem Al-A&#8217;zami, kt\u00f3ry okre\u015bla siebie jako \u201eIslamskiego Uczonego\u201d, zamie\u015bci\u0142 tweeta w j\u0119zyku angielskim o tre\u015bci: \u201e1187 #Pa\u017adziernik2. al-Maqdis zosta\u0142 wyzwolony spod w\u0142adzy krzy\u017cowc\u00f3w przez su\u0142tana Ayyubida, su\u0142tana Fatiha Kudsa Salaha al-Din Ajjubi. I niestety niekt\u00f3rzy z nas s\u0105 zaj\u0119ci Gandhi Jayanti!&#8221;\u00a0<\/span><a href=\"https:\/\/www.memri.org\/reports\/marking-anniversary-saladins-conquest-jerusalem-muslim-intellectuals-islamists-express-hope#_edn15\"><span style=\"font-weight: 400;\">[15]<\/span><\/a><\/p>\n<hr \/>\n<p><a href=\"https:\/\/www.memri.org\/reports\/marking-anniversary-saladins-conquest-jerusalem-muslim-intellectuals-islamists-express-hope#_ednref1\"><span style=\"font-weight: 400;\">[1]<\/span><\/a><span style=\"font-weight: 400;\">\u00a0Twitter.com\/Ali_AlQaradaghi\/status\/1576931234525036545, October 3, 2022.<\/span><\/p>\n<p><a href=\"https:\/\/www.memri.org\/reports\/marking-anniversary-saladins-conquest-jerusalem-muslim-intellectuals-islamists-express-hope#_ednref2\"><span style=\"font-weight: 400;\">[2]<\/span><\/a><span style=\"font-weight: 400;\">\u00a0Twitter.com\/Ali_AlQaradaghi\/status\/1577153166562713601, October 3, 2022.<\/span><\/p>\n<p><a href=\"https:\/\/www.memri.org\/reports\/marking-anniversary-saladins-conquest-jerusalem-muslim-intellectuals-islamists-express-hope#_ednref3\"><span style=\"font-weight: 400;\">[3]<\/span><\/a><span style=\"font-weight: 400;\">\u00a0Twitter.com\/Benguennak\/status\/1576838501215006721, October 3, 2022.<\/span><\/p>\n<p><a href=\"https:\/\/www.memri.org\/reports\/marking-anniversary-saladins-conquest-jerusalem-muslim-intellectuals-islamists-express-hope#_ednref4\"><span style=\"font-weight: 400;\">[4]<\/span><\/a><span style=\"font-weight: 400;\">\u00a0Twitter.com\/jaberalharmi\/status\/1576930723084132353, October 3, 2022.<\/span><\/p>\n<p><a href=\"https:\/\/www.memri.org\/reports\/marking-anniversary-saladins-conquest-jerusalem-muslim-intellectuals-islamists-express-hope#_ednref5\"><span style=\"font-weight: 400;\">[5]<\/span><\/a><span style=\"font-weight: 400;\">\u00a0Twitter.com\/jaberalharmi\/status\/1576690691844894721, October 2, 2022.<\/span><\/p>\n<p><a href=\"https:\/\/www.memri.org\/reports\/marking-anniversary-saladins-conquest-jerusalem-muslim-intellectuals-islamists-express-hope#_ednref6\"><span style=\"font-weight: 400;\">[6]<\/span><\/a><span style=\"font-weight: 400;\">\u00a0Twitter.com\/majedabdulhadi\/status\/1576650435854995456, October 2, 2022.<\/span><\/p>\n<p><a href=\"https:\/\/www.memri.org\/reports\/marking-anniversary-saladins-conquest-jerusalem-muslim-intellectuals-islamists-express-hope#_ednref7\"><span style=\"font-weight: 400;\">[7]<\/span><\/a><span style=\"font-weight: 400;\">\u00a0Twitter.com\/abomariya7\/status\/1577189127442735104, October 4, 2022.<\/span><\/p>\n<p><a href=\"https:\/\/www.memri.org\/reports\/marking-anniversary-saladins-conquest-jerusalem-muslim-intellectuals-islamists-express-hope#_ednref8\"><span style=\"font-weight: 400;\">[8]<\/span><\/a><span style=\"font-weight: 400;\">\u00a0Twitter.com\/muslim2day\/status\/1576699010118987776, October 2, 2022.<\/span><\/p>\n<p><a href=\"https:\/\/www.memri.org\/reports\/marking-anniversary-saladins-conquest-jerusalem-muslim-intellectuals-islamists-express-hope#_ednref9\"><span style=\"font-weight: 400;\">[9]<\/span><\/a><span style=\"font-weight: 400;\">\u00a0Twitter.com\/yasser_saed\/status\/1576592077433241600, October 2, 2022.<\/span><\/p>\n<p><a href=\"https:\/\/www.memri.org\/reports\/marking-anniversary-saladins-conquest-jerusalem-muslim-intellectuals-islamists-express-hope#_ednref10\"><span style=\"font-weight: 400;\">[10]<\/span><\/a><span style=\"font-weight: 400;\">\u00a0Twitter.com\/jhelles\/status\/1576654865853403136, October 2, 2022.<\/span><\/p>\n<p><a href=\"https:\/\/www.memri.org\/reports\/marking-anniversary-saladins-conquest-jerusalem-muslim-intellectuals-islamists-express-hope#_ednref11\"><span style=\"font-weight: 400;\">[11]<\/span><\/a><span style=\"font-weight: 400;\">\u00a0Twitter.com\/ilkha_arabi\/status\/1576932575204978689, October 3, 2022.<\/span><\/p>\n<p><a href=\"https:\/\/www.memri.org\/reports\/marking-anniversary-saladins-conquest-jerusalem-muslim-intellectuals-islamists-express-hope#_ednref12\"><span style=\"font-weight: 400;\">[12]<\/span><\/a><span style=\"font-weight: 400;\">\u00a0Twitter.com\/Osama_AbuBakr\/status\/1576785731791437825, October 3, 2022.<\/span><\/p>\n<p><a href=\"https:\/\/www.memri.org\/reports\/marking-anniversary-saladins-conquest-jerusalem-muslim-intellectuals-islamists-express-hope#_ednref13\"><span style=\"font-weight: 400;\">[13]<\/span><\/a><span style=\"font-weight: 400;\">\u00a0Twitter.com\/MohamadAlMuzien\/status\/1576881406784856064, October 3, 2022.<\/span><\/p>\n","protected":false},"excerpt":{"rendered":"<p>2 pa\u017adziernika 2022 r. setki muzu\u0142ma\u0144skich intelektualist\u00f3w i islamist\u00f3w obchodzi\u0142y w Internecie rocznic\u0119 podboju Jerozolimy w 1187 r. przez Saladyna, muzu\u0142ma\u0144skiego su\u0142tana Egiptu i Syrii, kt\u00f3ry odebra\u0142 miasto krzy\u017cowcom.\u00a0Wielu z tych, kt\u00f3rzy komentowali rocznic\u0119, rozpowszechnia\u0142o filmy i plakaty wyprodukowane przez mieszcz\u0105cy si\u0119 w Katarze kana\u0142 telewizyjny Al-D\u017cazira, upami\u0119tniaj\u0105cy rocznic\u0119 i przedstawiaj\u0105cy historyczne szczeg\u00f3\u0142y dotycz\u0105ce podboju.\u00a0W [&hellip;]<\/p>\n","protected":false},"author":1,"featured_media":18150,"comment_status":"closed","ping_status":"closed","sticky":false,"template":"","format":"standard","meta":{"footnotes":""},"categories":[824,835,837],"tags":[908],"class_list":["post-18149","post","type-post","status-publish","format-standard","has-post-thumbnail","hentry","category-specjalne-komunikaty","category-archiwum","category-kraje","tag-izrael"],"_links":{"self":[{"href":"https:\/\/www2.memri.org\/polish\/wp-json\/wp\/v2\/posts\/18149","targetHints":{"allow":["GET"]}}],"collection":[{"href":"https:\/\/www2.memri.org\/polish\/wp-json\/wp\/v2\/posts"}],"about":[{"href":"https:\/\/www2.memri.org\/polish\/wp-json\/wp\/v2\/types\/post"}],"author":[{"embeddable":true,"href":"https:\/\/www2.memri.org\/polish\/wp-json\/wp\/v2\/users\/1"}],"replies":[{"embeddable":true,"href":"https:\/\/www2.memri.org\/polish\/wp-json\/wp\/v2\/comments?post=18149"}],"version-history":[{"count":1,"href":"https:\/\/www2.memri.org\/polish\/wp-json\/wp\/v2\/posts\/18149\/revisions"}],"predecessor-version":[{"id":18165,"href":"https:\/\/www2.memri.org\/polish\/wp-json\/wp\/v2\/posts\/18149\/revisions\/18165"}],"wp:featuredmedia":[{"embeddable":true,"href":"https:\/\/www2.memri.org\/polish\/wp-json\/wp\/v2\/media\/18150"}],"wp:attachment":[{"href":"https:\/\/www2.memri.org\/polish\/wp-json\/wp\/v2\/media?parent=18149"}],"wp:term":[{"taxonomy":"category","embeddable":true,"href":"https:\/\/www2.memri.org\/polish\/wp-json\/wp\/v2\/categories?post=18149"},{"taxonomy":"post_tag","embeddable":true,"href":"https:\/\/www2.memri.org\/polish\/wp-json\/wp\/v2\/tags?post=18149"}],"curies":[{"name":"wp","href":"https:\/\/api.w.org\/{rel}","templated":true}]}}