{"id":18011,"date":"2022-09-15T20:14:18","date_gmt":"2022-09-15T18:14:18","guid":{"rendered":"https:\/\/www2.memri.org\/polish\/?p=18011"},"modified":"2022-09-15T20:14:18","modified_gmt":"2022-09-15T18:14:18","slug":"testament-palestynskiego-terrorysty-ktory-nalezal-do-sil-bezpieczenstwa-autonomii-palestynskiej-meczenstwo-jest-najwyzszym-idealem-kontynuujcie-dzihad-i-walke-zbrojna-z-wrogiem","status":"publish","type":"post","link":"https:\/\/www2.memri.org\/polish\/testament-palestynskiego-terrorysty-ktory-nalezal-do-sil-bezpieczenstwa-autonomii-palestynskiej-meczenstwo-jest-najwyzszym-idealem-kontynuujcie-dzihad-i-walke-zbrojna-z-wrogiem\/18011","title":{"rendered":"Testament palesty\u0144skiego terrorysty, kt\u00f3ry nale\u017ca\u0142 do si\u0142 bezpiecze\u0144stwa Autonomii Palesty\u0144skiej: m\u0119cze\u0144stwo jest najwy\u017cszym idea\u0142em; kontynuujcie d\u017cihad i walk\u0119 zbrojn\u0105 z wrogiem"},"content":{"rendered":"<p><i><span style=\"font-weight: 400;\">Palesty\u0144ski terrorysta Ahmad 'Abed, cz\u0142onek Prewencyjnych Si\u0142 Bezpiecze\u0144stwa Autonomii Palesty\u0144skiej (AP), kt\u00f3ry zgin\u0105\u0142 w D\u017caninie 14 wrze\u015bnia 2022 roku, zostawi\u0142 pisemn\u0105 ostatni\u0105 wol\u0119 i testament, w kt\u00f3rym wyja\u015bni\u0142, \u017ce zdecydowa\u0142 si\u0119 umrze\u0107 jako m\u0119czennik dla Allaha, poniewa\u017c jest to najwy\u017cszy idea\u0142 i najlepszy spos\u00f3b na uzyskanie przychylno\u015bci Allaha i wyniesienie islamu.\u00a0Wezwa\u0142 swoj\u0105 rodzin\u0119 do rado\u015bci z jego m\u0119cze\u0144stwa, a towarzyszy do kontynuowania walki zbrojnej i d\u017cihadu przeciwko wrogowi.<\/span><\/i><\/p>\n<p><span style=\"font-weight: 400;\"><img loading=\"lazy\" decoding=\"async\" class=\"alignnone size-full wp-image-18013\" src=\"https:\/\/www2.memri.org\/polish\/wp-content\/uploads\/2022\/09\/sd10207.jpg\" width=\"277\" height=\"449\" srcset=\"https:\/\/www2.memri.org\/polish\/wp-content\/uploads\/2022\/09\/sd10207.jpg 277w, https:\/\/www2.memri.org\/polish\/wp-content\/uploads\/2022\/09\/sd10207-185x300.jpg 185w, https:\/\/www2.memri.org\/polish\/wp-content\/uploads\/2022\/09\/sd10207-259x420.jpg 259w\" sizes=\"auto, (max-width: 277px) 100vw, 277px\" \/><\/span><span style=\"font-weight: 400;\">Ahmed 'Abed (\u0179r\u00f3d\u0142o: Twitter.com\/qudsn, 14 wrze\u015bnia 2022)<\/span><\/p>\n<p><span style=\"font-weight: 400;\"><img loading=\"lazy\" decoding=\"async\" class=\"alignnone size-full wp-image-18014\" src=\"https:\/\/www2.memri.org\/polish\/wp-content\/uploads\/2022\/09\/sd10207a-1.jpg\" width=\"665\" height=\"440\" srcset=\"https:\/\/www2.memri.org\/polish\/wp-content\/uploads\/2022\/09\/sd10207a-1.jpg 665w, https:\/\/www2.memri.org\/polish\/wp-content\/uploads\/2022\/09\/sd10207a-1-300x198.jpg 300w, https:\/\/www2.memri.org\/polish\/wp-content\/uploads\/2022\/09\/sd10207a-1-600x397.jpg 600w, https:\/\/www2.memri.org\/polish\/wp-content\/uploads\/2022\/09\/sd10207a-1-635x420.jpg 635w\" sizes=\"auto, (max-width: 665px) 100vw, 665px\" \/><\/span><span style=\"font-weight: 400;\">Ostatnia wola Ahmada Abeda (\u00a0\u0179r\u00f3d\u0142o: www.facebook.com\/safapscom, 15 wrze\u015bnia 2022)<\/span><\/p>\n<p><i><span style=\"font-weight: 400;\">Poni\u017cej znajduje si\u0119 t\u0142umaczenie jego ostatniej woli:\u00a0<\/span><\/i><a href=\"https:\/\/www.memri.org\/reports\/last-will-palestinian-terrorist-who-belonged-palestinian-authority-security-forces-martyrdom#_edn1\"><b><i>[1]<\/i><\/b><\/a><\/p>\n<p><span style=\"font-weight: 400;\">W imi\u0119 Allaha, Wsp\u00f3\u0142czuj\u0105cego i Mi\u0142osiernego,<\/span><\/p>\n<p><span style=\"font-weight: 400;\">\u201eO wierni! Co si\u0119 z wami dzieje, \u017ce kiedy jeste\u015bcie proszeni, aby i\u015b\u0107 drog\u0105 Allaha, mocno trzymacie si\u0119 [swojej] ziemi? Czy przedk\u0142adacie \u017cycie na tym \u015bwiecie nad \u017cycie ostateczne? Je\u015bli nie p\u00f3jdziecie naprz\u00f3d, On dotknie was bolesn\u0105 kar\u0105 i zast\u0105pi was innymi lud\u017ami. Wy nie wyrz\u0105dzacie Mu najmniejszej krzywdy. Allah jest nad ka\u017cd\u0105 rzecz\u0105 wszechw\u0142adny\u201d. (Koran 9:38-39)\u2026\u00a0<\/span><\/p>\n<p><span style=\"font-weight: 400;\">Pisz\u0119 ten testament w oczekiwaniu na \u015bmier\u0107 m\u0119cze\u0144sk\u0105 dla Allaha, poniewa\u017c m\u0119cze\u0144stwo jest najlepszym sposobem zbli\u017cenia si\u0119 do Allaha i \u017caden idea\u0142 nie mo\u017ce si\u0119 z nim r\u00f3wna\u0107. Na Allaha, wybra\u0142em t\u0119 drog\u0119, aby wznosi\u0107 i wywy\u017csza\u0107\u00a0<\/span><i><span style=\"font-weight: 400;\">tawhid<\/span><\/i><span style=\"font-weight: 400;\">\u00a0[monoteizm, tj. islam] w celu osi\u0105gni\u0119cia m\u0119cze\u0144stwa dla Allaha i aby nasza krew liczy\u0142a si\u0119 jako [przelana krew] za t\u0119 szlachetn\u0105 wiar\u0119.<\/span><\/p>\n<p><span style=\"font-weight: 400;\">Moja dobra matko, duszo mojej istoty, prosz\u0119 wybacz mi. Nie smu\u0107 si\u0119 z mojego odej\u015bcia, ale raczej ciesz si\u0119\u2026 bo przyjemno\u015b\u0107 Allaha Wszechmog\u0105cego zale\u017cy od twojej przyjemno\u015bci, a moje pragnienie [osi\u0105gni\u0119cia stopnia m\u0119czennika] w przeciwnym razie nie spe\u0142ni si\u0119. Wytrwaj wi\u0119c z wyrozumia\u0142o\u015bci\u0105 i pro\u015b Allaha, aby wynagrodzi\u0142 was, daj\u0105c mi moje \u017cyczenie i przyjmuj\u0105c mnie [jako m\u0119czennika] dla Niego.<\/span><\/p>\n<p><span style=\"font-weight: 400;\">M\u00f3j ukochany ojcze, wybacz mi. Wiem, \u017ce nie zaniedba\u0142e\u015b [obowi\u0105zku] wobec mnie i na Boga, by\u0142e\u015b dobrym ojcem i wychowawc\u0105. M\u00f3j ukochany ojcze, nie smu\u0107 si\u0119 wiadomo\u015bci\u0105 o moim m\u0119cze\u0144stwie, ale raczej ciesz si\u0119, podnie\u015b g\u0142ow\u0119 wysoko, bo tw\u00f3j syn zas\u0142u\u017cy\u0142 sobie na obron\u0119 Wys\u0142annika Allaha i jego potomk\u00f3w.<\/span><\/p>\n<p><span style=\"font-weight: 400;\">Moi bracia, wszyscy wiecie, jak bardzo was kocham, ale moja mi\u0142o\u015b\u0107 do Boga jest wi\u0119ksza i silniejsza ni\u017c cokolwiek innego. B\u00f3g nakaza\u0142 nam prowadzi\u0107 d\u017cihad dla Niego, a je\u015bli my\u00a0<\/span><i><span style=\"font-weight: 400;\">mud\u017cahedini<\/span><\/i><span style=\"font-weight: 400;\">\u00a0tego nie robimy, kto to zrobi? Kiedy us\u0142yszycie wie\u015bci o moim m\u0119cze\u0144stwie, prosz\u0119, aby\u015bcie radowali si\u0119 i dzi\u0119kowali Allahowi za to, \u017ce obdarzy\u0142 waszego brata m\u0119cze\u0144stwem. Wybaczcie mi, je\u015bli zaniedba\u0142em jakikolwiek obowi\u0105zek wobec was, lecz przedk\u0142adam mi\u0142o\u015b\u0107 Allaha nad wasz\u0105 mi\u0142o\u015b\u0107.<\/span><\/p>\n<p><span style=\"font-weight: 400;\">Moi przyjaciele i bliscy, nie porzucajcie \u015bcie\u017cki d\u017cihadu, poniewa\u017c ka\u017cdy lud, kt\u00f3ry zaniedba\u0142 d\u017cihad zosta\u0142 upokorzony.\u00a0<\/span><a href=\"https:\/\/www.memri.org\/reports\/last-will-palestinian-terrorist-who-belonged-palestinian-authority-security-forces-martyrdom#_edn2\"><span style=\"font-weight: 400;\">[2]<\/span><\/a><span style=\"font-weight: 400;\">\u00a0Nie odk\u0142adajcie broni, co przyniesie wam honor i supremacj\u0119. Nigdy nie zwlekajcie [w prowadzeniu] d\u017cihadu i nie wycofujcie si\u0119 w obliczu wroga, raczej b\u0105d\u017acie pierwsi, kt\u00f3rzy dotr\u0105 na areny d\u017cihadu i walki, i nie dajcie si\u0119 zrani\u0107 sztuczkom spiskowc\u00f3w i s\u0142owom hipokryt\u00f3w, bo d\u017cihad poprowadzi do zwyci\u0119stwa i przyniesie wiernym zwyci\u0119stwo i m\u0119cze\u0144stwo.<\/span><\/p>\n<p><span style=\"font-weight: 400;\">Wreszcie, moi bracia, musimy zrozumie\u0107, \u017ce kwestia palesty\u0144ska nie jest kwesti\u0105 polityczn\u0105 i nie jest [powi\u0105zana] z \u017cadn\u0105 konkretn\u0105 organizacj\u0105. Jest to kwestia ideologiczna i religijna, poniewa\u017c jeste\u015bmy \u017co\u0142nierzami Allaha walcz\u0105cymi z wrogami Allaha w celu wywy\u017cszenia [islamskiej deklaracji wiary]: Nie ma boga nad Allaha, a Mahomet jest Jego Pos\u0142a\u0144cem.\u00a0<\/span><\/p>\n<hr \/>\n<p><a href=\"https:\/\/www.memri.org\/reports\/last-will-palestinian-terrorist-who-belonged-palestinian-authority-security-forces-martyrdom#_ednref1\"><span style=\"font-weight: 400;\">[1]<\/span><\/a><span style=\"font-weight: 400;\">\u00a0Facebook.com\/safapscom, September 15, 2022.<\/span><\/p>\n<p><a href=\"https:\/\/www.memri.org\/reports\/last-will-palestinian-terrorist-who-belonged-palestinian-authority-security-forces-martyrdom#_ednref2\"><span style=\"font-weight: 400;\">[2]<\/span><\/a><span style=\"font-weight: 400;\">\u00a0According to a\u00a0<\/span><i><span style=\"font-weight: 400;\">hadith<\/span><\/i><span style=\"font-weight: 400;\">\u00a0narrated by Abu Bakr, the Prophet Muhammad said that a people that neglects jihad for the sake of Allah is destined to be humiliated and defeated.<\/span><\/p>\n","protected":false},"excerpt":{"rendered":"<p>Palesty\u0144ski terrorysta Ahmad 'Abed, cz\u0142onek Prewencyjnych Si\u0142 Bezpiecze\u0144stwa Autonomii Palesty\u0144skiej (AP), kt\u00f3ry zgin\u0105\u0142 w D\u017caninie 14 wrze\u015bnia 2022 roku, zostawi\u0142 pisemn\u0105 ostatni\u0105 wol\u0119 i testament, w kt\u00f3rym wyja\u015bni\u0142, \u017ce zdecydowa\u0142 si\u0119 umrze\u0107 jako m\u0119czennik dla Allaha, poniewa\u017c jest to najwy\u017cszy idea\u0142 i najlepszy spos\u00f3b na uzyskanie przychylno\u015bci Allaha i wyniesienie islamu.\u00a0Wezwa\u0142 swoj\u0105 rodzin\u0119 do rado\u015bci [&hellip;]<\/p>\n","protected":false},"author":1,"featured_media":18013,"comment_status":"closed","ping_status":"closed","sticky":false,"template":"","format":"standard","meta":{"footnotes":""},"categories":[824,828,835,837],"tags":[911,957],"class_list":["post-18011","post","type-post","status-publish","format-standard","has-post-thumbnail","hentry","category-specjalne-komunikaty","category-autonomia-palestynska","category-archiwum","category-kraje","tag-konfliktu-izraelsko-palestynskiego","tag-pakistanie"],"_links":{"self":[{"href":"https:\/\/www2.memri.org\/polish\/wp-json\/wp\/v2\/posts\/18011","targetHints":{"allow":["GET"]}}],"collection":[{"href":"https:\/\/www2.memri.org\/polish\/wp-json\/wp\/v2\/posts"}],"about":[{"href":"https:\/\/www2.memri.org\/polish\/wp-json\/wp\/v2\/types\/post"}],"author":[{"embeddable":true,"href":"https:\/\/www2.memri.org\/polish\/wp-json\/wp\/v2\/users\/1"}],"replies":[{"embeddable":true,"href":"https:\/\/www2.memri.org\/polish\/wp-json\/wp\/v2\/comments?post=18011"}],"version-history":[{"count":1,"href":"https:\/\/www2.memri.org\/polish\/wp-json\/wp\/v2\/posts\/18011\/revisions"}],"predecessor-version":[{"id":18015,"href":"https:\/\/www2.memri.org\/polish\/wp-json\/wp\/v2\/posts\/18011\/revisions\/18015"}],"wp:featuredmedia":[{"embeddable":true,"href":"https:\/\/www2.memri.org\/polish\/wp-json\/wp\/v2\/media\/18013"}],"wp:attachment":[{"href":"https:\/\/www2.memri.org\/polish\/wp-json\/wp\/v2\/media?parent=18011"}],"wp:term":[{"taxonomy":"category","embeddable":true,"href":"https:\/\/www2.memri.org\/polish\/wp-json\/wp\/v2\/categories?post=18011"},{"taxonomy":"post_tag","embeddable":true,"href":"https:\/\/www2.memri.org\/polish\/wp-json\/wp\/v2\/tags?post=18011"}],"curies":[{"name":"wp","href":"https:\/\/api.w.org\/{rel}","templated":true}]}}