{"id":17921,"date":"2022-08-30T20:29:55","date_gmt":"2022-08-30T18:29:55","guid":{"rendered":"https:\/\/www2.memri.org\/polish\/?p=17921"},"modified":"2022-08-30T20:31:04","modified_gmt":"2022-08-30T18:31:04","slug":"na-sponsorowanych-przez-owp-letnich-obozach-w-autonomii-palestynskiej-gloryfikacja-terrorystow-palestyna-od-rzeki-do-morza","status":"publish","type":"post","link":"https:\/\/www2.memri.org\/polish\/na-sponsorowanych-przez-owp-letnich-obozach-w-autonomii-palestynskiej-gloryfikacja-terrorystow-palestyna-od-rzeki-do-morza\/17921","title":{"rendered":"Na sponsorowanych przez OWP letnich obozach w Autonomii Palesty\u0144skiej: gloryfikacja terroryst\u00f3w, Palestyna od rzeki do morza"},"content":{"rendered":"<p><span style=\"font-weight: 400;\">Podobnie jak w poprzednich latach Wy\u017csza Rada OWP ds. M\u0142odzie\u017cy i Sportu organizowa\u0142a obozy letnie dla dzieci i m\u0142odzie\u017cy na terytoriach Autonomii Palesty\u0144skiej (AP).\u00a0600 oboz\u00f3w, kt\u00f3rych tematem w tym roku by\u0142o \u201eAl-Masra wal-Asra\u201d, tj. \u201emiejsce Al-Isra (Al-Aksa)\u00a0<\/span><a href=\"https:\/\/www.memri.org\/reports\/plo-sponsored-summer-camps-palestinian-authority-glorification-terrorists-palestine-river#_edn1\"><span style=\"font-weight: 400;\">[1]<\/span><\/a><span style=\"font-weight: 400;\">\u00a0i wi\u0119\u017ani\u00f3w\u201d, zorganizowano na Zachodnim Brzegu, w Strefie Gazy i wschodniej Jerozolimie, a uczestniczy\u0142o w nich oko\u0142o 42 tysi\u0105ce ch\u0142opc\u00f3w i dziewcz\u0105t. W\u015br\u00f3d organ\u00f3w AP zaanga\u017cowanych w program obozu letniego znalaz\u0142y si\u0119 ministerstwa edukacji i kultury oraz gminy lokalne.\u00a0<\/span><a href=\"https:\/\/www.memri.org\/reports\/plo-sponsored-summer-camps-palestinian-authority-glorification-terrorists-palestine-river#_edn2\"><span style=\"font-weight: 400;\">[2]<\/span><\/a><span style=\"font-weight: 400;\">\u00a0\u00a0\u00a0<\/span><\/p>\n<p><span style=\"font-weight: 400;\">Podczas wsp\u00f3lnej ceremonii otwarcia oboz\u00f3w w miejscowo\u015bci Silwad ko\u0142o Ramallah D\u017cibril Rad\u017coub, przewodnicz\u0105cy Wy\u017cszej Rady ds. M\u0142odzie\u017cy i Sportu oraz sekretarz generalny Komitetu Centralnego Fatahu, powiedzia\u0142: \u201eTu w Silwad, mie\u015bcie wi\u0119\u017ani\u00f3w i m\u0119czennik\u00f3w, og\u0142aszamy otwarcie letnich oboz\u00f3w 2022, zatytu\u0142owanych \u2018Al-Masra wal-Asra\u2019.\u00a0Ten tw\u00f3rczy model wyra\u017ca aspiracje i warto\u015bci wszystkich Palesty\u0144czyk\u00f3w\u2026 Obozy letnie maj\u0105 by\u0107 tyglem, kt\u00f3ry kszta\u0142tuje \u015bwiadomo\u015b\u0107 dzieci w oparciu o narodow\u0105 doktryn\u0119 palesty\u0144sk\u0105\u2026\u201d Podczas uroczysto\u015bci otwarcia przewodnicz\u0105cy Klubu Wi\u0119\u017ani\u00f3w Kadoura Fares powiedzia\u0142: \u201eProgram [obozu letniego] ugruntowuje wiedz\u0119 naszych dzieci i nape\u0142nia je mi\u0142o\u015bci\u0105 do ojczyzny\u201d.\u00a0<\/span><a href=\"https:\/\/www.memri.org\/reports\/plo-sponsored-summer-camps-palestinian-authority-glorification-terrorists-palestine-river#_edn3\"><span style=\"font-weight: 400;\">[3]<\/span><\/a><\/p>\n<p><span style=\"font-weight: 400;\">Zaj\u0119ciom rekreacyjno-rozrywkowym w obozach towarzyszy\u0142a indoktrynacja wpajaj\u0105ca warto\u015bci ekstremistyczne, takie jak szacunek dla terroryst\u00f3w odbywaj\u0105cych kary do\u017cywocia za morderstwo;\u00a0gloryfikacja m\u0119cze\u0144stwa i \u015bmierci oraz idea\u0142 Palestyny \u200b\u200bod rzeki Jordan do Morza \u015ar\u00f3dziemnego, kt\u00f3ry zaprzecza istnieniu Izraela.\u00a0\u00a0\u00a0<\/span><\/p>\n<p><span style=\"font-weight: 400;\">Niniejszy raport przedstawia niekt\u00f3re tre\u015bci nauczane na sponsorowanych przez OWP obozach letnich, kt\u00f3re znajduj\u0105 odzwierciedlenie w mediach spo\u0142eczno\u015bciowych oboz\u00f3w, zw\u0142aszcza na Facebooku Wy\u017cszej Rady ds. M\u0142odzie\u017cy i Sportu OWP.<\/span><\/p>\n<p><b>Gloryfikacja terroryst\u00f3w<\/b><\/p>\n<p><span style=\"font-weight: 400;\">Obozy, kt\u00f3rych tematem, jak wspomniano,\u00a0by\u0142o \u201eMiejsce Al-Aksa i Wi\u0119\u017ani\u00f3w\u00a0\u201d, obszernie zajmowa\u0142y si\u0119 uwi\u0119zionymi terrorystami palesty\u0144skimi.\u00a0Szczeg\u00f3ln\u0105 uwag\u0119 po\u015bwi\u0119cono sze\u015bciu terrorystom, kt\u00f3rzy we wrze\u015bniu 2021 r. uciekli z izraelskiego wi\u0119zienia tunelem, kt\u00f3ry wykopali za pomoc\u0105 improwizowanych narz\u0119dzi.\u00a0T\u0105 sz\u00f3stk\u0105 jest\u00a0<\/span><b>Zakaria Al-Zubeidi<\/b><span style=\"font-weight: 400;\">, kt\u00f3ry by\u0142 dow\u00f3dc\u0105 wojskowego skrzyd\u0142a Fatah w D\u017canin podczas drugiej intifady i by\u0142 odpowiedzialny za rekrutacj\u0119 zamachowc\u00f3w-samob\u00f3jc\u00f3w oraz planowanie atak\u00f3w terrorystycznych, w tym zamachu w Bejt Szean z listopada 2002 roku, w kt\u00f3rym zgin\u0119\u0142o sze\u015bciu cywili;\u00a0<\/span><a href=\"https:\/\/www.memri.org\/reports\/plo-sponsored-summer-camps-palestinian-authority-glorification-terrorists-palestine-river#_edn4\"><span style=\"font-weight: 400;\">[4]<\/span><\/a><span style=\"font-weight: 400;\">\u00a0<\/span><b>Mahmoud Abdallah Arida<\/b><span style=\"font-weight: 400;\">, znany przyw\u00f3dca Palesty\u0144skiego Islamskiego D\u017cihadu (PIJ) w izraelskich wi\u0119zieniach, kt\u00f3ry kierowa\u0142 planem ucieczki i odbywa kar\u0119 do\u017cywocia plus 15 lat za cz\u0142onkostwo w PIJ i udzia\u0142 w operacjach terrorystycznych, kt\u00f3re doprowadzi\u0142y do \u200b\u200b\u015bmierci policjanta Meira Alousza;\u00a0<\/span><b>Muhammad Kassem 'Arida<\/b><span style=\"font-weight: 400;\">, odsiaduj\u0105cy trzy wyroki do\u017cywocia plus 20 lat za morderstwo i cz\u0142onkostwo w organizacji terrorystycznej, zamieszany w samob\u00f3jczy zamach bombowy w 2001 r. w autobusie, w kt\u00f3rym zgin\u0119\u0142o trzech izraelskich cywil\u00f3w;\u00a0<\/span><a href=\"https:\/\/www.memri.org\/reports\/plo-sponsored-summer-camps-palestinian-authority-glorification-terrorists-palestine-river#_edn5\"><span style=\"font-weight: 400;\">[5]<\/span><\/a><span style=\"font-weight: 400;\">\u00a0J<\/span><b>a&#8217;koub Kadiri<\/b><span style=\"font-weight: 400;\">, funkcjonariusz PIJ, kt\u00f3ry odsiaduje dwa wyroki do\u017cywocia plus 35 lat za morderstwo Izraelczyk\u00f3w,\u00a0<\/span><a href=\"https:\/\/www.memri.org\/reports\/plo-sponsored-summer-camps-palestinian-authority-glorification-terrorists-palestine-river#_edn6\"><span style=\"font-weight: 400;\">[6]<\/span><\/a><span style=\"font-weight: 400;\">\u00a0cz\u0142onkostwo w organizacji terrorystycznej i udzia\u0142 w dodatkowych operacjach terrorystycznych;\u00a0<\/span><b>Eham Kamamd\u017ci<\/b><span style=\"font-weight: 400;\">, funkcjonariusz PIJ, kt\u00f3ry odbywa kar\u0119 do\u017cywocia za udzia\u0142 w uprowadzeniu i zamordowaniu Izraelczyka Eliyahu Oshriego; i\u00a0<\/span><b>Munadil Nafayat<\/b><span style=\"font-weight: 400;\">, przetrzymywany od 2019 r. za udzia\u0142 w handlu broni\u0105.<\/span><\/p>\n<p><span style=\"font-weight: 400;\">Uczestnicy oboz\u00f3w letnich dowiedzieli si\u0119 o \u017cyciu i dzia\u0142alno\u015bci sze\u015bciu terroryst\u00f3w, ozdobili ich zdj\u0119cia, a ich portrety zawis\u0142y w wielu obozach, co wida\u0107 na poni\u017cszych zdj\u0119ciach:<\/span><\/p>\n<p><span style=\"font-weight: 400;\"><img loading=\"lazy\" decoding=\"async\" class=\"alignnone size-full wp-image-17923\" src=\"https:\/\/www2.memri.org\/polish\/wp-content\/uploads\/2022\/08\/SD10167.jpg\" width=\"544\" height=\"314\" srcset=\"https:\/\/www2.memri.org\/polish\/wp-content\/uploads\/2022\/08\/SD10167.jpg 544w, https:\/\/www2.memri.org\/polish\/wp-content\/uploads\/2022\/08\/SD10167-300x173.jpg 300w\" sizes=\"auto, (max-width: 544px) 100vw, 544px\" \/><\/span><i><span style=\"font-weight: 400;\">Ozdobione zdj\u0119cia sze\u015bciu wi\u0119\u017ani\u00f3w przygotowane przez dzieci w jednym z oboz\u00f3w (Facebook.com\/hcyspalestine, 2 sierpnia 2022)<\/span><\/i><\/p>\n<p><span style=\"font-weight: 400;\"><img loading=\"lazy\" decoding=\"async\" class=\"alignnone size-full wp-image-17924\" src=\"https:\/\/www2.memri.org\/polish\/wp-content\/uploads\/2022\/08\/SD101671.jpg\" width=\"1200\" height=\"897\" srcset=\"https:\/\/www2.memri.org\/polish\/wp-content\/uploads\/2022\/08\/SD101671.jpg 1200w, https:\/\/www2.memri.org\/polish\/wp-content\/uploads\/2022\/08\/SD101671-300x224.jpg 300w, https:\/\/www2.memri.org\/polish\/wp-content\/uploads\/2022\/08\/SD101671-1024x765.jpg 1024w, https:\/\/www2.memri.org\/polish\/wp-content\/uploads\/2022\/08\/SD101671-768x574.jpg 768w, https:\/\/www2.memri.org\/polish\/wp-content\/uploads\/2022\/08\/SD101671-600x449.jpg 600w, https:\/\/www2.memri.org\/polish\/wp-content\/uploads\/2022\/08\/SD101671-696x520.jpg 696w, https:\/\/www2.memri.org\/polish\/wp-content\/uploads\/2022\/08\/SD101671-1068x798.jpg 1068w, https:\/\/www2.memri.org\/polish\/wp-content\/uploads\/2022\/08\/SD101671-562x420.jpg 562w, https:\/\/www2.memri.org\/polish\/wp-content\/uploads\/2022\/08\/SD101671-80x60.jpg 80w, https:\/\/www2.memri.org\/polish\/wp-content\/uploads\/2022\/08\/SD101671-265x198.jpg 265w\" sizes=\"auto, (max-width: 1200px) 100vw, 1200px\" \/><\/span><i><span style=\"font-weight: 400;\">Ceremonia zamkni\u0119cia oboz\u00f3w w Rafah i Gazie: ch\u0142opiec trzyma zdj\u0119cie sze\u015bciu wi\u0119\u017ani\u00f3w, a inni trzymaj\u0105 \u0142y\u017cki, nawi\u0105zuj\u0105c do improwizowanych narz\u0119dzi u\u017cywanych przez t\u0119 sz\u00f3stk\u0119 do kopania tunelu ucieczki (Facebook.com\/hcyspalestine, 4 sierpnia 2022 r.)<\/span><\/i><\/p>\n<p><span style=\"font-weight: 400;\"><img loading=\"lazy\" decoding=\"async\" class=\"alignnone size-full wp-image-17925\" src=\"https:\/\/www2.memri.org\/polish\/wp-content\/uploads\/2022\/08\/SD101672.jpg\" width=\"547\" height=\"357\" srcset=\"https:\/\/www2.memri.org\/polish\/wp-content\/uploads\/2022\/08\/SD101672.jpg 547w, https:\/\/www2.memri.org\/polish\/wp-content\/uploads\/2022\/08\/SD101672-300x196.jpg 300w\" sizes=\"auto, (max-width: 547px) 100vw, 547px\" \/><\/span><i><span style=\"font-weight: 400;\">Dzieci w obozie w Gazie trzymaj\u0105 tabliczki w kszta\u0142cie serca z imionami sze\u015bciu wi\u0119\u017ani\u00f3w (Facebook.com\/hcyspalestine, 5 sierpnia 2022)<\/span><\/i><\/p>\n<p><span style=\"font-weight: 400;\"><img loading=\"lazy\" decoding=\"async\" class=\"alignnone size-full wp-image-17926\" src=\"https:\/\/www2.memri.org\/polish\/wp-content\/uploads\/2022\/08\/SD101673.jpg\" width=\"1200\" height=\"691\" srcset=\"https:\/\/www2.memri.org\/polish\/wp-content\/uploads\/2022\/08\/SD101673.jpg 1200w, https:\/\/www2.memri.org\/polish\/wp-content\/uploads\/2022\/08\/SD101673-300x173.jpg 300w, https:\/\/www2.memri.org\/polish\/wp-content\/uploads\/2022\/08\/SD101673-1024x590.jpg 1024w, https:\/\/www2.memri.org\/polish\/wp-content\/uploads\/2022\/08\/SD101673-768x442.jpg 768w, https:\/\/www2.memri.org\/polish\/wp-content\/uploads\/2022\/08\/SD101673-600x346.jpg 600w, https:\/\/www2.memri.org\/polish\/wp-content\/uploads\/2022\/08\/SD101673-696x401.jpg 696w, https:\/\/www2.memri.org\/polish\/wp-content\/uploads\/2022\/08\/SD101673-1068x615.jpg 1068w, https:\/\/www2.memri.org\/polish\/wp-content\/uploads\/2022\/08\/SD101673-729x420.jpg 729w\" sizes=\"auto, (max-width: 1200px) 100vw, 1200px\" \/><\/span><i><span style=\"font-weight: 400;\">Dziewczynky w jednym z oboz\u00f3w uk\u0142ada\u0142y puzzle: zdj\u0119cie Zakariego Al-Zubeidi (Facebook.com\/hcyspalestine, 1 sierpnia 2022)<\/span><\/i><\/p>\n<p><span style=\"font-weight: 400;\"><img loading=\"lazy\" decoding=\"async\" class=\"alignnone size-full wp-image-17927\" src=\"https:\/\/www2.memri.org\/polish\/wp-content\/uploads\/2022\/08\/SD101674.jpg\" width=\"1037\" height=\"1200\" srcset=\"https:\/\/www2.memri.org\/polish\/wp-content\/uploads\/2022\/08\/SD101674.jpg 1037w, https:\/\/www2.memri.org\/polish\/wp-content\/uploads\/2022\/08\/SD101674-259x300.jpg 259w, https:\/\/www2.memri.org\/polish\/wp-content\/uploads\/2022\/08\/SD101674-885x1024.jpg 885w, https:\/\/www2.memri.org\/polish\/wp-content\/uploads\/2022\/08\/SD101674-768x889.jpg 768w, https:\/\/www2.memri.org\/polish\/wp-content\/uploads\/2022\/08\/SD101674-600x694.jpg 600w, https:\/\/www2.memri.org\/polish\/wp-content\/uploads\/2022\/08\/SD101674-696x805.jpg 696w, https:\/\/www2.memri.org\/polish\/wp-content\/uploads\/2022\/08\/SD101674-363x420.jpg 363w\" sizes=\"auto, (max-width: 1037px) 100vw, 1037px\" \/><\/span><i><span style=\"font-weight: 400;\">Obozowicze w Betlejem trzymaj\u0105 tabliczki ze zdj\u0119ciami wi\u0119\u017ani\u00f3w i szczeg\u00f3\u0142ami na ich temat: ich wiek, sk\u0105d pochodz\u0105 i rok uwi\u0119zienia (Facebook.com\/hcyspalestine, 18 lipca 2022)<\/span><\/i><\/p>\n<p><span style=\"font-weight: 400;\"><img loading=\"lazy\" decoding=\"async\" class=\"alignnone size-full wp-image-17928\" src=\"https:\/\/www2.memri.org\/polish\/wp-content\/uploads\/2022\/08\/SD101676.jpg\" width=\"749\" height=\"937\" srcset=\"https:\/\/www2.memri.org\/polish\/wp-content\/uploads\/2022\/08\/SD101676.jpg 749w, https:\/\/www2.memri.org\/polish\/wp-content\/uploads\/2022\/08\/SD101676-240x300.jpg 240w, https:\/\/www2.memri.org\/polish\/wp-content\/uploads\/2022\/08\/SD101676-600x751.jpg 600w, https:\/\/www2.memri.org\/polish\/wp-content\/uploads\/2022\/08\/SD101676-696x871.jpg 696w, https:\/\/www2.memri.org\/polish\/wp-content\/uploads\/2022\/08\/SD101676-336x420.jpg 336w\" sizes=\"auto, (max-width: 749px) 100vw, 749px\" \/><\/span><i><span style=\"font-weight: 400;\">Ceremonia zamkni\u0119cia oboz\u00f3w betlejemskich: dzieci wyst\u0119puj\u0105 przed plakatem sze\u015bciu wi\u0119\u017ani\u00f3w (Facebook.com\/hcyspalestine, 4 sierpnia 2022)<\/span><\/i><\/p>\n<p><span style=\"font-weight: 400;\">Zaj\u0119cia w obozie upami\u0119tnia\u0142y r\u00f3wnie\u017c i dotyczy\u0142y dzia\u0142alno\u015bci innych terroryst\u00f3w, w tym Dalal Al-Mughrabi, zast\u0119pczyni dow\u00f3dcy ataku na Coastal Road z 1978 r., w kt\u00f3rym zgin\u0119\u0142o 35 izraelskich cywil\u00f3w, w tym dzieci, oraz Karima Jounisa, kt\u00f3ry odsiaduje wyrok 40 lat wi\u0119zienia za udzia\u0142 w porwaniu i zab\u00f3jstwie izraelskiego \u017co\u0142nierza Avrahama Bromberga w 1980 r.\u00a0<\/span><a href=\"https:\/\/www.memri.org\/reports\/plo-sponsored-summer-camps-palestinian-authority-glorification-terrorists-palestine-river#_edn7\"><span style=\"font-weight: 400;\">[7]<\/span><\/a><\/p>\n<p><span style=\"font-weight: 400;\"><img loading=\"lazy\" decoding=\"async\" class=\"alignnone size-full wp-image-17929\" src=\"https:\/\/www2.memri.org\/polish\/wp-content\/uploads\/2022\/08\/SD101677.jpg\" width=\"600\" height=\"221\" srcset=\"https:\/\/www2.memri.org\/polish\/wp-content\/uploads\/2022\/08\/SD101677.jpg 600w, https:\/\/www2.memri.org\/polish\/wp-content\/uploads\/2022\/08\/SD101677-300x111.jpg 300w\" sizes=\"auto, (max-width: 600px) 100vw, 600px\" \/><\/span><i><span style=\"font-weight: 400;\">Dziewczynki w obozie w Hebronie uk\u0142adaj\u0105 puzzle: portret Dalal Al-Mughrabi (Facebook.com\/hcyspalestine, 1 sierpnia 2022)<\/span><\/i><\/p>\n<p><span style=\"font-weight: 400;\"><img loading=\"lazy\" decoding=\"async\" class=\"alignnone size-full wp-image-17930\" src=\"https:\/\/www2.memri.org\/polish\/wp-content\/uploads\/2022\/08\/SD101678.jpg\" width=\"543\" height=\"407\" srcset=\"https:\/\/www2.memri.org\/polish\/wp-content\/uploads\/2022\/08\/SD101678.jpg 543w, https:\/\/www2.memri.org\/polish\/wp-content\/uploads\/2022\/08\/SD101678-300x225.jpg 300w, https:\/\/www2.memri.org\/polish\/wp-content\/uploads\/2022\/08\/SD101678-80x60.jpg 80w, https:\/\/www2.memri.org\/polish\/wp-content\/uploads\/2022\/08\/SD101678-265x198.jpg 265w\" sizes=\"auto, (max-width: 543px) 100vw, 543px\" \/><\/span><i><span style=\"font-weight: 400;\">Obozowicze w Tulkarem maszeruj\u0105 z plakatami, kt\u00f3re zrobili o uwi\u0119zionych terrorystach palesty\u0144skich, w tym Karimie Jounisie i Israa Ja&#8217;abisie, kt\u00f3ry odbywa 11-letni wyrok za przeprowadzenie operacji terrorystycznej w 2016 r. (Facebook.com\/hcyspalestine, 29 lipca 2022 r.)<\/span><\/i><\/p>\n<p><span style=\"font-weight: 400;\"><img loading=\"lazy\" decoding=\"async\" class=\"alignnone size-full wp-image-17931\" src=\"https:\/\/www2.memri.org\/polish\/wp-content\/uploads\/2022\/08\/SD101679.jpg\" width=\"600\" height=\"224\" srcset=\"https:\/\/www2.memri.org\/polish\/wp-content\/uploads\/2022\/08\/SD101679.jpg 600w, https:\/\/www2.memri.org\/polish\/wp-content\/uploads\/2022\/08\/SD101679-300x112.jpg 300w\" sizes=\"auto, (max-width: 600px) 100vw, 600px\" \/><\/span><i><span style=\"font-weight: 400;\">Na obozie w Gazie plakaty dw\u00f3ch terroryst\u00f3w: Alego Hassana Salameha, jednego z przyw\u00f3dc\u00f3w organizacji Czarny Wrzesie\u0144 Fatahu, kt\u00f3ra by\u0142a odpowiedzialna m.in. za masakr\u0119 11 izraelskich sportowc\u00f3w na igrzyskach olimpijskich w Monachium w 1972 r., oraz Hassana Salameha, przyw\u00f3dcy wojskowego skrzyd\u0142a Hamasu, odsiaduj\u0105cego 46 lat wi\u0119zienia za udzia\u0142 w planowaniu samob\u00f3jczych atak\u00f3w w 1996 r., w kt\u00f3rych zgin\u0119\u0142o dziesi\u0105tki izraelskich cywil\u00f3w (Facebook.com\/106562321916895, 28 lipca 2022 r.; facebook.com \/profile.php?id=100007977992655, 24 lipca 2022)<\/span><\/i><\/p>\n<p><span style=\"font-weight: 400;\"><img loading=\"lazy\" decoding=\"async\" class=\"alignnone size-full wp-image-17932\" src=\"https:\/\/www2.memri.org\/polish\/wp-content\/uploads\/2022\/08\/SD1016710.jpg\" width=\"1200\" height=\"799\" srcset=\"https:\/\/www2.memri.org\/polish\/wp-content\/uploads\/2022\/08\/SD1016710.jpg 1200w, https:\/\/www2.memri.org\/polish\/wp-content\/uploads\/2022\/08\/SD1016710-300x200.jpg 300w, https:\/\/www2.memri.org\/polish\/wp-content\/uploads\/2022\/08\/SD1016710-1024x682.jpg 1024w, https:\/\/www2.memri.org\/polish\/wp-content\/uploads\/2022\/08\/SD1016710-768x511.jpg 768w, https:\/\/www2.memri.org\/polish\/wp-content\/uploads\/2022\/08\/SD1016710-600x400.jpg 600w, https:\/\/www2.memri.org\/polish\/wp-content\/uploads\/2022\/08\/SD1016710-696x463.jpg 696w, https:\/\/www2.memri.org\/polish\/wp-content\/uploads\/2022\/08\/SD1016710-1068x711.jpg 1068w, https:\/\/www2.memri.org\/polish\/wp-content\/uploads\/2022\/08\/SD1016710-631x420.jpg 631w\" sizes=\"auto, (max-width: 1200px) 100vw, 1200px\" \/><\/span><i><span style=\"font-weight: 400;\">Ob\u00f3z letni w obozie dla uchod\u017ac\u00f3w Kubar w pobli\u017cu Ramallah zosta\u0142 nazwany na cze\u015b\u0107 Marwana Al-Barghoutiego, kt\u00f3ry dorasta\u0142 w obozie i kt\u00f3ry odsiaduje pi\u0119\u0107 wyrok\u00f3w do\u017cywocia plus 40 lat za udzia\u0142 w licznych operacjach terrorystycznych w drugiej intifadzie, podczas kt\u00f3rych by\u0142 szefem wojskowego skrzyd\u0142a Fatahu (Facebook.com\/hcyspalestine, 1 sierpnia 2022)<\/span><\/i><\/p>\n<p><span style=\"font-weight: 400;\"><img loading=\"lazy\" decoding=\"async\" class=\"alignnone size-full wp-image-17933\" src=\"https:\/\/www2.memri.org\/polish\/wp-content\/uploads\/2022\/08\/SD1016711.jpg\" width=\"1200\" height=\"799\" srcset=\"https:\/\/www2.memri.org\/polish\/wp-content\/uploads\/2022\/08\/SD1016711.jpg 1200w, https:\/\/www2.memri.org\/polish\/wp-content\/uploads\/2022\/08\/SD1016711-300x200.jpg 300w, https:\/\/www2.memri.org\/polish\/wp-content\/uploads\/2022\/08\/SD1016711-1024x682.jpg 1024w, https:\/\/www2.memri.org\/polish\/wp-content\/uploads\/2022\/08\/SD1016711-768x511.jpg 768w, https:\/\/www2.memri.org\/polish\/wp-content\/uploads\/2022\/08\/SD1016711-600x400.jpg 600w, https:\/\/www2.memri.org\/polish\/wp-content\/uploads\/2022\/08\/SD1016711-696x463.jpg 696w, https:\/\/www2.memri.org\/polish\/wp-content\/uploads\/2022\/08\/SD1016711-1068x711.jpg 1068w, https:\/\/www2.memri.org\/polish\/wp-content\/uploads\/2022\/08\/SD1016711-631x420.jpg 631w\" sizes=\"auto, (max-width: 1200px) 100vw, 1200px\" \/><\/span><i><span style=\"font-weight: 400;\">Fadwa Al-Barghouti, \u017cona Marwana Al-Barghouti i cz\u0142onkini Rady Rewolucyjnej Fatahu, przemawia na ceremonii zamkni\u0119cia obozu nosz\u0105cego imi\u0119 jej m\u0119\u017ca (Facebook.com\/hcyspalestine, 1 sierpnia 2022 r.)<\/span><\/i><\/p>\n<p><b>Przedstawienie o terrorze i m\u0119cze\u0144stwie<\/b><\/p>\n<p><span style=\"font-weight: 400;\">Uczestnicy zaj\u0119\u0107 teatralnych w niekt\u00f3rych obozach wystawiali spektakle, kt\u00f3re obejmowa\u0142y starcia z izraelskimi \u017co\u0142nierzami oraz \u015bmier\u0107 i pogrzeby m\u0119czennik\u00f3w.\u00a0Na przyk\u0142ad dzieci w obozie Jabous w Jerozolimie wystawia\u0142y sztuk\u0119, w kt\u00f3rej Palesty\u0144czyk rzucaj\u0105cy kamieniami w \u017co\u0142nierzy ginie, a jego cia\u0142o jest owini\u0119te palesty\u0144sk\u0105 flag\u0105 (Facebook.com\/hcyspalestine, 2 sierpnia 2022)<\/span><\/p>\n<p><span style=\"font-weight: 400;\"><img loading=\"lazy\" decoding=\"async\" class=\"alignnone size-full wp-image-17934\" src=\"https:\/\/www2.memri.org\/polish\/wp-content\/uploads\/2022\/08\/SD1016712.jpg\" width=\"736\" height=\"361\" srcset=\"https:\/\/www2.memri.org\/polish\/wp-content\/uploads\/2022\/08\/SD1016712.jpg 736w, https:\/\/www2.memri.org\/polish\/wp-content\/uploads\/2022\/08\/SD1016712-300x147.jpg 300w, https:\/\/www2.memri.org\/polish\/wp-content\/uploads\/2022\/08\/SD1016712-600x294.jpg 600w, https:\/\/www2.memri.org\/polish\/wp-content\/uploads\/2022\/08\/SD1016712-696x341.jpg 696w, https:\/\/www2.memri.org\/polish\/wp-content\/uploads\/2022\/08\/SD1016712-324x160.jpg 324w, https:\/\/www2.memri.org\/polish\/wp-content\/uploads\/2022\/08\/SD1016712-533x261.jpg 533w\" sizes=\"auto, (max-width: 736px) 100vw, 736px\" \/><\/span><\/p>\n<p><i><span style=\"font-weight: 400;\"><img loading=\"lazy\" decoding=\"async\" class=\"alignnone size-full wp-image-17935\" src=\"https:\/\/www2.memri.org\/polish\/wp-content\/uploads\/2022\/08\/SD1016714.jpg\" width=\"729\" height=\"379\" srcset=\"https:\/\/www2.memri.org\/polish\/wp-content\/uploads\/2022\/08\/SD1016714.jpg 729w, https:\/\/www2.memri.org\/polish\/wp-content\/uploads\/2022\/08\/SD1016714-300x156.jpg 300w, https:\/\/www2.memri.org\/polish\/wp-content\/uploads\/2022\/08\/SD1016714-600x312.jpg 600w, https:\/\/www2.memri.org\/polish\/wp-content\/uploads\/2022\/08\/SD1016714-696x362.jpg 696w\" sizes=\"auto, (max-width: 729px) 100vw, 729px\" \/><\/span><\/i><\/p>\n<p><img loading=\"lazy\" decoding=\"async\" class=\"alignnone size-full wp-image-17936\" src=\"https:\/\/www2.memri.org\/polish\/wp-content\/uploads\/2022\/08\/SD1016715.jpg\" width=\"731\" height=\"376\" srcset=\"https:\/\/www2.memri.org\/polish\/wp-content\/uploads\/2022\/08\/SD1016715.jpg 731w, https:\/\/www2.memri.org\/polish\/wp-content\/uploads\/2022\/08\/SD1016715-300x154.jpg 300w, https:\/\/www2.memri.org\/polish\/wp-content\/uploads\/2022\/08\/SD1016715-600x309.jpg 600w, https:\/\/www2.memri.org\/polish\/wp-content\/uploads\/2022\/08\/SD1016715-696x358.jpg 696w\" sizes=\"auto, (max-width: 731px) 100vw, 731px\" \/><\/p>\n<p><img loading=\"lazy\" decoding=\"async\" class=\"alignnone size-full wp-image-17937\" src=\"https:\/\/www2.memri.org\/polish\/wp-content\/uploads\/2022\/08\/SD1016716.jpg\" width=\"731\" height=\"385\" srcset=\"https:\/\/www2.memri.org\/polish\/wp-content\/uploads\/2022\/08\/SD1016716.jpg 731w, https:\/\/www2.memri.org\/polish\/wp-content\/uploads\/2022\/08\/SD1016716-300x158.jpg 300w, https:\/\/www2.memri.org\/polish\/wp-content\/uploads\/2022\/08\/SD1016716-600x316.jpg 600w, https:\/\/www2.memri.org\/polish\/wp-content\/uploads\/2022\/08\/SD1016716-696x367.jpg 696w\" sizes=\"auto, (max-width: 731px) 100vw, 731px\" \/><\/p>\n<p><img loading=\"lazy\" decoding=\"async\" class=\"alignnone size-full wp-image-17938\" src=\"https:\/\/www2.memri.org\/polish\/wp-content\/uploads\/2022\/08\/SD1016716a.jpg\" width=\"500\" height=\"188\" srcset=\"https:\/\/www2.memri.org\/polish\/wp-content\/uploads\/2022\/08\/SD1016716a.jpg 500w, https:\/\/www2.memri.org\/polish\/wp-content\/uploads\/2022\/08\/SD1016716a-300x113.jpg 300w\" sizes=\"auto, (max-width: 500px) 100vw, 500px\" \/><\/p>\n<p><i><span style=\"font-weight: 400;\">Przedstawienie o \u015bmierci m\u0119czennika podczas ceremonii zamkni\u0119cia oboz\u00f3w w Rafah i Gazie (Facebook.com\/hcyspalestine, 4 sierpnia 2022 r.)<\/span><\/i><\/p>\n<p><img loading=\"lazy\" decoding=\"async\" class=\"alignnone size-full wp-image-17939\" src=\"https:\/\/www2.memri.org\/polish\/wp-content\/uploads\/2022\/08\/SD1016717.jpg\" width=\"1200\" height=\"900\" srcset=\"https:\/\/www2.memri.org\/polish\/wp-content\/uploads\/2022\/08\/SD1016717.jpg 1200w, https:\/\/www2.memri.org\/polish\/wp-content\/uploads\/2022\/08\/SD1016717-300x225.jpg 300w, https:\/\/www2.memri.org\/polish\/wp-content\/uploads\/2022\/08\/SD1016717-1024x768.jpg 1024w, https:\/\/www2.memri.org\/polish\/wp-content\/uploads\/2022\/08\/SD1016717-768x576.jpg 768w, https:\/\/www2.memri.org\/polish\/wp-content\/uploads\/2022\/08\/SD1016717-600x450.jpg 600w, https:\/\/www2.memri.org\/polish\/wp-content\/uploads\/2022\/08\/SD1016717-696x522.jpg 696w, https:\/\/www2.memri.org\/polish\/wp-content\/uploads\/2022\/08\/SD1016717-1068x801.jpg 1068w, https:\/\/www2.memri.org\/polish\/wp-content\/uploads\/2022\/08\/SD1016717-560x420.jpg 560w, https:\/\/www2.memri.org\/polish\/wp-content\/uploads\/2022\/08\/SD1016717-80x60.jpg 80w, https:\/\/www2.memri.org\/polish\/wp-content\/uploads\/2022\/08\/SD1016717-265x198.jpg 265w\" sizes=\"auto, (max-width: 1200px) 100vw, 1200px\" \/><\/p>\n<p><span style=\"font-weight: 400;\"><br \/>\n<\/span><i><span style=\"font-weight: 400;\">Dzieci w przedstawieniu w obozie w Kalkilja pokazuj\u0105 pogrzeb (Facebook.com\/hcyspalestine, 28 lipca 2022)<\/span><\/i><\/p>\n<p><b>Palestyna od rzeki do morza<\/b><\/p>\n<p><span style=\"font-weight: 400;\">Wiele zaj\u0119\u0107 w obozach dotyczy\u0142o koncepcji Palestyny \u200b\u200bod rzeki Jordan do Morza \u015ar\u00f3dziemnego, co zaprzecza istnieniu Izraela, jako cz\u0119\u015bci wpajania narracji o prawie Palesty\u0144czyk\u00f3w do powrotu do swoich dom\u00f3w w Izraelu.<\/span><\/p>\n<p><span style=\"font-weight: 400;\"><img loading=\"lazy\" decoding=\"async\" class=\"alignnone size-full wp-image-17940\" src=\"https:\/\/www2.memri.org\/polish\/wp-content\/uploads\/2022\/08\/SD1016718.jpg\" width=\"535\" height=\"401\" srcset=\"https:\/\/www2.memri.org\/polish\/wp-content\/uploads\/2022\/08\/SD1016718.jpg 535w, https:\/\/www2.memri.org\/polish\/wp-content\/uploads\/2022\/08\/SD1016718-300x225.jpg 300w, https:\/\/www2.memri.org\/polish\/wp-content\/uploads\/2022\/08\/SD1016718-80x60.jpg 80w, https:\/\/www2.memri.org\/polish\/wp-content\/uploads\/2022\/08\/SD1016718-265x198.jpg 265w\" sizes=\"auto, (max-width: 535px) 100vw, 535px\" \/><\/span><i><span style=\"font-weight: 400;\">Dziewczynka na obozie letnim w Gazie z map\u0105 \u201emiast naszej ukochanej Palestyny\u201d, kt\u00f3re obejmuj\u0105 Akko, Tyberiad\u0119, Bejt Szean, Jaff\u0119, Raml\u0119 i Beer Szew\u0119 (Facebook.com\/hcyspalestine, 3 sierpnia 2022)<\/span><\/i><\/p>\n<p><img loading=\"lazy\" decoding=\"async\" class=\"alignnone size-full wp-image-17940\" src=\"https:\/\/www2.memri.org\/polish\/wp-content\/uploads\/2022\/08\/SD1016718.jpg\" width=\"535\" height=\"401\" srcset=\"https:\/\/www2.memri.org\/polish\/wp-content\/uploads\/2022\/08\/SD1016718.jpg 535w, https:\/\/www2.memri.org\/polish\/wp-content\/uploads\/2022\/08\/SD1016718-300x225.jpg 300w, https:\/\/www2.memri.org\/polish\/wp-content\/uploads\/2022\/08\/SD1016718-80x60.jpg 80w, https:\/\/www2.memri.org\/polish\/wp-content\/uploads\/2022\/08\/SD1016718-265x198.jpg 265w\" sizes=\"auto, (max-width: 535px) 100vw, 535px\" \/><\/p>\n<p><span style=\"font-weight: 400;\"><br \/>\n<\/span><i><span style=\"font-weight: 400;\">Zaj\u0119cia dotycz\u0105ce \u201enazw miast Palestyny\u201d, w tym Akko, Hajfy, Safedu, Jaffy, Nazaretu, Beer-Szewy i Lodu (Facebook.com\/hcyspalestine, 1 sierpnia 2022 r.)<\/span><\/i><\/p>\n<p><span style=\"font-weight: 400;\"><img loading=\"lazy\" decoding=\"async\" class=\"alignnone size-full wp-image-17942\" src=\"https:\/\/www2.memri.org\/polish\/wp-content\/uploads\/2022\/08\/SD1016719-1.jpg\" width=\"897\" height=\"1200\" srcset=\"https:\/\/www2.memri.org\/polish\/wp-content\/uploads\/2022\/08\/SD1016719-1.jpg 897w, https:\/\/www2.memri.org\/polish\/wp-content\/uploads\/2022\/08\/SD1016719-1-224x300.jpg 224w, https:\/\/www2.memri.org\/polish\/wp-content\/uploads\/2022\/08\/SD1016719-1-765x1024.jpg 765w, https:\/\/www2.memri.org\/polish\/wp-content\/uploads\/2022\/08\/SD1016719-1-768x1027.jpg 768w, https:\/\/www2.memri.org\/polish\/wp-content\/uploads\/2022\/08\/SD1016719-1-600x803.jpg 600w, https:\/\/www2.memri.org\/polish\/wp-content\/uploads\/2022\/08\/SD1016719-1-696x931.jpg 696w, https:\/\/www2.memri.org\/polish\/wp-content\/uploads\/2022\/08\/SD1016719-1-314x420.jpg 314w\" sizes=\"auto, (max-width: 897px) 100vw, 897px\" \/><\/span><i><span style=\"font-weight: 400;\">Dziewczynki prezentuj\u0105 map\u0119 \u201ePalestyna od morza do rzeki\u201d (Facebook.com\/alttanmawia, 28 lipca 2022)<\/span><\/i><\/p>\n<p><span style=\"font-weight: 400;\"><img loading=\"lazy\" decoding=\"async\" class=\"alignnone size-full wp-image-17943\" src=\"https:\/\/www2.memri.org\/polish\/wp-content\/uploads\/2022\/08\/SD1016720.jpg\" width=\"893\" height=\"1200\" srcset=\"https:\/\/www2.memri.org\/polish\/wp-content\/uploads\/2022\/08\/SD1016720.jpg 893w, https:\/\/www2.memri.org\/polish\/wp-content\/uploads\/2022\/08\/SD1016720-223x300.jpg 223w, https:\/\/www2.memri.org\/polish\/wp-content\/uploads\/2022\/08\/SD1016720-762x1024.jpg 762w, https:\/\/www2.memri.org\/polish\/wp-content\/uploads\/2022\/08\/SD1016720-768x1032.jpg 768w, https:\/\/www2.memri.org\/polish\/wp-content\/uploads\/2022\/08\/SD1016720-600x806.jpg 600w, https:\/\/www2.memri.org\/polish\/wp-content\/uploads\/2022\/08\/SD1016720-696x935.jpg 696w, https:\/\/www2.memri.org\/polish\/wp-content\/uploads\/2022\/08\/SD1016720-313x420.jpg 313w\" sizes=\"auto, (max-width: 893px) 100vw, 893px\" \/><\/span><i><span style=\"font-weight: 400;\">Dziewczynka w obozie Chan Younis trzyma map\u0119 Palestyny \u200b\u200bod rzeki do morza, z arabskim tekstem \u201eNiech \u017cyje arabska i wolna Palestyna\u201d oraz angielskim tekstem \u201eWolna Palestyna\u201d (Facebook.com\/hcyspalestine, 28 lipca 2022)<\/span><\/i><\/p>\n<p><img loading=\"lazy\" decoding=\"async\" class=\"alignnone size-full wp-image-17944\" src=\"https:\/\/www2.memri.org\/polish\/wp-content\/uploads\/2022\/08\/SD1016721.jpg\" width=\"406\" height=\"541\" srcset=\"https:\/\/www2.memri.org\/polish\/wp-content\/uploads\/2022\/08\/SD1016721.jpg 406w, https:\/\/www2.memri.org\/polish\/wp-content\/uploads\/2022\/08\/SD1016721-225x300.jpg 225w, https:\/\/www2.memri.org\/polish\/wp-content\/uploads\/2022\/08\/SD1016721-315x420.jpg 315w\" sizes=\"auto, (max-width: 406px) 100vw, 406px\" \/> <span style=\"font-weight: 400;\"><br \/>\n<\/span><i><span style=\"font-weight: 400;\">Obozowicze z mapami Palestyny \u200b\u200bod rzeki do morza (Facebook.com\/hcyspalestine, 28 lipca 2022, 1 sierpnia 2022, 3 sierpnia 2022)<\/span><\/i><\/p>\n<p><img loading=\"lazy\" decoding=\"async\" class=\"alignnone size-full wp-image-17945\" src=\"https:\/\/www2.memri.org\/polish\/wp-content\/uploads\/2022\/08\/SD1016722.jpg\" width=\"1200\" height=\"857\" srcset=\"https:\/\/www2.memri.org\/polish\/wp-content\/uploads\/2022\/08\/SD1016722.jpg 1200w, https:\/\/www2.memri.org\/polish\/wp-content\/uploads\/2022\/08\/SD1016722-300x214.jpg 300w, https:\/\/www2.memri.org\/polish\/wp-content\/uploads\/2022\/08\/SD1016722-1024x731.jpg 1024w, https:\/\/www2.memri.org\/polish\/wp-content\/uploads\/2022\/08\/SD1016722-768x548.jpg 768w, https:\/\/www2.memri.org\/polish\/wp-content\/uploads\/2022\/08\/SD1016722-600x429.jpg 600w, https:\/\/www2.memri.org\/polish\/wp-content\/uploads\/2022\/08\/SD1016722-696x497.jpg 696w, https:\/\/www2.memri.org\/polish\/wp-content\/uploads\/2022\/08\/SD1016722-1068x763.jpg 1068w, https:\/\/www2.memri.org\/polish\/wp-content\/uploads\/2022\/08\/SD1016722-588x420.jpg 588w, https:\/\/www2.memri.org\/polish\/wp-content\/uploads\/2022\/08\/SD1016722-100x70.jpg 100w\" sizes=\"auto, (max-width: 1200px) 100vw, 1200px\" \/><\/p>\n<hr \/>\n<p><a href=\"https:\/\/www.memri.org\/reports\/plo-sponsored-summer-camps-palestinian-authority-glorification-terrorists-palestine-river#_ednref1\"><span style=\"font-weight: 400;\">[1]<\/span><\/a><span style=\"font-weight: 400;\">\u00a0In Islam, Al-Isra is the Prophet Muhammad&#8217;s Night Journey from Mecca to the &#8222;Farthest Mosque&#8221; in Jerusalem, i.e., Al-Aqsa, from which the Prophet then ascended to heaven (Al-Mi&#8217;raj).<\/span><\/p>\n<p><a href=\"https:\/\/www.memri.org\/reports\/plo-sponsored-summer-camps-palestinian-authority-glorification-terrorists-palestine-river#_ednref2\"><span style=\"font-weight: 400;\">[2]<\/span><\/a><span style=\"font-weight: 400;\">\u00a0Wafa.ps, July 18, 2022.<\/span><\/p>\n<p><a href=\"https:\/\/www.memri.org\/reports\/plo-sponsored-summer-camps-palestinian-authority-glorification-terrorists-palestine-river#_ednref3\"><span style=\"font-weight: 400;\">[3]<\/span><\/a><span style=\"font-weight: 400;\">\u00a0Wafa.ps, July 18, 2022.<\/span><\/p>\n<p><a href=\"https:\/\/www.memri.org\/reports\/plo-sponsored-summer-camps-palestinian-authority-glorification-terrorists-palestine-river#_ednref4\"><span style=\"font-weight: 400;\">[4]<\/span><\/a><span style=\"font-weight: 400;\">\u00a0The six victims were David Peretz, Haim Amar, Shaul Zilberstein, Ehud Avitan, Mordechai Avraham and Ya&#8217;acov Lary.<\/span><\/p>\n<p><a href=\"https:\/\/www.memri.org\/reports\/plo-sponsored-summer-camps-palestinian-authority-glorification-terrorists-palestine-river#_ednref5\"><span style=\"font-weight: 400;\">[5]<\/span><\/a><span style=\"font-weight: 400;\">\u00a0The victims were Inbal Weiss, Yehiav Elshad and Samuel Miloshvitzky<\/span><\/p>\n<p><a href=\"https:\/\/www.memri.org\/reports\/plo-sponsored-summer-camps-palestinian-authority-glorification-terrorists-palestine-river#_ednref6\"><span style=\"font-weight: 400;\">[6]<\/span><\/a><span style=\"font-weight: 400;\">\u00a0Qadiri was convicted of involvement in the killing of civilian\u00a0<\/span><i><span style=\"font-weight: 400;\">Yosef<\/span><\/i><span style=\"font-weight: 400;\">\u00a0Ajami near Mevo Dotan and police officer Moshe Hezkiyah in Umm Al-Fahem.<\/span><\/p>\n<p><a href=\"https:\/\/www.memri.org\/reports\/plo-sponsored-summer-camps-palestinian-authority-glorification-terrorists-palestine-river#_ednref7\"><span style=\"font-weight: 400;\">[7]<\/span><\/a><span style=\"font-weight: 400;\">\u00a0\u00a0Facebook.com\/hcyspalestine, July 29, 2022.<\/span><\/p>\n","protected":false},"excerpt":{"rendered":"<p>Podobnie jak w poprzednich latach Wy\u017csza Rada OWP ds. M\u0142odzie\u017cy i Sportu organizowa\u0142a obozy letnie dla dzieci i m\u0142odzie\u017cy na terytoriach Autonomii Palesty\u0144skiej (AP).\u00a0600 oboz\u00f3w, kt\u00f3rych tematem w tym roku by\u0142o \u201eAl-Masra wal-Asra\u201d, tj. \u201emiejsce Al-Isra (Al-Aksa)\u00a0[1]\u00a0i wi\u0119\u017ani\u00f3w\u201d, zorganizowano na Zachodnim Brzegu, w Strefie Gazy i wschodniej Jerozolimie, a uczestniczy\u0142o w nich oko\u0142o 42 tysi\u0105ce [&hellip;]<\/p>\n","protected":false},"author":1,"featured_media":17923,"comment_status":"closed","ping_status":"closed","sticky":false,"template":"","format":"standard","meta":{"footnotes":""},"categories":[824,828,835,837],"tags":[908,911],"class_list":["post-17921","post","type-post","status-publish","format-standard","has-post-thumbnail","hentry","category-specjalne-komunikaty","category-autonomia-palestynska","category-archiwum","category-kraje","tag-izrael","tag-konfliktu-izraelsko-palestynskiego"],"_links":{"self":[{"href":"https:\/\/www2.memri.org\/polish\/wp-json\/wp\/v2\/posts\/17921","targetHints":{"allow":["GET"]}}],"collection":[{"href":"https:\/\/www2.memri.org\/polish\/wp-json\/wp\/v2\/posts"}],"about":[{"href":"https:\/\/www2.memri.org\/polish\/wp-json\/wp\/v2\/types\/post"}],"author":[{"embeddable":true,"href":"https:\/\/www2.memri.org\/polish\/wp-json\/wp\/v2\/users\/1"}],"replies":[{"embeddable":true,"href":"https:\/\/www2.memri.org\/polish\/wp-json\/wp\/v2\/comments?post=17921"}],"version-history":[{"count":1,"href":"https:\/\/www2.memri.org\/polish\/wp-json\/wp\/v2\/posts\/17921\/revisions"}],"predecessor-version":[{"id":17946,"href":"https:\/\/www2.memri.org\/polish\/wp-json\/wp\/v2\/posts\/17921\/revisions\/17946"}],"wp:featuredmedia":[{"embeddable":true,"href":"https:\/\/www2.memri.org\/polish\/wp-json\/wp\/v2\/media\/17923"}],"wp:attachment":[{"href":"https:\/\/www2.memri.org\/polish\/wp-json\/wp\/v2\/media?parent=17921"}],"wp:term":[{"taxonomy":"category","embeddable":true,"href":"https:\/\/www2.memri.org\/polish\/wp-json\/wp\/v2\/categories?post=17921"},{"taxonomy":"post_tag","embeddable":true,"href":"https:\/\/www2.memri.org\/polish\/wp-json\/wp\/v2\/tags?post=17921"}],"curies":[{"name":"wp","href":"https:\/\/api.w.org\/{rel}","templated":true}]}}