{"id":17731,"date":"2022-08-01T23:34:04","date_gmt":"2022-08-01T21:34:04","guid":{"rendered":"https:\/\/www2.memri.org\/polish\/?p=17731"},"modified":"2022-08-01T23:34:04","modified_gmt":"2022-08-01T21:34:04","slug":"dzieci-szyitow-w-houston-w-teksasie-przysiegaja-ze-beda-zolnierzami-iranskiego-najwyzszego-przywodcy-alego-chameneiego-salutujemy-ci-dowodco-skladamy-przysiege-ze-bedziemy-twoimi-meczennikami","status":"publish","type":"post","link":"https:\/\/www2.memri.org\/polish\/dzieci-szyitow-w-houston-w-teksasie-przysiegaja-ze-beda-zolnierzami-iranskiego-najwyzszego-przywodcy-alego-chameneiego-salutujemy-ci-dowodco-skladamy-przysiege-ze-bedziemy-twoimi-meczennikami\/17731","title":{"rendered":"Dzieci szyit\u00f3w w Houston w Teksasie przysi\u0119gaj\u0105, \u017ce b\u0119d\u0105 \u017co\u0142nierzami ira\u0144skiego najwy\u017cszego przyw\u00f3dcy Alego Chameneiego: Salutujemy [ci], Dow\u00f3dco! Sk\u0142adamy przysi\u0119g\u0119, \u017ce b\u0119dziemy twoimi m\u0119czennikami!"},"content":{"rendered":"<p>27 lipca 2022 roku na kanale YouTube islamskiej telewizji zamieszczono nagranie przedstawiaj\u0105ce dzieci szyit\u00f3w w Houston w Teksasie, kt\u00f3re wykonuj\u0105 piosenk\u0119 zatytu\u0142owan\u0105 \u201eSalutujemy [ci], Dow\u00f3dco\u201d, kt\u00f3ra jest hymnem ira\u0144skich dzieci, deklaruj\u0105cych wierno\u015b\u0107 ira\u0144skiemu najwy\u017cszemu przyw\u00f3dcy Alemu Chameneiemu. Film zosta\u0142 po raz pierwszy opublikowany przez Islamskie Centrum Edukacji w Houston w Teksasie na jego kontach na Facebooku i YouTube, ale posty te zosta\u0142y p\u00f3\u017aniej usuni\u0119te. Dzieci wykona\u0142y piosenk\u0119 w j\u0119zyku angielskim i farsi. Tekst piosenki m\u00f3wi: \u201e[Chamenei] wzywa swoje dzieci, swoich \u017co\u0142nierzy\u2026 Pomimo mojego wieku, b\u0119d\u0119 dow\u00f3dc\u0105 twojej armii\u2026 Niechaj m\u00f3j ojciec i matka zostan\u0105 po\u015bwi\u0119ceni dla ciebie, po\u015bwi\u0119c\u0119 wszystko dla ciebie&#8230; Sk\u0142adam przysi\u0119g\u0119, \u017ce b\u0119d\u0119 twoim m\u0119czennikiem, Ali\u201d.<br \/>\nOryginalny tekst piosenki w j\u0119zyku perskim zawiera zobowi\u0105zanie do pod\u0105\u017cania \u015bladami dow\u00f3dcy Si\u0142y Kuds IRGC genera\u0142a Kasema Solejmaniego, kt\u00f3ry zgin\u0105\u0142 w ameryka\u0144skim nalocie w 2020 roku. W lutym 2019 roku Centrum Edukacji Islamskiej w Houston zorganizowa\u0142o ceremoni\u0119 z okazji 40. rocznicy rewolucji islamskiej w Iranie. Podczas ceremonii dzieci \u015bpiewa\u0142y: \u201eChamenei jest naszym przyw\u00f3dc\u0105, jeste\u015bmy jego \u017co\u0142nierzami\u201d. Wi\u0119cej informacji na temat ceremonii mo\u017cna znale\u017a\u0107 w klipie MEMRI TV nr 7081.<br \/>\nAby obejrze\u0107 klip dzieci z Houston w Teksasie, kliknij tutaj lub poni\u017cej:<br \/>\n\u201ePomimo mojego wieku b\u0119d\u0119 dow\u00f3dc\u0105 twojej armii\u2026 Po\u015bwi\u0119c\u0119 wszystko\u201d<br \/>\nDzieci: \u201eSalutujemy [ci], Dow\u00f3dco [Ukryty Imamie]! Pozdrowienia od dzielnego pokolenia, kt\u00f3re zosta\u0142o pozostawione z ty\u0142u. Salutujemy [ci], Dow\u00f3dco [Ukryty Imamie]! Sejjed Ali [Chamenei] wzywa swoje dzieci, swoich \u017co\u0142nierzy, kt\u00f3rzy urodzili si\u0119 w latach 2010.<\/p>\n<p><img loading=\"lazy\" decoding=\"async\" class=\"alignnone size-full wp-image-17733\" src=\"https:\/\/www2.memri.org\/polish\/wp-content\/uploads\/2022\/08\/MTV9719bb-1.jpg\" width=\"720\" height=\"379\" srcset=\"https:\/\/www2.memri.org\/polish\/wp-content\/uploads\/2022\/08\/MTV9719bb-1.jpg 720w, https:\/\/www2.memri.org\/polish\/wp-content\/uploads\/2022\/08\/MTV9719bb-1-300x158.jpg 300w, https:\/\/www2.memri.org\/polish\/wp-content\/uploads\/2022\/08\/MTV9719bb-1-600x316.jpg 600w, https:\/\/www2.memri.org\/polish\/wp-content\/uploads\/2022\/08\/MTV9719bb-1-696x366.jpg 696w\" sizes=\"auto, (max-width: 720px) 100vw, 720px\" \/><\/p>\n<p><img loading=\"lazy\" decoding=\"async\" class=\"alignnone size-full wp-image-17734\" src=\"https:\/\/www2.memri.org\/polish\/wp-content\/uploads\/2022\/08\/MTV97191b.jpg\" width=\"720\" height=\"366\" srcset=\"https:\/\/www2.memri.org\/polish\/wp-content\/uploads\/2022\/08\/MTV97191b.jpg 720w, https:\/\/www2.memri.org\/polish\/wp-content\/uploads\/2022\/08\/MTV97191b-300x153.jpg 300w, https:\/\/www2.memri.org\/polish\/wp-content\/uploads\/2022\/08\/MTV97191b-600x305.jpg 600w, https:\/\/www2.memri.org\/polish\/wp-content\/uploads\/2022\/08\/MTV97191b-696x354.jpg 696w\" sizes=\"auto, (max-width: 720px) 100vw, 720px\" \/><img loading=\"lazy\" decoding=\"async\" class=\"alignnone size-full wp-image-17735\" src=\"https:\/\/www2.memri.org\/polish\/wp-content\/uploads\/2022\/08\/MTV97192b.jpg\" width=\"720\" height=\"376\" srcset=\"https:\/\/www2.memri.org\/polish\/wp-content\/uploads\/2022\/08\/MTV97192b.jpg 720w, https:\/\/www2.memri.org\/polish\/wp-content\/uploads\/2022\/08\/MTV97192b-300x157.jpg 300w, https:\/\/www2.memri.org\/polish\/wp-content\/uploads\/2022\/08\/MTV97192b-600x313.jpg 600w, https:\/\/www2.memri.org\/polish\/wp-content\/uploads\/2022\/08\/MTV97192b-696x363.jpg 696w\" sizes=\"auto, (max-width: 720px) 100vw, 720px\" \/><\/p>\n<p>[&#8230;]<br \/>\nMimo mojego wieku b\u0119d\u0119 dow\u00f3dc\u0105 w twojej armii.<\/p>\n<p><img loading=\"lazy\" decoding=\"async\" class=\"alignnone size-full wp-image-17736\" src=\"https:\/\/www2.memri.org\/polish\/wp-content\/uploads\/2022\/08\/MTV97193b.jpg\" width=\"720\" height=\"378\" srcset=\"https:\/\/www2.memri.org\/polish\/wp-content\/uploads\/2022\/08\/MTV97193b.jpg 720w, https:\/\/www2.memri.org\/polish\/wp-content\/uploads\/2022\/08\/MTV97193b-300x158.jpg 300w, https:\/\/www2.memri.org\/polish\/wp-content\/uploads\/2022\/08\/MTV97193b-600x315.jpg 600w, https:\/\/www2.memri.org\/polish\/wp-content\/uploads\/2022\/08\/MTV97193b-696x365.jpg 696w\" sizes=\"auto, (max-width: 720px) 100vw, 720px\" \/><\/p>\n<p>&nbsp;<\/p>\n<p>[&#8230;]<br \/>\nNie zwa\u017caj na m\u00f3j m\u0142ody wiek. Niechaj m\u00f3j ojciec i matka zostan\u0105 po\u015bwi\u0119ceni dla ciebie, po\u015bwi\u0119c\u0119 wszystko dla ciebie. Po\u015bwi\u0119c\u0119 wszystko dla ciebie.<\/p>\n<p><img loading=\"lazy\" decoding=\"async\" class=\"alignnone size-full wp-image-17737\" src=\"https:\/\/www2.memri.org\/polish\/wp-content\/uploads\/2022\/08\/MTV97194b.jpg\" width=\"720\" height=\"376\" srcset=\"https:\/\/www2.memri.org\/polish\/wp-content\/uploads\/2022\/08\/MTV97194b.jpg 720w, https:\/\/www2.memri.org\/polish\/wp-content\/uploads\/2022\/08\/MTV97194b-300x157.jpg 300w, https:\/\/www2.memri.org\/polish\/wp-content\/uploads\/2022\/08\/MTV97194b-600x313.jpg 600w, https:\/\/www2.memri.org\/polish\/wp-content\/uploads\/2022\/08\/MTV97194b-696x363.jpg 696w\" sizes=\"auto, (max-width: 720px) 100vw, 720px\" \/><\/p>\n<p>[&#8230;]<br \/>\n\u201ePrzysi\u0119gam, \u017ce b\u0119d\u0119 twoim m\u0119czennikiem, [Najwy\u017cszy Przyw\u00f3dco] Ali [Chamenei]\u201d<br \/>\nSk\u0142adam przysi\u0119g\u0119, pewnego dnia, kiedy mnie potrzebujesz. Sk\u0142adam przysi\u0119g\u0119, \u017ce b\u0119d\u0119 twoim m\u0119czennikiem, Ali.<\/p>\n<p><img loading=\"lazy\" decoding=\"async\" class=\"alignnone size-full wp-image-17738\" src=\"https:\/\/www2.memri.org\/polish\/wp-content\/uploads\/2022\/08\/MTV97195b.jpg\" width=\"720\" height=\"368\" srcset=\"https:\/\/www2.memri.org\/polish\/wp-content\/uploads\/2022\/08\/MTV97195b.jpg 720w, https:\/\/www2.memri.org\/polish\/wp-content\/uploads\/2022\/08\/MTV97195b-300x153.jpg 300w, https:\/\/www2.memri.org\/polish\/wp-content\/uploads\/2022\/08\/MTV97195b-600x307.jpg 600w, https:\/\/www2.memri.org\/polish\/wp-content\/uploads\/2022\/08\/MTV97195b-696x356.jpg 696w\" sizes=\"auto, (max-width: 720px) 100vw, 720px\" \/><\/p>\n<p>[&#8230;]<br \/>\nMin\u0119\u0142o bardzo du\u017co czasu, ka\u017cdy nar\u00f3d jest pe\u0142en \u0142ez, nie martw si\u0119 o to, o m\u00f3j Allahu, Twoi \u017co\u0142nierze s\u0105 tutaj bez strachu.<\/p>\n","protected":false},"excerpt":{"rendered":"<p>27 lipca 2022 roku na kanale YouTube islamskiej telewizji zamieszczono nagranie przedstawiaj\u0105ce dzieci szyit\u00f3w w Houston w Teksasie, kt\u00f3re wykonuj\u0105 piosenk\u0119 zatytu\u0142owan\u0105 \u201eSalutujemy [ci], Dow\u00f3dco\u201d, kt\u00f3ra jest hymnem ira\u0144skich dzieci, deklaruj\u0105cych wierno\u015b\u0107 ira\u0144skiemu najwy\u017cszemu przyw\u00f3dcy Alemu Chameneiemu. Film zosta\u0142 po raz pierwszy opublikowany przez Islamskie Centrum Edukacji w Houston w Teksasie na jego kontach na [&hellip;]<\/p>\n","protected":false},"author":1,"featured_media":17733,"comment_status":"closed","ping_status":"closed","sticky":false,"template":"","format":"standard","meta":{"footnotes":""},"categories":[824,827,835,837],"tags":[869],"class_list":["post-17731","post","type-post","status-publish","format-standard","has-post-thumbnail","hentry","category-specjalne-komunikaty","category-iran","category-archiwum","category-kraje","tag-iran"],"_links":{"self":[{"href":"https:\/\/www2.memri.org\/polish\/wp-json\/wp\/v2\/posts\/17731","targetHints":{"allow":["GET"]}}],"collection":[{"href":"https:\/\/www2.memri.org\/polish\/wp-json\/wp\/v2\/posts"}],"about":[{"href":"https:\/\/www2.memri.org\/polish\/wp-json\/wp\/v2\/types\/post"}],"author":[{"embeddable":true,"href":"https:\/\/www2.memri.org\/polish\/wp-json\/wp\/v2\/users\/1"}],"replies":[{"embeddable":true,"href":"https:\/\/www2.memri.org\/polish\/wp-json\/wp\/v2\/comments?post=17731"}],"version-history":[{"count":1,"href":"https:\/\/www2.memri.org\/polish\/wp-json\/wp\/v2\/posts\/17731\/revisions"}],"predecessor-version":[{"id":17739,"href":"https:\/\/www2.memri.org\/polish\/wp-json\/wp\/v2\/posts\/17731\/revisions\/17739"}],"wp:featuredmedia":[{"embeddable":true,"href":"https:\/\/www2.memri.org\/polish\/wp-json\/wp\/v2\/media\/17733"}],"wp:attachment":[{"href":"https:\/\/www2.memri.org\/polish\/wp-json\/wp\/v2\/media?parent=17731"}],"wp:term":[{"taxonomy":"category","embeddable":true,"href":"https:\/\/www2.memri.org\/polish\/wp-json\/wp\/v2\/categories?post=17731"},{"taxonomy":"post_tag","embeddable":true,"href":"https:\/\/www2.memri.org\/polish\/wp-json\/wp\/v2\/tags?post=17731"}],"curies":[{"name":"wp","href":"https:\/\/api.w.org\/{rel}","templated":true}]}}