{"id":17719,"date":"2022-07-29T20:38:57","date_gmt":"2022-07-29T18:38:57","guid":{"rendered":"https:\/\/www2.memri.org\/polish\/?p=17719"},"modified":"2022-07-29T20:40:38","modified_gmt":"2022-07-29T18:40:38","slug":"zyjacy-w-indonezji-uczony-w-islamie-dr-kuds-al-samaraai-allah-porownal-zydow-do-malp-i-swin-zeby-nauczyc-nas-iz-tylko-sila-jest-wobec-nich-skuteczna","status":"publish","type":"post","link":"https:\/\/www2.memri.org\/polish\/zyjacy-w-indonezji-uczony-w-islamie-dr-kuds-al-samaraai-allah-porownal-zydow-do-malp-i-swin-zeby-nauczyc-nas-iz-tylko-sila-jest-wobec-nich-skuteczna\/17719","title":{"rendered":"\u017byj\u0105cy w Indonezji uczony w islamie, dr Kuds Al-Samaraai: Allah por\u00f3wna\u0142 \u017byd\u00f3w do ma\u0142p i \u015bwi\u0144, \u017ceby nauczy\u0107 nas, i\u017c tylko si\u0142a jest wobec nich skuteczna"},"content":{"rendered":"<p><i><span style=\"font-weight: 400;\">W programie z 21 lipca 2022 r. na kanale 9 (Turcja) powi\u0105zanym z arabskim Bractwem Muzu\u0142ma\u0144skim, dr Kuds Al-Samaraai, uczony w islamie, kt\u00f3ry kieruje Mi\u0119dzynarodowym Centrum Islamskiej Da&#8217;wah w Indonezji, m\u00f3wi\u0142 o oficjalnych przeprosinach Izraela za izraelskiego dziennikarza, kt\u00f3ry 18 lipca 2022 r. wkrad\u0142 si\u0119 do islamskiego \u015bwi\u0119tego miasta Mekki, z naruszeniem zakazu dla nie muzu\u0142man\u00f3w. Dr Al-Samaraai powiedzia\u0142, \u017ce nale\u017cy za\u0142o\u017cy\u0107, \u017ce przeprosiny Izraela zosta\u0142y dokonane w z\u0142ej wierze, poniewa\u017c Allah naucza\u0142 muzu\u0142man\u00f3w w Koranie, \u017ce \u017bydom i syjonistom nie mo\u017cna ufa\u0107.\u00a0Wyja\u015bni\u0142, \u017ce Koran por\u00f3wnuje \u017byd\u00f3w do ma\u0142p i \u015bwi\u0144, aby nauczy\u0107 muzu\u0142man\u00f3w, \u017ce tylko si\u0142a jest skuteczna przeciwko \u017bydom, i wyja\u015bni\u0142, \u017ce stosowanie \u015brodk\u00f3w dyplomatycznych i politycznych przeciwko Izraelowi i \u017bydom jest daremne.\u00a0Raczej, powiedzia\u0142 dr\u00a0Al-Samaraai, narody islamskie rozwa\u017c\u0105 przyj\u0119cie przeprosin Izraela tylko wtedy, gdy Izraelczycy opuszcz\u0105 \u201eostatni cal\u201d palesty\u0144skiej ziemi i zrekompensuj\u0105 Palesty\u0144czyk\u00f3w finansowo.\u00a0Doda\u0142: \u201eTo, co zabrano si\u0142\u0105, odzyskamy tylko si\u0142\u0105\u201d.\u00a0<\/span><\/i><\/p>\n<p><b>Aby obejrze\u0107 klip z indonezyjskim uczonym Kudsem Al-Samaraaim, kliknij\u00a0<\/b><a href=\"https:\/\/www.memri.org\/tv\/indonesia-islamic-scholar-reacts-israeli-sneaking-into-mecca-jews-apes-pigs-understand-only-force\"><b>tutaj<\/b><\/a><b>\u00a0lub poni\u017cej:<\/b><\/p>\n<p><b>Zasada w stosunku do Izraelit\u00f3w polega na za\u0142o\u017ceniu, \u017ce dzia\u0142aj\u0105 w z\u0142ej wierze;\u00a0Rozwa\u017cymy przyj\u0119cie ich przeprosin tylko wtedy, gdy opuszcz\u0105 Palestyn\u0119 i zap\u0142ac\u0105 reparacje<\/b><\/p>\n<p><b>Dr Kuds Al-Samaraai:<\/b><span style=\"font-weight: 400;\">\u00a0Kiedy narody islamskie przyjm\u0105 przeprosiny [Izraela]? Kiedy ostatni Izraelczyk opu\u015bci Palestyn\u0119. R\u00f3b, co chcesz. Osobi\u015bcie widz\u0119 [przeprosiny Izraela za izraelskiego dziennikarza wkradaj\u0105cego si\u0119 do Mekki]&#8230; Zasad\u0105 w odniesieniu do Izraelit\u00f3w jest za\u0142o\u017cenie [ich] z\u0142ej wiary. Nie mo\u017cemy interpretowa\u0107 tych przeprosin jako aktu dobrej wiary. Zasad\u0105 w ich przypadku jest przyj\u0119cie, \u017ce dzia\u0142aj\u0105 w z\u0142ej wierze.<\/span><\/p>\n<p><img loading=\"lazy\" decoding=\"async\" class=\"alignnone size-full wp-image-17721\" src=\"https:\/\/www2.memri.org\/polish\/wp-content\/uploads\/2022\/07\/MTV9714-1.jpg\" width=\"720\" height=\"369\" srcset=\"https:\/\/www2.memri.org\/polish\/wp-content\/uploads\/2022\/07\/MTV9714-1.jpg 720w, https:\/\/www2.memri.org\/polish\/wp-content\/uploads\/2022\/07\/MTV9714-1-300x154.jpg 300w, https:\/\/www2.memri.org\/polish\/wp-content\/uploads\/2022\/07\/MTV9714-1-600x308.jpg 600w, https:\/\/www2.memri.org\/polish\/wp-content\/uploads\/2022\/07\/MTV9714-1-696x357.jpg 696w\" sizes=\"auto, (max-width: 720px) 100vw, 720px\" \/><\/p>\n<p><img loading=\"lazy\" decoding=\"async\" class=\"alignnone size-full wp-image-17722\" src=\"https:\/\/www2.memri.org\/polish\/wp-content\/uploads\/2022\/07\/MTV97141.jpg\" width=\"720\" height=\"373\" srcset=\"https:\/\/www2.memri.org\/polish\/wp-content\/uploads\/2022\/07\/MTV97141.jpg 720w, https:\/\/www2.memri.org\/polish\/wp-content\/uploads\/2022\/07\/MTV97141-300x155.jpg 300w, https:\/\/www2.memri.org\/polish\/wp-content\/uploads\/2022\/07\/MTV97141-600x311.jpg 600w, https:\/\/www2.memri.org\/polish\/wp-content\/uploads\/2022\/07\/MTV97141-696x361.jpg 696w\" sizes=\"auto, (max-width: 720px) 100vw, 720px\" \/><\/p>\n<p><img loading=\"lazy\" decoding=\"async\" class=\"alignnone size-full wp-image-17723\" src=\"https:\/\/www2.memri.org\/polish\/wp-content\/uploads\/2022\/07\/MTV97142.jpg\" width=\"720\" height=\"366\" srcset=\"https:\/\/www2.memri.org\/polish\/wp-content\/uploads\/2022\/07\/MTV97142.jpg 720w, https:\/\/www2.memri.org\/polish\/wp-content\/uploads\/2022\/07\/MTV97142-300x153.jpg 300w, https:\/\/www2.memri.org\/polish\/wp-content\/uploads\/2022\/07\/MTV97142-600x305.jpg 600w, https:\/\/www2.memri.org\/polish\/wp-content\/uploads\/2022\/07\/MTV97142-696x354.jpg 696w\" sizes=\"auto, (max-width: 720px) 100vw, 720px\" \/><\/p>\n<p><span style=\"font-weight: 400;\">[&#8230;]<\/span><\/p>\n<p><span style=\"font-weight: 400;\">Kiedy przyjmiemy te przeprosiny? Kiedy opuszcz\u0105 ostatni cal palesty\u0144skiej ziemi, zap\u0142ac\u0105 reparacje i przeprosz\u0105 nas \u2013 dopiero wtedy rozwa\u017cymy t\u0119 kwesti\u0119.<\/span><\/p>\n<p><span style=\"font-weight: 400;\">[&#8230;]<\/span><\/p>\n<p><b>Allah przyr\u00f3wna\u0142 \u017byd\u00f3w do ma\u0142p i \u015bwi\u0144, kt\u00f3re mo\u017cna oswoi\u0107 tylko si\u0142\u0105;\u00a0Je\u015bli chcesz przywr\u00f3ci\u0107 to, co s\u0142usznie twoje, korzystanie z \u015brodk\u00f3w dyplomatycznych i politycznych jest daremne wobec nich<\/b><\/p>\n<p><span style=\"font-weight: 400;\">\u00a0[&#8230;]<\/span><\/p>\n<p><span style=\"font-weight: 400;\">Ka\u017cdy, kto chce pozna\u0107 histori\u0119 Izraela \u2013 zw\u0142aszcza syjonist\u00f3w \u2013 powinien przeczyta\u0107 \u015bwi\u0119ty Koran i zobaczy\u0107, ile wykrocze\u0144 pope\u0142nili wobec Allaha.<\/span><\/p>\n<p><span style=\"font-weight: 400;\">[&#8230;]<\/span><\/p>\n<p><span style=\"font-weight: 400;\">Ci [Izraelici] s\u0105 potomkami tych przodk\u00f3w.<\/span><\/p>\n<p><span style=\"font-weight: 400;\">[&#8230;]<\/span><\/p>\n<p><span style=\"font-weight: 400;\">[Allah] pokaza\u0142 nam przyk\u0142ad w \u015bwi\u0119tym Koranie, przyr\u00f3wnuj\u0105c ich do dw\u00f3ch zwierz\u0105t: ma\u0142p i \u015bwi\u0144. Allah por\u00f3wna\u0142 ich z ma\u0142pami i \u015bwiniami. Dlaczego? Poniewa\u017c Allah chcia\u0142 nam powiedzie\u0107, \u017ce ci Izraelici maj\u0105 pewne cechy i nie b\u0119d\u0105 ci pos\u0142uszni, chyba \u017ce u\u017cyjesz dw\u00f3ch rzeczy&#8230; Po pierwsze, nie mo\u017cesz oswoi\u0107 ma\u0142p i \u015bwi\u0144 bez u\u017cycia si\u0142y.<\/span><\/p>\n<p><img loading=\"lazy\" decoding=\"async\" class=\"alignnone size-full wp-image-17724\" src=\"https:\/\/www2.memri.org\/polish\/wp-content\/uploads\/2022\/07\/MTV97143.jpg\" width=\"720\" height=\"376\" srcset=\"https:\/\/www2.memri.org\/polish\/wp-content\/uploads\/2022\/07\/MTV97143.jpg 720w, https:\/\/www2.memri.org\/polish\/wp-content\/uploads\/2022\/07\/MTV97143-300x157.jpg 300w, https:\/\/www2.memri.org\/polish\/wp-content\/uploads\/2022\/07\/MTV97143-600x313.jpg 600w, https:\/\/www2.memri.org\/polish\/wp-content\/uploads\/2022\/07\/MTV97143-696x363.jpg 696w\" sizes=\"auto, (max-width: 720px) 100vw, 720px\" \/><\/p>\n<p><img loading=\"lazy\" decoding=\"async\" class=\"alignnone size-full wp-image-17725\" src=\"https:\/\/www2.memri.org\/polish\/wp-content\/uploads\/2022\/07\/MTV97144.jpg\" width=\"720\" height=\"378\" srcset=\"https:\/\/www2.memri.org\/polish\/wp-content\/uploads\/2022\/07\/MTV97144.jpg 720w, https:\/\/www2.memri.org\/polish\/wp-content\/uploads\/2022\/07\/MTV97144-300x158.jpg 300w, https:\/\/www2.memri.org\/polish\/wp-content\/uploads\/2022\/07\/MTV97144-600x315.jpg 600w, https:\/\/www2.memri.org\/polish\/wp-content\/uploads\/2022\/07\/MTV97144-696x365.jpg 696w\" sizes=\"auto, (max-width: 720px) 100vw, 720px\" \/><\/p>\n<p><img loading=\"lazy\" decoding=\"async\" class=\"alignnone size-full wp-image-17726\" src=\"https:\/\/www2.memri.org\/polish\/wp-content\/uploads\/2022\/07\/MTV97145.jpg\" width=\"720\" height=\"367\" srcset=\"https:\/\/www2.memri.org\/polish\/wp-content\/uploads\/2022\/07\/MTV97145.jpg 720w, https:\/\/www2.memri.org\/polish\/wp-content\/uploads\/2022\/07\/MTV97145-300x153.jpg 300w, https:\/\/www2.memri.org\/polish\/wp-content\/uploads\/2022\/07\/MTV97145-600x306.jpg 600w, https:\/\/www2.memri.org\/polish\/wp-content\/uploads\/2022\/07\/MTV97145-696x355.jpg 696w\" sizes=\"auto, (max-width: 720px) 100vw, 720px\" \/><\/p>\n<p><span style=\"font-weight: 400;\">To tak, jakby Allah m\u00f3wi\u0142 do nas: Je\u015bli chcesz przywr\u00f3ci\u0107 to, co s\u0142usznie jest twoje, to u\u017cywanie wobec nich \u015brodk\u00f3w dyplomatycznych i politycznych jest daremne. To, co zosta\u0142o zabrane si\u0142\u0105, zostanie odzyskane tylko si\u0142\u0105.<\/span><\/p>\n<p><img loading=\"lazy\" decoding=\"async\" class=\"alignnone size-full wp-image-17727\" src=\"https:\/\/www2.memri.org\/polish\/wp-content\/uploads\/2022\/07\/MTV97146.jpg\" width=\"720\" height=\"379\" srcset=\"https:\/\/www2.memri.org\/polish\/wp-content\/uploads\/2022\/07\/MTV97146.jpg 720w, https:\/\/www2.memri.org\/polish\/wp-content\/uploads\/2022\/07\/MTV97146-300x158.jpg 300w, https:\/\/www2.memri.org\/polish\/wp-content\/uploads\/2022\/07\/MTV97146-600x316.jpg 600w, https:\/\/www2.memri.org\/polish\/wp-content\/uploads\/2022\/07\/MTV97146-696x366.jpg 696w\" sizes=\"auto, (max-width: 720px) 100vw, 720px\" \/><\/p>\n<p><img loading=\"lazy\" decoding=\"async\" class=\"alignnone size-full wp-image-17728\" src=\"https:\/\/www2.memri.org\/polish\/wp-content\/uploads\/2022\/07\/MTV97147.jpg\" width=\"720\" height=\"363\" srcset=\"https:\/\/www2.memri.org\/polish\/wp-content\/uploads\/2022\/07\/MTV97147.jpg 720w, https:\/\/www2.memri.org\/polish\/wp-content\/uploads\/2022\/07\/MTV97147-300x151.jpg 300w, https:\/\/www2.memri.org\/polish\/wp-content\/uploads\/2022\/07\/MTV97147-600x303.jpg 600w, https:\/\/www2.memri.org\/polish\/wp-content\/uploads\/2022\/07\/MTV97147-696x351.jpg 696w\" sizes=\"auto, (max-width: 720px) 100vw, 720px\" \/><img loading=\"lazy\" decoding=\"async\" class=\"alignnone size-full wp-image-17729\" src=\"https:\/\/www2.memri.org\/polish\/wp-content\/uploads\/2022\/07\/MTV97148.jpg\" width=\"720\" height=\"365\" srcset=\"https:\/\/www2.memri.org\/polish\/wp-content\/uploads\/2022\/07\/MTV97148.jpg 720w, https:\/\/www2.memri.org\/polish\/wp-content\/uploads\/2022\/07\/MTV97148-300x152.jpg 300w, https:\/\/www2.memri.org\/polish\/wp-content\/uploads\/2022\/07\/MTV97148-600x304.jpg 600w, https:\/\/www2.memri.org\/polish\/wp-content\/uploads\/2022\/07\/MTV97148-696x353.jpg 696w\" sizes=\"auto, (max-width: 720px) 100vw, 720px\" \/><\/p>\n","protected":false},"excerpt":{"rendered":"<p>W programie z 21 lipca 2022 r. na kanale 9 (Turcja) powi\u0105zanym z arabskim Bractwem Muzu\u0142ma\u0144skim, dr Kuds Al-Samaraai, uczony w islamie, kt\u00f3ry kieruje Mi\u0119dzynarodowym Centrum Islamskiej Da&#8217;wah w Indonezji, m\u00f3wi\u0142 o oficjalnych przeprosinach Izraela za izraelskiego dziennikarza, kt\u00f3ry 18 lipca 2022 r. wkrad\u0142 si\u0119 do islamskiego \u015bwi\u0119tego miasta Mekki, z naruszeniem zakazu dla nie [&hellip;]<\/p>\n","protected":false},"author":1,"featured_media":17721,"comment_status":"closed","ping_status":"closed","sticky":false,"template":"","format":"standard","meta":{"footnotes":""},"categories":[827,828,837],"tags":[911,915],"class_list":["post-17719","post","type-post","status-publish","format-standard","has-post-thumbnail","hentry","category-iran","category-autonomia-palestynska","category-kraje","tag-konfliktu-izraelsko-palestynskiego","tag-islam"],"_links":{"self":[{"href":"https:\/\/www2.memri.org\/polish\/wp-json\/wp\/v2\/posts\/17719","targetHints":{"allow":["GET"]}}],"collection":[{"href":"https:\/\/www2.memri.org\/polish\/wp-json\/wp\/v2\/posts"}],"about":[{"href":"https:\/\/www2.memri.org\/polish\/wp-json\/wp\/v2\/types\/post"}],"author":[{"embeddable":true,"href":"https:\/\/www2.memri.org\/polish\/wp-json\/wp\/v2\/users\/1"}],"replies":[{"embeddable":true,"href":"https:\/\/www2.memri.org\/polish\/wp-json\/wp\/v2\/comments?post=17719"}],"version-history":[{"count":1,"href":"https:\/\/www2.memri.org\/polish\/wp-json\/wp\/v2\/posts\/17719\/revisions"}],"predecessor-version":[{"id":17730,"href":"https:\/\/www2.memri.org\/polish\/wp-json\/wp\/v2\/posts\/17719\/revisions\/17730"}],"wp:featuredmedia":[{"embeddable":true,"href":"https:\/\/www2.memri.org\/polish\/wp-json\/wp\/v2\/media\/17721"}],"wp:attachment":[{"href":"https:\/\/www2.memri.org\/polish\/wp-json\/wp\/v2\/media?parent=17719"}],"wp:term":[{"taxonomy":"category","embeddable":true,"href":"https:\/\/www2.memri.org\/polish\/wp-json\/wp\/v2\/categories?post=17719"},{"taxonomy":"post_tag","embeddable":true,"href":"https:\/\/www2.memri.org\/polish\/wp-json\/wp\/v2\/tags?post=17719"}],"curies":[{"name":"wp","href":"https:\/\/api.w.org\/{rel}","templated":true}]}}