{"id":17598,"date":"2022-07-01T23:10:06","date_gmt":"2022-07-01T21:10:06","guid":{"rendered":"https:\/\/www2.memri.org\/polish\/?p=17598"},"modified":"2022-07-01T23:10:06","modified_gmt":"2022-07-01T21:10:06","slug":"palestynski-uczony-w-islamie-szejk-jousef-abu-islam-homoseksualistow-nalezy-zrzucac-z-dachow-kamienowac-na-smierc-allah-ukarze-nas-jak-sodome-jesli-nie-bedziemy-walczyc-z-ta-obrzydliwoscia","status":"publish","type":"post","link":"https:\/\/www2.memri.org\/polish\/palestynski-uczony-w-islamie-szejk-jousef-abu-islam-homoseksualistow-nalezy-zrzucac-z-dachow-kamienowac-na-smierc-allah-ukarze-nas-jak-sodome-jesli-nie-bedziemy-walczyc-z-ta-obrzydliwoscia\/17598","title":{"rendered":"Palesty\u0144ski uczony w islamie, szejk Jousef Abu Islam: Homoseksualist\u00f3w nale\u017cy zrzuca\u0107 z dach\u00f3w, kamienowa\u0107 na \u015bmier\u0107; Allah ukarze nas jak Sodom\u0119, je\u015bli nie b\u0119dziemy walczy\u0107 z t\u0105 obrzydliwo\u015bci\u0105"},"content":{"rendered":"<p><i><span style=\"font-weight: 400;\">W pi\u0105tkowym kazaniu, kt\u00f3re zosta\u0142o opublikowane na kanale Al-Aksa Call na YouTube 26 czerwca 2022 r., palesty\u0144ski uczony w islamie, szejk Jousef Abu Islam, skrytykowa\u0142 Miesi\u0105c R\u00f3wno\u015bci i powiedzia\u0142, \u017ce Allah nakaza\u0142 zrzuca\u0107 homoseksualist\u00f3w g\u0142ow\u0105 naprz\u00f3d z najwy\u017cszych dach\u00f3w i potem ukamienowa\u0107.\u00a0Abu Islam doda\u0142, \u017ce je\u015bli muzu\u0142manie nie sprzeciwi\u0105 si\u0119 \u201eobrzydliwo\u015bci\u201d homoseksualizmu, Allah wy\u015ble \u200b\u200bAnio\u0142a Gabriela, aby \u201eukara\u0142\u201d ich tak, jak zrobi\u0142 to z Sodom\u0105.<\/span><\/i><\/p>\n<p><b>Aby obejrze\u0107 klip z palesty\u0144skim uczonym w islamie, szejkiem Jousefem Abu Islamem, kliknij\u00a0<\/b><a href=\"https:\/\/www.memri.org\/tv\/palestinian-islamic-scholar-yousef-islam-gays-rooftops-stoned-abomination-sodom\"><b>tutaj<\/b><\/a><b>\u00a0lub poni\u017cej.<\/b><\/p>\n<p><b>Allah powiedzia\u0142, \u017ce homoseksualist\u00f3w \u201enale\u017cy naprz\u00f3d zrzuca\u0107 g\u0142ow\u0105 z dachu najwy\u017cszego budynku, a potem ukamienowa\u0107\u201d<\/b><\/p>\n<p><b>Szejk Jousef Abu Islam:\u00a0<\/b><span style=\"font-weight: 400;\">Przed 1969 rz\u0105d USA kara\u0142 ka\u017cdego, kto chcia\u0142by pope\u0142ni\u0107 obrzydliwy akt homoseksualny.<\/span><\/p>\n<p><img loading=\"lazy\" decoding=\"async\" class=\"alignnone size-full wp-image-17600\" src=\"https:\/\/www2.memri.org\/polish\/wp-content\/uploads\/2022\/07\/MTV9661-1.jpg\" width=\"720\" height=\"375\" srcset=\"https:\/\/www2.memri.org\/polish\/wp-content\/uploads\/2022\/07\/MTV9661-1.jpg 720w, https:\/\/www2.memri.org\/polish\/wp-content\/uploads\/2022\/07\/MTV9661-1-300x156.jpg 300w, https:\/\/www2.memri.org\/polish\/wp-content\/uploads\/2022\/07\/MTV9661-1-600x313.jpg 600w, https:\/\/www2.memri.org\/polish\/wp-content\/uploads\/2022\/07\/MTV9661-1-696x363.jpg 696w\" sizes=\"auto, (max-width: 720px) 100vw, 720px\" \/><\/p>\n<p><img loading=\"lazy\" decoding=\"async\" class=\"alignnone size-full wp-image-17601\" src=\"https:\/\/www2.memri.org\/polish\/wp-content\/uploads\/2022\/07\/MTV96612.jpg\" width=\"720\" height=\"380\" srcset=\"https:\/\/www2.memri.org\/polish\/wp-content\/uploads\/2022\/07\/MTV96612.jpg 720w, https:\/\/www2.memri.org\/polish\/wp-content\/uploads\/2022\/07\/MTV96612-300x158.jpg 300w, https:\/\/www2.memri.org\/polish\/wp-content\/uploads\/2022\/07\/MTV96612-600x317.jpg 600w, https:\/\/www2.memri.org\/polish\/wp-content\/uploads\/2022\/07\/MTV96612-696x367.jpg 696w\" sizes=\"auto, (max-width: 720px) 100vw, 720px\" \/><\/p>\n<p>&nbsp;<\/p>\n<p><span style=\"font-weight: 400;\">Wi\u0119c [homoseksuali\u015bci] chowali si\u0119 w barach, a policja napada\u0142a na nich i kara\u0142a ich. Jednak pewnego dnia zbuntowali si\u0119 przeciwko decyzjom pa\u0144stwa i wybrali ten dzie\u0144 w czerwcu \u2013 od 1969 roku \u2013 jako dzie\u0144 \u015bwi\u0119towania i og\u0142osili miesi\u0105c dumy ze swojego homoseksualizmu.<\/span><\/p>\n<p><img loading=\"lazy\" decoding=\"async\" class=\"alignnone size-full wp-image-17602\" src=\"https:\/\/www2.memri.org\/polish\/wp-content\/uploads\/2022\/07\/MTV96613.jpg\" width=\"720\" height=\"371\" srcset=\"https:\/\/www2.memri.org\/polish\/wp-content\/uploads\/2022\/07\/MTV96613.jpg 720w, https:\/\/www2.memri.org\/polish\/wp-content\/uploads\/2022\/07\/MTV96613-300x155.jpg 300w, https:\/\/www2.memri.org\/polish\/wp-content\/uploads\/2022\/07\/MTV96613-600x309.jpg 600w, https:\/\/www2.memri.org\/polish\/wp-content\/uploads\/2022\/07\/MTV96613-696x359.jpg 696w\" sizes=\"auto, (max-width: 720px) 100vw, 720px\" \/><\/p>\n<p><img loading=\"lazy\" decoding=\"async\" class=\"alignnone size-full wp-image-17603\" src=\"https:\/\/www2.memri.org\/polish\/wp-content\/uploads\/2022\/07\/MTV96614.jpg\" width=\"720\" height=\"367\" srcset=\"https:\/\/www2.memri.org\/polish\/wp-content\/uploads\/2022\/07\/MTV96614.jpg 720w, https:\/\/www2.memri.org\/polish\/wp-content\/uploads\/2022\/07\/MTV96614-300x153.jpg 300w, https:\/\/www2.memri.org\/polish\/wp-content\/uploads\/2022\/07\/MTV96614-600x306.jpg 600w, https:\/\/www2.memri.org\/polish\/wp-content\/uploads\/2022\/07\/MTV96614-696x355.jpg 696w\" sizes=\"auto, (max-width: 720px) 100vw, 720px\" \/><\/p>\n<p><span style=\"font-weight: 400;\">[&#8230;]<\/span><\/p>\n<p><span style=\"font-weight: 400;\">Allah kara\u0142 cudzo\u0142o\u017cnik\u00f3w [tylko] ch\u0142ost\u0105 lub ukamienowaniem, ale kiedy zdecydowa\u0142 si\u0119 ukara\u0107 homoseksualist\u00f3w, powiedzia\u0142, \u017ce powinni najpierw zosta\u0107 zrzuceni g\u0142ow\u0105 naprz\u00f3d z dachu najwy\u017cszego budynku, a potem ukamienowani od g\u00f3ry.<\/span><\/p>\n<p><img loading=\"lazy\" decoding=\"async\" class=\"alignnone size-full wp-image-17604\" src=\"https:\/\/www2.memri.org\/polish\/wp-content\/uploads\/2022\/07\/MTV96617.jpg\" width=\"720\" height=\"380\" srcset=\"https:\/\/www2.memri.org\/polish\/wp-content\/uploads\/2022\/07\/MTV96617.jpg 720w, https:\/\/www2.memri.org\/polish\/wp-content\/uploads\/2022\/07\/MTV96617-300x158.jpg 300w, https:\/\/www2.memri.org\/polish\/wp-content\/uploads\/2022\/07\/MTV96617-600x317.jpg 600w, https:\/\/www2.memri.org\/polish\/wp-content\/uploads\/2022\/07\/MTV96617-696x367.jpg 696w\" sizes=\"auto, (max-width: 720px) 100vw, 720px\" \/><\/p>\n<p><img loading=\"lazy\" decoding=\"async\" class=\"alignnone size-full wp-image-17605\" src=\"https:\/\/www2.memri.org\/polish\/wp-content\/uploads\/2022\/07\/MTV96618.jpg\" width=\"720\" height=\"376\" srcset=\"https:\/\/www2.memri.org\/polish\/wp-content\/uploads\/2022\/07\/MTV96618.jpg 720w, https:\/\/www2.memri.org\/polish\/wp-content\/uploads\/2022\/07\/MTV96618-300x157.jpg 300w, https:\/\/www2.memri.org\/polish\/wp-content\/uploads\/2022\/07\/MTV96618-600x313.jpg 600w, https:\/\/www2.memri.org\/polish\/wp-content\/uploads\/2022\/07\/MTV96618-696x363.jpg 696w\" sizes=\"auto, (max-width: 720px) 100vw, 720px\" \/><\/p>\n<p><img loading=\"lazy\" decoding=\"async\" class=\"alignnone size-full wp-image-17606\" src=\"https:\/\/www2.memri.org\/polish\/wp-content\/uploads\/2022\/07\/MTV96619.jpg\" width=\"720\" height=\"371\" srcset=\"https:\/\/www2.memri.org\/polish\/wp-content\/uploads\/2022\/07\/MTV96619.jpg 720w, https:\/\/www2.memri.org\/polish\/wp-content\/uploads\/2022\/07\/MTV96619-300x155.jpg 300w, https:\/\/www2.memri.org\/polish\/wp-content\/uploads\/2022\/07\/MTV96619-600x309.jpg 600w, https:\/\/www2.memri.org\/polish\/wp-content\/uploads\/2022\/07\/MTV96619-696x359.jpg 696w\" sizes=\"auto, (max-width: 720px) 100vw, 720px\" \/><\/p>\n<p><img loading=\"lazy\" decoding=\"async\" class=\"alignnone size-full wp-image-17607\" src=\"https:\/\/www2.memri.org\/polish\/wp-content\/uploads\/2022\/07\/MTV966110.jpg\" width=\"720\" height=\"379\" srcset=\"https:\/\/www2.memri.org\/polish\/wp-content\/uploads\/2022\/07\/MTV966110.jpg 720w, https:\/\/www2.memri.org\/polish\/wp-content\/uploads\/2022\/07\/MTV966110-300x158.jpg 300w, https:\/\/www2.memri.org\/polish\/wp-content\/uploads\/2022\/07\/MTV966110-600x316.jpg 600w, https:\/\/www2.memri.org\/polish\/wp-content\/uploads\/2022\/07\/MTV966110-696x366.jpg 696w\" sizes=\"auto, (max-width: 720px) 100vw, 720px\" \/><\/p>\n<p><img loading=\"lazy\" decoding=\"async\" class=\"alignnone size-full wp-image-17608\" src=\"https:\/\/www2.memri.org\/polish\/wp-content\/uploads\/2022\/07\/MTV966111.jpg\" width=\"720\" height=\"372\" srcset=\"https:\/\/www2.memri.org\/polish\/wp-content\/uploads\/2022\/07\/MTV966111.jpg 720w, https:\/\/www2.memri.org\/polish\/wp-content\/uploads\/2022\/07\/MTV966111-300x155.jpg 300w, https:\/\/www2.memri.org\/polish\/wp-content\/uploads\/2022\/07\/MTV966111-600x310.jpg 600w, https:\/\/www2.memri.org\/polish\/wp-content\/uploads\/2022\/07\/MTV966111-696x360.jpg 696w\" sizes=\"auto, (max-width: 720px) 100vw, 720px\" \/><\/p>\n<p><span style=\"font-weight: 400;\">[&#8230;]<\/span><\/p>\n<p><b>\u201eJe\u017celi nie staniemy razem przeciwko tej wielkiej obrzydliwo\u015bci [homoseksualizmowi], do\u017cyjemy, aby zobaczy\u0107 [Anio\u0142a] Gabriela wykorzeniaj\u0105cego siedem miast, podnosz\u0105cego je ku niebu, a nast\u0119pnie zrzucaj\u0105cego je na ziemi\u0119\u201d<\/b><\/p>\n<p><span style=\"font-weight: 400;\">Je\u017celi nie staniemy razem przeciwko tej wielkiej obrzydliwo\u015bci, do\u017cyjemy, aby zobaczy\u0107 [Anio\u0142a] Gabriela wykorzeniaj\u0105cego siedem miast, podnosz\u0105cego je do nieba, a nast\u0119pnie rzucaj\u0105cego je na ziemi\u0119, po czym nast\u0105pi ukamienowanie.<\/span><\/p>\n<p><img loading=\"lazy\" decoding=\"async\" class=\"alignnone size-full wp-image-17609\" src=\"https:\/\/www2.memri.org\/polish\/wp-content\/uploads\/2022\/07\/MTV966116_0.jpg\" width=\"720\" height=\"375\" srcset=\"https:\/\/www2.memri.org\/polish\/wp-content\/uploads\/2022\/07\/MTV966116_0.jpg 720w, https:\/\/www2.memri.org\/polish\/wp-content\/uploads\/2022\/07\/MTV966116_0-300x156.jpg 300w, https:\/\/www2.memri.org\/polish\/wp-content\/uploads\/2022\/07\/MTV966116_0-600x313.jpg 600w, https:\/\/www2.memri.org\/polish\/wp-content\/uploads\/2022\/07\/MTV966116_0-696x363.jpg 696w\" sizes=\"auto, (max-width: 720px) 100vw, 720px\" \/><\/p>\n<p><img loading=\"lazy\" decoding=\"async\" class=\"alignnone size-full wp-image-17610\" src=\"https:\/\/www2.memri.org\/polish\/wp-content\/uploads\/2022\/07\/MTV966117_0.jpg\" width=\"720\" height=\"369\" srcset=\"https:\/\/www2.memri.org\/polish\/wp-content\/uploads\/2022\/07\/MTV966117_0.jpg 720w, https:\/\/www2.memri.org\/polish\/wp-content\/uploads\/2022\/07\/MTV966117_0-300x154.jpg 300w, https:\/\/www2.memri.org\/polish\/wp-content\/uploads\/2022\/07\/MTV966117_0-600x308.jpg 600w, https:\/\/www2.memri.org\/polish\/wp-content\/uploads\/2022\/07\/MTV966117_0-696x357.jpg 696w\" sizes=\"auto, (max-width: 720px) 100vw, 720px\" \/><\/p>\n<p>&nbsp;<\/p>\n","protected":false},"excerpt":{"rendered":"<p>W pi\u0105tkowym kazaniu, kt\u00f3re zosta\u0142o opublikowane na kanale Al-Aksa Call na YouTube 26 czerwca 2022 r., palesty\u0144ski uczony w islamie, szejk Jousef Abu Islam, skrytykowa\u0142 Miesi\u0105c R\u00f3wno\u015bci i powiedzia\u0142, \u017ce Allah nakaza\u0142 zrzuca\u0107 homoseksualist\u00f3w g\u0142ow\u0105 naprz\u00f3d z najwy\u017cszych dach\u00f3w i potem ukamienowa\u0107.\u00a0Abu Islam doda\u0142, \u017ce je\u015bli muzu\u0142manie nie sprzeciwi\u0105 si\u0119 \u201eobrzydliwo\u015bci\u201d homoseksualizmu, Allah wy\u015ble \u200b\u200bAnio\u0142a [&hellip;]<\/p>\n","protected":false},"author":1,"featured_media":17600,"comment_status":"closed","ping_status":"closed","sticky":false,"template":"","format":"standard","meta":{"footnotes":""},"categories":[824,828,835,837],"tags":[911],"class_list":["post-17598","post","type-post","status-publish","format-standard","has-post-thumbnail","hentry","category-specjalne-komunikaty","category-autonomia-palestynska","category-archiwum","category-kraje","tag-konfliktu-izraelsko-palestynskiego"],"_links":{"self":[{"href":"https:\/\/www2.memri.org\/polish\/wp-json\/wp\/v2\/posts\/17598","targetHints":{"allow":["GET"]}}],"collection":[{"href":"https:\/\/www2.memri.org\/polish\/wp-json\/wp\/v2\/posts"}],"about":[{"href":"https:\/\/www2.memri.org\/polish\/wp-json\/wp\/v2\/types\/post"}],"author":[{"embeddable":true,"href":"https:\/\/www2.memri.org\/polish\/wp-json\/wp\/v2\/users\/1"}],"replies":[{"embeddable":true,"href":"https:\/\/www2.memri.org\/polish\/wp-json\/wp\/v2\/comments?post=17598"}],"version-history":[{"count":1,"href":"https:\/\/www2.memri.org\/polish\/wp-json\/wp\/v2\/posts\/17598\/revisions"}],"predecessor-version":[{"id":17611,"href":"https:\/\/www2.memri.org\/polish\/wp-json\/wp\/v2\/posts\/17598\/revisions\/17611"}],"wp:featuredmedia":[{"embeddable":true,"href":"https:\/\/www2.memri.org\/polish\/wp-json\/wp\/v2\/media\/17600"}],"wp:attachment":[{"href":"https:\/\/www2.memri.org\/polish\/wp-json\/wp\/v2\/media?parent=17598"}],"wp:term":[{"taxonomy":"category","embeddable":true,"href":"https:\/\/www2.memri.org\/polish\/wp-json\/wp\/v2\/categories?post=17598"},{"taxonomy":"post_tag","embeddable":true,"href":"https:\/\/www2.memri.org\/polish\/wp-json\/wp\/v2\/tags?post=17598"}],"curies":[{"name":"wp","href":"https:\/\/api.w.org\/{rel}","templated":true}]}}