{"id":17388,"date":"2022-05-23T23:54:02","date_gmt":"2022-05-23T21:54:02","guid":{"rendered":"https:\/\/www2.memri.org\/polish\/?p=17388"},"modified":"2022-05-23T23:54:37","modified_gmt":"2022-05-23T21:54:37","slug":"jordanska-gazeta-al-rai-kontynuuje-podzeganie-w-artykule-jest-twierdzenie-ze-izraelski-premier-bennett-nazista-w-jarmulce-wydal-rozkaz-zabicia-reporterki-al-dza","status":"publish","type":"post","link":"https:\/\/www2.memri.org\/polish\/jordanska-gazeta-al-rai-kontynuuje-podzeganie-w-artykule-jest-twierdzenie-ze-izraelski-premier-bennett-nazista-w-jarmulce-wydal-rozkaz-zabicia-reporterki-al-dza\/17388","title":{"rendered":"Jorda\u0144ska gazeta \u201cAl-Rai\u201d kontynuuje pod\u017ceganie: W artykule jest twierdzenie, \u017ce izraelski premier Bennett, \u201cnazista w jarmu\u0142ce\u201d, wyda\u0142 rozkaz zabicia reporterki Al-D\u017caziry, Shireen Abu 'Akleh"},"content":{"rendered":"<p><em>16 maja 2022 r. na stronie internetowej jorda\u0144skiej gazety pa\u0144stwowej \u201e\u00a0<\/em>Al-Rai<em>\u201d ukaza\u0142 si\u0119 artyku\u0142 dziennikarza Rad\u017cy Talaba zatytu\u0142owany \u201eNaftali Bennett \u2013 nazista z jarmu\u0142k\u0105\u201d.\u00a0W artykule autor twierdzi\u0142, \u017ce izraelski premier Naftali Bennett nakaza\u0142 zamordowa\u0107 reporterk\u0119 Al-D\u017caziry Shireen Abu 'Akleh, kt\u00f3ra zgin\u0119\u0142a 11 maja 2022 roku w strzelaninie mi\u0119dzy palesty\u0144skimi terrorystami a izraelskimi si\u0142ami zbrojnymi w D\u017canin.\u00a0Talab nazwa\u0142 Bennetta i innych izraelskich urz\u0119dnik\u00f3w nazistami i stwierdzi\u0142, \u017ce Bennett, kt\u00f3ry ma pewne cechy wsp\u00f3lne z Hitlerem, kieruje si\u0119 \u201emorderczym instynktem\u201d, \u201enieustannym poczuciem ni\u017cszo\u015bci\u201d i ch\u0119ci\u0105 obrony \u201efa\u0142szywego poczucia nacjonalizmu&#8221;.\u00a0Artyku\u0142 zosta\u0142 ponownie opublikowany na stronie internetowej, a tak\u017ce opublikowany na kontach medi\u00f3w spo\u0142eczno\u015bciowych \u201eAl-Rai\u201d, 21 maja.\u00a0<\/em><\/p>\n<p><em>Nale\u017cy zauwa\u017cy\u0107, \u017ce w ostatnich tygodniach, po\u015br\u00f3d wydarze\u0144 w Al-Aksa i wynikaj\u0105cych z nich napi\u0119\u0107 mi\u0119dzy Izraelem a Jordani\u0105, jorda\u0144ska gazeta pa\u0144stwowa \u201e<\/em><em>Al-Rai\u201d opublikowa\u0142a kilka zjadliwych artyku\u0142\u00f3w przeciwko Izraelowi, z kt\u00f3rych cz\u0119\u015b\u0107 zawiera\u0142a r\u00f3wnie\u017c twierdzenia antysemickie i negowanie Holocaustu.\u00a0<\/em><a href=\"https:\/\/www.memri.org\/reports\/jordans-al-rai-daily-continues-incitement-article-claims-israeli-prime-minister-bennett-nazi#_edn1\"><strong><em>[1]<\/em><\/strong><\/a><em> Dwa z tych artyku\u0142\u00f3w tak\u017ce by\u0142y autorstwa Rad\u017cy Talaba.\u00a0W jednym popar\u0142 o\u015bwiadczenie rosyjskiego ministra spraw zagranicznych Siergieja \u0141awrowa, kt\u00f3ry powiedzia\u0142, \u017ce Hitler by\u0142 \u017bydem, a w drugim twierdzi\u0142, \u017ce Izrael wyolbrzymia zakres Holocaustu i fa\u0142szuje jego szczeg\u00f3\u0142y, i uzna\u0142 za ma\u0142o prawdopodobne, by sze\u015b\u0107 milion\u00f3w \u017byd\u00f3w zgin\u0119\u0142o w Holocau\u015bcie.<\/em><\/p>\n<p><img loading=\"lazy\" decoding=\"async\" class=\"alignnone size-full wp-image-17390\" src=\"https:\/\/www2.memri.org\/polish\/wp-content\/uploads\/2022\/05\/sd99788_0-1.jpg\" width=\"726\" height=\"730\" srcset=\"https:\/\/www2.memri.org\/polish\/wp-content\/uploads\/2022\/05\/sd99788_0-1.jpg 726w, https:\/\/www2.memri.org\/polish\/wp-content\/uploads\/2022\/05\/sd99788_0-1-298x300.jpg 298w, https:\/\/www2.memri.org\/polish\/wp-content\/uploads\/2022\/05\/sd99788_0-1-150x150.jpg 150w, https:\/\/www2.memri.org\/polish\/wp-content\/uploads\/2022\/05\/sd99788_0-1-600x603.jpg 600w, https:\/\/www2.memri.org\/polish\/wp-content\/uploads\/2022\/05\/sd99788_0-1-696x700.jpg 696w, https:\/\/www2.memri.org\/polish\/wp-content\/uploads\/2022\/05\/sd99788_0-1-418x420.jpg 418w\" sizes=\"auto, (max-width: 726px) 100vw, 726px\" \/><br \/>\nRad\u017ca Taleb (\u0179r\u00f3d\u0142: Facebook.com\/raja.talab.9)<\/p>\n<p><img loading=\"lazy\" decoding=\"async\" class=\"alignnone size-full wp-image-17391\" src=\"https:\/\/www2.memri.org\/polish\/wp-content\/uploads\/2022\/05\/sd99788a.jpg\" width=\"335\" height=\"349\" srcset=\"https:\/\/www2.memri.org\/polish\/wp-content\/uploads\/2022\/05\/sd99788a.jpg 335w, https:\/\/www2.memri.org\/polish\/wp-content\/uploads\/2022\/05\/sd99788a-288x300.jpg 288w\" sizes=\"auto, (max-width: 335px) 100vw, 335px\" \/><br \/>\nArtyku\u0142 na stronie Al-Rai na Twitterze (Twitter.com\/alrai, 22 maja 2022)<\/p>\n<p><em>Poni\u017cej podajemy przet\u0142umaczone fragmenty jego artyku\u0142u:\u00a0<\/em><a href=\"https:\/\/www.memri.org\/reports\/jordans-al-rai-daily-continues-incitement-article-claims-israeli-prime-minister-bennett-nazi#_edn2\"><strong><em>[2]<\/em><\/strong><\/a><\/p>\n<p>Naftali Bennett i jego rodzina, kt\u00f3rzy przybyli z Kalifornii do Palestyny \u200b\u200bw 1967 roku, nie maj\u0105 wi\u0119kszego zwi\u0105zku [z t\u0105 ziemi\u0105] ni\u017c drzewko oliwki lub figi [niedawno] zasadzone na palesty\u0144skiej ziemi. Podobnie jak wi\u0119kszo\u015b\u0107 tych, kt\u00f3rzy nazywaj\u0105 siebie \u201eIzraelczykami\u201d, nie maj\u0105 \u017cadnego zwi\u0105zku z t\u0105 ziemi\u0105 ani tym regionem. S\u0105 potomkami Chazar\u00f3w ze wschodniej Europy i nie maj\u0105 nic wsp\u00f3lnego z ras\u0105 semick\u0105 [pod wzgl\u0119dem] gen\u00f3w ani nawet wygl\u0105du. [Izraelczycy] przybyli do Palestyny uciekaj\u0105c przed ub\u00f3stwem i g\u0142odem po II wojnie \u015bwiatowej lub szukaj\u0105c \u201ewolno\u015bci&#8221; od sowieckich i socjalistycznych re\u017cim\u00f3w totalitarnych epoki zimnej wojny. W ka\u017cdym razie ich imigracja do Palestyny \u200b\u200bzosta\u0142a im dana jako darmowy prezent od Agencji \u017bydowskiej dla Izraela\u2026 kt\u00f3ry nadzorowa\u0142 projekt imigracyjny pod kusz\u0105cym has\u0142em \u201eLepsze \u017cycie w Ziemi Obiecanej\u201d.<\/p>\n<p>To jest ziemia, o kt\u00f3rej nic nie wiedz\u0105 i nigdy nie s\u0142yszeli [przed emigracj\u0105 do niej]. Ale to, co rzuca si\u0119 w oczy i jest zawstydzaj\u0105ce u tych ludzi, to fakt, \u017ce stali si\u0119 niepohamowanymi ekstremistami [w swoim stosunku do] Palesty\u0144czyk\u00f3w i Arab\u00f3w\u2026 W\u015br\u00f3d tych [ ekstremist\u00f3w] s\u0105 Naftali Bennett, [izraelski minister finans\u00f3w] Avigdor Lieberman i [by\u0142y premier Izraela] Benjamin Netanjahu. Bennett, kt\u00f3ry by\u0142 przewodnicz\u0105cym Rady Osiedlenia,\u00a0<a href=\"https:\/\/www.memri.org\/reports\/jordans-al-rai-daily-continues-incitement-article-claims-israeli-prime-minister-bennett-nazi#_edn3\">[3]<\/a>\u00a0jest najbardziej ekstremistyczny spo\u015br\u00f3d nich\u2026<\/p>\n<p>Trzej wymienieni powy\u017cej s\u0105 nazistami [w ich stosunku] do narodu palesty\u0144skiego. Nie czuj\u0105 wstydu, wyrzut\u00f3w sumienia ani poczucia odpowiedzialno\u015bci, kiedy dr\u0119cz\u0105 Palesty\u0144czyka, czy to dziecko, kobiet\u0119, m\u0142odego m\u0119\u017cczyzn\u0119 czy osob\u0119 starsz\u0105. Ich morderczemu instynktowi [wynikaj\u0105cemu z potrzeby] wykazania si\u0119, towarzyszy ci\u0105g\u0142e poczucie ni\u017cszo\u015bci i potrzeba obrony ich fa\u0142szywego nacjonalizmu. To sk\u0142ania\u0142o ich i nadal sk\u0142ania do pope\u0142niania zbrodni i chwalenia si\u0119 nimi w celu zdobycia powszechnego poparcia wewn\u0105trz tworu [tj. Izraela], kt\u00f3ry wci\u0105\u017c poszukuje swojej to\u017csamo\u015bci kulturowej i historycznej.<\/p>\n<p>Naftali Bennett \u2013 kt\u00f3ry pochodzi z zamo\u017cnego \u015brodowiska, bo jest milionerem z rzekomo liberalnej [cz\u0119\u015bci] \u015bwiata, a mianowicie Ameryki \u2013 pr\u00f3buje zbudowa\u0107 now\u0105 to\u017csamo\u015b\u0107, kt\u00f3rej istot\u0105 jest \u201ejudaizm ekstremistyczny\u201d, i okazuje jedynie formalne [cechy] religijne, kt\u00f3re wyra\u017anie nie maj\u0105 zwi\u0105zku z histori\u0105 judaizmu ani z \u017bydami. Upiera si\u0119 przy noszeniu jarmu\u0142ki na g\u0142owie, aby pokaza\u0107, \u017ce jest pobo\u017cnym \u017bydem. Naftali Bennett nale\u017cy do nowego pokolenia syjonist\u00f3w, kt\u00f3ry g\u0142upio przyj\u0105\u0142 teori\u0119, \u017ce nie ma czego\u015b takiego jak nar\u00f3d palesty\u0144ski\u2026<\/p>\n<p>To Bennett podj\u0105\u0142 decyzj\u0119 o zamordowaniu Shireen Abu 'Akleh. Nie mo\u017cemy pozwoli\u0107 sobie na chowanie g\u0142\u00f3w w piasek i pytanie, kto wystrzeli\u0142 kul\u0119 w t\u0119 bohatersk\u0105 m\u0119czennic\u0119, podczas gdy wszyscy wiedz\u0105, \u017ce to Bennett musi by\u0107 decydentem, gdy chodzi o tak powa\u017cn\u0105 spraw\u0119. To on poleci\u0142 policji brutalne zachowanie w celu powstrzymania nios\u0105cych trumn\u0119 m\u0119czennicy Shireen i kt\u00f3ry histerycznie walczy\u0142 z obecno\u015bci\u0105 flagi palesty\u0144skiej, co \u015bwiadczy o jego s\u0142abo\u015bci ideologicznej i duchowej w obliczu tej flagi i jej symbolicznego znaczenia.<\/p>\n<p>Bennett i Hitler maj\u0105 dwie wsp\u00f3lne cechy. Pierwsza to pozbawienie ludzi \u017cycia i wolno\u015bci na podstawie czysto rasowej i przekonanie, \u017ce tylko ludzie jednego rodzaju maj\u0105 prawo do \u017cycia i wolno\u015bci. Druga to przekonanie, \u017ce morderstwo i eksterminacja innego to czyny bohaterskie, a nie zbrodnie lub okrucie\u0144stwa. Hitler postanowi\u0142 pope\u0142ni\u0107 samob\u00f3jstwo i napisa\u0142 swoj\u0105 decyzj\u0119 na notatce, kt\u00f3r\u0105 da\u0142 najbli\u017cszej mu osobie, swojej \u017conie Evie Brown, aby unikn\u0105\u0107 publicznej egzekucji, jak Mussolini. Naftali Bennett jest wci\u0105\u017c m\u0142ody i powinien wiedzie\u0107, \u017ce ha\u0144ba b\u0119dzie go prze\u015bladowa\u0107 w imieniu Shireen Abu 'Akleh, a\u017c w ko\u0144cu go zabije.<\/p>\n<hr \/>\n<p><a name=\"_edn1\"><\/a><a href=\"https:\/\/www.memri.org\/reports\/jordans-al-rai-daily-continues-incitement-article-claims-israeli-prime-minister-bennett-nazi#_ednref1\">[1]<\/a>\u00a0See MEMRI Special Dispatch No. 9961 \u2013\u00a0<a href=\"https:\/\/www.memri.org\/reports\/antisemitic-messaging-jordanian-state-daily-lavrovs-claim-hitler-was-jewish-correct-israel\">Antisemitic Messaging In Jordanian State Daily: Lavrov&#8217;s Claim That Hitler Was Jewish Is Correct; Israel Exploits, Exaggerates The Holocaust<\/a>, May 12, 2022.<\/p>\n<p><a name=\"_edn2\"><\/a><a href=\"https:\/\/www.memri.org\/reports\/jordans-al-rai-daily-continues-incitement-article-claims-israeli-prime-minister-bennett-nazi#_ednref2\">[2]<\/a>\u00a0Alrai.com, May 16, 21, 2022.<\/p>\n<p><a name=\"_edn3\"><\/a><a href=\"https:\/\/www.memri.org\/reports\/jordans-al-rai-daily-continues-incitement-article-claims-israeli-prime-minister-bennett-nazi#_ednref3\">[3]<\/a>\u00a0In 2010-2011 Bennett served as director of the Yesha Council, the umbrella organization of municipal councils of Jewish settlements in the West Bank.<\/p>\n","protected":false},"excerpt":{"rendered":"<p>16 maja 2022 r. na stronie internetowej jorda\u0144skiej gazety pa\u0144stwowej \u201e\u00a0Al-Rai\u201d ukaza\u0142 si\u0119 artyku\u0142 dziennikarza Rad\u017cy Talaba zatytu\u0142owany \u201eNaftali Bennett \u2013 nazista z jarmu\u0142k\u0105\u201d.\u00a0W artykule autor twierdzi\u0142, \u017ce izraelski premier Naftali Bennett nakaza\u0142 zamordowa\u0107 reporterk\u0119 Al-D\u017caziry Shireen Abu 'Akleh, kt\u00f3ra zgin\u0119\u0142a 11 maja 2022 roku w strzelaninie mi\u0119dzy palesty\u0144skimi terrorystami a izraelskimi si\u0142ami zbrojnymi w [&hellip;]<\/p>\n","protected":false},"author":1,"featured_media":17390,"comment_status":"closed","ping_status":"closed","sticky":false,"template":"","format":"standard","meta":{"footnotes":""},"categories":[824,835,837],"tags":[908,956],"class_list":["post-17388","post","type-post","status-publish","format-standard","has-post-thumbnail","hentry","category-specjalne-komunikaty","category-archiwum","category-kraje","tag-izrael","tag-holocauscie"],"_links":{"self":[{"href":"https:\/\/www2.memri.org\/polish\/wp-json\/wp\/v2\/posts\/17388","targetHints":{"allow":["GET"]}}],"collection":[{"href":"https:\/\/www2.memri.org\/polish\/wp-json\/wp\/v2\/posts"}],"about":[{"href":"https:\/\/www2.memri.org\/polish\/wp-json\/wp\/v2\/types\/post"}],"author":[{"embeddable":true,"href":"https:\/\/www2.memri.org\/polish\/wp-json\/wp\/v2\/users\/1"}],"replies":[{"embeddable":true,"href":"https:\/\/www2.memri.org\/polish\/wp-json\/wp\/v2\/comments?post=17388"}],"version-history":[{"count":1,"href":"https:\/\/www2.memri.org\/polish\/wp-json\/wp\/v2\/posts\/17388\/revisions"}],"predecessor-version":[{"id":17392,"href":"https:\/\/www2.memri.org\/polish\/wp-json\/wp\/v2\/posts\/17388\/revisions\/17392"}],"wp:featuredmedia":[{"embeddable":true,"href":"https:\/\/www2.memri.org\/polish\/wp-json\/wp\/v2\/media\/17390"}],"wp:attachment":[{"href":"https:\/\/www2.memri.org\/polish\/wp-json\/wp\/v2\/media?parent=17388"}],"wp:term":[{"taxonomy":"category","embeddable":true,"href":"https:\/\/www2.memri.org\/polish\/wp-json\/wp\/v2\/categories?post=17388"},{"taxonomy":"post_tag","embeddable":true,"href":"https:\/\/www2.memri.org\/polish\/wp-json\/wp\/v2\/tags?post=17388"}],"curies":[{"name":"wp","href":"https:\/\/api.w.org\/{rel}","templated":true}]}}