{"id":16971,"date":"2022-02-16T19:46:28","date_gmt":"2022-02-16T18:46:28","guid":{"rendered":"https:\/\/www2.memri.org\/polish\/?p=16971"},"modified":"2022-02-16T20:02:08","modified_gmt":"2022-02-16T19:02:08","slug":"byly-iranski-ambasador-w-australii-i-meksyku-mohammad-hassan-ghadiri-abjaneh-po-antysemickich-uwagach-mowi-rouhani-jest-zdrajca-ahmadinezad-ma-urojenia-zarif-jest-tchorzem","status":"publish","type":"post","link":"https:\/\/www2.memri.org\/polish\/byly-iranski-ambasador-w-australii-i-meksyku-mohammad-hassan-ghadiri-abjaneh-po-antysemickich-uwagach-mowi-rouhani-jest-zdrajca-ahmadinezad-ma-urojenia-zarif-jest-tchorzem\/16971","title":{"rendered":"By\u0142y ira\u0144ski ambasador w Australii i Meksyku, Mohammad-Hassan Ghadiri-Abjaneh po antysemickich uwagach m\u00f3wi: Rouhani jest zdrajc\u0105, Ahmadine\u017cad ma urojenia, Zarif jest tch\u00f3rzem"},"content":{"rendered":"<p><i><span style=\"font-weight: 400;\">W wywiadzie zamieszczonym w Javanan.tv 14stycznia 2022 r. by\u0142y ira\u0144ski ambasador w Australii i Meksyku, Mohammad-Hassan Ghadiri-Abjaneh, krytykowa\u0142 by\u0142ych przyw\u00f3dc\u00f3w ira\u0144skich. Powiedzia\u0142, \u017ce by\u0142y prezydent Hassan Rouhani &#8222;zdrajc\u0105&#8221;, kt\u00f3ry zas\u0142uguje na ch\u0142ost\u0119 i odebranie szat religijnego uczonego. Ghadiri-Abjaneh powiedzia\u0142 tak\u017ce, \u017ce podejrzewa Rouhaniego, jak r\u00f3wnie\u017c by\u0142ego prezydenta Ahmadine\u017cada, o zadowolenie z \u201em\u0119cze\u0144stwa\u201d dow\u00f3dcy Si\u0142y Kuds IRGC, genera\u0142a Kasema Solejmaniego. W dodatku Ghadiri-Abjaneh powiedzia\u0142, \u017ce by\u0142y prezydent Mohammad Chatami &#8222;nie nadaje si\u0119 do niczego&#8221; a by\u0142y minister spraw zagranicznych Mohammad D\u017cavad Zarif jest &#8222;tch\u00f3rzem&#8221;. W innym momencie wywiadu Ghadiri-Abjaneh powiedzia\u0142, \u017ce \u017bydzi wnikaj\u0105 do bogatych i mo\u017cnych nie\u017cydowskich rodzin i \u017ce stopa \u015bmiertelno\u015bci w tych rodzinach nast\u0119pnie wzrasta, \u017ceby \u017bydzi otrzymali wi\u0119ksz\u0105 cz\u0119\u015b\u0107 spadku. Ponadto Ghadiri-Abjaneh twierdzi\u0142, \u017ce izraelska flaga reprezentuje wiar\u0119 \u017byd\u00f3w, \u017ce obszar geograficzny mi\u0119dzy rzekami Nilu i Eufratu, kt\u00f3ry, jak powiedzia\u0142, obejmuje 20 kraj\u00f3w i zawiera Mekk\u0119 i Medyn\u0119, nale\u017cy do Izraela. Wi\u0119cej informacji o ambasadorze Ghadiri-Abjanehu znajduje si\u0119 w klipach MEMRI TV nr <\/span><\/i><a href=\"https:\/\/www.memri.org\/tv\/fmr-iran-ambassador-mexico-australia-ghadiri-abyaneh-germans-got-rid-jews-who-plundered-them\"><i><span style=\"font-weight: 400;\">8918<\/span><\/i><\/a><i><span style=\"font-weight: 400;\">\u00a0i\u00a0<\/span><\/i><a href=\"https:\/\/www.memri.org\/tv\/former-iranian-diplomat-we-accept-nazis-operated-crematoria-and-gas-chambers-hiroshima-and\"><i><span style=\"font-weight: 400;\">998<\/span><\/i><\/a><i><span style=\"font-weight: 400;\">.<\/span><\/i><\/p>\n<p><b>Aby zobaczy\u0107 klip z Ghadiri-Abjanehem w MEMRI TV, kliknij\u00a0<\/b><a href=\"https:\/\/www.memri.org\/tv\/fmr-iranian-ambassador-australia-mexico-abyaneh-criticizes-former-leaders-traitors-cowards\"><b>tutaj<\/b><\/a><b>\u00a0lub poni\u017cej.<\/b><\/p>\n<p><b>Flaga Izraela reprezentuje wiar\u0119 kraju, \u017ce \u201c20 kraj\u00f3w, w\u0142\u0105cznie z Mekk\u0105 i Medyn\u0105, nale\u017cy do syjonist\u00f3w\u201d\u00a0<\/b><\/p>\n<p><b>Dziennikarka:\u00a0<\/b><span style=\"font-weight: 400;\">Je\u015bli chcia\u0142by pan wymieni\u0107 jednego wysokiego rang\u0105 przedstawiciela Iranu z ostatnich lat, kt\u00f3ry zas\u0142u\u017cy\u0142 na ch\u0142ost\u0119, kogo by pan wybra\u0142?\u00a0<\/span><\/p>\n<p><img loading=\"lazy\" decoding=\"async\" class=\"alignnone size-full wp-image-16973\" src=\"https:\/\/www2.memri.org\/polish\/wp-content\/uploads\/2022\/02\/MTV9365-1.jpg\" width=\"720\" height=\"378\" srcset=\"https:\/\/www2.memri.org\/polish\/wp-content\/uploads\/2022\/02\/MTV9365-1.jpg 720w, https:\/\/www2.memri.org\/polish\/wp-content\/uploads\/2022\/02\/MTV9365-1-300x158.jpg 300w, https:\/\/www2.memri.org\/polish\/wp-content\/uploads\/2022\/02\/MTV9365-1-600x315.jpg 600w, https:\/\/www2.memri.org\/polish\/wp-content\/uploads\/2022\/02\/MTV9365-1-696x365.jpg 696w\" sizes=\"auto, (max-width: 720px) 100vw, 720px\" \/><\/p>\n<p><img loading=\"lazy\" decoding=\"async\" class=\"alignnone size-full wp-image-16974\" src=\"https:\/\/www2.memri.org\/polish\/wp-content\/uploads\/2022\/02\/MTV93651.jpg\" width=\"720\" height=\"370\" srcset=\"https:\/\/www2.memri.org\/polish\/wp-content\/uploads\/2022\/02\/MTV93651.jpg 720w, https:\/\/www2.memri.org\/polish\/wp-content\/uploads\/2022\/02\/MTV93651-300x154.jpg 300w, https:\/\/www2.memri.org\/polish\/wp-content\/uploads\/2022\/02\/MTV93651-600x308.jpg 600w, https:\/\/www2.memri.org\/polish\/wp-content\/uploads\/2022\/02\/MTV93651-696x358.jpg 696w\" sizes=\"auto, (max-width: 720px) 100vw, 720px\" \/><\/p>\n<p><b>Mohammad-Hassan Ghadiri-Abjaneh:\u00a0<\/b><span style=\"font-weight: 400;\"> Pana Rouhaniego. W dodatku powinien on by\u0107 pozbawiony szaty religijnego uczonego, moim zdaniem. Jego islam jest angielskim islamem.<\/span><\/p>\n<p><img loading=\"lazy\" decoding=\"async\" class=\"alignnone size-full wp-image-16975\" src=\"https:\/\/www2.memri.org\/polish\/wp-content\/uploads\/2022\/02\/MTV93652.jpg\" width=\"720\" height=\"371\" srcset=\"https:\/\/www2.memri.org\/polish\/wp-content\/uploads\/2022\/02\/MTV93652.jpg 720w, https:\/\/www2.memri.org\/polish\/wp-content\/uploads\/2022\/02\/MTV93652-300x155.jpg 300w, https:\/\/www2.memri.org\/polish\/wp-content\/uploads\/2022\/02\/MTV93652-600x309.jpg 600w, https:\/\/www2.memri.org\/polish\/wp-content\/uploads\/2022\/02\/MTV93652-696x359.jpg 696w\" sizes=\"auto, (max-width: 720px) 100vw, 720px\" \/><\/p>\n<p><span style=\"font-weight: 400;\">[&#8230;]<\/span><\/p>\n<p><span style=\"font-weight: 400;\">\u017bydzi maj\u0105 ksi\u0105\u017ck\u0119 zwan\u0105 Talmudem. To jest ich ksi\u0105\u017cka prawoznawstwa i napisano j\u0105 1500 lat temu. M\u00f3wi, \u017ce \u017cydowskim dziewczynom nie wolno wychodzi\u0107 za m\u0105\u017c za nie\u017cydowskich m\u0119\u017cczyzn, chyba \u017ce s\u0105 to kr\u00f3lowie lub bardzo bogaci ludzie. Ale chodzi tu o co\u015b innego. Kiedy \u017byd\u00f3wka w\u017cenia si\u0119 w rodzin\u0119 bogactwa lub w\u0142adzy, stopa \u015bmiertelno\u015bci w tej rodzinie wzrasta, a wi\u0119c ro\u015bnie udzia\u0142 w spadku dla tego cz\u0142owieka, kt\u00f3ry o\u017ceni\u0142 si\u0119 z \u017byd\u00f3wk\u0105.<\/span><\/p>\n<p><img loading=\"lazy\" decoding=\"async\" class=\"alignnone size-full wp-image-16976\" src=\"https:\/\/www2.memri.org\/polish\/wp-content\/uploads\/2022\/02\/MTV93653.jpg\" width=\"720\" height=\"374\" srcset=\"https:\/\/www2.memri.org\/polish\/wp-content\/uploads\/2022\/02\/MTV93653.jpg 720w, https:\/\/www2.memri.org\/polish\/wp-content\/uploads\/2022\/02\/MTV93653-300x156.jpg 300w, https:\/\/www2.memri.org\/polish\/wp-content\/uploads\/2022\/02\/MTV93653-600x312.jpg 600w, https:\/\/www2.memri.org\/polish\/wp-content\/uploads\/2022\/02\/MTV93653-696x362.jpg 696w\" sizes=\"auto, (max-width: 720px) 100vw, 720px\" \/><\/p>\n<p><img loading=\"lazy\" decoding=\"async\" class=\"alignnone size-full wp-image-16977\" src=\"https:\/\/www2.memri.org\/polish\/wp-content\/uploads\/2022\/02\/MTV93654.jpg\" width=\"720\" height=\"369\" srcset=\"https:\/\/www2.memri.org\/polish\/wp-content\/uploads\/2022\/02\/MTV93654.jpg 720w, https:\/\/www2.memri.org\/polish\/wp-content\/uploads\/2022\/02\/MTV93654-300x154.jpg 300w, https:\/\/www2.memri.org\/polish\/wp-content\/uploads\/2022\/02\/MTV93654-600x308.jpg 600w, https:\/\/www2.memri.org\/polish\/wp-content\/uploads\/2022\/02\/MTV93654-696x357.jpg 696w\" sizes=\"auto, (max-width: 720px) 100vw, 720px\" \/><\/p>\n<p><img loading=\"lazy\" decoding=\"async\" class=\"alignnone size-full wp-image-16978\" src=\"https:\/\/www2.memri.org\/polish\/wp-content\/uploads\/2022\/02\/MTV93655.jpg\" width=\"720\" height=\"374\" srcset=\"https:\/\/www2.memri.org\/polish\/wp-content\/uploads\/2022\/02\/MTV93655.jpg 720w, https:\/\/www2.memri.org\/polish\/wp-content\/uploads\/2022\/02\/MTV93655-300x156.jpg 300w, https:\/\/www2.memri.org\/polish\/wp-content\/uploads\/2022\/02\/MTV93655-600x312.jpg 600w, https:\/\/www2.memri.org\/polish\/wp-content\/uploads\/2022\/02\/MTV93655-696x362.jpg 696w\" sizes=\"auto, (max-width: 720px) 100vw, 720px\" \/><\/p>\n<p>&nbsp;<\/p>\n<p><span style=\"font-weight: 400;\">[&#8230;]<\/span><\/p>\n<p><span style=\"font-weight: 400;\">S\u0105dz\u0119, \u017ce Rouhani m\u00f3g\u0142 nawet radowa\u0107 si\u0119 z m\u0119cze\u0144stwa Solejmaniego i z wyeliminowania go, i to samo dotyczy Ahmadine\u017cada&#8221;.<\/span><\/p>\n<p><img loading=\"lazy\" decoding=\"async\" class=\"alignnone size-full wp-image-16979\" src=\"https:\/\/www2.memri.org\/polish\/wp-content\/uploads\/2022\/02\/MTV93656.jpg\" width=\"720\" height=\"371\" srcset=\"https:\/\/www2.memri.org\/polish\/wp-content\/uploads\/2022\/02\/MTV93656.jpg 720w, https:\/\/www2.memri.org\/polish\/wp-content\/uploads\/2022\/02\/MTV93656-300x155.jpg 300w, https:\/\/www2.memri.org\/polish\/wp-content\/uploads\/2022\/02\/MTV93656-600x309.jpg 600w, https:\/\/www2.memri.org\/polish\/wp-content\/uploads\/2022\/02\/MTV93656-696x359.jpg 696w\" sizes=\"auto, (max-width: 720px) 100vw, 720px\" \/><\/p>\n<p><img loading=\"lazy\" decoding=\"async\" class=\"alignnone size-full wp-image-16980\" src=\"https:\/\/www2.memri.org\/polish\/wp-content\/uploads\/2022\/02\/MTV93657.jpg\" width=\"720\" height=\"368\" srcset=\"https:\/\/www2.memri.org\/polish\/wp-content\/uploads\/2022\/02\/MTV93657.jpg 720w, https:\/\/www2.memri.org\/polish\/wp-content\/uploads\/2022\/02\/MTV93657-300x153.jpg 300w, https:\/\/www2.memri.org\/polish\/wp-content\/uploads\/2022\/02\/MTV93657-600x307.jpg 600w, https:\/\/www2.memri.org\/polish\/wp-content\/uploads\/2022\/02\/MTV93657-696x356.jpg 696w\" sizes=\"auto, (max-width: 720px) 100vw, 720px\" \/><\/p>\n<p><b>Dziennikarka:\u00a0<\/b><span style=\"font-weight: 400;\">Jak zawsze na koniec program m\u00f3wimy kilka s\u0142\u00f3w do naszego go\u015bcia i prosimy go, by powiedzia\u0142, jakie ma uczucia wobec tych s\u0142\u00f3w.<\/span><\/p>\n<p><span style=\"font-weight: 400;\">[&#8230;]<\/span><\/p>\n<p><span style=\"font-weight: 400;\">Flaga Izraela.<\/span><\/p>\n<p><b>Ghadiri-Abyaneh:\u00a0<\/b><span style=\"font-weight: 400;\">Ma dwa niebieskie pasy, kt\u00f3re reprezentuj\u0105 rzeki Nil i Eufrat. To znaczy, \u017ce ca\u0142y obszar mi\u0119dzy tymi dwiema rzekami, kt\u00f3ry obejmuje 20 kraj\u00f3w, jak te\u017c Mek\u0119 i Medyn\u0119, nale\u017cy do syjonist\u00f3w.\u00a0\u00a0<\/span><\/p>\n<p><span style=\"font-weight: 400;\">[&#8230;]<\/span><\/p>\n<p><b>By\u0142y prezydent Rouhani jest &#8222;zdrajc\u0105&#8221;; by\u0142y prezydent Ahmadine\u017cad ma &#8222;urojenia&#8221;; by\u0142y minister spraw zagranicznych Zarif jest &#8222;twch\u00f3rzem&#8221;<\/b><\/p>\n<p><b>Dziennikarka:\u00a0<\/b><span style=\"font-weight: 400;\">Trump&#8230;<\/span><\/p>\n<p><b>Ghadiri-Abjaneh:\u00a0<\/b><span style=\"font-weight: 400;\">G\u0142upi cz\u0142owiek.<\/span><\/p>\n<p><b>Dziennikarka:\u00a0<\/b><span style=\"font-weight: 400;\">Hassan Rouhani&#8230;<\/span><\/p>\n<p><b>Ghadiri-Abjaneh:\u00a0<\/b><span style=\"font-weight: 400;\">Zdrajca.<\/span><\/p>\n<p><img loading=\"lazy\" decoding=\"async\" class=\"alignnone size-full wp-image-16981\" src=\"https:\/\/www2.memri.org\/polish\/wp-content\/uploads\/2022\/02\/MTV93658.jpg\" width=\"720\" height=\"377\" srcset=\"https:\/\/www2.memri.org\/polish\/wp-content\/uploads\/2022\/02\/MTV93658.jpg 720w, https:\/\/www2.memri.org\/polish\/wp-content\/uploads\/2022\/02\/MTV93658-300x157.jpg 300w, https:\/\/www2.memri.org\/polish\/wp-content\/uploads\/2022\/02\/MTV93658-600x314.jpg 600w, https:\/\/www2.memri.org\/polish\/wp-content\/uploads\/2022\/02\/MTV93658-696x364.jpg 696w\" sizes=\"auto, (max-width: 720px) 100vw, 720px\" \/><\/p>\n<p><b>Dziennikarka:\u00a0<\/b><span style=\"font-weight: 400;\">Pan Ahmadina\u017ced&#8230;<\/span><\/p>\n<p><b>Ghadiri-Abjaneh:\u00a0<\/b><span style=\"font-weight: 400;\">Ma urojenia.<\/span><\/p>\n<p><img loading=\"lazy\" decoding=\"async\" class=\"alignnone size-full wp-image-16982\" src=\"https:\/\/www2.memri.org\/polish\/wp-content\/uploads\/2022\/02\/MTV93659.jpg\" width=\"720\" height=\"367\" srcset=\"https:\/\/www2.memri.org\/polish\/wp-content\/uploads\/2022\/02\/MTV93659.jpg 720w, https:\/\/www2.memri.org\/polish\/wp-content\/uploads\/2022\/02\/MTV93659-300x153.jpg 300w, https:\/\/www2.memri.org\/polish\/wp-content\/uploads\/2022\/02\/MTV93659-600x306.jpg 600w, https:\/\/www2.memri.org\/polish\/wp-content\/uploads\/2022\/02\/MTV93659-696x355.jpg 696w\" sizes=\"auto, (max-width: 720px) 100vw, 720px\" \/><\/p>\n<p><span style=\"font-weight: 400;\">[&#8230;]<\/span><\/p>\n<p><b>Dziennikarka:\u00a0<\/b><span style=\"font-weight: 400;\"> [By\u0142y prezydent] Mohammad Chatami&#8230;<\/span><\/p>\n<p><b>Ghadiri-Abjaneh:\u00a0<\/b><span style=\"font-weight: 400;\">Do niczego si\u0119 nie nadaje.<\/span><\/p>\n<p><b>Dziennikarka:\u00a0<\/b><span style=\"font-weight: 400;\">Mohammad D\u017cavad Zarif&#8230;<\/span><\/p>\n<p><b>Ghadiri-Abjaneh:\u00a0<\/b><span style=\"font-weight: 400;\">Tch\u00f3rz. Jest przera\u017cony i poci\u0105ga go Zach\u00f3d.\u00a0<\/span><\/p>\n<p><img loading=\"lazy\" decoding=\"async\" class=\"alignnone size-full wp-image-16983\" src=\"https:\/\/www2.memri.org\/polish\/wp-content\/uploads\/2022\/02\/MTV936510.jpg\" width=\"720\" height=\"380\" srcset=\"https:\/\/www2.memri.org\/polish\/wp-content\/uploads\/2022\/02\/MTV936510.jpg 720w, https:\/\/www2.memri.org\/polish\/wp-content\/uploads\/2022\/02\/MTV936510-300x158.jpg 300w, https:\/\/www2.memri.org\/polish\/wp-content\/uploads\/2022\/02\/MTV936510-600x317.jpg 600w, https:\/\/www2.memri.org\/polish\/wp-content\/uploads\/2022\/02\/MTV936510-696x367.jpg 696w\" sizes=\"auto, (max-width: 720px) 100vw, 720px\" \/><\/p>\n","protected":false},"excerpt":{"rendered":"<p>W wywiadzie zamieszczonym w Javanan.tv 14stycznia 2022 r. by\u0142y ira\u0144ski ambasador w Australii i Meksyku, Mohammad-Hassan Ghadiri-Abjaneh, krytykowa\u0142 by\u0142ych przyw\u00f3dc\u00f3w ira\u0144skich. Powiedzia\u0142, \u017ce by\u0142y prezydent Hassan Rouhani &#8222;zdrajc\u0105&#8221;, kt\u00f3ry zas\u0142uguje na ch\u0142ost\u0119 i odebranie szat religijnego uczonego. Ghadiri-Abjaneh powiedzia\u0142 tak\u017ce, \u017ce podejrzewa Rouhaniego, jak r\u00f3wnie\u017c by\u0142ego prezydenta Ahmadine\u017cada, o zadowolenie z \u201em\u0119cze\u0144stwa\u201d dow\u00f3dcy Si\u0142y Kuds [&hellip;]<\/p>\n","protected":false},"author":1,"featured_media":16973,"comment_status":"closed","ping_status":"closed","sticky":false,"template":"","format":"standard","meta":{"footnotes":""},"categories":[824,827,835,837],"tags":[869],"class_list":["post-16971","post","type-post","status-publish","format-standard","has-post-thumbnail","hentry","category-specjalne-komunikaty","category-iran","category-archiwum","category-kraje","tag-iran"],"_links":{"self":[{"href":"https:\/\/www2.memri.org\/polish\/wp-json\/wp\/v2\/posts\/16971","targetHints":{"allow":["GET"]}}],"collection":[{"href":"https:\/\/www2.memri.org\/polish\/wp-json\/wp\/v2\/posts"}],"about":[{"href":"https:\/\/www2.memri.org\/polish\/wp-json\/wp\/v2\/types\/post"}],"author":[{"embeddable":true,"href":"https:\/\/www2.memri.org\/polish\/wp-json\/wp\/v2\/users\/1"}],"replies":[{"embeddable":true,"href":"https:\/\/www2.memri.org\/polish\/wp-json\/wp\/v2\/comments?post=16971"}],"version-history":[{"count":1,"href":"https:\/\/www2.memri.org\/polish\/wp-json\/wp\/v2\/posts\/16971\/revisions"}],"predecessor-version":[{"id":16984,"href":"https:\/\/www2.memri.org\/polish\/wp-json\/wp\/v2\/posts\/16971\/revisions\/16984"}],"wp:featuredmedia":[{"embeddable":true,"href":"https:\/\/www2.memri.org\/polish\/wp-json\/wp\/v2\/media\/16973"}],"wp:attachment":[{"href":"https:\/\/www2.memri.org\/polish\/wp-json\/wp\/v2\/media?parent=16971"}],"wp:term":[{"taxonomy":"category","embeddable":true,"href":"https:\/\/www2.memri.org\/polish\/wp-json\/wp\/v2\/categories?post=16971"},{"taxonomy":"post_tag","embeddable":true,"href":"https:\/\/www2.memri.org\/polish\/wp-json\/wp\/v2\/tags?post=16971"}],"curies":[{"name":"wp","href":"https:\/\/api.w.org\/{rel}","templated":true}]}}