{"id":1681,"date":"2011-03-18T00:00:00","date_gmt":"2011-03-18T00:00:00","guid":{"rendered":"http:\/\/www2.memri.org\/polaco\/libijski-przywodca-muammar-al-kaddafi-grozi-francji-w-nastepstwie-wezwania-sarkozyego-do-nalotow-powietrznych-na-libie\/1681"},"modified":"2011-03-18T00:00:00","modified_gmt":"2011-03-18T00:00:00","slug":"libijski-przywodca-muammar-al-kaddafi-grozi-francji-w-nastepstwie-wezwania-sarkozyego-do-nalotow-powietrznych-na-libie","status":"publish","type":"post","link":"https:\/\/www2.memri.org\/polish\/libijski-przywodca-muammar-al-kaddafi-grozi-francji-w-nastepstwie-wezwania-sarkozyego-do-nalotow-powietrznych-na-libie\/1681","title":{"rendered":"Libijski przyw\u00f3dca Muammar Al-Kaddafi grozi Francji w nast\u0119pstwie wezwania Sarkozy\u2019ego do nalot\u00f3w powietrznych na Libi\u0119"},"content":{"rendered":"<div class=\"bodytext c1\">\n<p><em>Poni\u017cej podajemy fragmenty przem\u00f3wienia wyg\u0142oszonego przez libijskiego przyw\u00f3dc\u0119 Muammara Al-Kaddafiego, kt\u00f3re nada\u0142a Al-D\u017camahirija TV (Libia) on 15 marca 2011 r<\/em>.<\/p>\n<p><em>\u017beby zobaczy\u0107 ten klip w MEMRI TV, odwied\u017a<\/em> <a href=\"http:\/\/www.memritv.org\/clip\/en\/0\/0\/0\/0\/0\/0\/2856.htm\"><em>http:\/\/www.memritv.org\/clip\/en\/0\/0\/0\/0\/0\/0\/2861.htm<\/em><\/a> <em>.<\/em><\/p>\n<p><em><img decoding=\"async\" border=\"0\" src=\"http:\/\/www.memri.org\/image\/6639.jpg\" \/><\/em><\/p>\n<p><strong>Muammar Al-Kaddafi<\/strong>: Prawd\u0105 jest, \u017ce nie ma \u017cadnego problem w Libii. Nic wa\u017cnego si\u0119 nie wydarzy\u0142o, wiec na pocz\u0105tku nawet tego nie relacjonowali\u015bmy. Ukryli\u015bmy to, co si\u0119 zdarzy\u0142o i uznali\u015bmy to za lekkomy\u015blny czyn.<\/p>\n<p>To zdarza\u0142o si\u0119 wiele razy w przesz\u0142o\u015bci. To zdarzy\u0142o si\u0119 w 1982 r., kiedy kilka zb\u0142\u0105kanych ps\u00f3w przenikn\u0119\u0142o do Libii. Z\u0142apali\u015bmy ich w kilku mieszkaniach. Pami\u0119tacie to. Masy przetrz\u0105sn\u0119\u0142y to miejsce i rozdepta\u0142y je pod stopami. My\u015bleli\u015bmy, \u017ce to te same gryzonie i psy przenikn\u0119\u0142y tym razem\u2026<\/p>\n<p>Ale tym razem\u2026 Zrozumieli\u015bmy, \u017ce to nie chodzi o te gryzonie ze \u015brodka Libii. Byli ludzie, kt\u00f3rzy wykorzystali t\u0119 nic nieznacz\u0105c\u0105 akcj\u0119. [\u2026]<\/p>\n<p>Starli\u015bmy si\u0119 z nimi wcze\u015bniej, ale media dzisiejsze nie s\u0105 mediami z 1982 r. Wykorzystali media i przedstawili \u015bwiatu obraz, jaki nie istnieje w Libii. Powiedzieli, \u017ce by\u0142y demonstracje, mimo \u017ce nie by\u0142o ani jednej demonstracji w Libii. Powiedzieli, \u017ce by\u0142a strzelanina, ale ani jeden demonstruj\u0105cy nie zosta\u0142 zastrzelony, poniewa\u017c nikt nie demonstrowa\u0142. Powiedzieli, \u017ce by\u0142y tysi\u0105ce ofiar \u015bmiertelnych, kiedy by\u0142o tylko 200 poleg\u0142ych w\u015br\u00f3d policji, armii i tych gryzoni, kt\u00f3re zaatakowa\u0142y posterunek policji. [\u2026]<\/p>\n<p>I oto Francja zacz\u0119\u0142a podnosi\u0107 g\u0142ow\u0119, m\u00f3wi\u0107 o uderzeniu Libii. My\u015blisz, \u017ce zaatakowanie Libii jest \u0142atw\u0105 rzecz\u0105, ty idioto?<\/p>\n<p>Uderzymy w was. Uderzymy w was w Algierii, uderzymy w was w Wietnamie\u2026 Uderzymy was. Wy uderzycie nas?! Tylko przyjd\u017acie i spr\u00f3bujcie. [\u2026]<\/p>\n<p>Zacz\u0119li m\u00f3wi\u0107, \u017ce Al-Kaddafi musi zrezygnowa\u0107. Zrezygnowa\u0107 z czego?! Wy powinni\u015bcie zrezygnowa\u0107, wy zbrodniarze, wy koloniali\u015bci. Wy zrezygnujcie! Stawiam im wyzwanie, by przyznali swoim ludziom wolno\u015b\u0107 tak\u0105, jak wolno\u015b\u0107\u2026 jak\u0105 ja przyznaj\u0119 ludowi libijskiemu. Stawiam im wyzwanie. Stawiam im wyzwanie, by przyznali wolno\u015b\u0107 Amerykanom, Brytyjczykom i Francuzom. Zobaczmy, jak oddaj\u0105 swoje stanowiska. Zobaczmy, jak rezygnuj\u0105 i pozwalaj\u0105 swoim ludziom, by rz\u0105dzili si\u0119 sami. Nigdy tego nie zrobi\u0105.<\/p>\n<p>Rz\u0105dz\u0105 swoimi lud\u017ami dyktatorskimi \u015brodkami: parti\u0105 republika\u0144sk\u0105, parti\u0105 demokratyczn\u0105, parti\u0105 chrze\u015bcija\u0144sk\u0105, parti\u0105 centrow\u0105, parti\u0105 prawicow\u0105, parti\u0105 lewicow\u0105\u2026 To s\u0105 dyktatorskie, kapitalistyczne \u015brodki do mielenia lud\u00f3w. [\u2026]<\/p>\n<p>B\u0119dziemy walczy\u0107, \u017ceby broni\u0107 naszej ropy do samego ko\u0144ca. Nigdy nie uda wam si\u0119 przej\u0105\u0107 kontroli nad t\u0105 rop\u0105, poniewa\u017c lud libijski b\u0119dzie ca\u0142kowicie unicestwiony, zanim dobierzecie si\u0119 do ropy. Ta ropa jest naszym \u017cyciem i nigdy nie pozwolimy jakiejkolwiek nieodpowiedzialnej stronie majstrowa\u0107 przy naszej ropie \u2013 portach, polach naftowych, ropoci\u0105gach. Musz\u0105 one by\u0107 pod ca\u0142kowit\u0105 kontrol\u0105 i w\u0142asno\u015bci\u0105 ludu libijskiego.<\/p>\n<\/div>\n","protected":false},"excerpt":{"rendered":"<p>Poni\u017cej podajemy fragmenty przem\u00f3wienia wyg\u0142oszonego przez libijskiego przyw\u00f3dc\u0119 Muammara Al-Kaddafiego, kt\u00f3re nada\u0142a Al-D\u017camahirija TV (Libia) on 15 marca 2011 r. \u017beby zobaczy\u0107 ten klip w MEMRI TV, odwied\u017a http:\/\/www.memritv.org\/clip\/en\/0\/0\/0\/0\/0\/0\/2861.htm . Muammar Al-Kaddafi: Prawd\u0105 jest, \u017ce nie ma \u017cadnego problem w Libii. Nic wa\u017cnego si\u0119 nie wydarzy\u0142o, wiec na pocz\u0105tku nawet tego nie relacjonowali\u015bmy. Ukryli\u015bmy to, [&hellip;]<\/p>\n","protected":false},"author":1,"featured_media":0,"comment_status":"open","ping_status":"closed","sticky":false,"template":"","format":"standard","meta":{"footnotes":""},"categories":[824,835,837,842],"tags":[],"class_list":["post-1681","post","type-post","status-publish","format-standard","hentry","category-specjalne-komunikaty","category-archiwum","category-kraje","category-afryka"],"_links":{"self":[{"href":"https:\/\/www2.memri.org\/polish\/wp-json\/wp\/v2\/posts\/1681","targetHints":{"allow":["GET"]}}],"collection":[{"href":"https:\/\/www2.memri.org\/polish\/wp-json\/wp\/v2\/posts"}],"about":[{"href":"https:\/\/www2.memri.org\/polish\/wp-json\/wp\/v2\/types\/post"}],"author":[{"embeddable":true,"href":"https:\/\/www2.memri.org\/polish\/wp-json\/wp\/v2\/users\/1"}],"replies":[{"embeddable":true,"href":"https:\/\/www2.memri.org\/polish\/wp-json\/wp\/v2\/comments?post=1681"}],"version-history":[{"count":0,"href":"https:\/\/www2.memri.org\/polish\/wp-json\/wp\/v2\/posts\/1681\/revisions"}],"wp:attachment":[{"href":"https:\/\/www2.memri.org\/polish\/wp-json\/wp\/v2\/media?parent=1681"}],"wp:term":[{"taxonomy":"category","embeddable":true,"href":"https:\/\/www2.memri.org\/polish\/wp-json\/wp\/v2\/categories?post=1681"},{"taxonomy":"post_tag","embeddable":true,"href":"https:\/\/www2.memri.org\/polish\/wp-json\/wp\/v2\/tags?post=1681"}],"curies":[{"name":"wp","href":"https:\/\/api.w.org\/{rel}","templated":true}]}}