{"id":1679,"date":"2011-03-17T00:00:00","date_gmt":"2011-03-17T00:00:00","guid":{"rendered":"http:\/\/www2.memri.org\/polaco\/abd-al-fattah-junis-byly-libijski-minister-spraw-wewnetrznych-ktory-dolaczyl-do-buntownikow-hillary-clinton-zachowuje-sie-jakby-byla-sekretarka-kaddafiego\/1679"},"modified":"2011-03-17T00:00:00","modified_gmt":"2011-03-17T00:00:00","slug":"abd-al-fattah-junis-byly-libijski-minister-spraw-wewnetrznych-ktory-dolaczyl-do-buntownikow-hillary-clinton-zachowuje-sie-jakby-byla-sekretarka-kaddafiego","status":"publish","type":"post","link":"https:\/\/www2.memri.org\/polish\/abd-al-fattah-junis-byly-libijski-minister-spraw-wewnetrznych-ktory-dolaczyl-do-buntownikow-hillary-clinton-zachowuje-sie-jakby-byla-sekretarka-kaddafiego\/1679","title":{"rendered":"Abd Al-Fattah Junis, by\u0142y libijski minister spraw wewn\u0119trznych, kt\u00f3ry do\u0142\u0105czy\u0142 do buntownik\u00f3w: Hillary Clinton zachowuje si\u0119, jakby by\u0142a sekretark\u0105 Kaddafiego"},"content":{"rendered":"<div class=\"bodytext c1\">\n<p><em>Poni\u017cej podajemy fragmenty wywiadu z by\u0142ym libijskim ministrem spraw wewn\u0119trznych Abd Al-Fattahem Junisem, kt\u00f3ry do\u0142\u0105czy\u0142 do buntownik\u00f3w. Wywiad nada\u0142a Al-Arabiya TV 13 marca 2011 r.<\/em><\/p>\n<p><em>\u017beby zobaczy\u0107 ten klip w MEMRI TV, odwied\u017a<\/em> <a href=\"http:\/\/www.memritv.org\/clip\/en\/0\/0\/0\/0\/0\/0\/2860.htm\"><em>http:\/\/www.memritv.org\/clip\/en\/0\/0\/0\/0\/0\/0\/2860.htm<\/em><\/a> <em>.<\/em><\/p>\n<p><em><img decoding=\"async\" border=\"0\" src=\"http:\/\/www.memri.org\/image\/6607.JPG\" \/><\/em><\/p>\n<p><strong>Mieszane reakcje kraj\u00f3w arabskich<\/strong><\/p>\n<p><strong>Dziennikarz<\/strong>: Czy potrzebna wam jest pomoc wojskowa w postaci wyposa\u017cenia i broni?<\/p>\n<p><strong>Abd Al-Fattah Junis<\/strong>: By\u0142y oferty od wielu przyjaznych kraj\u00f3w i to, co nam potrzebne, to we\u017amiemy. Otrzymujemy znacz\u0105c\u0105 pomoc od wielu przyjaznych kraj\u00f3w i od kraj\u00f3w arabskich. Pomoc zacz\u0119\u0142a przybywa\u0107. [\u2026]<\/p>\n<p><strong>Dziennikarz<\/strong>: Jaki jest pana pogl\u0105d na reakcj\u0119 arabsk\u0105 \u2013 jest nieco sp\u00f3\u017aniona w stosunku do reakcji mi\u0119dzynarodowej?<\/p>\n<p><strong>Abd Al-Fattah Junis<\/strong>: Absolutnie. Gdzie jeste\u015bcie, arabscy bracia?! Gdzie jeste\u015bcie, kiedy krew arabska rozlewa si\u0119 w Afryce P\u00f3\u0142nocnej, w Libii? Gdzie jeste\u015bcie, kiedy wasi krewni, kiedy sama Libia jest codziennie masakrowana i mia\u017cd\u017cona bombardowaniem z powietrza? Gdzie jeste\u015bcie, o Arabowie, kiedy Francja, kt\u00f3ra nie jest krajem arabskim ani muzu\u0142ma\u0144skim, jest pierwszym krajem, kt\u00f3ry uzna\u0142 wolne, ludowe, rewolucyjne w\u0142adze w Libii? Gdzie jeste\u015bcie, o Arabowie?! Ale r\u00f3wnocze\u015bnie salutuj\u0119 krajom Rady Wsp\u00f3\u0142pracy Zatoki, bo byli wspaniali. [Minister spraw zagranicznych Zjednoczonych Emirat\u00f3w Arabskich] ksi\u0105\u017c\u0119 Abdallah bin Zajid, zadzwoni\u0142 do mnie ponad pi\u0119\u0107 dni temu i powiedzia\u0142: \u201ePro\u015bcie o cokolwiek. Jeste\u015bmy z wami\u201d. [\u2026]<\/p>\n<p>Je\u015bli chodzi o Algieri\u0119 i Syri\u0119 \u2013 przykro mi powiedzie\u0107, \u017ce odrzucaj\u0105 oni stref\u0119 zakazan\u0105 dla samolot\u00f3w. Nie wiem dlaczego. Jak pan wie: \u201ePrawdziwych przyjaci\u00f3\u0142 poznaje si\u0119 w biedzie\u201d. Je\u015bli oni uwa\u017caj\u0105 si\u0119 za przyjaci\u00f3\u0142 ludu libijskiego, to musz\u0105 zaj\u0105\u0107 prawdziwe stanowisko. Je\u015bli s\u0105 przyjaci\u00f3\u0142mi Al-Kaddafiego, to niech to powiedz\u0105 i na tym koniec. W ten spos\u00f3b b\u0119dziemy wiedzieli, kim s\u0105 nasi przyjaciele, a kim s\u0105 nasi wrogowie.<\/p>\n<p><strong>Pochwa\u0142a stanowiska francuskiego i brytyjskiego, krytyka Niemiec<\/strong><\/p>\n<p>Francja odgrywa nies\u0142ychan\u0105 rol\u0119. Rozmawia\u0142em z francuskim ministrem spraw zagranicznych, Alainem Juppe trzy razy i by\u0142 on [tak przyjazny], \u017ce mo\u017cna by pomy\u015ble\u0107, i\u017c zaraz wyskoczy z telefonu i usi\u0105dzie obok mnie. Prosz\u0119 sobie tylko wyobrazi\u0107 \u2013 to jest Francuz. To prawda, jest on do\u015bwiadczonym politykiem, by\u0142ym premierem, gaullist\u0105, wybitn\u0105 osob\u0105.<\/p>\n<p>To samo dotyczy pana Williama Hague\u2019a, brytyjskiego ministra spraw zagranicznych, kt\u00f3ry rozmawia\u0142 ze mn\u0105 trzy razy. Nigdy nie zapomnimy stanowiska przyj\u0119tego przez Wielk\u0105 Brytani\u0119 i Francj\u0119.<\/p>\n<p>Stanowisko Niemiec jest godne ubolewania. Merkel m\u00f3wi, \u017ce w celu narzucenia strefy zakazanej dla samolot\u00f3w musz\u0105 istnie\u0107 pewne warunki albo te\u017c, \u017ce jest to niepotrzebne.<\/p>\n<p><strong>&#8222;Wypowiedzi Clinton powoduj\u0105, \u017ce my\u015blisz, i\u017c pracuje ona z Al-Kaddafim\u201d<\/strong><\/p>\n<p>Niekt\u00f3re kraje nie doros\u0142y do oczekiwa\u0144. W rzeczywisto\u015bci mam problem z USA. Wypowiedzi Clinton powoduj\u0105, \u017ce my\u015blisz, i\u017c pracuje ona u Kaddafiego jako jego sekretarka albo co\u015b [takiego]. Obama sk\u0142ada deklaracje, ale jego sekretarz stanu, kt\u00f3ra dyktuje warunki, m\u00f3wi inne rzeczy. To naprawd\u0119 jest dziwne. [\u2026]<\/p>\n<p><strong>&#8222;Og\u00f3lnie m\u00f3wi\u0105c, stanowisko spo\u0142eczno\u015bci mi\u0119dzynarodowej by\u0142o s\u0142abe\u201d<\/strong><\/p>\n<p><strong>Dziennikarz<\/strong>: Je\u015bli chodzi o wasze \u017c\u0105danie narzucenia strefy zakazu przelotu samolot\u00f3w nad Libi\u0105, czy my\u015bli pan, \u017ce spo\u0142eczno\u015b\u0107 mi\u0119dzynarodowa jest bardzo sp\u00f3\u017aniona z narzuceniem tego?<\/p>\n<p><strong>Abd Al-Fattah Junis<\/strong>: Absolutnie. Zagraniczni reporterzy s\u0105 w ca\u0142ej Libii i oni mog\u0105 zobaczy\u0107 masakry i szpitale, kt\u00f3re s\u0105 pe\u0142ne rannych i martwych. Czy ci ludzie nie s\u0105 istotami ludzkimi? To s\u0105 wybitne istoty ludzkie, najbardziej szlachetnego rodzaju \u2013 buntownicy.<\/p>\n<p>Og\u00f3lnie m\u00f3wi\u0105c, stanowisko spo\u0142eczno\u015bci mi\u0119dzynarodowej by\u0142o s\u0142abe, do teraz. ONZ i Rada Bezpiecze\u0144stwa pozostaj\u0105 niezdecydowane. W odr\u00f3\u017cnieniu od tego Wielka Brytania i Francja oznajmi\u0142y dzisiaj, \u017ce przygotowuj\u0105 przeprowadzenie niezb\u0119dnych uderze\u0144, bez czekania na ONZ. Albo NATO [uderzy], albo oni sami. To jest niezb\u0119dne.<\/p>\n<p>Powinni powstrzyma\u0107 te wrogie samoloty przed zabijaniem ludu libijskiego. Tyle. Chcemy, \u017ceby weszli mi\u0119dzy nasze si\u0142y i si\u0142y re\u017cimu.<\/p>\n<p><strong>Dziennikarz<\/strong>: Dlaczego pana zdaniem mi\u0119dzynarodowa spo\u0142eczno\u015b\u0107 tak si\u0119 op\u00f3\u017ania?<\/p>\n<p><strong>Abd Al-Fattah Junis<\/strong>: Tu chodzi o interesy, bracie, powiedzia\u0142em im w wi\u0119cej ni\u017c jednym wywiadzie, \u017ce on podpali rop\u0119 i uderzy w szyby naftowe. Ju\u017c zacz\u0105\u0142 bombardowa\u0107 rezerwuary ropy naftowej. Kto korzysta z tej ropy? Nasi europejscy s\u0105siedzi. Nasi europejscy s\u0105siedzi musz\u0105 zaj\u0105\u0107 zdecydowane stanowisko. Powinni p\u00f3j\u015b\u0107 w \u015blady Francji i Wielkiej Brytanii. [\u2026]<\/p>\n<p>Dla mnie to jest bolesne. By\u0142em koleg\u0105 [Al-Kaddafiego] przez 43 lata i znam wszystkie jego dzieci. Modl\u0119 si\u0119, by Allah ocali\u0142 jego dzieci, niezale\u017cnie od wszystkiego. To s\u0105 dzieci ludu libijskiego, a lud libijski jest dobrotliwym ludem. Jego os\u0105dzi historia, jak te\u017c spo\u0142eczno\u015b\u0107 mi\u0119dzynarodowa. My, Libijczycy b\u0119dziemy tymi, kt\u00f3rzy go os\u0105dz\u0105. Ca\u0142y \u015bwiat czeka na niego. [\u2026]<\/p>\n<\/div>\n","protected":false},"excerpt":{"rendered":"<p>Poni\u017cej podajemy fragmenty wywiadu z by\u0142ym libijskim ministrem spraw wewn\u0119trznych Abd Al-Fattahem Junisem, kt\u00f3ry do\u0142\u0105czy\u0142 do buntownik\u00f3w. Wywiad nada\u0142a Al-Arabiya TV 13 marca 2011 r. \u017beby zobaczy\u0107 ten klip w MEMRI TV, odwied\u017a http:\/\/www.memritv.org\/clip\/en\/0\/0\/0\/0\/0\/0\/2860.htm . Mieszane reakcje kraj\u00f3w arabskich Dziennikarz: Czy potrzebna wam jest pomoc wojskowa w postaci wyposa\u017cenia i broni? Abd Al-Fattah Junis: By\u0142y [&hellip;]<\/p>\n","protected":false},"author":1,"featured_media":0,"comment_status":"open","ping_status":"closed","sticky":false,"template":"","format":"standard","meta":{"footnotes":""},"categories":[824,835,837,842],"tags":[],"class_list":["post-1679","post","type-post","status-publish","format-standard","hentry","category-specjalne-komunikaty","category-archiwum","category-kraje","category-afryka"],"_links":{"self":[{"href":"https:\/\/www2.memri.org\/polish\/wp-json\/wp\/v2\/posts\/1679","targetHints":{"allow":["GET"]}}],"collection":[{"href":"https:\/\/www2.memri.org\/polish\/wp-json\/wp\/v2\/posts"}],"about":[{"href":"https:\/\/www2.memri.org\/polish\/wp-json\/wp\/v2\/types\/post"}],"author":[{"embeddable":true,"href":"https:\/\/www2.memri.org\/polish\/wp-json\/wp\/v2\/users\/1"}],"replies":[{"embeddable":true,"href":"https:\/\/www2.memri.org\/polish\/wp-json\/wp\/v2\/comments?post=1679"}],"version-history":[{"count":0,"href":"https:\/\/www2.memri.org\/polish\/wp-json\/wp\/v2\/posts\/1679\/revisions"}],"wp:attachment":[{"href":"https:\/\/www2.memri.org\/polish\/wp-json\/wp\/v2\/media?parent=1679"}],"wp:term":[{"taxonomy":"category","embeddable":true,"href":"https:\/\/www2.memri.org\/polish\/wp-json\/wp\/v2\/categories?post=1679"},{"taxonomy":"post_tag","embeddable":true,"href":"https:\/\/www2.memri.org\/polish\/wp-json\/wp\/v2\/tags?post=1679"}],"curies":[{"name":"wp","href":"https:\/\/api.w.org\/{rel}","templated":true}]}}