{"id":16588,"date":"2021-12-02T20:00:43","date_gmt":"2021-12-02T19:00:43","guid":{"rendered":"https:\/\/www2.memri.org\/polish\/?p=16588"},"modified":"2021-12-02T20:00:43","modified_gmt":"2021-12-02T19:00:43","slug":"dyrektor-wykonawczy-cair-nihad-awad-na-konferencji-w-chicago-ambasada-usa-musi-powrocic-do-tel-awiwu-ktory-jest-pod-okupacja-i-zostanie-wyzwolony-pozniej-jestesmy-oburzeni-brakiem-respektu-admini","status":"publish","type":"post","link":"https:\/\/www2.memri.org\/polish\/dyrektor-wykonawczy-cair-nihad-awad-na-konferencji-w-chicago-ambasada-usa-musi-powrocic-do-tel-awiwu-ktory-jest-pod-okupacja-i-zostanie-wyzwolony-pozniej-jestesmy-oburzeni-brakiem-respektu-admini\/16588","title":{"rendered":"Dyrektor wykonawczy CAIR, Nihad Awad, na konferencji w Chicago: Ambasada USA musi powr\u00f3ci\u0107 do Tel Awiwu, kt\u00f3ry jest pod okupacj\u0105 i zostanie wyzwolony p\u00f3\u017aniej; Jeste\u015bmy oburzeni brakiem respektu administracji Bidena dla palesty\u0144skich praw cz\u0142owieka"},"content":{"rendered":"<p>Dyrektor wykonawczy Council on American\u2013Islamic Relations (CAIR), Nihad Awad, powiedzia\u0142, \u017ce administracja Bidena musi przenie\u015b\u0107 ameryka\u0144sk\u0105 ambasad\u0119 z powrotem z Jerozolimy do Tel Awiwu, dodaj\u0105c, \u017ce Tel Awiw tak\u017ce jest okupowany, ale \u201ezostanie wyzwolony p\u00f3\u017aniej\u201d. Awad przemawia\u0142 na dorocznej konferencji American Muslims for Palestine (AMP) w Chicago 27 listopada 2021 r. Powiedzia\u0142: &#8222;Oczywi\u015bcie, jeste\u015bmy oburzeni brakiem szacunku tej administracji dla godno\u015bci praw cz\u0142owieka Palesty\u0144czyk\u00f3w\u201d. Awad wezwa\u0142 swoj\u0105 publiczno\u015b\u0107 do wywierania nacisk\u00f3w na administracj\u0119 Bidena, by \u201codwr\u00f3ci\u0142\u201d to, co zrobi\u0142 prezydent Trump. Wi\u0119cej informacji o Nihadzie Awadzie, patrz klipy MEMRI TV nr 3536, 3701, i 5279.<br \/>\nKonferencja odbywa\u0142a si\u0119 w Chicago w dniach 25-27 listopada 2021 r. i by\u0142a nadawana na \u017cywo na kanale YouTube American Muslims for Palestine (AMP). Obecna tam by\u0142a Linda Sarsour (patrz klipy MEMRI TV nr 6935, 6808 i 6111), Lamis Deek (patrz MEMRI TV nr 3430) i Taher Herzallah (patrz MEMRI TV nr 7071).<br \/>\nAby zobaczy\u0107 klip z Nihadem Awadem w MEMRI TV, kliknij tutaj lub poni\u017cej.<br \/>\nNihad Awad: Powiedzieli\u015bmy, \u017ce ta administracja, administracja Bidena, musi odwr\u00f3ci\u0107 to, co zrobi\u0142 Trump.<\/p>\n<p><img loading=\"lazy\" decoding=\"async\" class=\"aligncenter size-full wp-image-16589\" src=\"https:\/\/www2.memri.org\/polish\/wp-content\/uploads\/2021\/12\/we-said.jpg\" alt=\"\" width=\"650\" height=\"366\" srcset=\"https:\/\/www2.memri.org\/polish\/wp-content\/uploads\/2021\/12\/we-said.jpg 650w, https:\/\/www2.memri.org\/polish\/wp-content\/uploads\/2021\/12\/we-said-300x169.jpg 300w, https:\/\/www2.memri.org\/polish\/wp-content\/uploads\/2021\/12\/we-said-600x338.jpg 600w\" sizes=\"auto, (max-width: 650px) 100vw, 650px\" \/><\/p>\n<p><img loading=\"lazy\" decoding=\"async\" class=\"aligncenter size-full wp-image-16590\" src=\"https:\/\/www2.memri.org\/polish\/wp-content\/uploads\/2021\/12\/has-to-undo.jpg\" alt=\"\" width=\"650\" height=\"367\" srcset=\"https:\/\/www2.memri.org\/polish\/wp-content\/uploads\/2021\/12\/has-to-undo.jpg 650w, https:\/\/www2.memri.org\/polish\/wp-content\/uploads\/2021\/12\/has-to-undo-300x169.jpg 300w, https:\/\/www2.memri.org\/polish\/wp-content\/uploads\/2021\/12\/has-to-undo-600x339.jpg 600w\" sizes=\"auto, (max-width: 650px) 100vw, 650px\" \/><\/p>\n<p>[&#8230;]<br \/>\nOczywi\u015bcie, jeste\u015bmy oburzeni brakiem szacunku tej administracji dla godno\u015bci praw cz\u0142owieka Palesty\u0144czyk\u00f3w.<\/p>\n<p><img loading=\"lazy\" decoding=\"async\" class=\"aligncenter size-full wp-image-16591\" src=\"https:\/\/www2.memri.org\/polish\/wp-content\/uploads\/2021\/12\/obviously.jpg\" alt=\"\" width=\"650\" height=\"367\" srcset=\"https:\/\/www2.memri.org\/polish\/wp-content\/uploads\/2021\/12\/obviously.jpg 650w, https:\/\/www2.memri.org\/polish\/wp-content\/uploads\/2021\/12\/obviously-300x169.jpg 300w, https:\/\/www2.memri.org\/polish\/wp-content\/uploads\/2021\/12\/obviously-600x339.jpg 600w\" sizes=\"auto, (max-width: 650px) 100vw, 650px\" \/><\/p>\n<p><img loading=\"lazy\" decoding=\"async\" class=\"aligncenter size-full wp-image-16592\" src=\"https:\/\/www2.memri.org\/polish\/wp-content\/uploads\/2021\/12\/for-the.jpg\" alt=\"\" width=\"651\" height=\"368\" srcset=\"https:\/\/www2.memri.org\/polish\/wp-content\/uploads\/2021\/12\/for-the.jpg 651w, https:\/\/www2.memri.org\/polish\/wp-content\/uploads\/2021\/12\/for-the-300x170.jpg 300w, https:\/\/www2.memri.org\/polish\/wp-content\/uploads\/2021\/12\/for-the-600x339.jpg 600w\" sizes=\"auto, (max-width: 651px) 100vw, 651px\" \/><\/p>\n<p>&nbsp;<\/p>\n<p>[&#8230;]<br \/>\n&#8222;Musimy naciska\u0107 na administracj\u0119, by przenios\u0142a ambasad\u0119 z powrotem do Tel Awiwu, kt\u00f3ry, z wol\u0105 Allaha, b\u0119dzie wyzwolony p\u00f3\u017aniej\u201d<br \/>\nMusimy walczy\u0107, musimy przenie\u015b\u0107 walk\u0119 na drug\u0105 stron\u0119. Przeniesienie [ameryka\u0144skiej] ambasady, naszej ambasady, z Tel Awiwu, kt\u00f3ry jest okupowany, do [Jerozolimy], miasta, kt\u00f3re ma by\u0107 chronione przez mi\u0119dzynarodowe prawo, przeniesienie tej ambasady\u2026 Nie powinni\u015bmy traktowa\u0107 tego jako de facto\u2026 Musimy naciska\u0107 na administracj\u0119, by przenios\u0142a ambasad\u0119 z powrotem do Tel Awiwu, kt\u00f3ry, z wol\u0105 Allaha, b\u0119dzie wyzwolony p\u00f3\u017aniej.<\/p>\n<p><img loading=\"lazy\" decoding=\"async\" class=\"aligncenter size-full wp-image-16593\" src=\"https:\/\/www2.memri.org\/polish\/wp-content\/uploads\/2021\/12\/we-have-to.jpg\" alt=\"\" width=\"651\" height=\"368\" srcset=\"https:\/\/www2.memri.org\/polish\/wp-content\/uploads\/2021\/12\/we-have-to.jpg 651w, https:\/\/www2.memri.org\/polish\/wp-content\/uploads\/2021\/12\/we-have-to-300x170.jpg 300w, https:\/\/www2.memri.org\/polish\/wp-content\/uploads\/2021\/12\/we-have-to-600x339.jpg 600w\" sizes=\"auto, (max-width: 651px) 100vw, 651px\" \/><\/p>\n<p><img loading=\"lazy\" decoding=\"async\" class=\"aligncenter size-full wp-image-16594\" src=\"https:\/\/www2.memri.org\/polish\/wp-content\/uploads\/2021\/12\/moving-the.jpg\" alt=\"\" width=\"651\" height=\"368\" srcset=\"https:\/\/www2.memri.org\/polish\/wp-content\/uploads\/2021\/12\/moving-the.jpg 651w, https:\/\/www2.memri.org\/polish\/wp-content\/uploads\/2021\/12\/moving-the-300x170.jpg 300w, https:\/\/www2.memri.org\/polish\/wp-content\/uploads\/2021\/12\/moving-the-600x339.jpg 600w\" sizes=\"auto, (max-width: 651px) 100vw, 651px\" \/><\/p>\n<p><img loading=\"lazy\" decoding=\"async\" class=\"aligncenter size-full wp-image-16595\" src=\"https:\/\/www2.memri.org\/polish\/wp-content\/uploads\/2021\/12\/from-tel-v.jpg\" alt=\"\" width=\"650\" height=\"368\" srcset=\"https:\/\/www2.memri.org\/polish\/wp-content\/uploads\/2021\/12\/from-tel-v.jpg 650w, https:\/\/www2.memri.org\/polish\/wp-content\/uploads\/2021\/12\/from-tel-v-300x170.jpg 300w, https:\/\/www2.memri.org\/polish\/wp-content\/uploads\/2021\/12\/from-tel-v-600x340.jpg 600w\" sizes=\"auto, (max-width: 650px) 100vw, 650px\" \/><\/p>\n<p><img loading=\"lazy\" decoding=\"async\" class=\"aligncenter size-full wp-image-16596\" src=\"https:\/\/www2.memri.org\/polish\/wp-content\/uploads\/2021\/12\/to-jerusalem.jpg\" alt=\"\" width=\"650\" height=\"368\" srcset=\"https:\/\/www2.memri.org\/polish\/wp-content\/uploads\/2021\/12\/to-jerusalem.jpg 650w, https:\/\/www2.memri.org\/polish\/wp-content\/uploads\/2021\/12\/to-jerusalem-300x170.jpg 300w, https:\/\/www2.memri.org\/polish\/wp-content\/uploads\/2021\/12\/to-jerusalem-600x340.jpg 600w\" sizes=\"auto, (max-width: 650px) 100vw, 650px\" \/><\/p>\n<p><img loading=\"lazy\" decoding=\"async\" class=\"aligncenter size-full wp-image-16597\" src=\"https:\/\/www2.memri.org\/polish\/wp-content\/uploads\/2021\/12\/we-have-to-1.jpg\" alt=\"\" width=\"651\" height=\"368\" srcset=\"https:\/\/www2.memri.org\/polish\/wp-content\/uploads\/2021\/12\/we-have-to-1.jpg 651w, https:\/\/www2.memri.org\/polish\/wp-content\/uploads\/2021\/12\/we-have-to-1-300x170.jpg 300w, https:\/\/www2.memri.org\/polish\/wp-content\/uploads\/2021\/12\/we-have-to-1-600x339.jpg 600w\" sizes=\"auto, (max-width: 651px) 100vw, 651px\" \/><\/p>\n<p><img loading=\"lazy\" decoding=\"async\" class=\"aligncenter size-full wp-image-16598\" src=\"https:\/\/www2.memri.org\/polish\/wp-content\/uploads\/2021\/12\/and-allah.jpg\" alt=\"\" width=\"651\" height=\"368\" srcset=\"https:\/\/www2.memri.org\/polish\/wp-content\/uploads\/2021\/12\/and-allah.jpg 651w, https:\/\/www2.memri.org\/polish\/wp-content\/uploads\/2021\/12\/and-allah-300x170.jpg 300w, https:\/\/www2.memri.org\/polish\/wp-content\/uploads\/2021\/12\/and-allah-600x339.jpg 600w\" sizes=\"auto, (max-width: 651px) 100vw, 651px\" \/><\/p>\n","protected":false},"excerpt":{"rendered":"<p>Dyrektor wykonawczy Council on American\u2013Islamic Relations (CAIR), Nihad Awad, powiedzia\u0142, \u017ce administracja Bidena musi przenie\u015b\u0107 ameryka\u0144sk\u0105 ambasad\u0119 z powrotem z Jerozolimy do Tel Awiwu, dodaj\u0105c, \u017ce Tel Awiw tak\u017ce jest okupowany, ale \u201ezostanie wyzwolony p\u00f3\u017aniej\u201d. Awad przemawia\u0142 na dorocznej konferencji American Muslims for Palestine (AMP) w Chicago 27 listopada 2021 r. Powiedzia\u0142: &#8222;Oczywi\u015bcie, jeste\u015bmy oburzeni [&hellip;]<\/p>\n","protected":false},"author":1,"featured_media":16594,"comment_status":"closed","ping_status":"closed","sticky":false,"template":"","format":"standard","meta":{"footnotes":""},"categories":[824,828,835,837],"tags":[881,887,891],"class_list":["post-16588","post","type-post","status-publish","format-standard","has-post-thumbnail","hentry","category-specjalne-komunikaty","category-autonomia-palestynska","category-archiwum","category-kraje","tag-usa","tag-islamu","tag-palestynskie"],"_links":{"self":[{"href":"https:\/\/www2.memri.org\/polish\/wp-json\/wp\/v2\/posts\/16588","targetHints":{"allow":["GET"]}}],"collection":[{"href":"https:\/\/www2.memri.org\/polish\/wp-json\/wp\/v2\/posts"}],"about":[{"href":"https:\/\/www2.memri.org\/polish\/wp-json\/wp\/v2\/types\/post"}],"author":[{"embeddable":true,"href":"https:\/\/www2.memri.org\/polish\/wp-json\/wp\/v2\/users\/1"}],"replies":[{"embeddable":true,"href":"https:\/\/www2.memri.org\/polish\/wp-json\/wp\/v2\/comments?post=16588"}],"version-history":[{"count":1,"href":"https:\/\/www2.memri.org\/polish\/wp-json\/wp\/v2\/posts\/16588\/revisions"}],"predecessor-version":[{"id":16599,"href":"https:\/\/www2.memri.org\/polish\/wp-json\/wp\/v2\/posts\/16588\/revisions\/16599"}],"wp:featuredmedia":[{"embeddable":true,"href":"https:\/\/www2.memri.org\/polish\/wp-json\/wp\/v2\/media\/16594"}],"wp:attachment":[{"href":"https:\/\/www2.memri.org\/polish\/wp-json\/wp\/v2\/media?parent=16588"}],"wp:term":[{"taxonomy":"category","embeddable":true,"href":"https:\/\/www2.memri.org\/polish\/wp-json\/wp\/v2\/categories?post=16588"},{"taxonomy":"post_tag","embeddable":true,"href":"https:\/\/www2.memri.org\/polish\/wp-json\/wp\/v2\/tags?post=16588"}],"curies":[{"name":"wp","href":"https:\/\/api.w.org\/{rel}","templated":true}]}}