{"id":1654,"date":"2011-03-08T00:00:00","date_gmt":"2011-03-08T00:00:00","guid":{"rendered":"http:\/\/www2.memri.org\/polaco\/salafici-dzihadysci-demonstruja-w-stolicy-jordanii-ze-sztandarami-al-kaidy-i-haslami-dzihadu\/1654"},"modified":"2011-03-08T00:00:00","modified_gmt":"2011-03-08T00:00:00","slug":"salafici-dzihadysci-demonstruja-w-stolicy-jordanii-ze-sztandarami-al-kaidy-i-haslami-dzihadu","status":"publish","type":"post","link":"https:\/\/www2.memri.org\/polish\/salafici-dzihadysci-demonstruja-w-stolicy-jordanii-ze-sztandarami-al-kaidy-i-haslami-dzihadu\/1654","title":{"rendered":"Salafici-d\u017cihady\u015bci demonstruj\u0105 w stolicy Jordanii ze sztandarami Al-Kaidy i has\u0142ami d\u017cihadu"},"content":{"rendered":"<p><!-- Document Body --><br \/>\n<DIV ALIGN=\"justify\" CLASS=\"bodytext\"><br \/>\n<P>W ostatnich dniach nasili\u0142a si\u0119 aktywno\u015b\u0107 ruchu salafit\u00f3w-d\u017cihadyst\u00f3w w Jordanii, kt\u00f3ry zacz\u0105\u0142 organizowa\u0107 du\u017ce protesty w centralnych miejscach stolicy. Dwa wiece protestacyjne przeprowadzono w Ammanie w ostatnim tygodniu, a kolejny jest planowany na niedziel\u0119 (13 marca 2011). Aktywi\u015bci salafici-d\u017cihady\u015bci domagaj\u0105 si\u0119 uwolnienia swoich wi\u0119\u017ani\u00f3w z wi\u0119zie\u0144 jorda\u0144skich i zaprowadzenia prawa <I>szariatu<\/I> w kraju. Podczas protest\u00f3w pokazuj\u0105 jawnie d\u017cihadystyczne symbole, takie jak sztandar Islamskiego Pa\u0144stwa Iraku (czyli Al-Kaidy w Iraku), czego poprzednio nie by\u0142o wida\u0107 w demonstracjach w Jordanii (patrz zdj\u0119cia poni\u017cej).<br \/>\n<P>W pierwszym prote\u015bcie salafit\u00f3w-d\u017cihadyst\u00f3w, kt\u00f3ry mia\u0142 miejsce 1 marca przed najwi\u0119kszym meczetem Ammanu, wzi\u0119\u0142o udzia\u0142 oko\u0142o 500 ludzi, kt\u00f3rzy domagali si\u0119 \u0142aski dla wi\u0119\u017ani\u00f3w salafit\u00f3w-d\u017cihadyst\u00f3w. Wykrzykiwali oni has\u0142a przeciwko demokracji i \u015bwiecko\u015bci, a za prawem <I>szariatu<\/I> i d\u017cihadem, takie jak: \u201eNie ma alternatywy dla prawa Allaha\u201d i \u201eD\u017cihad jest nasz\u0105 drog\u0105\u201d. Wed\u0142ug relacji demonstranci starli si\u0119 z policj\u0105 i oskar\u017cyli j\u0105 o to, \u017ce jest finansowana przez UE i USA.<br \/>\n<P>Wybitn\u0105 postaci\u0105 na demonstracji by\u0142 Abu Muhammad Al-Tahawi, jeden z przyw\u00f3dc\u00f3w ruchu salafit\u00f3w-d\u017cihadyst\u00f3w w Jordanii. Znany on jest ze swoich bliskich zwi\u0105zk\u00f3w z duchowym przyw\u00f3dc\u0105 tego ruchu, Abu Muhammadem Al-Makdisim, aresztowanym kilka miesi\u0119cy temu przez w\u0142adze Jordanii<A name=\"_ednref1\"><\/A> <A href=\"#_edn1\">[1]<\/A>   .<br \/>\n<P>Druga demonstracja odby\u0142a si\u0119 tylko pi\u0119\u0107 dni p\u00f3\u017aniej, 6 marca, przed biurami kr\u00f3la i g\u0142\u00f3wnym budynkiem rz\u0105du. Przyby\u0142o na ni\u0105 300 os\u00f3b, kt\u00f3rzy machali flagami Al-Kaidy, powtarzali \u017c\u0105danie uwolnienia wi\u0119\u017ani\u00f3w, a tak\u017ce atakowali USA i Izrael i wzywali \u201ebojownik\u00f3w d\u017cihadu w Egipcie, Tunezji, Libii i Jemenie do wprowadzenia [praw] <I>szariatu<\/I> oraz Koranu\u201d. Wykrzykiwali has\u0142a poparcia Abu Muhammada Al-Makdisiego i inne has\u0142a, takie jak \u201cLud chce prawa koranicznego\u201d i \u201cChajbar, Chajbar, o \u017bydzi, armia Mahometa powr\u00f3ci\u201d<A name=\"_ednref2\"><\/A> <A href=\"#_edn2\">[2]<\/A>   . W\u015br\u00f3d demonstrant\u00f3w byli zwolnieni wi\u0119\u017aniowie, kt\u00f3rzy protestowali przeciwko torturom i upokorzeniom, jakich doznaj\u0105 \u2013 wed\u0142ug ich s\u0142\u00f3w \u2013 islami\u015bci w wi\u0119zieniach jorda\u0144skich, w\u0142\u0105cznie z ch\u0142ost\u0105 i ogoleniem g\u0142\u00f3w i br\u00f3d.<br \/>\n<P>Abu Muhammad Al-Tahawi, kt\u00f3ry bra\u0142 r\u00f3wnie\u017c udzia\u0142 w tej demonstracji, wezwa\u0142 do uwolnienia jorda\u0144skich wi\u0119\u017ani\u00f3w przetrzymywanych w Iraku i Syrii oraz pot\u0119pi\u0142 trwaj\u0105cy areszt Abu Muhammada Al-Maqdisiego, m\u00f3wi\u0105c, \u017ce to \u201es\u0142u\u017cy [interesom] USA, ich marionetek oraz pa\u0144stwa \u017cydowskiego\u201d. W wywiadzie dla Al-D\u017caziry powiedzia\u0142, \u017ce oficerowie jorda\u0144skiego wywiadu powiedzieli mu, by odwo\u0142a\u0142 demonstracj\u0119 i grozili mu po\u0142amaniem r\u0105k i n\u00f3g oraz zrobieniem tego samego innym przyw\u00f3dcom salafit\u00f3w-d\u017cihadyst\u00f3w, je\u015bli demonstracja si\u0119 odb\u0119dzie. Al-Tahawi przysi\u0105g\u0142, \u017ce ruch b\u0119dzie kontynuowa\u0142 demonstracje dop\u00f3ki wi\u0119\u017aniowie nie zostan\u0105 uwolnieni i oznajmi\u0142, \u017ce nast\u0119pny protest odb\u0119dzie sie 13 marca przed budynkiem rz\u0105du.<br \/>\n<P>Inny m\u00f3wca podczas demonstracji ostro krytykowa\u0142 kr\u00f3la, nie wymieniaj\u0105c jego imienia: \u201c[Pot\u0119pimy] tyran\u00f3w za to, kim s\u0105\u2026 To oni skorumpowali nar\u00f3d [muzu\u0142ma\u0144ski]\u201d. Doda\u0142, \u017ce salafici-d\u017cihadysci gnij\u0105 w wi\u0119zieniach bez \u017cadnego powodu, podczas gdy \u201cci, kt\u00f3rzy ukradli ziemie plemion [jorda\u0144skich] i dali je swoim chrze\u015bcija\u0144skim \u017conom.. ci, kt\u00f3rzy rabowali ziemie i s\u0105 lojalni wobec chrze\u015bcijan i \u017byd\u00f3w\u2026 \u017cyj\u0105 w pa\u0142acach&#8221;<A name=\"_ednref3\"><\/A> <A href=\"#_edn3\">[3]<\/A>   . Demonstracja trwa\u0142a godzin\u0119, a jorda\u0144skie s\u0142u\u017cby bezpiecze\u0144stwa obserwowa\u0142y z boku i powstrzyma\u0142y si\u0119 przed interwencj\u0105 <A name=\"_ednref4\"><\/A> <A href=\"#_edn4\">[4]<\/A>   .<br \/>\n<P><BR><br \/>\n<IMG border=\"0\" src=\"http:\/\/www.memri.org\/image\/6531.jpg\" width=\"309\" height=\"226\"><BR><br \/>\nProtestuj\u0105cy trzymaj\u0105 sztandar Islamskiego Pa\u0144stwa Iraku <BR><br \/>\nZdj\u0119cie: \u201eAl-Sabil\u201d (Jordania), 6 marca 2011<br \/>\n<P><br \/>\n<P><BR><br \/>\n<IMG border=\"0\" src=\"http:\/\/www.memri.org\/image\/6532.jpg\" width=\"324\" height=\"236\"><BR><br \/>\nZdj\u0119cie: \u201cAl-Sabil\u201d (Jordania), 6 marca 2011<br \/>\n<P><IMG style=\"WIDTH: 316px; HEIGHT: 267px\" border=\"0\" src=\"http:\/\/www.memri.org\/image\/6533.jpg\" width=\"286\" height=\"245\"><BR><br \/>\nZdj\u0119cie: <A href=\"http:\/\/www.aljazeera.net\/\">www.aljazeera.net<\/A>, 6 marca 2011<br \/>\n<P><IMG border=\"0\" src=\"http:\/\/www.memri.org\/image\/6534.jpg\" width=\"334\" height=\"212\"><BR><br \/>\nZdj\u0119cie: <A href=\"http:\/\/www.jordantimes.com\/\">www.jordantimes.com<\/A>  7 marca 2011 <HR noShade><br \/>\n<P><A name=\"_edn1\"><\/A> <A href=\"#_ednref1\">[1]<\/A>   \u201cAl-Hayat\u201d, \u201cAl-Sharq Al-Awsat\u201d (Londyn), 2 marca 2011. Al-Makdisi odpowiada obecnie przed s\u0105dem pod zarzutem zwi\u0105zk\u00f3w z terroryzmem. Szczeg\u00f3\u0142y podejrze\u0144 przeciwko niemu, patrz MEMRI JTTM report:&#8221; In Advance Of Trial of Prominent Salafi-Jihadi Cleric Al-Maqdisi, 'Al-Sharq Al-Awsat&#8217; Report Reveals Mujahideen Recruitment, Money Transfers, Jihadi Communications \u2013 And Possible Al-Maqdisi-Taliban Link.&#8221; 30 grudnia 2010, <A href=\"http:\/\/www.memrijttm.org\/content\/en\/blog_personal.htm?id=4252&#038;param=GJN\">http:\/\/www.memrijttm.org\/content\/en\/blog_personal.htm?id=4252&#038;param=GJN<\/A>  .<br \/>\n<P><A name=\"_edn2\"><\/A> <A href=\"#_ednref2\">[2]<\/A>   Bitwa o Chajbar odby\u0142a sie w roku 629 mi\u0119dzy armi\u0105 Mahometa a \u017bydami \u017cyj\u0105cymi w oazie Chajbar na p\u00f3\u0142nocnym zachodzie P\u00f3\u0142wyspu Arabskiego.<br \/>\n<P><A name=\"_edn3\"><\/A> <A href=\"#_ednref3\">[3]<\/A>   \u201cAl-Hayat\u201d (Londyn), 7 marca 2011; \u201cAl-Sabil\u201d (Jordania), Aljazeera.net, 6 marca 2011.<br \/>\n<P><A name=\"_edn4\"><\/A> <A href=\"#_ednref4\">[4]<\/A>   \u201cAl-Hayat\u201d (Londyn), 7 marca 2011.<br \/>\n<\/div>\n","protected":false},"excerpt":{"rendered":"<p>W ostatnich dniach nasili\u0142a si\u0119 aktywno\u015b\u0107 ruchu salafit\u00f3w-d\u017cihadyst\u00f3w w Jordanii, kt\u00f3ry zacz\u0105\u0142 organizowa\u0107 du\u017ce protesty w centralnych miejscach stolicy. Dwa wiece protestacyjne przeprowadzono w Ammanie w ostatnim tygodniu, a kolejny jest planowany na niedziel\u0119 (13 marca 2011). Aktywi\u015bci salafici-d\u017cihady\u015bci domagaj\u0105 si\u0119 uwolnienia swoich wi\u0119\u017ani\u00f3w z wi\u0119zie\u0144 jorda\u0144skich i zaprowadzenia prawa szariatu w kraju. Podczas protest\u00f3w [&hellip;]<\/p>\n","protected":false},"author":1,"featured_media":0,"comment_status":"open","ping_status":"closed","sticky":false,"template":"","format":"standard","meta":{"footnotes":""},"categories":[824,832,835,836],"tags":[],"class_list":["post-1654","post","type-post","status-publish","format-standard","hentry","category-specjalne-komunikaty","category-projekt-badan-nad-dzihadem-i-terroryzmem","category-archiwum","category-tematy"],"_links":{"self":[{"href":"https:\/\/www2.memri.org\/polish\/wp-json\/wp\/v2\/posts\/1654","targetHints":{"allow":["GET"]}}],"collection":[{"href":"https:\/\/www2.memri.org\/polish\/wp-json\/wp\/v2\/posts"}],"about":[{"href":"https:\/\/www2.memri.org\/polish\/wp-json\/wp\/v2\/types\/post"}],"author":[{"embeddable":true,"href":"https:\/\/www2.memri.org\/polish\/wp-json\/wp\/v2\/users\/1"}],"replies":[{"embeddable":true,"href":"https:\/\/www2.memri.org\/polish\/wp-json\/wp\/v2\/comments?post=1654"}],"version-history":[{"count":0,"href":"https:\/\/www2.memri.org\/polish\/wp-json\/wp\/v2\/posts\/1654\/revisions"}],"wp:attachment":[{"href":"https:\/\/www2.memri.org\/polish\/wp-json\/wp\/v2\/media?parent=1654"}],"wp:term":[{"taxonomy":"category","embeddable":true,"href":"https:\/\/www2.memri.org\/polish\/wp-json\/wp\/v2\/categories?post=1654"},{"taxonomy":"post_tag","embeddable":true,"href":"https:\/\/www2.memri.org\/polish\/wp-json\/wp\/v2\/tags?post=1654"}],"curies":[{"name":"wp","href":"https:\/\/api.w.org\/{rel}","templated":true}]}}