{"id":16471,"date":"2021-11-03T19:57:50","date_gmt":"2021-11-03T18:57:50","guid":{"rendered":"https:\/\/www2.memri.org\/polish\/?p=16471"},"modified":"2021-11-03T19:58:13","modified_gmt":"2021-11-03T18:58:13","slug":"przedstawienie-w-przedszkolu-w-gazie-w-104-rocznice-deklaracji-balfoura-palestyna-jest-nasza-powrocimy-precz-z-deklaracja-balfoura","status":"publish","type":"post","link":"https:\/\/www2.memri.org\/polish\/przedstawienie-w-przedszkolu-w-gazie-w-104-rocznice-deklaracji-balfoura-palestyna-jest-nasza-powrocimy-precz-z-deklaracja-balfoura\/16471","title":{"rendered":"Przedstawienie w przedszkolu w Gazie w 104. rocznic\u0119 Deklaracji Balfoura: Palestyna jest nasza, powr\u00f3cimy; Precz z Deklaracj\u0105 Balfoura"},"content":{"rendered":"<p><em>2 listopada 2021 r. przedszkole w Deir Al-Balah w Gazie zamie\u015bci\u0142o na swoim kanale w YouYube i na koncie Facebooka wideo z dzie\u0107mi wykonuj\u0105cymi starannie opracowany taniec, w kt\u00f3rym dzieci wymachiwa\u0142y palesty\u0144skimi flagami, wali\u0142y si\u0119 pi\u0119\u015bciami w klatk\u0119 piersiow\u0105 i podnosi\u0142y pi\u0119\u015bci do g\u00f3ry przy piosence ze s\u0142owami: \u201cMamy pokolenie dzieci, kt\u00f3re b\u0119d\u0105 chroni\u0107 przysi\u0119g\u0119 [i] zako\u0144cz\u0105 pami\u0119\u0107 o [Deklaracji Balfoura]&#8230; Jeste\u015bmy twoimi w\u0142a\u015bcicielami, o Palestyno\u2026 od dni Kananejczyk\u00f3w\u201d. Wideo pokazuje nast\u0119pnie przedszkolaki wykrzykuj\u0105ce has\u0142a takiej jak: \u201ePrecz z Deklaracj\u0105 Balfoura\u201d, \u201ePalestyna jest nasza\u201d, \u201ePowr\u00f3cimy\u201d i \u201ePalestyna, wolna i dumna\u201d. Wed\u0142ug \u017ar\u00f3de\u0142 online program przedszkola dostarcza tak\u017ce opieki dzieciom ze specjalnymi potrzebami. \u00a0<\/em><\/p>\n<p><strong>Aby zobaczy\u0107 klip z przedstawieniem przedszkolak\u00f3w z Gazy w MEMRI TV, kliknij\u00a0<\/strong><a href=\"https:\/\/www.memri.org\/tv\/gaza-children-kindergarten-perform-anniversary-balfour-declaration-palestine-ours-return\"><strong>tutaj<\/strong><\/a><strong>\u00a0lub poni\u017cej.<\/strong><\/p>\n<p><strong>&#8222;Jeste\u015bmy twoimi w\u0142a\u015bcicielami, o Palestyno; Jeste\u015bmy osadzeni w tej ziemi od dni Kananejczyk\u00f3w\u201d <\/strong><\/p>\n<p><strong>Nauczyciel:\u00a0<\/strong>Mamy pokolenie dzieci, kt\u00f3re b\u0119d\u0105 chroni\u0107 przysi\u0119g\u0119, dzisiaj, jutro i nast\u0119pnego dnia. Niezale\u017cnie ile czasu przeminie, zako\u0144czymy pami\u0119\u0107 o tej obietnicy [Deklaracji Balfoura].<\/p>\n<p><img loading=\"lazy\" decoding=\"async\" class=\"aligncenter size-full wp-image-16480\" src=\"https:\/\/www2.memri.org\/polish\/wp-content\/uploads\/2021\/11\/no-matter-how.jpg\" alt=\"\" width=\"929\" height=\"241\" srcset=\"https:\/\/www2.memri.org\/polish\/wp-content\/uploads\/2021\/11\/no-matter-how.jpg 929w, https:\/\/www2.memri.org\/polish\/wp-content\/uploads\/2021\/11\/no-matter-how-300x78.jpg 300w, https:\/\/www2.memri.org\/polish\/wp-content\/uploads\/2021\/11\/no-matter-how-768x199.jpg 768w, https:\/\/www2.memri.org\/polish\/wp-content\/uploads\/2021\/11\/no-matter-how-600x156.jpg 600w, https:\/\/www2.memri.org\/polish\/wp-content\/uploads\/2021\/11\/no-matter-how-696x181.jpg 696w\" sizes=\"auto, (max-width: 929px) 100vw, 929px\" \/><\/p>\n<p>S\u0142uchaj, Balfourze, prawa mojego kraju zostan\u0105 przywr\u00f3cone. Nie b\u0119dziemy k\u0142ania\u0107 si\u0119 nikomu poza Allahem. Jeste\u015bmy Palesty\u0144czykami.<\/p>\n<p><img loading=\"lazy\" decoding=\"async\" class=\"aligncenter size-full wp-image-16479\" src=\"https:\/\/www2.memri.org\/polish\/wp-content\/uploads\/2021\/11\/listen-balfour.jpg\" alt=\"\" width=\"927\" height=\"240\" srcset=\"https:\/\/www2.memri.org\/polish\/wp-content\/uploads\/2021\/11\/listen-balfour.jpg 927w, https:\/\/www2.memri.org\/polish\/wp-content\/uploads\/2021\/11\/listen-balfour-300x78.jpg 300w, https:\/\/www2.memri.org\/polish\/wp-content\/uploads\/2021\/11\/listen-balfour-768x199.jpg 768w, https:\/\/www2.memri.org\/polish\/wp-content\/uploads\/2021\/11\/listen-balfour-600x155.jpg 600w, https:\/\/www2.memri.org\/polish\/wp-content\/uploads\/2021\/11\/listen-balfour-696x180.jpg 696w\" sizes=\"auto, (max-width: 927px) 100vw, 927px\" \/><\/p>\n<p>[&#8230;]<\/p>\n<p>Jeste\u015bmy twoimi w\u0142a\u015bcicielami, o Palestyno. Jeste\u015bmy osadzeni w tej ziemi od dni Kananejczyk\u00f3w. Mamy w\u0142asn\u0105 [palesty\u0144sk\u0105] to\u017csamo\u015b\u0107.<\/p>\n<p><img loading=\"lazy\" decoding=\"async\" class=\"aligncenter size-full wp-image-16478\" src=\"https:\/\/www2.memri.org\/polish\/wp-content\/uploads\/2021\/11\/we-are-your-owner.jpg\" alt=\"\" width=\"949\" height=\"242\" srcset=\"https:\/\/www2.memri.org\/polish\/wp-content\/uploads\/2021\/11\/we-are-your-owner.jpg 949w, https:\/\/www2.memri.org\/polish\/wp-content\/uploads\/2021\/11\/we-are-your-owner-300x77.jpg 300w, https:\/\/www2.memri.org\/polish\/wp-content\/uploads\/2021\/11\/we-are-your-owner-768x196.jpg 768w, https:\/\/www2.memri.org\/polish\/wp-content\/uploads\/2021\/11\/we-are-your-owner-600x153.jpg 600w, https:\/\/www2.memri.org\/polish\/wp-content\/uploads\/2021\/11\/we-are-your-owner-696x177.jpg 696w\" sizes=\"auto, (max-width: 949px) 100vw, 949px\" \/><\/p>\n<p><img loading=\"lazy\" decoding=\"async\" class=\"aligncenter size-full wp-image-16477\" src=\"https:\/\/www2.memri.org\/polish\/wp-content\/uploads\/2021\/11\/we-have-our-own.jpg\" alt=\"\" width=\"1086\" height=\"573\" srcset=\"https:\/\/www2.memri.org\/polish\/wp-content\/uploads\/2021\/11\/we-have-our-own.jpg 1086w, https:\/\/www2.memri.org\/polish\/wp-content\/uploads\/2021\/11\/we-have-our-own-300x158.jpg 300w, https:\/\/www2.memri.org\/polish\/wp-content\/uploads\/2021\/11\/we-have-our-own-1024x540.jpg 1024w, https:\/\/www2.memri.org\/polish\/wp-content\/uploads\/2021\/11\/we-have-our-own-768x405.jpg 768w, https:\/\/www2.memri.org\/polish\/wp-content\/uploads\/2021\/11\/we-have-our-own-600x317.jpg 600w, https:\/\/www2.memri.org\/polish\/wp-content\/uploads\/2021\/11\/we-have-our-own-696x367.jpg 696w, https:\/\/www2.memri.org\/polish\/wp-content\/uploads\/2021\/11\/we-have-our-own-1068x564.jpg 1068w, https:\/\/www2.memri.org\/polish\/wp-content\/uploads\/2021\/11\/we-have-our-own-796x420.jpg 796w\" sizes=\"auto, (max-width: 1086px) 100vw, 1086px\" \/><\/p>\n<p><strong>&#8222;Palestyna wolna i dumna\u2026 Precz z Deklaracj\u0105 Balfoura\u201d <\/strong><\/p>\n<p><strong>Dziewczynki:\u00a0<\/strong>Palestyna wolna i dumna.<\/p>\n<p>[&#8230;]<\/p>\n<p><strong>Ch\u0142opcy:\u00a0<\/strong>Powr\u00f3cimy.<\/p>\n<p><img loading=\"lazy\" decoding=\"async\" class=\"aligncenter size-full wp-image-16476\" src=\"https:\/\/www2.memri.org\/polish\/wp-content\/uploads\/2021\/11\/we-shall-return.jpg\" alt=\"\" width=\"469\" height=\"239\" srcset=\"https:\/\/www2.memri.org\/polish\/wp-content\/uploads\/2021\/11\/we-shall-return.jpg 469w, https:\/\/www2.memri.org\/polish\/wp-content\/uploads\/2021\/11\/we-shall-return-300x153.jpg 300w\" sizes=\"auto, (max-width: 469px) 100vw, 469px\" \/><\/p>\n<p><strong>Dziewczynka 1:\u00a0<\/strong>Palestyna jest nasza.<\/p>\n<p><img loading=\"lazy\" decoding=\"async\" class=\"aligncenter size-full wp-image-16475\" src=\"https:\/\/www2.memri.org\/polish\/wp-content\/uploads\/2021\/11\/palestine-is-ours-1.jpg\" alt=\"\" width=\"465\" height=\"237\" srcset=\"https:\/\/www2.memri.org\/polish\/wp-content\/uploads\/2021\/11\/palestine-is-ours-1.jpg 465w, https:\/\/www2.memri.org\/polish\/wp-content\/uploads\/2021\/11\/palestine-is-ours-1-300x153.jpg 300w\" sizes=\"auto, (max-width: 465px) 100vw, 465px\" \/><\/p>\n<p><strong>Ch\u0142opcy:\u00a0<\/strong>Precz z Deklaracj\u0105 Balfoura.<\/p>\n<p><img loading=\"lazy\" decoding=\"async\" class=\"aligncenter size-full wp-image-16474\" src=\"https:\/\/www2.memri.org\/polish\/wp-content\/uploads\/2021\/11\/sown-with-the-baforu.jpg\" alt=\"\" width=\"449\" height=\"236\" srcset=\"https:\/\/www2.memri.org\/polish\/wp-content\/uploads\/2021\/11\/sown-with-the-baforu.jpg 449w, https:\/\/www2.memri.org\/polish\/wp-content\/uploads\/2021\/11\/sown-with-the-baforu-300x158.jpg 300w\" sizes=\"auto, (max-width: 449px) 100vw, 449px\" \/><\/p>\n<p><strong>Dziewczynka 2:\u00a0<\/strong>Palestyna jest nasza.<\/p>\n<p><strong>Dziewczynki:\u00a0<\/strong>Nie dla Deklaracji Balfoura.<\/p>\n<p><strong>Dziewczynka 3:\u00a0<\/strong>Palestyna jest nasza.<\/p>\n<p><strong>Dziewczynka i ch\u0142opiec:\u00a0<\/strong>Palestyna jest nasza.<\/p>\n<p><img loading=\"lazy\" decoding=\"async\" class=\"aligncenter size-full wp-image-16473\" src=\"https:\/\/www2.memri.org\/polish\/wp-content\/uploads\/2021\/11\/palestini.jpg\" alt=\"\" width=\"1084\" height=\"553\" srcset=\"https:\/\/www2.memri.org\/polish\/wp-content\/uploads\/2021\/11\/palestini.jpg 1084w, https:\/\/www2.memri.org\/polish\/wp-content\/uploads\/2021\/11\/palestini-300x153.jpg 300w, https:\/\/www2.memri.org\/polish\/wp-content\/uploads\/2021\/11\/palestini-1024x522.jpg 1024w, https:\/\/www2.memri.org\/polish\/wp-content\/uploads\/2021\/11\/palestini-768x392.jpg 768w, https:\/\/www2.memri.org\/polish\/wp-content\/uploads\/2021\/11\/palestini-600x306.jpg 600w, https:\/\/www2.memri.org\/polish\/wp-content\/uploads\/2021\/11\/palestini-696x355.jpg 696w, https:\/\/www2.memri.org\/polish\/wp-content\/uploads\/2021\/11\/palestini-1068x545.jpg 1068w, https:\/\/www2.memri.org\/polish\/wp-content\/uploads\/2021\/11\/palestini-823x420.jpg 823w\" sizes=\"auto, (max-width: 1084px) 100vw, 1084px\" \/><\/p>\n","protected":false},"excerpt":{"rendered":"<p>2 listopada 2021 r. przedszkole w Deir Al-Balah w Gazie zamie\u015bci\u0142o na swoim kanale w YouYube i na koncie Facebooka wideo z dzie\u0107mi wykonuj\u0105cymi starannie opracowany taniec, w kt\u00f3rym dzieci wymachiwa\u0142y palesty\u0144skimi flagami, wali\u0142y si\u0119 pi\u0119\u015bciami w klatk\u0119 piersiow\u0105 i podnosi\u0142y pi\u0119\u015bci do g\u00f3ry przy piosence ze s\u0142owami: \u201cMamy pokolenie dzieci, kt\u00f3re b\u0119d\u0105 chroni\u0107 przysi\u0119g\u0119 [&hellip;]<\/p>\n","protected":false},"author":1,"featured_media":16475,"comment_status":"closed","ping_status":"closed","sticky":false,"template":"","format":"standard","meta":{"footnotes":""},"categories":[824,828,835,837],"tags":[878],"class_list":["post-16471","post","type-post","status-publish","format-standard","has-post-thumbnail","hentry","category-specjalne-komunikaty","category-autonomia-palestynska","category-archiwum","category-kraje","tag-autonomii-palestynskiej"],"_links":{"self":[{"href":"https:\/\/www2.memri.org\/polish\/wp-json\/wp\/v2\/posts\/16471","targetHints":{"allow":["GET"]}}],"collection":[{"href":"https:\/\/www2.memri.org\/polish\/wp-json\/wp\/v2\/posts"}],"about":[{"href":"https:\/\/www2.memri.org\/polish\/wp-json\/wp\/v2\/types\/post"}],"author":[{"embeddable":true,"href":"https:\/\/www2.memri.org\/polish\/wp-json\/wp\/v2\/users\/1"}],"replies":[{"embeddable":true,"href":"https:\/\/www2.memri.org\/polish\/wp-json\/wp\/v2\/comments?post=16471"}],"version-history":[{"count":1,"href":"https:\/\/www2.memri.org\/polish\/wp-json\/wp\/v2\/posts\/16471\/revisions"}],"predecessor-version":[{"id":16481,"href":"https:\/\/www2.memri.org\/polish\/wp-json\/wp\/v2\/posts\/16471\/revisions\/16481"}],"wp:featuredmedia":[{"embeddable":true,"href":"https:\/\/www2.memri.org\/polish\/wp-json\/wp\/v2\/media\/16475"}],"wp:attachment":[{"href":"https:\/\/www2.memri.org\/polish\/wp-json\/wp\/v2\/media?parent=16471"}],"wp:term":[{"taxonomy":"category","embeddable":true,"href":"https:\/\/www2.memri.org\/polish\/wp-json\/wp\/v2\/categories?post=16471"},{"taxonomy":"post_tag","embeddable":true,"href":"https:\/\/www2.memri.org\/polish\/wp-json\/wp\/v2\/tags?post=16471"}],"curies":[{"name":"wp","href":"https:\/\/api.w.org\/{rel}","templated":true}]}}