{"id":16252,"date":"2021-09-06T20:05:12","date_gmt":"2021-09-06T18:05:12","guid":{"rendered":"https:\/\/www2.memri.org\/polish\/?p=16252"},"modified":"2021-09-06T20:05:12","modified_gmt":"2021-09-06T18:05:12","slug":"egipski-intelektualista-dr-chaled-montaser-terminy-takie-jak-dzizja-dzihad-i-niewierny-naleza-do-muzeum-powinny-zostac-wymazane-z-naszego-dyskursu-sa-przeciwienstwem-podstaw-swieckiego-p","status":"publish","type":"post","link":"https:\/\/www2.memri.org\/polish\/egipski-intelektualista-dr-chaled-montaser-terminy-takie-jak-dzizja-dzihad-i-niewierny-naleza-do-muzeum-powinny-zostac-wymazane-z-naszego-dyskursu-sa-przeciwienstwem-podstaw-swieckiego-p\/16252","title":{"rendered":"Egipski intelektualista, dr Chaled Montaser: Terminy takie jak d\u017cizja, d\u017cihad i niewierny nale\u017c\u0105 do muzeum, powinny zosta\u0107 wymazane z naszego dyskursu \u2013 s\u0105 przeciwie\u0144stwem podstaw \u015bwieckiego pa\u0144stwa"},"content":{"rendered":"<p><em>Egipski intelektualista, dr Chaled Montaser, powiedzia\u0142, \u017ce takie terminy jak \u201cd\u017cizja \u2013 pog\u0142\u00f3wne\u201d, \u201cd\u017cihad\u201d, \u201cislamski najazd\u201d, \u201clojalno\u015b\u0107 i odrzucenie\u201d oraz \u201cniewierny\u201d nale\u017c\u0105 do muzeum i musza zosta\u0107 wymazane z dyskursu Arab\u00f3w, poniewa\u017c s\u0105 przeciwie\u0144stwem podstaw \u015bwieckiego pa\u0144stwa. Powiedzia\u0142 to w wywiadzie nadanym przez Sky News Arabia (ZEA) 1 sierpnia 2021 r. Zapytany przez dziennikark\u0119, dlaczego Arabowie boj\u0105 si\u0119 \u015bwiecko\u015bci bardziej ni\u017c boj\u0105 si\u0119 koronawirusa, powiedzia\u0142, \u017ce jest tak dlatego, \u017ce boj\u0105 si\u0119 straci\u0107 swoje rz\u0105dy. Wi\u0119cej informacji o Chaledzie Montaserze znajduje si\u0119 w klipach MEMRI TV nr\u00a0<\/em><a href=\"https:\/\/www.memri.org\/tv\/egyptian-intellectual-khaled-montaser-scientific-miraculous-nature-of-quran-delusion\"><em>6552<\/em><\/a><em>\u00a0i\u00a0<\/em><a href=\"https:\/\/www.memri.org\/tv\/egyptian-intellectual-dr-khaled-montaser-islamic-extremism-does-not-stem-poverty-or-ignorance-our\"><em>5849<\/em><\/a><em>.<\/em><\/p>\n<p><strong>Aby obejrze\u0107 klip z egipskim intelektualist\u0105, Chaledem Montaserem w\u00a0 MEMRI TV, kliknij\u00a0<\/strong><a href=\"https:\/\/www.memri.org\/tv\/egypt-intellectual-khaled-montaser-terms-jizya-jihad-infidel-erased-secularism\"><strong>tutaj<\/strong><\/a><strong>\u00a0lub poni\u017cej.<\/strong><\/p>\n<p><strong>&#8222;Istnieje ca\u0142y leksykon termin\u00f3w, kt\u00f3re musimy ca\u0142kowicie wymaza\u0107 z naszego dyskursu\u2026 poniewa\u017c s\u0105 one sprzeczne z podstawami nowoczesnego, \u015bwieckiego pa\u0144stwa, kt\u00f3re opiera si\u0119 na prawach i na poj\u0119ciu obywatelstwa\u201d <\/strong><\/p>\n<p><strong>Dziennikarka:<\/strong>\u00a0Czy popiera pan prawo, kt\u00f3re delegalizowa\u0142oby <em>takfir<\/em> w \u015bwiecie arabskim?<\/p>\n<p><img loading=\"lazy\" decoding=\"async\" class=\"aligncenter size-full wp-image-16253\" src=\"https:\/\/www2.memri.org\/polish\/wp-content\/uploads\/2021\/09\/do-you.jpg\" alt=\"\" width=\"420\" height=\"215\" srcset=\"https:\/\/www2.memri.org\/polish\/wp-content\/uploads\/2021\/09\/do-you.jpg 420w, https:\/\/www2.memri.org\/polish\/wp-content\/uploads\/2021\/09\/do-you-300x154.jpg 300w\" sizes=\"auto, (max-width: 420px) 100vw, 420px\" \/><\/p>\n<p><strong>Chaled Montaser:<\/strong>\u00a0Oczywi\u015bcie ! Istnieje ca\u0142y leksykon termin\u00f3w, kt\u00f3re musimy ca\u0142kowicie wymaza\u0107 z naszego dyskursu. Nale\u017c\u0105 one do folkloru. Ich miejsce jest w muzeum. \u201cD\u017cizja \u2013 pog\u0142\u00f3wne\u201d, \u201cd\u017cihad\u201d, \u201cghazwa\u201d [islamski najazd], \u201clojalno\u015b\u0107 i odrzucenie\u201d, \u201cniewierny\u201d\u2026<\/p>\n<p><img loading=\"lazy\" decoding=\"async\" class=\"aligncenter size-full wp-image-16254\" src=\"https:\/\/www2.memri.org\/polish\/wp-content\/uploads\/2021\/09\/the-jizya.jpg\" alt=\"\" width=\"861\" height=\"223\" srcset=\"https:\/\/www2.memri.org\/polish\/wp-content\/uploads\/2021\/09\/the-jizya.jpg 861w, https:\/\/www2.memri.org\/polish\/wp-content\/uploads\/2021\/09\/the-jizya-300x78.jpg 300w, https:\/\/www2.memri.org\/polish\/wp-content\/uploads\/2021\/09\/the-jizya-768x199.jpg 768w, https:\/\/www2.memri.org\/polish\/wp-content\/uploads\/2021\/09\/the-jizya-600x155.jpg 600w, https:\/\/www2.memri.org\/polish\/wp-content\/uploads\/2021\/09\/the-jizya-696x180.jpg 696w\" sizes=\"auto, (max-width: 861px) 100vw, 861px\" \/><\/p>\n<p>Wszystkie te terminy trzeba umie\u015bci\u0107 w muzeum, poniewa\u017c s\u0105 sprzeczne z nowoczesnym, \u015bwieckim pa\u0144stwem, kt\u00f3re opiera si\u0119 na prawach i poj\u0119ciu obywatelstwa.<\/p>\n<p><img loading=\"lazy\" decoding=\"async\" class=\"aligncenter size-full wp-image-16255\" src=\"https:\/\/www2.memri.org\/polish\/wp-content\/uploads\/2021\/09\/all-these.jpg\" alt=\"\" width=\"863\" height=\"221\" srcset=\"https:\/\/www2.memri.org\/polish\/wp-content\/uploads\/2021\/09\/all-these.jpg 863w, https:\/\/www2.memri.org\/polish\/wp-content\/uploads\/2021\/09\/all-these-300x77.jpg 300w, https:\/\/www2.memri.org\/polish\/wp-content\/uploads\/2021\/09\/all-these-768x197.jpg 768w, https:\/\/www2.memri.org\/polish\/wp-content\/uploads\/2021\/09\/all-these-600x154.jpg 600w, https:\/\/www2.memri.org\/polish\/wp-content\/uploads\/2021\/09\/all-these-696x178.jpg 696w\" sizes=\"auto, (max-width: 863px) 100vw, 863px\" \/><\/p>\n<p><img loading=\"lazy\" decoding=\"async\" class=\"aligncenter size-full wp-image-16256\" src=\"https:\/\/www2.memri.org\/polish\/wp-content\/uploads\/2021\/09\/whici-is-based.jpg\" alt=\"\" width=\"864\" height=\"440\" srcset=\"https:\/\/www2.memri.org\/polish\/wp-content\/uploads\/2021\/09\/whici-is-based.jpg 864w, https:\/\/www2.memri.org\/polish\/wp-content\/uploads\/2021\/09\/whici-is-based-300x153.jpg 300w, https:\/\/www2.memri.org\/polish\/wp-content\/uploads\/2021\/09\/whici-is-based-768x391.jpg 768w, https:\/\/www2.memri.org\/polish\/wp-content\/uploads\/2021\/09\/whici-is-based-600x306.jpg 600w, https:\/\/www2.memri.org\/polish\/wp-content\/uploads\/2021\/09\/whici-is-based-696x354.jpg 696w, https:\/\/www2.memri.org\/polish\/wp-content\/uploads\/2021\/09\/whici-is-based-825x420.jpg 825w\" sizes=\"auto, (max-width: 864px) 100vw, 864px\" \/><\/p>\n<p>Jak mog\u0119 prosi\u0107 chrze\u015bcijanina, by p\u0142aci\u0142 d\u017cizj\u0119 w \u015bwieckim pa\u0144stwie? Jak mog\u0119 najecha\u0107 inny kraj i nazywa\u0107 to islamskim podbojem? Wszystkie te s\u0142owa powinny zosta\u0107 wymazane z naszego leksykonu.<\/p>\n<p><img loading=\"lazy\" decoding=\"async\" class=\"aligncenter size-full wp-image-16257\" src=\"https:\/\/www2.memri.org\/polish\/wp-content\/uploads\/2021\/09\/how-can-i.jpg\" alt=\"\" width=\"851\" height=\"217\" srcset=\"https:\/\/www2.memri.org\/polish\/wp-content\/uploads\/2021\/09\/how-can-i.jpg 851w, https:\/\/www2.memri.org\/polish\/wp-content\/uploads\/2021\/09\/how-can-i-300x76.jpg 300w, https:\/\/www2.memri.org\/polish\/wp-content\/uploads\/2021\/09\/how-can-i-768x196.jpg 768w, https:\/\/www2.memri.org\/polish\/wp-content\/uploads\/2021\/09\/how-can-i-600x153.jpg 600w, https:\/\/www2.memri.org\/polish\/wp-content\/uploads\/2021\/09\/how-can-i-696x177.jpg 696w\" sizes=\"auto, (max-width: 851px) 100vw, 851px\" \/><\/p>\n<p>[&#8230;]<\/p>\n<p><strong>Arabscy przyw\u00f3dcy \u201cboj\u0105 si\u0119 \u015bwiecko\u015bci, poniewa\u017c s\u0105 przera\u017ceni utrat\u0105 swojej w\u0142adzy politycznej i ekonomicznych zysk\u00f3w\u201d \u00a0<\/strong><\/p>\n<p>Do\u015bwiadczali\u015bmy okres\u00f3w \u015bwiecko\u015bci, nawet je\u015bli te okresy nie trwa\u0142y d\u0142ugo. W Egipcie \u017cyli\u015bmy w okresie \u015bwiecko\u015bci i konstytucja 1923 roku by\u0142a ca\u0142kowicie \u015bwiecka. Taha Hussein o\u015bwiadczy\u0142, \u017ce odm\u00f3wi\u0142 [umieszczenia] takiego artyku\u0142u w konstytucji, kt\u00f3ry m\u00f3wi, \u017ce islam jest oficjaln\u0105 religi\u0105 pa\u0144stwa, poniewa\u017c \u015bwieckie pa\u0144stwo nie jest zwi\u0105zane z \u017cadn\u0105 konkretn\u0105 religi\u0105. \u015awiecko\u015b\u0107 nie jest ateizmem, jak m\u00f3wi\u0142em wcze\u015bniej. \u015awiecko\u015b\u0107 jest teoretyczn\u0105 metod\u0105 zarz\u0105dzania pa\u0144stwem\u2026<\/p>\n<p><img loading=\"lazy\" decoding=\"async\" class=\"aligncenter size-full wp-image-16258\" src=\"https:\/\/www2.memri.org\/polish\/wp-content\/uploads\/2021\/09\/we-in-egypt.jpg\" alt=\"\" width=\"848\" height=\"221\" srcset=\"https:\/\/www2.memri.org\/polish\/wp-content\/uploads\/2021\/09\/we-in-egypt.jpg 848w, https:\/\/www2.memri.org\/polish\/wp-content\/uploads\/2021\/09\/we-in-egypt-300x78.jpg 300w, https:\/\/www2.memri.org\/polish\/wp-content\/uploads\/2021\/09\/we-in-egypt-768x200.jpg 768w, https:\/\/www2.memri.org\/polish\/wp-content\/uploads\/2021\/09\/we-in-egypt-600x156.jpg 600w, https:\/\/www2.memri.org\/polish\/wp-content\/uploads\/2021\/09\/we-in-egypt-696x181.jpg 696w\" sizes=\"auto, (max-width: 848px) 100vw, 848px\" \/><\/p>\n<p><strong>Dziennikarka:<\/strong>\u00a0Kto pana zdaniem wypaczy\u0142 Arabom poj\u0119cie \u015bwiecko\u015bci? Boj\u0105 si\u0119 s\u0142owa \u201e\u015bwiecko\u015b\u0107\u201d niemal tak samo, jak boj\u0105 si\u0119 koronawirusa.<\/p>\n<p><img loading=\"lazy\" decoding=\"async\" class=\"aligncenter size-full wp-image-16259\" src=\"https:\/\/www2.memri.org\/polish\/wp-content\/uploads\/2021\/09\/who-do-you.jpg\" alt=\"\" width=\"838\" height=\"216\" srcset=\"https:\/\/www2.memri.org\/polish\/wp-content\/uploads\/2021\/09\/who-do-you.jpg 838w, https:\/\/www2.memri.org\/polish\/wp-content\/uploads\/2021\/09\/who-do-you-300x77.jpg 300w, https:\/\/www2.memri.org\/polish\/wp-content\/uploads\/2021\/09\/who-do-you-768x198.jpg 768w, https:\/\/www2.memri.org\/polish\/wp-content\/uploads\/2021\/09\/who-do-you-600x155.jpg 600w, https:\/\/www2.memri.org\/polish\/wp-content\/uploads\/2021\/09\/who-do-you-696x179.jpg 696w\" sizes=\"auto, (max-width: 838px) 100vw, 838px\" \/><\/p>\n<p><strong>Montaser:<\/strong>\u00a0Oczywi\u015bcie. Boj\u0105 si\u0119 \u015bwiecko\u015bci, poniewa\u017c s\u0105 przera\u017ceni utrat\u0105 swojej w\u0142adzy politycznej i ekonomicznych zysk\u00f3w.<\/p>\n<p><img loading=\"lazy\" decoding=\"async\" class=\"aligncenter size-full wp-image-16260\" src=\"https:\/\/www2.memri.org\/polish\/wp-content\/uploads\/2021\/09\/of-course.jpg\" alt=\"\" width=\"842\" height=\"212\" srcset=\"https:\/\/www2.memri.org\/polish\/wp-content\/uploads\/2021\/09\/of-course.jpg 842w, https:\/\/www2.memri.org\/polish\/wp-content\/uploads\/2021\/09\/of-course-300x76.jpg 300w, https:\/\/www2.memri.org\/polish\/wp-content\/uploads\/2021\/09\/of-course-768x193.jpg 768w, https:\/\/www2.memri.org\/polish\/wp-content\/uploads\/2021\/09\/of-course-600x151.jpg 600w, https:\/\/www2.memri.org\/polish\/wp-content\/uploads\/2021\/09\/of-course-696x175.jpg 696w\" sizes=\"auto, (max-width: 842px) 100vw, 842px\" \/><\/p>\n","protected":false},"excerpt":{"rendered":"<p>Egipski intelektualista, dr Chaled Montaser, powiedzia\u0142, \u017ce takie terminy jak \u201cd\u017cizja \u2013 pog\u0142\u00f3wne\u201d, \u201cd\u017cihad\u201d, \u201cislamski najazd\u201d, \u201clojalno\u015b\u0107 i odrzucenie\u201d oraz \u201cniewierny\u201d nale\u017c\u0105 do muzeum i musza zosta\u0107 wymazane z dyskursu Arab\u00f3w, poniewa\u017c s\u0105 przeciwie\u0144stwem podstaw \u015bwieckiego pa\u0144stwa. Powiedzia\u0142 to w wywiadzie nadanym przez Sky News Arabia (ZEA) 1 sierpnia 2021 r. Zapytany przez dziennikark\u0119, dlaczego [&hellip;]<\/p>\n","protected":false},"author":1,"featured_media":16256,"comment_status":"closed","ping_status":"closed","sticky":false,"template":"","format":"standard","meta":{"footnotes":""},"categories":[824,835,837,863],"tags":[869,878,909,924],"class_list":["post-16252","post","type-post","status-publish","format-standard","has-post-thumbnail","hentry","category-specjalne-komunikaty","category-archiwum","category-kraje","category-egipt","tag-iran","tag-autonomii-palestynskiej","tag-irak","tag-egipt"],"_links":{"self":[{"href":"https:\/\/www2.memri.org\/polish\/wp-json\/wp\/v2\/posts\/16252","targetHints":{"allow":["GET"]}}],"collection":[{"href":"https:\/\/www2.memri.org\/polish\/wp-json\/wp\/v2\/posts"}],"about":[{"href":"https:\/\/www2.memri.org\/polish\/wp-json\/wp\/v2\/types\/post"}],"author":[{"embeddable":true,"href":"https:\/\/www2.memri.org\/polish\/wp-json\/wp\/v2\/users\/1"}],"replies":[{"embeddable":true,"href":"https:\/\/www2.memri.org\/polish\/wp-json\/wp\/v2\/comments?post=16252"}],"version-history":[{"count":1,"href":"https:\/\/www2.memri.org\/polish\/wp-json\/wp\/v2\/posts\/16252\/revisions"}],"predecessor-version":[{"id":16261,"href":"https:\/\/www2.memri.org\/polish\/wp-json\/wp\/v2\/posts\/16252\/revisions\/16261"}],"wp:featuredmedia":[{"embeddable":true,"href":"https:\/\/www2.memri.org\/polish\/wp-json\/wp\/v2\/media\/16256"}],"wp:attachment":[{"href":"https:\/\/www2.memri.org\/polish\/wp-json\/wp\/v2\/media?parent=16252"}],"wp:term":[{"taxonomy":"category","embeddable":true,"href":"https:\/\/www2.memri.org\/polish\/wp-json\/wp\/v2\/categories?post=16252"},{"taxonomy":"post_tag","embeddable":true,"href":"https:\/\/www2.memri.org\/polish\/wp-json\/wp\/v2\/tags?post=16252"}],"curies":[{"name":"wp","href":"https:\/\/api.w.org\/{rel}","templated":true}]}}