{"id":16069,"date":"2021-07-21T18:57:10","date_gmt":"2021-07-21T16:57:10","guid":{"rendered":"https:\/\/www2.memri.org\/polish\/?p=16069"},"modified":"2021-07-21T18:57:50","modified_gmt":"2021-07-21T16:57:50","slug":"marokanski-badacz-mohamed-abdelwahhab-al-rafiki-w-wiezieniu-postanowilem-walczyc-z-islamskim-ekstremizmem-wspolczesny-islam-ignoruje-fakt-ze-jego-problemy-sa-wewnetrzne-jest-pelen-arogan","status":"publish","type":"post","link":"https:\/\/www2.memri.org\/polish\/marokanski-badacz-mohamed-abdelwahhab-al-rafiki-w-wiezieniu-postanowilem-walczyc-z-islamskim-ekstremizmem-wspolczesny-islam-ignoruje-fakt-ze-jego-problemy-sa-wewnetrzne-jest-pelen-arogan\/16069","title":{"rendered":"Maroka\u0144ski badacz, Mohamed Abdelwahhab Al-Rafiki: W wi\u0119zieniu postanowi\u0142em walczy\u0107 z islamskim ekstremizmem; Wsp\u00f3\u0142czesny islam ignoruje fakt, \u017ce jego problemy s\u0105 wewn\u0119trzne \u2013 jest pe\u0142en arogancji, teorii spiskowych, zrzucania winy na innych"},"content":{"rendered":"<p><em>By\u0142y salaficki badacz maroka\u0144ski, Mohamed Abdelwahhab Al-Rafiki, powiedzia\u0142, \u017ce kiedy by\u0142 w wi\u0119zieniu, postanowi\u0142 walczy\u0107 z islamskim ekstremizmem i ekstremistycznym dyskursem. Powiedzia\u0142 to w wywiadzie nadanym przez Sky News Arabiya (ZEA) 3 lipca 2021 r. Al-Rafiki powiedzia\u0142, \u017ce jego pokolenie zas\u0142uguje na rekompensat\u0119 w postaci zapobie\u017cenia, by inne pokolenia pad\u0142y ofiar\u0105 tej ekstremistycznej ideologii. \u00a0Powiedzia\u0142, \u017ce drzwi powinny by\u0107 otwarte dla dyskursu, kt\u00f3ry krytykuje ten ekstremizm. Al-Rafiki doda\u0142, \u017ce nowoczesny dyskurs religijny islamu pe\u0142en jest arogancji, teorii spiskowych, zrzucania winy na innych, podczas gdy ignoruje fakt, \u017ce problemy islamu s\u0105 wewn\u0119trzne. Al-Rafiki by\u0142 salafickim uczonym, kt\u00f3rego uwi\u0119ziono w 2002 roku za jego pod\u017cegaj\u0105ce kazania.<\/em><\/p>\n<p><strong>Aby zobaczy\u0107 klip z Mohamedem Abdelwahhab Al-Rafikim kliknij\u00a0<\/strong><a href=\"https:\/\/www.memri.org\/tv\/fmr-salafi-moroccon-researcher-mohamed-abdelwahhab-al-rafiki-prison-resolved-fight-islamic-extremism\">tutaj<\/a><strong>\u00a0lub poni\u017cej.<\/strong><\/p>\n<p>&#8221; <strong>Prosz\u0119, \u017ceby otworzy\u0107 drzwi takiemu dyskursowi, kt\u00f3ry b\u0119dzie krytyczny wobec ekstremistycznego dyskursu.<\/strong> &#8221;<\/p>\n<p><strong>Prowadz\u0105cy wywiad:<\/strong>\u00a0Dr Mohamedzie, powiedzia\u0142 pan: \u201cBy\u0142em, tak jak wszyscy inni, ofiar\u0105 edukacji, \u015brodowiska i og\u00f3lnej polityki, kt\u00f3ra nie mia\u0142a ze mn\u0105 nic wsp\u00f3lnego. Nale\u017cy mi si\u0119 rekompensata, tak jak innym takim jak ja, za wiele lat, z kt\u00f3rych nas obrabowano\u201d. Tym, co zwr\u00f3ci\u0142o moj\u0105 uwag\u0119, by\u0142a koncepcja potrzeby rekompensaty. Jak mo\u017cna osi\u0105gn\u0105\u0107 tak\u0105 rekompensat\u0119, przynajmniej na teoretycznym poziomie?<\/p>\n<p><strong>Mohamed Abdelwahhab Al-Rafiki:<\/strong>\u00a0Najmniejsze, co mo\u017cna zrobi\u0107, to otwarcie drzwi \u2013 w pe\u0142nym znaczeniu \u2013 na pr\u00f3by uratowania przysz\u0142ych pokole\u0144, by nie pad\u0142y ofiar\u0105 tej ekstremistycznej ideologii. Kiedy m\u00f3wi\u0119 o rekompensacie, nie prosz\u0119 o nic materialnego dla siebie. Prosz\u0119, \u017ceby otworzy\u0107 drzwi takiemu dyskursowi, kt\u00f3ry b\u0119dzie krytyczny wobec ekstremistycznego dyskursu. Drzwi powinny by\u0107 dla tego [dyskursu] otwarte i trzeba da\u0107 mu wszystkie mo\u017cliwo\u015bci, \u017ceby uda\u0142 mu si\u0119 sprzeciw w tej sprawie.<\/p>\n<p><img loading=\"lazy\" decoding=\"async\" class=\"aligncenter size-full wp-image-16077\" src=\"https:\/\/www2.memri.org\/polish\/wp-content\/uploads\/2021\/07\/the-least.jpg\" alt=\"\" width=\"842\" height=\"215\" srcset=\"https:\/\/www2.memri.org\/polish\/wp-content\/uploads\/2021\/07\/the-least.jpg 842w, https:\/\/www2.memri.org\/polish\/wp-content\/uploads\/2021\/07\/the-least-300x77.jpg 300w, https:\/\/www2.memri.org\/polish\/wp-content\/uploads\/2021\/07\/the-least-768x196.jpg 768w, https:\/\/www2.memri.org\/polish\/wp-content\/uploads\/2021\/07\/the-least-600x153.jpg 600w, https:\/\/www2.memri.org\/polish\/wp-content\/uploads\/2021\/07\/the-least-696x178.jpg 696w\" sizes=\"auto, (max-width: 842px) 100vw, 842px\" \/><\/p>\n<p>&#8222;Je\u015bli jest jedna decyzja, jak\u0105 podj\u0105\u0142em w wi\u0119zieniu, to by\u0142o ni\u0105 zainwestowanie ca\u0142ego mojego do\u015bwiadczenia i ca\u0142ej mojej wiedzy w walk\u0119 z t\u0105 ekstremistyczn\u0105 ideologi\u0105\u201d<\/p>\n<p>Je\u015bli jest jedna decyzja, jak\u0105 podj\u0105\u0142em w wi\u0119zieniu, to by\u0142o ni\u0105 zainwestowanie ca\u0142ego mojego do\u015bwiadczenia i ca\u0142ej mojej wiedzy w walk\u0119 z t\u0105 ekstremistyczn\u0105 ideologi\u0105. Chcia\u0142em u\u017cy\u0107 wszystkiego, przez co przeszed\u0142em, wszystkiego, co przecierpia\u0142em, wszystkiego, co wiem i wszystkiego, czego nauczy\u0142em si\u0119 przez lata, w celu stworzenia ideologii, kt\u00f3ra b\u0119dzie walczy\u0107 z ekstremistyczn\u0105 ideologi\u0105, zdekonstruuje j\u0105 i ujawni jej b\u0142\u0119dy i wewn\u0119trzne sprzeczno\u015bci.<\/p>\n<p><img loading=\"lazy\" decoding=\"async\" class=\"aligncenter size-full wp-image-16076\" src=\"https:\/\/www2.memri.org\/polish\/wp-content\/uploads\/2021\/07\/if-there-is-one.jpg\" alt=\"\" width=\"830\" height=\"216\" srcset=\"https:\/\/www2.memri.org\/polish\/wp-content\/uploads\/2021\/07\/if-there-is-one.jpg 830w, https:\/\/www2.memri.org\/polish\/wp-content\/uploads\/2021\/07\/if-there-is-one-300x78.jpg 300w, https:\/\/www2.memri.org\/polish\/wp-content\/uploads\/2021\/07\/if-there-is-one-768x200.jpg 768w, https:\/\/www2.memri.org\/polish\/wp-content\/uploads\/2021\/07\/if-there-is-one-600x156.jpg 600w, https:\/\/www2.memri.org\/polish\/wp-content\/uploads\/2021\/07\/if-there-is-one-696x181.jpg 696w\" sizes=\"auto, (max-width: 830px) 100vw, 830px\" \/><\/p>\n<p><img loading=\"lazy\" decoding=\"async\" class=\"aligncenter size-full wp-image-16075\" src=\"https:\/\/www2.memri.org\/polish\/wp-content\/uploads\/2021\/07\/to-fight.jpg\" alt=\"\" width=\"624\" height=\"325\" srcset=\"https:\/\/www2.memri.org\/polish\/wp-content\/uploads\/2021\/07\/to-fight.jpg 624w, https:\/\/www2.memri.org\/polish\/wp-content\/uploads\/2021\/07\/to-fight-300x156.jpg 300w, https:\/\/www2.memri.org\/polish\/wp-content\/uploads\/2021\/07\/to-fight-600x313.jpg 600w\" sizes=\"auto, (max-width: 624px) 100vw, 624px\" \/><\/p>\n<p>[&#8230;]<\/p>\n<p>&#8222;[Nasz] wsp\u00f3\u0142czesny dyskurs religijny jest pe\u0142en arogancji, teorii spiskowych i zrzucania winy na innych, podczas gdy ignoruje fakt, \u017ce nasze problemy s\u0105 wewn\u0119trzne\u201d<\/p>\n<p><strong>Prowadz\u0105cy wywiad:<\/strong>\u00a0Wydaje si\u0119, \u017ce wzburzy\u0142 pan wielu ludzi, kiedy powiedzia\u0142 pan, \u017ce islamskie dzidzictwo zaszkodzi\u0142o wizerunkowi Proroka Mahometa bardziej ni\u017c zrobili to pewni ludzie na Zachodzie. Czy mo\u017ce pan to rozwin\u0105\u0107?<\/p>\n<p><strong>Al-Rafiki:\u00a0<\/strong>Je\u015bli naprawd\u0119 chcemy naprawi\u0107 szkody dokonane wizerunkowi Proroka Mahometa, musimy zacz\u0105\u0107 od siebie.<\/p>\n<p><img loading=\"lazy\" decoding=\"async\" class=\"aligncenter size-full wp-image-16074\" src=\"https:\/\/www2.memri.org\/polish\/wp-content\/uploads\/2021\/07\/if-we-really.jpg\" alt=\"\" width=\"816\" height=\"206\" srcset=\"https:\/\/www2.memri.org\/polish\/wp-content\/uploads\/2021\/07\/if-we-really.jpg 816w, https:\/\/www2.memri.org\/polish\/wp-content\/uploads\/2021\/07\/if-we-really-300x76.jpg 300w, https:\/\/www2.memri.org\/polish\/wp-content\/uploads\/2021\/07\/if-we-really-768x194.jpg 768w, https:\/\/www2.memri.org\/polish\/wp-content\/uploads\/2021\/07\/if-we-really-600x151.jpg 600w, https:\/\/www2.memri.org\/polish\/wp-content\/uploads\/2021\/07\/if-we-really-696x176.jpg 696w\" sizes=\"auto, (max-width: 816px) 100vw, 816px\" \/><\/p>\n<p>Naszym problemem jest nowoczesny islamski prawoznawca, kt\u00f3ry odmawia przyznania, \u017ce prawoznawstwo, kt\u00f3re propaguje, jest w kryzysie i \u017ce problemy, [przed jakimi stoi islam] s\u0105 bardziej wewn\u0119trzne ni\u017c zewn\u0119trzne.<\/p>\n<p><img loading=\"lazy\" decoding=\"async\" class=\"aligncenter size-full wp-image-16073\" src=\"https:\/\/www2.memri.org\/polish\/wp-content\/uploads\/2021\/07\/our-problem.jpg\" alt=\"\" width=\"810\" height=\"209\" srcset=\"https:\/\/www2.memri.org\/polish\/wp-content\/uploads\/2021\/07\/our-problem.jpg 810w, https:\/\/www2.memri.org\/polish\/wp-content\/uploads\/2021\/07\/our-problem-300x77.jpg 300w, https:\/\/www2.memri.org\/polish\/wp-content\/uploads\/2021\/07\/our-problem-768x198.jpg 768w, https:\/\/www2.memri.org\/polish\/wp-content\/uploads\/2021\/07\/our-problem-600x155.jpg 600w, https:\/\/www2.memri.org\/polish\/wp-content\/uploads\/2021\/07\/our-problem-696x180.jpg 696w\" sizes=\"auto, (max-width: 810px) 100vw, 810px\" \/><\/p>\n<p><img loading=\"lazy\" decoding=\"async\" class=\"aligncenter size-full wp-image-16072\" src=\"https:\/\/www2.memri.org\/polish\/wp-content\/uploads\/2021\/07\/and-the-problems.jpg\" alt=\"\" width=\"624\" height=\"327\" srcset=\"https:\/\/www2.memri.org\/polish\/wp-content\/uploads\/2021\/07\/and-the-problems.jpg 624w, https:\/\/www2.memri.org\/polish\/wp-content\/uploads\/2021\/07\/and-the-problems-300x157.jpg 300w, https:\/\/www2.memri.org\/polish\/wp-content\/uploads\/2021\/07\/and-the-problems-600x314.jpg 600w\" sizes=\"auto, (max-width: 624px) 100vw, 624px\" \/><\/p>\n<p>Niestety, [nasz] wsp\u00f3\u0142czesny dyskurs religijny jest pe\u0142en arogancji, teorii spiskowych i zrzucania winy na innych, podczas gdy ignoruje fakt, \u017ce nasze problemy s\u0105 wewn\u0119trzne.<\/p>\n<p><img loading=\"lazy\" decoding=\"async\" class=\"aligncenter size-full wp-image-16071\" src=\"https:\/\/www2.memri.org\/polish\/wp-content\/uploads\/2021\/07\/unfortunaly.jpg\" alt=\"\" width=\"809\" height=\"210\" srcset=\"https:\/\/www2.memri.org\/polish\/wp-content\/uploads\/2021\/07\/unfortunaly.jpg 809w, https:\/\/www2.memri.org\/polish\/wp-content\/uploads\/2021\/07\/unfortunaly-300x78.jpg 300w, https:\/\/www2.memri.org\/polish\/wp-content\/uploads\/2021\/07\/unfortunaly-768x199.jpg 768w, https:\/\/www2.memri.org\/polish\/wp-content\/uploads\/2021\/07\/unfortunaly-600x156.jpg 600w, https:\/\/www2.memri.org\/polish\/wp-content\/uploads\/2021\/07\/unfortunaly-696x181.jpg 696w\" sizes=\"auto, (max-width: 809px) 100vw, 809px\" \/><\/p>\n<p><img loading=\"lazy\" decoding=\"async\" class=\"aligncenter size-full wp-image-16070\" src=\"https:\/\/www2.memri.org\/polish\/wp-content\/uploads\/2021\/07\/while-ignorin.jpg\" alt=\"\" width=\"624\" height=\"317\" srcset=\"https:\/\/www2.memri.org\/polish\/wp-content\/uploads\/2021\/07\/while-ignorin.jpg 624w, https:\/\/www2.memri.org\/polish\/wp-content\/uploads\/2021\/07\/while-ignorin-300x152.jpg 300w, https:\/\/www2.memri.org\/polish\/wp-content\/uploads\/2021\/07\/while-ignorin-600x305.jpg 600w\" sizes=\"auto, (max-width: 624px) 100vw, 624px\" \/><\/p>\n","protected":false},"excerpt":{"rendered":"<p>By\u0142y salaficki badacz maroka\u0144ski, Mohamed Abdelwahhab Al-Rafiki, powiedzia\u0142, \u017ce kiedy by\u0142 w wi\u0119zieniu, postanowi\u0142 walczy\u0107 z islamskim ekstremizmem i ekstremistycznym dyskursem. Powiedzia\u0142 to w wywiadzie nadanym przez Sky News Arabiya (ZEA) 3 lipca 2021 r. Al-Rafiki powiedzia\u0142, \u017ce jego pokolenie zas\u0142uguje na rekompensat\u0119 w postaci zapobie\u017cenia, by inne pokolenia pad\u0142y ofiar\u0105 tej ekstremistycznej ideologii. \u00a0Powiedzia\u0142, [&hellip;]<\/p>\n","protected":false},"author":1,"featured_media":16075,"comment_status":"closed","ping_status":"closed","sticky":false,"template":"","format":"standard","meta":{"footnotes":""},"categories":[824,828,835,837],"tags":[891,915],"class_list":["post-16069","post","type-post","status-publish","format-standard","has-post-thumbnail","hentry","category-specjalne-komunikaty","category-autonomia-palestynska","category-archiwum","category-kraje","tag-palestynskie","tag-islam"],"_links":{"self":[{"href":"https:\/\/www2.memri.org\/polish\/wp-json\/wp\/v2\/posts\/16069","targetHints":{"allow":["GET"]}}],"collection":[{"href":"https:\/\/www2.memri.org\/polish\/wp-json\/wp\/v2\/posts"}],"about":[{"href":"https:\/\/www2.memri.org\/polish\/wp-json\/wp\/v2\/types\/post"}],"author":[{"embeddable":true,"href":"https:\/\/www2.memri.org\/polish\/wp-json\/wp\/v2\/users\/1"}],"replies":[{"embeddable":true,"href":"https:\/\/www2.memri.org\/polish\/wp-json\/wp\/v2\/comments?post=16069"}],"version-history":[{"count":1,"href":"https:\/\/www2.memri.org\/polish\/wp-json\/wp\/v2\/posts\/16069\/revisions"}],"predecessor-version":[{"id":16078,"href":"https:\/\/www2.memri.org\/polish\/wp-json\/wp\/v2\/posts\/16069\/revisions\/16078"}],"wp:featuredmedia":[{"embeddable":true,"href":"https:\/\/www2.memri.org\/polish\/wp-json\/wp\/v2\/media\/16075"}],"wp:attachment":[{"href":"https:\/\/www2.memri.org\/polish\/wp-json\/wp\/v2\/media?parent=16069"}],"wp:term":[{"taxonomy":"category","embeddable":true,"href":"https:\/\/www2.memri.org\/polish\/wp-json\/wp\/v2\/categories?post=16069"},{"taxonomy":"post_tag","embeddable":true,"href":"https:\/\/www2.memri.org\/polish\/wp-json\/wp\/v2\/tags?post=16069"}],"curies":[{"name":"wp","href":"https:\/\/api.w.org\/{rel}","templated":true}]}}