{"id":15930,"date":"2021-06-18T21:44:08","date_gmt":"2021-06-18T19:44:08","guid":{"rendered":"https:\/\/www2.memri.org\/polish\/?p=15930"},"modified":"2021-06-18T21:44:08","modified_gmt":"2021-06-18T19:44:08","slug":"byly-iranski-ambasador-w-meksyku-i-australii-mohammad-hassan-ghadiri-abjaneh-niemcy-chcieli-pozbyc-sie-zydow-poniewaz-zydzi-ich-ograbiali","status":"publish","type":"post","link":"https:\/\/www2.memri.org\/polish\/byly-iranski-ambasador-w-meksyku-i-australii-mohammad-hassan-ghadiri-abjaneh-niemcy-chcieli-pozbyc-sie-zydow-poniewaz-zydzi-ich-ograbiali\/15930","title":{"rendered":"By\u0142y ira\u0144ski ambasador w Meksyku i Australii, Mohammad-Hassan Ghadiri-Abjaneh: Niemcy chcieli pozby\u0107 si\u0119 \u017byd\u00f3w, poniewa\u017c \u017bydzi ich ograbiali"},"content":{"rendered":"<p><em>By\u0142y ira\u0144ski ambasador w Meksyku i Australii, \u00a0Mohammad-Hassan Ghadiri-Abjaneh, powiedzia\u0142, \u017ce co roku w Purym syjoni\u015bci \u015bwi\u0119tuj\u0105 zabicie ponad 70 tysi\u0119cy Ira\u0144czyk\u00f3w. M\u00f3wi\u0142 to w wywiadzie nadanym przez Kana\u0142 4 (Iran) 5 czerwca 2021 r. Ambasador Ghadiri-Abjaneh powiedzia\u0142 nast\u0119pnie, \u017ce Niemcy przeciwstawiali si\u0119 \u017bydom i postanowili \u201epozby\u0107 si\u0119\u201d ich, poniewa\u017c \u017bydzi ich ograbiali. Wyja\u015bni\u0142 tak\u017ce, \u017ce syjoni\u015bci d\u0105\u017c\u0105 do \u201crz\u0105dzenia od Nilu do Eufratu\u201d, na obszarze kt\u00f3ry, jak powiedzia\u0142 obejmuje terytoria 20 kraj\u00f3w i s\u0105 tam Mekka i Medyna.<\/em><\/p>\n<p><strong>Aby zobaczy\u0107 klip z by\u0142ym ambasadorem ira\u0144skim w\u00a0 Meksyku i Australii, Mohammad-Hassanem Ghadiri-Abjanehwm w MEMRI TV, kliknij\u00a0<\/strong><a href=\"https:\/\/www.memri.org\/tv\/fmr-iran-ambassador-mexico-australia-ghadiri-abyaneh-germans-got-rid-jews-who-plundered-them\"><strong>tutaj<\/strong><\/a><strong>\u00a0lub poni\u017cej.<\/strong><\/p>\n<p><strong>&#8222;Najwi\u0119kszy Holocaust mia\u0142 miejsce w Hiroszimie i Nagasaki, a teraz jest dokonywany przez syjonist\u00f3w w Palestynie na Palesty\u0144czykach\u201d <\/strong><\/p>\n<p><strong>Mohammad-Hassan Ghadiri-Abjaneh:<\/strong>\u00a0Czy nie powinno obchodzi\u0107 nas, dlaczego s\u0105 masakry w Jemenie i dlaczego syjoni\u015bci masakruj\u0105 Palesty\u0144czyk\u00f3w i pope\u0142niaj\u0105 zbrodnie? Zapytano mnie kiedy\u015b, czy jestem negacjonist\u0105 Holocaustu. Potwierdzam, \u017ce to [zdarzy\u0142o si\u0119]. Najwi\u0119kszy holokaust mia\u0142 miejsce Hiroszimie i Nagasaki, a teraz jest dokonywany przez syjonist\u00f3w w Palestynie na Palesty\u0144czykach.<\/p>\n<p><img loading=\"lazy\" decoding=\"async\" class=\"aligncenter size-full wp-image-15937\" src=\"https:\/\/www2.memri.org\/polish\/wp-content\/uploads\/2021\/06\/the-graetest.jpg\" alt=\"\" width=\"709\" height=\"201\" srcset=\"https:\/\/www2.memri.org\/polish\/wp-content\/uploads\/2021\/06\/the-graetest.jpg 709w, https:\/\/www2.memri.org\/polish\/wp-content\/uploads\/2021\/06\/the-graetest-300x85.jpg 300w, https:\/\/www2.memri.org\/polish\/wp-content\/uploads\/2021\/06\/the-graetest-600x170.jpg 600w, https:\/\/www2.memri.org\/polish\/wp-content\/uploads\/2021\/06\/the-graetest-696x197.jpg 696w\" sizes=\"auto, (max-width: 709px) 100vw, 709px\" \/><\/p>\n<p>[&#8230;]<\/p>\n<p>Has\u0142em re\u017cimu syjonistycznego by\u0142o i nadal jest: \u201cRz\u0105dy od Nilu do Eufratu\u201d. Niestety, nie wydrukowali\u015bmy mapy i nie mo\u017cemy pokaza\u0107 lokalizacji terytorium od Nilu do Eufratu, kt\u00f3rego Izrael \u2013 lub raczej, re\u017cim syjonistyczny \u2013 twierdzi, \u017ce jest w\u0142a\u015bcicielem. Widzia\u0142em, \u017ce obejmuje to 20 kraj\u00f3w lub ich cz\u0119\u015bci.<\/p>\n<p><img loading=\"lazy\" decoding=\"async\" class=\"aligncenter size-full wp-image-15936\" src=\"https:\/\/www2.memri.org\/polish\/wp-content\/uploads\/2021\/06\/the-slogan.jpg\" alt=\"\" width=\"706\" height=\"200\" srcset=\"https:\/\/www2.memri.org\/polish\/wp-content\/uploads\/2021\/06\/the-slogan.jpg 706w, https:\/\/www2.memri.org\/polish\/wp-content\/uploads\/2021\/06\/the-slogan-300x85.jpg 300w, https:\/\/www2.memri.org\/polish\/wp-content\/uploads\/2021\/06\/the-slogan-600x170.jpg 600w, https:\/\/www2.memri.org\/polish\/wp-content\/uploads\/2021\/06\/the-slogan-696x197.jpg 696w\" sizes=\"auto, (max-width: 706px) 100vw, 706px\" \/><\/p>\n<p><strong>Dziennikarz:<\/strong>\u00a0Niemal ca\u0142y Bliski Wsch\u00f3d\u2026<\/p>\n<p><strong>Ghadiri-Abjaneh:<\/strong>\u00a0\u00a0W\u0142\u0105cznie z Mekk\u0105 i Medyn\u0105.<\/p>\n<p>[&#8230;]<\/p>\n<p>Na fladze syjonistycznego re\u017cimu s\u0105 dwa niebieskie pasy z syjonistyczn\u0105 gwiazd\u0105 mi\u0119dzy nimi. Te dwa niebieskie pasy symbolizuj\u0105 Nil i Eufrat.<\/p>\n<p><img loading=\"lazy\" decoding=\"async\" class=\"aligncenter size-full wp-image-15935\" src=\"https:\/\/www2.memri.org\/polish\/wp-content\/uploads\/2021\/06\/in-the-zionist.jpg\" alt=\"\" width=\"692\" height=\"197\" srcset=\"https:\/\/www2.memri.org\/polish\/wp-content\/uploads\/2021\/06\/in-the-zionist.jpg 692w, https:\/\/www2.memri.org\/polish\/wp-content\/uploads\/2021\/06\/in-the-zionist-300x85.jpg 300w, https:\/\/www2.memri.org\/polish\/wp-content\/uploads\/2021\/06\/in-the-zionist-600x171.jpg 600w\" sizes=\"auto, (max-width: 692px) 100vw, 692px\" \/><\/p>\n<p><img loading=\"lazy\" decoding=\"async\" class=\"aligncenter size-full wp-image-15934\" src=\"https:\/\/www2.memri.org\/polish\/wp-content\/uploads\/2021\/06\/those-two.png\" alt=\"\" width=\"668\" height=\"377\" srcset=\"https:\/\/www2.memri.org\/polish\/wp-content\/uploads\/2021\/06\/those-two.png 668w, https:\/\/www2.memri.org\/polish\/wp-content\/uploads\/2021\/06\/those-two-300x169.png 300w, https:\/\/www2.memri.org\/polish\/wp-content\/uploads\/2021\/06\/those-two-600x339.png 600w\" sizes=\"auto, (max-width: 668px) 100vw, 668px\" \/><\/p>\n<p>[&#8230;]<\/p>\n<p><strong>&#8222;Dlaczego przeciwstawiano si\u0119 \u017bydom w Niemczech? \u2026<\/strong><strong>\u017bydzi ograbiali Niemc\u00f3w\u201d <\/strong><\/p>\n<p>Oni maj\u0105 \u015bwi\u0119to zwane Purym. Co roku \u015bwi\u0119tuj\u0105 zabicie ponad 70 tysi\u0119cy Ira\u0144czyk\u00f3w. Gdyby mogli, wzi\u0119liby nas tak\u017ce do niewoli.<\/p>\n<p><img loading=\"lazy\" decoding=\"async\" class=\"aligncenter size-full wp-image-15933\" src=\"https:\/\/www2.memri.org\/polish\/wp-content\/uploads\/2021\/06\/they-have.jpg\" alt=\"\" width=\"709\" height=\"200\" srcset=\"https:\/\/www2.memri.org\/polish\/wp-content\/uploads\/2021\/06\/they-have.jpg 709w, https:\/\/www2.memri.org\/polish\/wp-content\/uploads\/2021\/06\/they-have-300x85.jpg 300w, https:\/\/www2.memri.org\/polish\/wp-content\/uploads\/2021\/06\/they-have-600x169.jpg 600w, https:\/\/www2.memri.org\/polish\/wp-content\/uploads\/2021\/06\/they-have-696x196.jpg 696w\" sizes=\"auto, (max-width: 709px) 100vw, 709px\" \/><\/p>\n<p><img loading=\"lazy\" decoding=\"async\" class=\"aligncenter size-full wp-image-15932\" src=\"https:\/\/www2.memri.org\/polish\/wp-content\/uploads\/2021\/06\/if-they-could-have.png\" alt=\"\" width=\"667\" height=\"376\" srcset=\"https:\/\/www2.memri.org\/polish\/wp-content\/uploads\/2021\/06\/if-they-could-have.png 667w, https:\/\/www2.memri.org\/polish\/wp-content\/uploads\/2021\/06\/if-they-could-have-300x169.png 300w, https:\/\/www2.memri.org\/polish\/wp-content\/uploads\/2021\/06\/if-they-could-have-600x338.png 600w\" sizes=\"auto, (max-width: 667px) 100vw, 667px\" \/><\/p>\n<p>[&#8230;]<\/p>\n<p>Dlaczego przeciwstawiano si\u0119 \u017bydom z Niemczech? W ko\u0144cu, \u017bydzi nie s\u0105 tam \u017cadnym problemem religijnym Powodem by\u0142o, \u017ce \u017bydzi ograbiali Niemc\u00f3w i robili to, kiedy Niemcy byli na dnie. To wtedy Niemcy powiedzieli: pozb\u0105d\u017amy si\u0119 ich.<\/p>\n<p><img loading=\"lazy\" decoding=\"async\" class=\"aligncenter size-full wp-image-15931\" src=\"https:\/\/www2.memri.org\/polish\/wp-content\/uploads\/2021\/06\/why-did-they.jpg\" alt=\"\" width=\"675\" height=\"392\" srcset=\"https:\/\/www2.memri.org\/polish\/wp-content\/uploads\/2021\/06\/why-did-they.jpg 675w, https:\/\/www2.memri.org\/polish\/wp-content\/uploads\/2021\/06\/why-did-they-300x174.jpg 300w, https:\/\/www2.memri.org\/polish\/wp-content\/uploads\/2021\/06\/why-did-they-600x348.jpg 600w\" sizes=\"auto, (max-width: 675px) 100vw, 675px\" \/><\/p>\n","protected":false},"excerpt":{"rendered":"<p>By\u0142y ira\u0144ski ambasador w Meksyku i Australii, \u00a0Mohammad-Hassan Ghadiri-Abjaneh, powiedzia\u0142, \u017ce co roku w Purym syjoni\u015bci \u015bwi\u0119tuj\u0105 zabicie ponad 70 tysi\u0119cy Ira\u0144czyk\u00f3w. M\u00f3wi\u0142 to w wywiadzie nadanym przez Kana\u0142 4 (Iran) 5 czerwca 2021 r. Ambasador Ghadiri-Abjaneh powiedzia\u0142 nast\u0119pnie, \u017ce Niemcy przeciwstawiali si\u0119 \u017bydom i postanowili \u201epozby\u0107 si\u0119\u201d ich, poniewa\u017c \u017bydzi ich ograbiali. Wyja\u015bni\u0142 tak\u017ce, [&hellip;]<\/p>\n","protected":false},"author":1,"featured_media":15934,"comment_status":"closed","ping_status":"closed","sticky":false,"template":"","format":"standard","meta":{"footnotes":""},"categories":[824,827,835,837],"tags":[869,891,925,926],"class_list":["post-15930","post","type-post","status-publish","format-standard","has-post-thumbnail","hentry","category-specjalne-komunikaty","category-iran","category-archiwum","category-kraje","tag-iran","tag-palestynskie","tag-zionists","tag-mohammad-hassan"],"_links":{"self":[{"href":"https:\/\/www2.memri.org\/polish\/wp-json\/wp\/v2\/posts\/15930","targetHints":{"allow":["GET"]}}],"collection":[{"href":"https:\/\/www2.memri.org\/polish\/wp-json\/wp\/v2\/posts"}],"about":[{"href":"https:\/\/www2.memri.org\/polish\/wp-json\/wp\/v2\/types\/post"}],"author":[{"embeddable":true,"href":"https:\/\/www2.memri.org\/polish\/wp-json\/wp\/v2\/users\/1"}],"replies":[{"embeddable":true,"href":"https:\/\/www2.memri.org\/polish\/wp-json\/wp\/v2\/comments?post=15930"}],"version-history":[{"count":1,"href":"https:\/\/www2.memri.org\/polish\/wp-json\/wp\/v2\/posts\/15930\/revisions"}],"predecessor-version":[{"id":15938,"href":"https:\/\/www2.memri.org\/polish\/wp-json\/wp\/v2\/posts\/15930\/revisions\/15938"}],"wp:featuredmedia":[{"embeddable":true,"href":"https:\/\/www2.memri.org\/polish\/wp-json\/wp\/v2\/media\/15934"}],"wp:attachment":[{"href":"https:\/\/www2.memri.org\/polish\/wp-json\/wp\/v2\/media?parent=15930"}],"wp:term":[{"taxonomy":"category","embeddable":true,"href":"https:\/\/www2.memri.org\/polish\/wp-json\/wp\/v2\/categories?post=15930"},{"taxonomy":"post_tag","embeddable":true,"href":"https:\/\/www2.memri.org\/polish\/wp-json\/wp\/v2\/tags?post=15930"}],"curies":[{"name":"wp","href":"https:\/\/api.w.org\/{rel}","templated":true}]}}