{"id":15373,"date":"2021-03-15T21:04:15","date_gmt":"2021-03-15T20:04:15","guid":{"rendered":"https:\/\/www2.memri.org\/polish\/?p=15373"},"modified":"2021-03-16T21:09:03","modified_gmt":"2021-03-16T20:09:03","slug":"imam-z-michigan-mustapha-elturk-wiekszosc-zydow-jest-nieposluszna-allahowi-niektorzy-zydzi-i-chrzescijanie-wykonuja-dla-nas-robote-muzulmanie-w-koncu-odbiora-jrozolime","status":"publish","type":"post","link":"https:\/\/www2.memri.org\/polish\/imam-z-michigan-mustapha-elturk-wiekszosc-zydow-jest-nieposluszna-allahowi-niektorzy-zydzi-i-chrzescijanie-wykonuja-dla-nas-robote-muzulmanie-w-koncu-odbiora-jrozolime\/15373","title":{"rendered":"Imam z Michigan, Mustapha Elturk: Wi\u0119kszo\u015b\u0107 \u017byd\u00f3w jest niepos\u0142uszna Allahowi; niekt\u00f3rzy \u017bydzi i chrze\u015bcijanie wykonuj\u0105 dla nas robot\u0119; \u201eMuzu\u0142manie w ko\u0144cu odbior\u0105 Jrozolim\u0119\u201d"},"content":{"rendered":"<p><em>Imam z Michigan, Mustapha Elturk, Ameer z Islamic Organization of North America (IONA) powiedzia\u0142, \u017ce muzu\u0142manie nie powinni unika\u0107 po\u0142\u0105czenia r\u0105k z podobnie my\u015bl\u0105cymi lud\u017ami, nawet je\u015bli s\u0105 oni \u017bydami, poniewa\u017c \u201enie wszyscy oni s\u0105 \u017ali\u201d. Wypowiedzia\u0142 to podczas pi\u0105tkowego kazania wyg\u0142oszonego w IONA w Warren w Michigan 5 marca 2021 r. Kazanie zamieszczono na oficjalnym koncie IONA w YouTube 8 marca 2021 r. Elturk powiedzia\u0142, \u017ce cho\u0107 wi\u0119kszo\u015b\u0107 \u017byd\u00f3w jest niepos\u0142uszna Allahowi, niekt\u00f3rzy \u017bydzi i chrze\u015bcijanie w rzeczywisto\u015bci \u201ewykonuj\u0105 dla nas robot\u0119\u201d. Wersja tego kazania zamieszczonego na koncie IONA na YouTube wygl\u0105da, jakby by\u0142a redagowana. Elturk imigrowa\u0142 do Stan\u00f3w Zjednoczonych z Libanu podczas liba\u0144skiej wojny domowej i jest aktywny i mi\u0119dzywyznaniowych inicjatywach na terenie Detroit. 8 marca 2020 r. Reprezentantka USA, Ilhan Omar (D-MN) retweetowa\u0142a wideo imama Elturka popieraj\u0105ce senatora Bernie Sandersa (I-VT) na prezydenta.<\/em><\/p>\n<p><strong>Aby zobaczy\u0107 klip z imamem Mustaph\u0105 Elturkiem w MEMRI TV, kliknij\u00a0<\/strong><a href=\"https:\/\/www.memri.org\/tv\/michigan-imam-iona-mustapha-elturk-not-all-jews-bad-chrisitans-do-the-work-us\"><strong>tutaj<\/strong><\/a><strong>\u00a0lub poni\u017cej.<\/strong><\/p>\n<p><iframe loading=\"lazy\" src=\"https:\/\/www.memri.org\/player\/clip\/51494\/780,440\/1\" width=\"780\" height=\"440\" frameborder=\"0\"><\/iframe><\/p>\n<p><strong>\u201eDuma [\u017byd\u00f3w] jest uci\u0105\u017cliwa; [Oni] kontroluj\u0105 i \u0142ami\u0105 prawa cz\u0142owieka w Palestynie\u2026 Muzu\u0142manie w ko\u0144cu odbior\u0105 Jerozolim\u0119\u201d <\/strong><\/p>\n<p><strong>Imam Mustapha Elturk:<\/strong>\u00a0&#8221; I postanowili\u015bmy w tej Ksi\u0119dze wzgl\u0119dem syn\u00f3w Izraela: B\u0119dziecie sia\u0107 zgorszenie na ziemi dwukrotnie\u201d, a potem oni dojd\u0105 do wielkich wysoko\u015bci: \u201ei wbijecie si\u0119 w wielk\u0105 dum\u0119\u201d. I uwa\u017cam, w mojej skromnej opinii, \u017ce ta duma jest tym, czego do\u015bwiadczamy dzisiaj.<\/p>\n<p><img loading=\"lazy\" decoding=\"async\" class=\"alignnone size-full wp-image-15375\" src=\"https:\/\/www2.memri.org\/polish\/wp-content\/uploads\/2021\/03\/MTV8741.jpg\" width=\"1073\" height=\"273\" srcset=\"https:\/\/www2.memri.org\/polish\/wp-content\/uploads\/2021\/03\/MTV8741.jpg 1073w, https:\/\/www2.memri.org\/polish\/wp-content\/uploads\/2021\/03\/MTV8741-300x76.jpg 300w, https:\/\/www2.memri.org\/polish\/wp-content\/uploads\/2021\/03\/MTV8741-1024x261.jpg 1024w, https:\/\/www2.memri.org\/polish\/wp-content\/uploads\/2021\/03\/MTV8741-768x195.jpg 768w, https:\/\/www2.memri.org\/polish\/wp-content\/uploads\/2021\/03\/MTV8741-600x153.jpg 600w, https:\/\/www2.memri.org\/polish\/wp-content\/uploads\/2021\/03\/MTV8741-696x177.jpg 696w, https:\/\/www2.memri.org\/polish\/wp-content\/uploads\/2021\/03\/MTV8741-1068x273.jpg 1068w\" sizes=\"auto, (max-width: 1073px) 100vw, 1073px\" \/><\/p>\n<p><img loading=\"lazy\" decoding=\"async\" class=\"alignnone size-full wp-image-15376\" src=\"https:\/\/www2.memri.org\/polish\/wp-content\/uploads\/2021\/03\/MTV87411-1.jpg\" width=\"624\" height=\"319\" srcset=\"https:\/\/www2.memri.org\/polish\/wp-content\/uploads\/2021\/03\/MTV87411-1.jpg 624w, https:\/\/www2.memri.org\/polish\/wp-content\/uploads\/2021\/03\/MTV87411-1-300x153.jpg 300w, https:\/\/www2.memri.org\/polish\/wp-content\/uploads\/2021\/03\/MTV87411-1-600x307.jpg 600w\" sizes=\"auto, (max-width: 624px) 100vw, 624px\" \/><\/p>\n<p>Ta duma jest uci\u0105\u017cliwa, to jest kontrolowanie i \u0142amanie praw cz\u0142owieka w Palestynie, jak wiemy, w\u0142a\u015bnie teraz. I Allah m\u00f3wi o\u2026 wzlocie i upadku\u2026<\/p>\n<p><img loading=\"lazy\" decoding=\"async\" class=\"alignnone size-full wp-image-15377\" src=\"https:\/\/www2.memri.org\/polish\/wp-content\/uploads\/2021\/03\/MTV87412.jpg\" width=\"1078\" height=\"277\" srcset=\"https:\/\/www2.memri.org\/polish\/wp-content\/uploads\/2021\/03\/MTV87412.jpg 1078w, https:\/\/www2.memri.org\/polish\/wp-content\/uploads\/2021\/03\/MTV87412-300x77.jpg 300w, https:\/\/www2.memri.org\/polish\/wp-content\/uploads\/2021\/03\/MTV87412-1024x263.jpg 1024w, https:\/\/www2.memri.org\/polish\/wp-content\/uploads\/2021\/03\/MTV87412-768x197.jpg 768w, https:\/\/www2.memri.org\/polish\/wp-content\/uploads\/2021\/03\/MTV87412-600x154.jpg 600w, https:\/\/www2.memri.org\/polish\/wp-content\/uploads\/2021\/03\/MTV87412-696x179.jpg 696w, https:\/\/www2.memri.org\/polish\/wp-content\/uploads\/2021\/03\/MTV87412-1068x274.jpg 1068w\" sizes=\"auto, (max-width: 1078px) 100vw, 1078px\" \/>I niestety, i smutno, co zdoby\u0142 [kalif] Omar, jest teraz pod piecz\u0105 \u017byd\u00f3w, syjonist\u00f3w\u2026<\/p>\n<p><img loading=\"lazy\" decoding=\"async\" class=\"alignnone size-full wp-image-15378\" src=\"https:\/\/www2.memri.org\/polish\/wp-content\/uploads\/2021\/03\/MTV87413.jpg\" width=\"1080\" height=\"272\" srcset=\"https:\/\/www2.memri.org\/polish\/wp-content\/uploads\/2021\/03\/MTV87413.jpg 1080w, https:\/\/www2.memri.org\/polish\/wp-content\/uploads\/2021\/03\/MTV87413-300x76.jpg 300w, https:\/\/www2.memri.org\/polish\/wp-content\/uploads\/2021\/03\/MTV87413-1024x258.jpg 1024w, https:\/\/www2.memri.org\/polish\/wp-content\/uploads\/2021\/03\/MTV87413-768x193.jpg 768w, https:\/\/www2.memri.org\/polish\/wp-content\/uploads\/2021\/03\/MTV87413-600x151.jpg 600w, https:\/\/www2.memri.org\/polish\/wp-content\/uploads\/2021\/03\/MTV87413-696x175.jpg 696w, https:\/\/www2.memri.org\/polish\/wp-content\/uploads\/2021\/03\/MTV87413-1068x269.jpg 1068w\" sizes=\"auto, (max-width: 1080px) 100vw, 1080px\" \/><\/p>\n<p>Ale\u00a0<em>inszallah&#8230;<\/em>\u00a0Muzu\u0142manie w ko\u0144cu odbior\u0105 Jerozolim\u0119.<\/p>\n<p><img loading=\"lazy\" decoding=\"async\" class=\"alignnone size-full wp-image-15379\" src=\"https:\/\/www2.memri.org\/polish\/wp-content\/uploads\/2021\/03\/MTV87414.jpg\" width=\"1074\" height=\"279\" srcset=\"https:\/\/www2.memri.org\/polish\/wp-content\/uploads\/2021\/03\/MTV87414.jpg 1074w, https:\/\/www2.memri.org\/polish\/wp-content\/uploads\/2021\/03\/MTV87414-300x78.jpg 300w, https:\/\/www2.memri.org\/polish\/wp-content\/uploads\/2021\/03\/MTV87414-1024x266.jpg 1024w, https:\/\/www2.memri.org\/polish\/wp-content\/uploads\/2021\/03\/MTV87414-768x200.jpg 768w, https:\/\/www2.memri.org\/polish\/wp-content\/uploads\/2021\/03\/MTV87414-600x156.jpg 600w, https:\/\/www2.memri.org\/polish\/wp-content\/uploads\/2021\/03\/MTV87414-696x181.jpg 696w, https:\/\/www2.memri.org\/polish\/wp-content\/uploads\/2021\/03\/MTV87414-1068x277.jpg 1068w\" sizes=\"auto, (max-width: 1074px) 100vw, 1074px\" \/><\/p>\n<p>[&#8230;]<\/p>\n<p><strong>&#8222;S\u0105 \u017bydzi, kt\u00f3rzy s\u0105 po waszej stronie w tej sprawie; nie wszyscy z nich s\u0105 \u017ali\u2026 S\u0105 tacy mi\u0119dzy chrze\u015bcijanami i \u017bydami, kt\u00f3rzy wykonuj\u0105 dla nas robot\u0119\u201d \u00a0<\/strong><\/p>\n<p>Nie wahajcie si\u0119 po\u0142\u0105czy\u0107 r\u0105k z podobnie my\u015bl\u0105cymi lud\u017ami, niechaj b\u0119d\u0105 \u2013 tak \u2013 \u017bydami. S\u0105 \u017bydzi, kt\u00f3rzy s\u0105 po waszej stronie w tej sprawie. Tak, nie wszyscy oni s\u0105 \u017ali.<\/p>\n<p><img loading=\"lazy\" decoding=\"async\" class=\"alignnone size-full wp-image-15380\" src=\"https:\/\/www2.memri.org\/polish\/wp-content\/uploads\/2021\/03\/MTV87415.jpg\" width=\"1076\" height=\"279\" srcset=\"https:\/\/www2.memri.org\/polish\/wp-content\/uploads\/2021\/03\/MTV87415.jpg 1076w, https:\/\/www2.memri.org\/polish\/wp-content\/uploads\/2021\/03\/MTV87415-300x78.jpg 300w, https:\/\/www2.memri.org\/polish\/wp-content\/uploads\/2021\/03\/MTV87415-1024x266.jpg 1024w, https:\/\/www2.memri.org\/polish\/wp-content\/uploads\/2021\/03\/MTV87415-768x199.jpg 768w, https:\/\/www2.memri.org\/polish\/wp-content\/uploads\/2021\/03\/MTV87415-600x156.jpg 600w, https:\/\/www2.memri.org\/polish\/wp-content\/uploads\/2021\/03\/MTV87415-696x180.jpg 696w, https:\/\/www2.memri.org\/polish\/wp-content\/uploads\/2021\/03\/MTV87415-1068x277.jpg 1068w\" sizes=\"auto, (max-width: 1076px) 100vw, 1076px\" \/><\/p>\n<p>Jak powiedzia\u0142 Allah: \u201eW\u015br\u00f3d nich s\u0105 wierz\u0105cy, lecz wi\u0119kszo\u015b\u0107 z nich to ludzie szerz\u0105cy zepsucie\u201d. Tak, s\u0105 w\u015br\u00f3d nich wierz\u0105cy, ale wi\u0119kszo\u015b\u0107 z nich jest niepos\u0142uszna.<\/p>\n<p><img loading=\"lazy\" decoding=\"async\" class=\"alignnone size-full wp-image-15381\" src=\"https:\/\/www2.memri.org\/polish\/wp-content\/uploads\/2021\/03\/MTV8741c.jpg\" width=\"1073\" height=\"275\" srcset=\"https:\/\/www2.memri.org\/polish\/wp-content\/uploads\/2021\/03\/MTV8741c.jpg 1073w, https:\/\/www2.memri.org\/polish\/wp-content\/uploads\/2021\/03\/MTV8741c-300x77.jpg 300w, https:\/\/www2.memri.org\/polish\/wp-content\/uploads\/2021\/03\/MTV8741c-1024x262.jpg 1024w, https:\/\/www2.memri.org\/polish\/wp-content\/uploads\/2021\/03\/MTV8741c-768x197.jpg 768w, https:\/\/www2.memri.org\/polish\/wp-content\/uploads\/2021\/03\/MTV8741c-600x154.jpg 600w, https:\/\/www2.memri.org\/polish\/wp-content\/uploads\/2021\/03\/MTV8741c-696x178.jpg 696w, https:\/\/www2.memri.org\/polish\/wp-content\/uploads\/2021\/03\/MTV8741c-1068x275.jpg 1068w\" sizes=\"auto, (max-width: 1073px) 100vw, 1073px\" \/><\/p>\n<p>Ale s\u0105 tacy w\u015br\u00f3d chrze\u015bcijan i \u017byd\u00f3w, kt\u00f3rzy w rzeczywisto\u015bci wykonuj\u0105 dla nas robot\u0119.<\/p>\n<p><img loading=\"lazy\" decoding=\"async\" class=\"alignnone size-full wp-image-15382\" src=\"https:\/\/www2.memri.org\/polish\/wp-content\/uploads\/2021\/03\/MTV8741d.jpg\" width=\"1074\" height=\"282\" srcset=\"https:\/\/www2.memri.org\/polish\/wp-content\/uploads\/2021\/03\/MTV8741d.jpg 1074w, https:\/\/www2.memri.org\/polish\/wp-content\/uploads\/2021\/03\/MTV8741d-300x79.jpg 300w, https:\/\/www2.memri.org\/polish\/wp-content\/uploads\/2021\/03\/MTV8741d-1024x269.jpg 1024w, https:\/\/www2.memri.org\/polish\/wp-content\/uploads\/2021\/03\/MTV8741d-768x202.jpg 768w, https:\/\/www2.memri.org\/polish\/wp-content\/uploads\/2021\/03\/MTV8741d-600x158.jpg 600w, https:\/\/www2.memri.org\/polish\/wp-content\/uploads\/2021\/03\/MTV8741d-696x183.jpg 696w, https:\/\/www2.memri.org\/polish\/wp-content\/uploads\/2021\/03\/MTV8741d-1068x280.jpg 1068w\" sizes=\"auto, (max-width: 1074px) 100vw, 1074px\" \/><\/p>\n","protected":false},"excerpt":{"rendered":"<p>Imam z Michigan, Mustapha Elturk, Ameer z Islamic Organization of North America (IONA) powiedzia\u0142, \u017ce muzu\u0142manie nie powinni unika\u0107 po\u0142\u0105czenia r\u0105k z podobnie my\u015bl\u0105cymi lud\u017ami, nawet je\u015bli s\u0105 oni \u017bydami, poniewa\u017c \u201enie wszyscy oni s\u0105 \u017ali\u201d. Wypowiedzia\u0142 to podczas pi\u0105tkowego kazania wyg\u0142oszonego w IONA w Warren w Michigan 5 marca 2021 r. Kazanie zamieszczono na [&hellip;]<\/p>\n","protected":false},"author":1,"featured_media":15375,"comment_status":"closed","ping_status":"closed","sticky":false,"template":"","format":"standard","meta":{"footnotes":""},"categories":[824,829,831,835,836],"tags":[],"class_list":["post-15373","post","type-post","status-publish","format-standard","has-post-thumbnail","hentry","category-specjalne-komunikaty","category-usa-i-bliski-wschod","category-projekt-dokumentacji-antysemityzmu","category-archiwum","category-tematy"],"_links":{"self":[{"href":"https:\/\/www2.memri.org\/polish\/wp-json\/wp\/v2\/posts\/15373","targetHints":{"allow":["GET"]}}],"collection":[{"href":"https:\/\/www2.memri.org\/polish\/wp-json\/wp\/v2\/posts"}],"about":[{"href":"https:\/\/www2.memri.org\/polish\/wp-json\/wp\/v2\/types\/post"}],"author":[{"embeddable":true,"href":"https:\/\/www2.memri.org\/polish\/wp-json\/wp\/v2\/users\/1"}],"replies":[{"embeddable":true,"href":"https:\/\/www2.memri.org\/polish\/wp-json\/wp\/v2\/comments?post=15373"}],"version-history":[{"count":1,"href":"https:\/\/www2.memri.org\/polish\/wp-json\/wp\/v2\/posts\/15373\/revisions"}],"predecessor-version":[{"id":15383,"href":"https:\/\/www2.memri.org\/polish\/wp-json\/wp\/v2\/posts\/15373\/revisions\/15383"}],"wp:featuredmedia":[{"embeddable":true,"href":"https:\/\/www2.memri.org\/polish\/wp-json\/wp\/v2\/media\/15375"}],"wp:attachment":[{"href":"https:\/\/www2.memri.org\/polish\/wp-json\/wp\/v2\/media?parent=15373"}],"wp:term":[{"taxonomy":"category","embeddable":true,"href":"https:\/\/www2.memri.org\/polish\/wp-json\/wp\/v2\/categories?post=15373"},{"taxonomy":"post_tag","embeddable":true,"href":"https:\/\/www2.memri.org\/polish\/wp-json\/wp\/v2\/tags?post=15373"}],"curies":[{"name":"wp","href":"https:\/\/api.w.org\/{rel}","templated":true}]}}