{"id":1533,"date":"2011-01-04T00:00:00","date_gmt":"2011-01-04T00:00:00","guid":{"rendered":"http:\/\/www2.memri.org\/polaco\/autorytet-religijny-al-kaidy-kuwejcki-duchowny-chaled-al-huseinan-ostrzega-prezydenta-usa-obame-twoi-znuzeni-zolnierze-nie-moga-rownac-sie-z-afganczykami\/1533"},"modified":"2011-01-04T00:00:00","modified_gmt":"2011-01-04T00:00:00","slug":"autorytet-religijny-al-kaidy-kuwejcki-duchowny-chaled-al-huseinan-ostrzega-prezydenta-usa-obame-twoi-znuzeni-zolnierze-nie-moga-rownac-sie-z-afganczykami","status":"publish","type":"post","link":"https:\/\/www2.memri.org\/polish\/autorytet-religijny-al-kaidy-kuwejcki-duchowny-chaled-al-huseinan-ostrzega-prezydenta-usa-obame-twoi-znuzeni-zolnierze-nie-moga-rownac-sie-z-afganczykami\/1533","title":{"rendered":"Autorytet religijny Al-Kaidy, kuwejcki duchowny Chaled Al-Huseinan, ostrzega prezydenta USA Obam\u0119: Twoi znu\u017ceni \u017co\u0142nierze nie mog\u0105 r\u00f3wna\u0107 si\u0119 z Afga\u0144czykami"},"content":{"rendered":"<div class=\"bodytext c1\"><!--\nDocument Body --><\/p>\n<div class=\"bodytext c1\">\n<p><em>Poni\u017cej podajemy fragmenty reporta\u017cu telewizyjnego o kuwejckim duchownym Chaledzie Al-Huseinanie, kt\u00f3ry przysta\u0142 do Al-Kaidy. Program nada\u0142a Al-Arabiya TV 29 pa\u017adziernika 2010.<\/em><\/p>\n<p><em>\u017beby zobaczy\u0107 ten klip w MEMRI TV, odwied\u017a<\/em> <a href=\"http:\/\/www.memritv.org\/clip\/en\/2738.htm\"><em>http:\/\/www.memritv.org\/clip\/en\/2738.htm<\/em><\/a> <em>.<\/em><\/p>\n<p><strong><img loading=\"lazy\" decoding=\"async\" border=\"0\" src=\"http:\/\/www.memri.org\/image\/5909.jpg\" width=\"317\" height=\"231\" \/><\/strong><\/p>\n<p><strong>Reporta\u017c telewizyjny: Chaled Al-Huseinan sta\u0142 si\u0119 &#8222;teoretykiem i autorytetem religijnym\u201d Al-Kaidy<\/strong><\/p>\n<p><strong>Reporter:<\/strong> Chaled Al-Huseinan s\u0142u\u017cy\u0142 jako imam i kaznodzieja w szeregu meczet\u00f3w kuwejckiego Ministerstwa Dziedzictwa Religijnego. Uczestniczy\u0142 w wielu wyk\u0142adach i zaj\u0119ciach religijnych. Jego wyk\u0142ady mia\u0142y natur\u0119 ekstremistyczn\u0105, ale nie wzbudza\u0142y niepokoju w owych dniach, bo m\u00f3wimy o po\u0142owie lat 1990. [\u2026]<\/p>\n<p>Bez \u017cadnego ostrze\u017cenia Al-Huseinan opu\u015bci\u0142 Kuwejt w 2007 r., kieruj\u0105c si\u0119 do Afganistanu poprzez Iran, wed\u0142ug niekt\u00f3rych doniesie\u0144. Podczas gdy w latach 1980 i 1990, jak r\u00f3wnie\u017c w okresie poprzedzaj\u0105cym atak USA na Afganistan po 11 wrze\u015bnia, by\u0142 strumie\u0144 arabskich wojownik\u00f3w kieruj\u0105cych si\u0119 do Afganistanu, fakt, \u017ce Al-Huseinan pojecha\u0142 tam dopiero cztery lata temu, jest godny uwagi. Niemniej uda\u0142o mu si\u0119 osi\u0105gn\u0105\u0107 wybitn\u0105 pozycj\u0119 w hierarchii Al-Kaidy w Afganistanie. Sta\u0142 si\u0119 teoretykiem i autorytetem religijnym tej organizacji dzi\u0119ki oznajmieniom og\u0142aszanym na witrynach internetowych stowarzyszonych z Al-Kaid\u0105.<\/p>\n<p><strong>Chaled Al-Huseinan:<\/strong> Cz\u0142owiek wybiera si\u0119 do kraju niewiernych, kraju prostytucji i korupcji, w celu uko\u0144czenia studi\u00f3w. Szuka \u015bwiata materialnego, \u017ceby sta\u0107 si\u0119 wa\u017cnym cz\u0142owiekiem \u2013 lekarzem lub in\u017cynierem. Dziwn\u0105 rzecz\u0105 jest to, \u017ce ca\u0142a rodzina jest zadowolona z tego, \u017ce on jedzie. Wszyscy s\u0105 szcz\u0119\u015bliwi i m\u00f3wi\u0105 \u201ePrzynosisz nam honor\u201d. On jedzie do kraju niewiernych, do kraju prostytucji i korupcji. On szuka materialnego \u015bwiata. W tym samym czasie inny cz\u0142owiek wyrusza na d\u017cihad na rzecz Allaha. Wyrusza na poparcie religii Allaha, \u017ceby broni\u0107 tego, co \u015bwi\u0119te dla muzu\u0142man\u00f3w i \u017ceby broni\u0107 honoru muzu\u0142ma\u0144skich kobiet. Ca\u0142a jego rodzina jest rozgoryczona i z\u0142a. Wszyscy m\u00f3wi\u0105: \u201ePrzynios\u0142e\u015b nam wstyd robi\u0105c to lub tamto\u201d. Wszyscy s\u0105 na niego \u017ali.<\/p>\n<p><strong>Reporter:<\/strong> Jest ewidentne, \u017ce Al-Huseinan przyj\u0105\u0142 odpowiedzialno\u015b\u0107 za nauczanie i ideologiczne konfrontowanie uczonych, sprzeciwiaj\u0105cych si\u0119 Al-Kaidzie. Jest tak\u017ce odpowiedzialny za rekrutacj\u0119 nowych cz\u0142onk\u00f3w. To podkre\u015bla filozofi\u0119 Al-Kaidy skupiania si\u0119 na m\u0142odzie\u017cy Zatoki. Jako Kuwejtczyk Al-Hueinan zna lepiej ni\u017c inni specyficzn\u0105 natur\u0119 spo\u0142ecze\u0144stw Zatoki. [\u2026]<\/p>\n<p>Materia\u0142 filmowy Al-Husenana pokazuje jego ostre ataki przeciwko ulemom i muftim, kt\u00f3rych oskar\u017ca o popieranie re\u017cim\u00f3w. Wzywa do chwycenia za bro\u0144 i rewolty przeciwko w\u0142adcom \u2013 nazywa to fuzj\u0105 z ideologi\u0105 Al-Kaidy. Uwa\u017ca wszystkie kraje za kraje d\u017cihadu, w\u0142\u0105cznie z krajami islamskimi.<\/p>\n<p><strong>\u201cCzy znasz afga\u0144ski lud? Twoi \u017co\u0142nierze nie mog\u0105 si\u0119 z nimi r\u00f3wna\u0107, Obamo&#8221;<\/strong><\/p>\n<p><strong>Chaled Al-Huseinan:<\/strong> Istnieje zgoda mi\u0119dzy wszystkimi rozs\u0105dnymi lud\u017ami \u2013 zar\u00f3wno tymi, kt\u00f3rzy \u017cyli w przed-islamskich czasach, jak i tymi, kt\u00f3rzy przyszli p\u00f3\u017aniej \u2013 \u017ce pola bitwy s\u0105 miejscem dla m\u0119\u017cczyzn i bohater\u00f3w. Tak\u017ce ludzie w przed-islamskich czasach, tak\u017ce niewierni, zgadzali si\u0119, \u017ce pola bitwy s\u0105 miejscem dla m\u0119\u017cczyzn i bohater\u00f3w. Niekt\u00f3rzy ludzie boj\u0105 si\u0119 nosi\u0107 bro\u0144. Kiedy dotykaj\u0105 broni, s\u0105 przera\u017ceni. Co to za tch\u00f3rzostwo, to przera\u017cenie, ten niepok\u00f3j? M\u00f3wi\u0105: Boj\u0119 si\u0119, \u017ce b\u0119dzie problem z t\u0105 broni\u0105 w przysz\u0142o\u015bci i \u017ce znajd\u0105 na niej odciski moich palc\u00f3w\u201d. Je\u015bli on tak boi si\u0119 nosi\u0107 bro\u0144 teraz, jak mo\u017cna oczekiwa\u0107, \u017ce p\u00f3jdzie na pole bitwy i b\u0119dzie walczy\u0142 z krzy\u017cowcami?<\/p>\n<p>Taki cz\u0142owiek powinien si\u0119 wstydzi\u0107 cho\u0107by m\u00f3wienia o tych bohaterskich, m\u0142odych m\u0119\u017cczyznach, kt\u00f3rzy walcz\u0105 z krzy\u017cowcami, wrogami Allaha, szerz\u0105cymi korupcj\u0119 na Ziemi. Jest wielkim problemem, kiedy ludzie nazywaj\u0105 tych mud\u017cahedin\u00f3w \u201egrupami ekstremistycznymi\u201d, \u201efanatykami\u201d lub \u201eterrorystami\u201d.<\/p>\n<p><strong>Reporter:<\/strong> W przes\u0142aniu do prezydenta USA Baracka Obamy, Al-Huseinan ujawni\u0142, \u017ce porusza si\u0119 swobodnie po Afganistanie, \u017ceby prowadzi\u0107 d\u017cihad i \u017ce w dodatku do swojej roli religijnego kaznodziei Al-Kaidy prowadzi dzia\u0142alno\u015b\u0107 wojskow\u0105 i uczestniczy w zbrojnych starciach z si\u0142ami USA w Afganistanie. [\u2026]<\/p>\n<p><strong>Chaled Al-Huseinan:<\/strong>Bitwa nie jest sko\u0144czona, Obamo. Bitwa jest nadal \u017cywa i nie dotar\u0142a do ko\u0144ca. Dlatego Obamo\u2026 Czy znasz afga\u0144ski lud? Lud afga\u0144ski jest modelem wytrwania. To jest lud pustyni, lud g\u00f3r. Twoi \u017co\u0142nierze nie mog\u0105 si\u0119 z nimi r\u00f3wna\u0107, Obamo. Twoi \u017co\u0142nierze s\u0105 znu\u017ceni, znu\u017ceni, znu\u017ceni.<\/p>\n<\/div>\n<\/div>\n","protected":false},"excerpt":{"rendered":"<p>Poni\u017cej podajemy fragmenty reporta\u017cu telewizyjnego o kuwejckim duchownym Chaledzie Al-Huseinanie, kt\u00f3ry przysta\u0142 do Al-Kaidy. Program nada\u0142a Al-Arabiya TV 29 pa\u017adziernika 2010. \u017beby zobaczy\u0107 ten klip w MEMRI TV, odwied\u017a http:\/\/www.memritv.org\/clip\/en\/2738.htm . Reporta\u017c telewizyjny: Chaled Al-Huseinan sta\u0142 si\u0119 &#8222;teoretykiem i autorytetem religijnym\u201d Al-Kaidy Reporter: Chaled Al-Huseinan s\u0142u\u017cy\u0142 jako imam i kaznodzieja w szeregu meczet\u00f3w kuwejckiego Ministerstwa [&hellip;]<\/p>\n","protected":false},"author":1,"featured_media":0,"comment_status":"open","ping_status":"closed","sticky":false,"template":"","format":"standard","meta":{"footnotes":""},"categories":[824,832,835,836,837,840,848],"tags":[],"class_list":["post-1533","post","type-post","status-publish","format-standard","hentry","category-specjalne-komunikaty","category-projekt-badan-nad-dzihadem-i-terroryzmem","category-archiwum","category-tematy","category-kraje","category-zatoka-perska","category-projekt-dot-mediow-w-urdu-pasztu"],"_links":{"self":[{"href":"https:\/\/www2.memri.org\/polish\/wp-json\/wp\/v2\/posts\/1533","targetHints":{"allow":["GET"]}}],"collection":[{"href":"https:\/\/www2.memri.org\/polish\/wp-json\/wp\/v2\/posts"}],"about":[{"href":"https:\/\/www2.memri.org\/polish\/wp-json\/wp\/v2\/types\/post"}],"author":[{"embeddable":true,"href":"https:\/\/www2.memri.org\/polish\/wp-json\/wp\/v2\/users\/1"}],"replies":[{"embeddable":true,"href":"https:\/\/www2.memri.org\/polish\/wp-json\/wp\/v2\/comments?post=1533"}],"version-history":[{"count":0,"href":"https:\/\/www2.memri.org\/polish\/wp-json\/wp\/v2\/posts\/1533\/revisions"}],"wp:attachment":[{"href":"https:\/\/www2.memri.org\/polish\/wp-json\/wp\/v2\/media?parent=1533"}],"wp:term":[{"taxonomy":"category","embeddable":true,"href":"https:\/\/www2.memri.org\/polish\/wp-json\/wp\/v2\/categories?post=1533"},{"taxonomy":"post_tag","embeddable":true,"href":"https:\/\/www2.memri.org\/polish\/wp-json\/wp\/v2\/tags?post=1533"}],"curies":[{"name":"wp","href":"https:\/\/api.w.org\/{rel}","templated":true}]}}