{"id":1525,"date":"2011-01-05T00:00:00","date_gmt":"2011-01-05T00:00:00","guid":{"rendered":"http:\/\/www2.memri.org\/polaco\/ostre-reakcje-w-prasie-izraelsko-arabskiej-na-petycje-rabinow-wzywajaca-do-nie-wynajmowania-i-nie-sprzedawania-domow-arabom\/1525"},"modified":"2011-01-05T00:00:00","modified_gmt":"2011-01-05T00:00:00","slug":"ostre-reakcje-w-prasie-izraelsko-arabskiej-na-petycje-rabinow-wzywajaca-do-nie-wynajmowania-i-nie-sprzedawania-domow-arabom","status":"publish","type":"post","link":"https:\/\/www2.memri.org\/polish\/ostre-reakcje-w-prasie-izraelsko-arabskiej-na-petycje-rabinow-wzywajaca-do-nie-wynajmowania-i-nie-sprzedawania-domow-arabom\/1525","title":{"rendered":"Ostre reakcje w prasie izraelsko-arabskiej na petycj\u0119 rabin\u00f3w, wzywaj\u0105c\u0105 do nie wynajmowania i nie sprzedawania dom\u00f3w Arabom"},"content":{"rendered":"<p><!-- Document Body --><br \/>\n<DIV ALIGN=\"justify\" CLASS=\"bodytext\"><br \/>\n<!--\nDocument Body --><DIV class=\"bodytext\" align=\"justify\"><br \/>\n<P><I>W po\u0142owie pa\u017adziernika 2010, Szmuel Elijahu, naczelny rabin miasta Safed w Izraelu zwo\u0142a\u0142 konferencj\u0119 pod tytu\u0142em \u201eCicha wojna \u2013 zwalczanie asymilacji [mi\u0119dzy \u017bydami i Arabami] w \u015bwi\u0119tym mie\u015bcie Safed\u201d, na kt\u00f3rej wezwa\u0142 \u017byd\u00f3w, by nie wynajmowali ani nie sprzedawali mieszka\u0144 nie-\u017bydom<A name=\"_ednref1\"><\/A> <A href=\"#_edn1\"><B>[1]<\/B><\/A>  . Po wezwaniu rabina wybuch\u0142y starcia mi\u0119dzy arabskimi studentami a ortodoksyjnymi, religijnymi mieszka\u0144cami miasta<A name=\"_ednref2\"><\/A> <A href=\"#_edn2\"><B>[2]<\/B><\/A>  . Miesi\u0105c p\u00f3\u017aniej rabin Elijahu rozwin\u0105\u0142 swoje ekstremistyczne stanowisko, m\u00f3wi\u0105c: \u201eGdy tylko w s\u0105siedztwie jest wi\u0119cej ni\u017c trzech Arab\u00f3w, znaczy to z perspektywy prawa \u017cydowskiego, \u017ce \u017bydzi ust\u0119puj\u0105 [dominuj\u0105c\u0105 pozycj\u0119 Arabom] \u017byd nie powinien ucieka\u0107 przed Arabami. Powinien spowodowa\u0107 ucieczk\u0119 Arab\u00f3w\u2026<\/I><br \/>\n<P><I>Arabowie przynosz\u0105 [ze sob\u0105] swoje normy. Badanie profesora z uniwersytetu w Hajfie pokazuje, \u017ce Arabowie s\u0105 \u017ar\u00f3d\u0142em wi\u0119kszo\u015bci przemocy w spo\u0142ecze\u0144stwie izraelskim. Na w\u0142asne oczy widzia\u0142em student\u00f3w arabskich, kt\u00f3rzy przybyli do Safedu i po dw\u00f3ch dniach ju\u017c podrywali [\u017cydowskie] dziewczyny z seminarium [dla dziewcz\u0105t]. Skromne dziewczyny, kt\u00f3re przyjecha\u0142y uczy\u0107 si\u0119 w religijnej atmosferze, by\u0142y zmuszone odwr\u00f3ci\u0107 si\u0119 i ucieka\u0107\u2026 Nie mam nic przeciwko Arabom. Jestem za wzmocnieniem naszych c\u00f3rek i religijnej rodziny&#8230;&#8221;<A name=\"_ednref3\"><\/A> <A href=\"#_edn3\"><B>[3]<\/B><\/A> <\/I><br \/>\n<P><I>7 grudnia 2010 r. pi\u0119\u0107dziesi\u0119ciu rabin\u00f3w z miast izraelskich do\u0142\u0105czy\u0142o do kampanii Szmuela Elijahu i wyda\u0142o petycj\u0119 wzywaj\u0105c\u0105 \u017byd\u00f3w, by nie wynajmowali ani nie sprzedawali dom\u00f3w nie-\u017bydom z uzasadnieniem, \u017ce prowadzi to do ma\u0142\u017ce\u0144stw mieszanych, powoduje spadek cen mieszka\u0144 i mo\u017ce nawet zagrozi\u0107 \u017cyciu \u017byd\u00f3w: \u201eTora zakazuje nam sprzedawanie domu lub pola Kraju Izraela nie-\u017bydowi. Tora ostrzega nas przy wielu okazjach, \u017ce ten, kt\u00f3ry tak robi, powoduje szkody i doprowadza ludzi do grzeszenia grzechem ma\u0142\u017ce\u0144stw mieszanych\u2026 Ten, kto wynajmuje albo sprzedaje im mieszkanie w okr\u0119gu zamieszka\u0142ym przez \u017byd\u00f3w, robi wielk\u0105 krzywd\u0119 swoim s\u0105siadom, poniewa\u017c styl \u017cycia [Arab\u00f3w] r\u00f3\u017cni si\u0119 od \u017byd\u00f3w i niekt\u00f3rzy z nich s\u0105 wrogo nastawieni wobec nas i prze\u015bladuj\u0105 nas a\u017c do zagro\u017cenia [naszemu] \u017cyciu\u2026 Jest [tak\u017ce]dobrze znanym [faktem], \u017ce je\u015bli jedno mieszkanie zostaje sprzedane lub wynaj\u0119te [Arabom], warto\u015b\u0107 s\u0105siednich mieszka\u0144 spada, nawet je\u015bli [Arab}, kt\u00f3ry kupuje lub wynajmuje jest na pocz\u0105tku mi\u0142y&#8221;<A name=\"_ednref4\"><\/A> <A href=\"#_edn4\"><B>[4]<\/B><\/A>  .<\/I><br \/>\n<P><I>Wkr\u00f3tce petycj\u0119 podpisa\u0142o 300 rabin\u00f3w<A name=\"_ednref5\"><\/A> <A href=\"#_edn5\"><B>[5]<\/B><\/A>  .<\/I><br \/>\n<P><I>Dokument ten wywo\u0142a\u0142 krytyk\u0119 w Izraelu ze strony tak \u017byd\u00f3w, jak Arab\u00f3w, manifestacje protestuj\u0105ce przeciwko niemu i wezwania do wyrzucenia z pracy rabin\u00f3w, kt\u00f3rzy podpisali petycj\u0119. R\u00f3wnie\u017c premier Binjamin Netanjahu i prezydent Szimon Peres wyrazili pot\u0119pienie<A name=\"_ednref6\"><\/A> <A href=\"#_edn6\"><B>[6]<\/B><\/A>  . By\u0142y przewodnicz\u0105cy Knessetu Avraham Burg powiedzia\u0142 na demonstracji w Jerozolimie: \u201eNie m\u00f3wcie, \u017ce oni s\u0105 [tylko kilkoma] \u2018dzikimi chwastami\u2019. To s\u0105 rabini\u2026 S\u0105 \u017ali i to oni s\u0105 ogrodnikami,[ kt\u00f3rzy zasadzili chwasty]. Ucz\u0105 Tory i ich uczniowie zapami\u0119tale krocz\u0105 za nimi\u2026 Przyszli\u015bmy dzisiaj tutaj, \u017ceby powiedzie\u0107 trudn\u0105 i bolesn\u0105 prawd\u0119, \u0142ami\u0105c\u0105 serce i haniebn\u0105 prawd\u0119: grozi ci rasizm, Izraelu. Izrael jest ci\u0119\u017cko chory i rak rasizmu grozi \u017cyciu [naszego] spo\u0142ecze\u0144stwa&#8221;<A name=\"_ednref7\"><\/A> <A href=\"#_edn7\"><B>[7]<\/B><\/A>  .<\/I><br \/>\n<P><I>Petycj\u0119 pot\u0119pili tak\u017ce wybitni rabini, w\u0142\u0105cznie z rabinem Ovadi\u0105 Yosefem, duchowym przyw\u00f3dc\u0105 ruchu Szaz, i rabinem Aharonem Leibem Steinmanem, znanym przyw\u00f3dc\u0105 spo\u0142eczno\u015bci ortodoksyjnych Aszkenazi, co sk\u0142oni\u0142o kilku sygnatariuszy do wycofania swoich nazwisk z petycji<A name=\"_ednref8\"><\/A> <A href=\"#_edn8\"><B>[8]<\/B><\/A>  . <\/I><br \/>\n<P><I>Spo\u0142eczno\u015b\u0107 Arab\u00f3w izraelskich zareagowa\u0142a oburzeniem. Wysoki Komitet Kontrolny dla Arabskich Obywateli Izraela wezwa\u0142 prokuratora generalnego do zbadania rabin\u00f3w, kt\u00f3rzy podpisali to, postawienia ich w stan oskar\u017cenia i usuni\u0119cia ich ze stanowisk<A name=\"_ednref9\"><\/A> <A href=\"#_edn9\"><B>[9]<\/B><\/A>  . Arabska prasa w Izraelu wezwa\u0142a do kampanii przeciwko rosn\u0105cemu rasizmowi w spo\u0142ecze\u0144stwie izraelskim i w\u015br\u00f3d izraelskiego establishment politycznego i religijnego.<\/I><br \/>\n<P><I>Poni\u017cej podajemy fragmenty dw\u00f3ch artyku\u0142\u00f3w:<\/I><br \/>\n<P><B>Tygodnik izraelsko-arabski: Petycja rabin\u00f3w \u2013 preludium do wygnania Arab\u00f3w izraelskich <\/B><br \/>\n<P>Tygodnik \u201cKul Al-Arab\u201d, kt\u00f3ry wychodzi w Nazarecie, stwierdzi\u0142 w artykule redakcyjnym, \u017ce oficjalna polityka Izraela wobec Arab\u00f3w zach\u0119ci\u0142a rabin\u00f3w do wydania rasistowskiego orzeczenia i \u017ce rasistowskie prawa Izraela upodobniaj\u0105 go do \u201enajmroczniejszych re\u017cim\u00f3w znanych z historii ludzko\u015bci\u201d. Tygodnik wezwa\u0142 do rozpocz\u0119cia globalnej kampanii przeciwko anty-arabskim posuni\u0119ciom Izraela, skierowanym, jak powiedzia\u0142, na wydalenie arabskich obywateli Izraela i wezwa\u0142 czytelnik\u00f3w do przy\u0142\u0105czenia si\u0119 do lokalnej i mi\u0119dzynarodowej walki przeciwko izraelskiemu \u201eapartheidowi\u201d.<br \/>\n<P>Setki rabin\u00f3w rozpowszechniaj\u0105 w tych dniach petycj\u0119, \u017c\u0105daj\u0105c\u0105 zakazu wynajmu lub sprzeda\u017cy dom\u00f3w i mieszka\u0144 Arabom. Ta nikczemna i haniebna kampania spotka\u0142a sie z pewnym sprzeciwem w wielu kr\u0119gach \u017cydowskich, ale [sprzeciw nie by\u0142] wystarczaj\u0105co silny, by powstrzyma\u0107 j\u0105 od kontynuowania. Ta jawnie rasistowska i antysemicka propaganda przeciwko Arabom jest r\u00f3wnoznaczna z prze\u015bladowaniami na tle religijnym i [etnicznym] i jest zakazana przez prawo [pa\u0144stwowe] Izraela. [Petycja] jest cz\u0119\u015bci\u0105 [stara\u0144] o delegitymizacj\u0119 obecno\u015bci Arab\u00f3w w kraju i cz\u0119\u015bci\u0105 pod\u017cegania do [kontynuacji] ich przymusowego wygnania, kt\u00f3re zacz\u0119\u0142o si\u0119 w 1948 r.<br \/>\n<P>Rasistowski [charakter] rz\u0105d\u00f3w izraelskich nie jest niczym nowym, ani wsp\u00f3\u0142udzia\u0142 [element\u00f3w nie-rz\u0105dowych w rasizmie]. Jednak [dzisiaj] nabiera p\u0119du i przybiera posta\u0107 praw Knessetu. Rabini nigdy nie podpisaliby takiej petycji, gdyby Knesset nie pospieszy\u0142 do przeprowadzenia dzia\u0142a\u0144, kt\u00f3re s\u0105 [jeszcze] gorsze. Te prawa i petycje oznaczaj\u0105, \u017ce p\u0119dzimy jednokierunkow\u0105 drog\u0105 \u2013 t\u0105 sam\u0105 drog\u0105, kt\u00f3r\u0105 posz\u0142y najciemniejsze re\u017cimy znane historii ludzko\u015bci.<br \/>\n<P>Dzisiaj Izrael jest ostatnim istniej\u0105cym pa\u0144stwem okupacyjnym, a tak\u017ce ostatnim istniej\u0105cym pa\u0144stwem apartheid \u2013 po tym jak po\u0142udniowoafryka\u0144ski apartheid za\u0142ama\u0142 si\u0119 dzi\u0119ki walce narodu po\u0142udniowoafryka\u0144skiego i dzi\u0119ki izolowaniu [tego re\u017cimu] przez mi\u0119dzynarodow\u0105 [spo\u0142eczno\u015b\u0107], co w ko\u0144cu doprowadzi\u0142o do jego upadku. Nale\u017cy wspomnie\u0107, \u017ce ostatnimi sojusznikami [tego re\u017cimu] by\u0142y USA, Wielka Brytania i Izrael.<br \/>\n<P>Jest dziwne, \u017ce [Izrael] prowadzi t\u0119 polityk\u0119 w pe\u0142ni na oczach \u015bwiata, niemniej kraje arabskie, kt\u00f3re maj\u0105 z nim stosunki [dyplomatyczne], zachowuj\u0105 milczenie, jak r\u00f3wnie\u017c kraje europejskie i [wszyscy] sojusznicy i rywale [Izraela]. Jest tak, jakby to zachowanie by\u0142o naturalne i wszystko by\u0142o dozwolone. Przyzwyczaili\u015bmy si\u0119 do s\u0142yszenia cz\u0119stych pot\u0119pie\u0144 ze strony racjonalnych g\u0142os\u00f3w \u017cydowskich, ale te g\u0142osy szybko s\u0142abn\u0105 lub milkn\u0105. Ich pot\u0119pienie jest niczym innym jak pustymi s\u0142owami, maj\u0105cymi na celu pokrycie ich wstydu i [zrobienie wra\u017cenia], \u017ce nie ma jedno\u015bci [w Izraelu w tych sprawach] \u2013 a\u017c pojawiaj\u0105 si\u0119 najgorsze przest\u0119pstwa rasistowskie [i ujawniaj\u0105 prawd\u0119]. Rz\u0105d Izraela, jego instytucje i jego rabini, kt\u00f3rzy nie nale\u017c\u0105 do tego faszystowskiego i rasistowskiego [kr\u0119gu] musz\u0105 wyst\u0105pi\u0107 przeciwko tej petycji i wnie\u015b\u0107 oskar\u017cenie przeciwko jej sygnatariuszom o podburzanie do rasizmu, kt\u00f3re musi doprowadzi\u0107 do przemocy. Ten, kt\u00f3ry nie chce, by Arabowie mieszkali w jego mie\u015bcie albo chodzili po jego ulicach, skraca drog\u0119 do [rzeczywisto\u015bci, w kt\u00f3rej] Arabowie s\u0105 atakowani fizycznie i linczowani.<br \/>\n<P>Ten jawny, ra\u017c\u0105cy i faszystowski wybuch rasizmu zobowi\u0105zuje nas do zaprz\u0119gni\u0119cia wszystkich \u015brodk\u00f3w i kana\u0142\u00f3w komunikacji w celu poinformowania \u015bwiata o tym, co si\u0119 dzieje. [Ta sytuacja] toruje drog\u0119 czemu\u015b znacznie bardziej niebezpiecznemu ni\u017c tylko [zakaz] wynajmu mieszka\u0144 i sprzeda\u017cy dom\u00f3w. Stanowi ona olbrzymi krok ku wygnaniu tylu arabskich obywateli [ilu mo\u017cliwe z Izraela]. Wraz z tym podburzaniem [Izrael] kontynuuje ograniczanie rozbudowy wsi arabskich, a w tym samym czasie gorliwie prowadzi polityk\u0119 burzenia [arabskich dom\u00f3w]. Jest dobrze znanym [faktem, \u017ce] od ustanowienia, [Izrael] nie zbudowa\u0142 ani jednej [nowej] arabskiej wsi lub miasta. Nie jest to mniej rasistowskie ni\u017c [zachowanie] tych faszystowskich i rasistowskich rabin\u00f3w.<br \/>\n<P>Jest pora na og\u0142oszenie re\u017cimu Izraela [re\u017cimem] apartheidu i wszyscy musz\u0105 zgromadzi\u0107 si\u0119, by walczy\u0107 przeciwko niemu wszystkimi legalnymi \u015brodkami, na arenie lokalnej i globalnej&#8221;<SUP><A name=\"_ednref10\"><\/A> <A href=\"#_edn10\">[10]<\/A>   .<\/SUP><br \/>\n<P><B>Kamal Chatib: &#8222;Wirus grypowy rasizmu\u201d szaleje w Izraelu <\/B><br \/>\n<P>W artykule w tygodniku \u201cAl-Sinara\u201d, Kamal Chatib, zast\u0119pca Reada Salaha, przewodnicz\u0105cego p\u00f3\u0142nocnej ga\u0142\u0119zi Ruchu Islamskiego w Izraelu, ostrzeg\u0142 przeciwko szerzeniu si\u0119 \u201ewirusa grypowego rasizmu\u201d w spo\u0142ecze\u0144stwie izraelskim i w\u015br\u00f3d jego kierownictwa i establishmentu religijnego. Podkre\u015bli\u0142, \u017ce walka mi\u0119dzy Arabami izraelskimi a administracj\u0105 ma natur\u0119 religijn\u0105 i kulturow\u0105 i \u017ce Arabowie, kt\u00f3rzy rozpoczn\u0105 now\u0105 faz\u0119 w tej walce, w ko\u0144cu zdob\u0119d\u0105 wszystkie swoje prawa:<br \/>\n<P>\u201c\u015amiertelny wirus rasizmu zaatakowa\u0142 rabina z Safed [kt\u00f3ry w pa\u017adzierniku 2010 jako pierwszy wyda\u0142 orzeczenie przeciwko wynajmowaniu dom\u00f3w Arabom], a potem rozszerzy\u0142 si\u0119 ze zdumiewaj\u0105c\u0105 pr\u0119dko\u015bci\u0105 to innych cz\u0119\u015bci [kraju], zara\u017caj\u0105c 50 rabin\u00f3w, kt\u00f3rzy podpisali ten s\u0142ynny dokument. [Nast\u0119pnie epidemia] rozszerzy\u0142a si\u0119 jak ogie\u0144 [na prerii]\u2026 do 300 innych rabin\u00f3w, kt\u00f3rzy podpisali petycj\u0119 wzywaj\u0105c\u0105 do zakazu wynajmu i sprzeda\u017cy dom\u00f3w Arabom i Palesty\u0144czykom\u2026<br \/>\n<P>[Ta epidemia] rozszerzy\u0142a si\u0119 do punktu, w kt\u00f3rym ponad 46% \u017byd\u00f3w powiedzia\u0142o, \u017ce nie tolerowa\u0142oby Arab\u00f3w jako s\u0105siad\u00f3w, a niemal 40% by\u0142o za umieszczeniem Arab\u00f3w [izraelskich] w obozach internowania, gdyby wojna wybuch\u0142a w regionie. Najwyra\u017aniej obozy, kt\u00f3re nazi\u015bci zbudowali dla \u017byd\u00f3w pozosta\u0142y im w pami\u0119ci \u2013 ale to nie sk\u0142ania ich do walki [przeciwko takim] obozom i ka\u017cdemu, kto je proponuje, ale raczej do u\u017cywania ich przeciwko innym\u2026<br \/>\n<P>Dlaczego ta epidemia nie mia\u0142a si\u0119 szerzy\u0107, powoduj\u0105c wyciek z nos\u00f3w ze wzgl\u0119du na ohydny smr\u00f3d? Dlaczego nie mia\u0142aby sta\u0107 sie norm\u0105, a wszystko inne anomali\u0105, kiedy [sami] rabini stali si\u0119 symbolami rasizmu, bij\u0105cymi w b\u0119bny i nadaj\u0105cymi tempo?&#8230; Tak\u017ce obecne kierownictwo izraelskie hoduje i wspomaga tego wirusa\u2026 przy pomocy swojej rasistowskiej i agresywnej polityki wobec naszego ludu i <I>ummah<\/I>. [Wida\u0107 to] po propozycjach ustaw dotycz\u0105cych lojalno\u015bci [wobec Izraela] jako pa\u0144stwa \u017cydowskiego i wymiany populacji oraz po trwaj\u0105cym zach\u0119caniu do i obronie inwazji na B\u0142ogos\u0142awiony Meczet Al-Aqsa i po\u015bwi\u0119caniu milionowych bud\u017cet\u00f3w na [rzecz] zmiany geografii i historii Al-Aqsa i szlachetnej Al-Quds [tj. Jerozolimy]. Te i wiele [innych] rasistowskich posuni\u0119\u0107 syjonistycznych [przeprowadzanych] pod nadzorem rz\u0105du Netanjahu-Liberman, tworzy przyjazne \u015brodowisko i \u017cyzny grunt dla grypy rasizmu [pozwalaj\u0105c jej] rozkwita\u0107 i szerzy\u0107 si\u0119 szybko w spo\u0142ecze\u0144stwie izraelskim.<br \/>\n<P>Wygl\u0105da, jak gdyby spo\u0142ecze\u0144stwo izraelskie szybko ujawnia\u0142o sw\u00f3j prawdziwy kszta\u0142t i charakter pod dwoma rasistowskimi kierownictwami: politycznym i religijnym \u2013 a to z pewno\u015bci\u0105 nie b\u0119dzie dla niego korzystne. I je\u015bli to zachowanie 50 rabin\u00f3w zamieni ka\u017cdego [Araba] w nowego Ali Bab\u0119<A name=\"_ednref11\"><\/A> <A href=\"#_edn11\">[11]<\/A>  , ka\u017cdy z nich z pewno\u015bci\u0105 odkryje magiczne s\u0142owa \u2013 nie do otwarcia jaskini, ale to rozpocz\u0119cia nowej fazy w walce, kt\u00f3ra w spos\u00f3b nieunikniony zako\u0144czy si\u0119 odzyskaniem przez nasz lud wszystkich praw. [Istot\u0105 tych] magicznych s\u0142\u00f3w jest to, \u017ce walka jest religijna i kulturowa, kt\u00f3r\u0105 administracja izraelska prowadzi przeciwko nam od 62 lat. Nasi ludzie i nasz nar\u00f3d [odpowie] powrotem do swoich korzeni \u2013 do islamskiej religii i kultury. W obliczu tej rzeczywisto\u015bci administracja izraelska przegra z pewno\u015bci\u0105, a odpowiedzialnymi za t\u0119 pora\u017ck\u0119 b\u0119dzie 50 rabin\u00f3w i ci, kt\u00f3rzy ich wsparli \u2013 nie za\u015b Ali Baba!&#8221;<A name=\"_ednref12\"><\/A> <A href=\"#_edn12\">[12]<\/A><br \/>\n<\/DIV><br \/>\n<HR NOSHADE><br \/>\n<DIV ALIGN=\"left\" CLASS=\"bodynews\"><br \/>\n<P><A name=\"_edn1\"><\/A> <A href=\"#_ednref1\">[1]<\/A>   Haaretz.com, 20 pa\u017adziernika 2010.<br \/>\n<P><A name=\"_edn2\"><\/A> <A href=\"#_ednref2\">[2]<\/A>   Nrg.co.il, 24 pa\u017adziernika 2010.<br \/>\n<P><A name=\"_edn3\"><\/A> <A href=\"#_ednref3\">[3]<\/A>   Nrg.co.il, 19 listopada 2010.<br \/>\n<P><A name=\"_edn4\"><\/A> <A href=\"#_ednref4\">[4]<\/A>   Kipa.co.il, 7 grudnia 2010.<br \/>\n<P><A name=\"_edn5\"><\/A> <A href=\"#_ednref5\">[5]<\/A>   Inn.co.il, 9 grudnia 2010.<br \/>\n<P><A name=\"_edn6\"><\/A> <A href=\"#_ednref6\">[6]<\/A>   Ynet.co.il, 8 grudnia 2010.<br \/>\n<P><A name=\"_edn7\"><\/A> <A href=\"#_ednref7\">[7]<\/A>   Ynet.co.il. 8 grudnia 2010.<br \/>\n<P><A name=\"_edn8\"><\/A> <A href=\"#_ednref8\">[8]<\/A>   News.nana10.co.il, 16 grudnia 2010.<br \/>\n<P><A name=\"_edn9\"><\/A> <A href=\"#_ednref9\">[9]<\/A>   \u201dKul Al-&#8217;Arab\u201d, 17 grudnia 2010.<br \/>\n<P><A name=\"_edn10\"><\/A> <A href=\"#_ednref10\">[10]<\/A>   \u201dKul Al-&#8217;Arab\u201d (Izrael), 10 grudnia 2010. Artyku\u0142 redakcyjny tygodnika z 17 grudnia 2010 zajmowa\u0142 si\u0119 tym samym problemem. Pot\u0119pi\u0142 prze\u015bladowania Arab\u00f3w w \u017cyciu publicznym, w\u0142\u0105cznie z wezwaniami do zabicia Azmi Biszara (kt\u00f3rym pewni cz\u0142onkowie Knessetu dali wyraz podczas debaty o cofni\u0119ciu mu emerytury); polityk\u0105 burzenia dom\u00f3w na terenach arabskich oraz petycji rabin\u00f3w, m\u00f3wi\u0105c: \u201eB\u0119dzie tragedi\u0105, je\u015bli przyw\u00f3dcy tego pa\u0144stwa, kt\u00f3rzy ci\u0105gn\u0105 je w stron\u0119 przepa\u015bci, nie obudz\u0105 si\u0119\u2026 Nie pozwolimy tej nowej gor\u0105czkowej dzia\u0142alno\u015bci [przeciwko Arabom] doprowadzi\u0107 do nowej Nakby. Niegdzie si\u0119 nie wybieramy, a ten demon ekstremizmu sko\u0144czy, po\u017ceraj\u0105c g\u0142owy tych, kt\u00f3rzy go stworzyli\u201d.<br \/>\n<P><A name=\"_edn11\"><\/A> <A href=\"#_ednref11\">[11]<\/A>   W <I>Ali Baba i czterdziestu rozb\u00f3jnik\u00f3w<\/I>, biedny i uczciwy Ali Baba odkrywa magiczne s\u0142owa, kt\u00f3re otwieraj\u0105 jaskini\u0119 z\u0142odziei, i kradnie ich skarb.<br \/>\n<P><A name=\"_edn12\"><\/A> <A href=\"#_ednref12\">[12]<\/A>  <I>Al-Sinara<\/I> (Israel), December 17, 2010. <\/DIV><br \/>\n<\/div>\n","protected":false},"excerpt":{"rendered":"<p>W po\u0142owie pa\u017adziernika 2010, Szmuel Elijahu, naczelny rabin miasta Safed w Izraelu zwo\u0142a\u0142 konferencj\u0119 pod tytu\u0142em \u201eCicha wojna \u2013 zwalczanie asymilacji [mi\u0119dzy \u017bydami i Arabami] w \u015bwi\u0119tym mie\u015bcie Safed\u201d, na kt\u00f3rej wezwa\u0142 \u017byd\u00f3w, by nie wynajmowali ani nie sprzedawali mieszka\u0144 nie-\u017bydom [1] . Po wezwaniu rabina wybuch\u0142y starcia mi\u0119dzy arabskimi studentami a ortodoksyjnymi, religijnymi mieszka\u0144cami [&hellip;]<\/p>\n","protected":false},"author":1,"featured_media":0,"comment_status":"open","ping_status":"closed","sticky":false,"template":"","format":"standard","meta":{"footnotes":""},"categories":[824,835],"tags":[],"class_list":["post-1525","post","type-post","status-publish","format-standard","hentry","category-specjalne-komunikaty","category-archiwum"],"_links":{"self":[{"href":"https:\/\/www2.memri.org\/polish\/wp-json\/wp\/v2\/posts\/1525","targetHints":{"allow":["GET"]}}],"collection":[{"href":"https:\/\/www2.memri.org\/polish\/wp-json\/wp\/v2\/posts"}],"about":[{"href":"https:\/\/www2.memri.org\/polish\/wp-json\/wp\/v2\/types\/post"}],"author":[{"embeddable":true,"href":"https:\/\/www2.memri.org\/polish\/wp-json\/wp\/v2\/users\/1"}],"replies":[{"embeddable":true,"href":"https:\/\/www2.memri.org\/polish\/wp-json\/wp\/v2\/comments?post=1525"}],"version-history":[{"count":0,"href":"https:\/\/www2.memri.org\/polish\/wp-json\/wp\/v2\/posts\/1525\/revisions"}],"wp:attachment":[{"href":"https:\/\/www2.memri.org\/polish\/wp-json\/wp\/v2\/media?parent=1525"}],"wp:term":[{"taxonomy":"category","embeddable":true,"href":"https:\/\/www2.memri.org\/polish\/wp-json\/wp\/v2\/categories?post=1525"},{"taxonomy":"post_tag","embeddable":true,"href":"https:\/\/www2.memri.org\/polish\/wp-json\/wp\/v2\/tags?post=1525"}],"curies":[{"name":"wp","href":"https:\/\/api.w.org\/{rel}","templated":true}]}}