{"id":1518,"date":"2010-12-27T00:00:00","date_gmt":"2010-12-27T00:00:00","guid":{"rendered":"http:\/\/www2.memri.org\/polaco\/katarski-liberal-abd-al-hamid-al-ansari-sprawcy-masakry-w-kosciele-w-bagdadzie-sa-dziecmi-kultury-nienawisci\/1518"},"modified":"2010-12-27T00:00:00","modified_gmt":"2010-12-27T00:00:00","slug":"katarski-liberal-abd-al-hamid-al-ansari-sprawcy-masakry-w-kosciele-w-bagdadzie-sa-dziecmi-kultury-nienawisci","status":"publish","type":"post","link":"https:\/\/www2.memri.org\/polish\/katarski-liberal-abd-al-hamid-al-ansari-sprawcy-masakry-w-kosciele-w-bagdadzie-sa-dziecmi-kultury-nienawisci\/1518","title":{"rendered":"Katarski libera\u0142 Abd Al-Hamid Al-Ansari: Sprawcy masakry w ko\u015bciele w Bagdadzie s\u0105 \u201cdzie\u0107mi kultury nienawi\u015bci\u201d"},"content":{"rendered":"<div class=\"bodytext c1\">\n<p><strong>MEMRI zale\u017cy wy\u0142\u0105cznie od hojno\u015bci naszych darczy\u0144c\u00f3w, by m\u00f3c codziennie prowadzi\u0107 nasze szeroko publikowane badania. Prosimy wi\u0119c, nie zapomnijcie przyczyni\u0107 si\u0119 datkiem w kampanii MEMRI End-of-Year 2010 przez<\/strong> <a href=\"http:\/\/memri.convio.net\/site\/R?i=niuTtPMIkDrwWCOqW6hQLQ..\" target=\"_blank\"><strong>klikni\u0119cie tutaj<\/strong><\/a> <strong>, by\u015bmy mogli wype\u0142ni\u0107 nasze zobowi\u0105zania finansowe na koniec roku.<\/strong><\/p>\n<p><em>W artykule zatytu\u0142owanym \u201cDzieci kultury nienawi\u015bci i jej ofiary\u201d katarski libera\u0142, dr Abd Al-Hamid Al-Ansari, zareagowa\u0142 na morderczy atak Al-Kaidy na ko\u015bci\u00f3\u0142 w Bagdadzie, w kt\u00f3rym zgin\u0119\u0142y dziesi\u0105tki niewinnych cywil\u00f3w. Zapyta\u0142 dlaczego iraccy chrze\u015bcijanie napotykaj\u0105 terroryzm, prze\u015bladowania i dyskryminacj\u0119, tak jak to spotyka r\u00f3wnie\u017c inne mniejszo\u015bci nie-muzu\u0142ma\u0144skie w ca\u0142ym \u015bwiecie muzu\u0142ma\u0144skim, skoro sam islam naucza tolerancji wobec mniejszo\u015bci nie-muzu\u0142ma\u0144skich. Po rozwa\u017ceniu szeregu mo\u017cliwych wyja\u015bnie\u0144, Al-Ansari dochodzi do wniosku, \u017ce przyczyn\u0105 tego jest kultura nienawi\u015bci, kt\u00f3r\u0105 szerz\u0105 w krajach muzu\u0142ma\u0144skich ekstremistyczni kaznodzieje i kt\u00f3r\u0105 podsyca radykalny dyskurs religijny oraz klimat konfliktu spo\u0142ecznego. Wezwa\u0142 on rz\u0105d iracki do podj\u0119cia znacz\u0105cych krok\u00f3w, by ochroni\u0107 mniejszo\u015bci religijne kraju, oraz intelektualist\u00f3w i organizacje spo\u0142ecze\u0144stwa obywatelskiego, by odrzuci\u0142y kultur\u0119 wykluczania i nienawi\u015bci wobec innego.<\/em><\/p>\n<p><em>Poni\u017cej podajemy fragmenty<a name=\"_ednref1\"><\/a> <a href=\"#_edn1\"><strong>[1]<\/strong><\/a>:<\/em><\/p>\n<ul type=\"disc\">\n<li><em>\u017beby zobaczy\u0107 stron\u0119 MEMRI po\u015bwi\u0119con\u0105 Abd Al-Hamidowi Al-Ansari, odwied\u017a<\/em> <a href=\"http:\/\/www.memri.org\/subject\/en\/129.htm\"><em>http:\/\/www.memri.org\/subject\/en\/129.htm<\/em><\/a><\/li>\n<\/ul>\n<p><strong>&#8222;Dlaczego chrze\u015bcijanie w Iraku i [inne] mniejszo\u015bci religijne w naszym regionie s\u0105 atakowani?\u201d<\/strong><\/p>\n<p>Ci, kt\u00f3rzy prze\u017cyli straszliw\u0105 masakr\u0119 w ko\u015bciele Matki Boskiej Zbawicielki [w Bagdadzie] w noc Wszystkich \u015awi\u0119tych [31 pa\u017adziernika 2010 r.] wyra\u017cali rozgoryczenie i smutek, kiedy opisywali katusze, jakie prze\u017cywali przez sze\u015b\u0107 godzin: sceny horroru i terroru [kt\u00f3rych byli \u015bwiadkami podczas] ataku na ko\u015bci\u00f3\u0142 grupy uzbrojonych terroryst\u00f3w nale\u017c\u0105cych do [stowarzyszonej z Al-Kaid\u0105] organizacji o nazwie Islamskie Pa\u0144stwo Iraku. Atak rozpocz\u0119to, kiedy kongregacja asyryjskich katolik\u00f3w by\u0142a w trakcie odprawiania wieczornej mszy. Jeden z parafian powiedzia\u0142: Gdy tylko uzbrojeni m\u0119\u017cczy\u017ani weszli do ko\u015bcio\u0142a\u2026 oni weszli w stanie szale\u0144stwa i zacz\u0119li strzela\u0107 jak popadnie, jak gdyby przyszli w jednym tylko celu, a mianowicie, zabija\u0107, zabija\u0107, zabija\u0107.<\/p>\n<p>Ojciec Athir czyta\u0142 z Biblii, kiedy weszli zamachowcy. Powiedzia\u0142 do nich: \u201eZabijcie mnie i zostawcie parafian [w spokoju]\u201d i oni go zamordowali. [Potem] ojciec Sabih b\u0142aga\u0142 ich, by mieli mi\u0142osierdzie dla wiernych, a oni pchn\u0119li go na ziemi\u0119 i zastrzelili. Terrory\u015bci, kt\u00f3rzy m\u00f3wili [nie irackimi] dialektami, zachowywali si\u0119 jak dzikie bestie i odmawiali jakichkolwiek negocjacji. Rozpocz\u0119li egzekucj\u0119 zak\u0142adnik\u00f3w, jednego po drugim, i zamordowali ponad 40 z nich [w dodatku do] dw\u00f3ch ksi\u0119\u017cy, z zimn\u0105 krwi\u0105. Gdyby irackie si\u0142y bezpiecze\u0144stwa nie w\u0142ama\u0142y si\u0119 i nie uratowa\u0142y zak\u0142adnik\u00f3w, p\u0142ac\u0105c \u017cyciem siedmiu swoich [ludzi], liczba ofiar by\u0142aby du\u017co wi\u0119ksza. [Ostatecznie] ten straszliwy [atak] zako\u0144czy\u0142 si\u0119 52 zabitymi, w\u0142\u0105cznie z pi\u0119cioma terrorystami.<\/p>\n<p>Ta masakra, najbardziej morderczy atak na chrze\u015bcijan irackich od inwazji USA w 2003 r. stanowi olbrzymi\u0105 zmian\u0119 w sprawach tolerancji, dialogu mi\u0119dzywyznaniowego i wzmocnienia wsp\u00f3lnych mianownik\u00f3w, i stawia nas przed wieloma pytaniami: dlaczego chrze\u015bcijanie w Iraku i [inne] mniejszo\u015bci religijne w naszym regionie s\u0105 atakowani? Jakie by\u0142y cele Al-Kaidy w [dokonaniu] tego agresywnego ataku?&#8230; Co z odpowiedzialno\u015bci\u0105 pa\u0144stwa za ochron\u0119 swoich obywateli? I dlaczego niekt\u00f3re z naszych dzieci osi\u0105gn\u0119\u0142y ten bestialski poziom przest\u0119pczo\u015bci?<\/p>\n<p>Pierwsze pytanie kwestionuje nasze twierdzenie, \u017ce jeste\u015bmy tolerancyjni wobec Ludzi Ksi\u0119gi. Na wielu forach, religijnych, akademickich i w mediach z dum\u0105 powtarzamy, \u017ce islam jest religi\u0105 tolerancji i pokoju, kt\u00f3ra gardzi przemoc\u0105 i nienawi\u015bci\u0105 i zobowi\u0105zuje nas do grzeczno\u015bci wobec cz\u0142onk\u00f3w innych religii, jak potwierdzaj\u0105 s\u0142owa [Allaha] w Koranie: \u201eB\u00f3g nie zabrania wam, aby\u015bcie byli dobrzy i sprawiedliwi wzgl\u0119dem tych, kt\u00f3rzy was nie zwalczali z powodu religii ani nie wyp\u0119dzali was z waszych domostw\u201d. [Koran 60:8]. Sam Prorok, pok\u00f3j z nim, powiedzia\u0142: \u201eKtokolwiek krzywdzi <em>dhimmi<\/em> [nie-muzu\u0142manin uprawniony do ochrony zgodnie z prawem islamskim] \u2013 b\u0119d\u0119 jego przeciwnikiem w Dzie\u0144 S\u0105du Ostatecznego\u201d. Prorok dostarczy\u0142 tak\u017ce najwspanialszych przyk\u0142ad\u00f3w tolerancji, tak\u017ce wobec swoich najgorszych wrog\u00f3w. Kiedy przyby\u0142 po raz pierwszy do Mediny w 622 r. zawar\u0142 tam porozumienie z \u017bydami i podpisa\u0142 z nimi przymierze zwane Konstytucj\u0105 Mediny, kt\u00f3re gwarantowa\u0142o [im] r\u00f3wne prawa i obowi\u0105zki [i ustanowi\u0142] stosunki [z nimi] na [zasadach] wsp\u00f3\u0142pracy, wzajemnej obrony i dobrego s\u0105siedztwa. Nie ma potrzeby rozpisywa\u0107 si\u0119, wyliczaj\u0105c wszystkie wspania\u0142e przyk\u0142ady tolerancji muzu\u0142man\u00f3w wobec cz\u0142onk\u00f3w innych religii lub r\u00f3\u017cnych porozumie\u0144 zawartych przez przyw\u00f3dc\u00f3w muzu\u0142ma\u0144skich z lud\u017ami innych religii, w kt\u00f3rych podj\u0119li si\u0119 gwarantowania ich bezpiecze\u0144stwa i ochrony ich ko\u015bcio\u0142\u00f3w i krzy\u017cy. Przez 14 stuleci pa\u0144stwo islamskie nigdy nie lekcewa\u017cy\u0142o swojej odpowiedzialno\u015bci wobec mniejszo\u015bci, nawet podczas najgorszych okres\u00f3w tych d\u0142ugich stuleci.<\/p>\n<p><strong>&#8222;Co sta\u0142o si\u0119 z muzu\u0142manami dzisiaj, \u017ce ich pa\u0144stwa nie potrafi\u0105 ochroni\u0107 swoich chrze\u015bcija\u0144skich i innych [nie-muzu\u0142ma\u0144skich] obywateli?\u201d<\/strong><\/p>\n<p>Co wi\u0119c sta\u0142o si\u0119 z muzu\u0142manami dzisiaj, \u017ce ich pa\u0144stwa nie potrafi\u0105 ochroni\u0107 swoich chrze\u015bcija\u0144skich i innych [nie-muzu\u0142ma\u0144skich] obywateli? Wszystkie raporty mi\u0119dzynarodowe potwierdzaj\u0105, \u017ce mniejszo\u015bci religijne w ca\u0142ym \u015bwiecie islamskim cierpi\u0105 z powodu rozmaitego rodzaju dyskryminacji i pogwa\u0142cenia praw\u2026 [jak r\u00f3wnie\u017c] wygnania i terroryzmu. Zagro\u017cone jest ich \u017cycie i \u017cycie ich rodzin, jak r\u00f3wnie\u017c ich miejsca oddawania czci. Kiedy\u015b m\u00f3wili\u015bmy o niesprawiedliwym traktowaniu chrze\u015bcijan. Dzisiaj m\u00f3wimy o prawie do przetrwania i \u017cycia w bezpiecze\u0144stwie i spokoju. Je\u015bli to nie jest pogorszenie, to co jest?<\/p>\n<p>Al-Kaida oznajmi\u0142a [niedawno], \u017ce chrze\u015bcijanie stali si\u0119 uprawnionym celem bojownik\u00f3w d\u017cihadu, co doprowadza nas do drugiego pytania o cele [Al-Kaidy] w atakowaniu chrze\u015bcijan w Iraku i gdzie indziej. Niekt\u00f3rzy analitycy s\u0105dz\u0105, \u017ce [jej] celem jest opr\u00f3\u017cnienie Iraku ze wszystkich chrze\u015bcijan przy pomocy terroryzmu, gr\u00f3\u017ab i wygnania. Po masakrze w ko\u015bciele nast\u0105pi\u0142a seria atak\u00f3w na domy chrze\u015bcija\u0144skie w r\u00f3\u017cnych cz\u0119\u015bciach Bagdadu, maj\u0105ce na celu posianie mi\u0119dzy nimi strachu i sk\u0142onienie ich do ucieczki z kraju. Nale\u017cy zauwa\u017cy\u0107, \u017ce w ostatnich latach, po tym jak chrze\u015bcijanie stali si\u0119 celem atak\u00f3w ekstremist\u00f3w religijnych, ich liczba zmala\u0142a do mniej ni\u017c po\u0142owy tego, ilu ich by\u0142o poprzednio. W 2003 r. by\u0142o ich 1,4 miliona, [a teraz] ich liczba zmala\u0142a do zaledwie 600 tysi\u0119cy. Wi\u0119kszo\u015b\u0107 z nich opu\u015bci\u0142a Bagdad, Basr\u0119 i Mosul na rzecz Kurdystanu, gdzie s\u0105 bezpieczni. Je\u015bli chodzi o \u017byd\u00f3w, odeszli dawno temu. Raport wydany przez organizacj\u0119 mi\u0119dzynarodow\u0105\u2026 ostrzega\u0142 przed niebezpieczn\u0105 sytuacj\u0105 dla historycznych mniejszo\u015bci, kt\u00f3re \u017cy\u0142y w Iraku od niepami\u0119tnych czas\u00f3w. Stwierdzi\u0142, \u017ce przez ostatnich pi\u0119\u0107 lat 80% Madajczyk\u00f3w i 60% chrze\u015bcijan uciek\u0142o [z Iraku] z powodu fali fundamentalizmu i narastaj\u0105cych gr\u00f3\u017ab i atak\u00f3w na nich.<\/p>\n<p>Inni obserwatorzy s\u0105dz\u0105, \u017ce Al-Kaida nasili\u0142a agresj\u0119 [przeciwko chrze\u015bcijanom] dla cel\u00f3w propagandowych [tj.] w celu zamanifestowania swojego istnienia i si\u0142y. [To za\u0142o\u017cenie wydaje si\u0119 prawdopodobne], poniewa\u017c zabijanie chrze\u015bcijan [nawet] dziesi\u0105tkami, nigdy nie spowoduje ich [ca\u0142kowitej] emigracji. Kardyna\u0142 Ko\u015bcio\u0142a Asyryjskiego, kt\u00f3ry prowadzi\u0142 orszak pogrzebowy ofiar zamachu, o\u015bwiadczy\u0142: \u201eNie boimy si\u0119 \u015bmierci ani gr\u00f3\u017ab. Jeste\u015bmy dzie\u0107mi tego kraju i pozostaniemy w Iraku, r\u0119ka w r\u0119k\u0119 z naszymi muzu\u0142ma\u0144skimi bra\u0107mi, dla chwa\u0142y imienia tego kraju\u2026\u201d Ojciec Botrous, kt\u00f3ry prze\u017cy\u0142 zamach [na Ko\u015bci\u00f3\u0142] powiedzia\u0142: \u201eB\u0119dziemy tutaj [do] \u015bmierci. Jest nie do pomy\u015blenia, by\u015bmy mieli opu\u015bci\u0107 ten kraj\u201d.<\/p>\n<p>Istnieje tak\u017ce trzecie wyja\u015bnienie: celem Al-Kaidy jest umi\u0119dzynarodowienie konfliktu [w Iraku] przez sprowokowanie innych kraj\u00f3w do ingerencji pod pretekstem ochrony mniejszo\u015bci. Czwartym wyja\u015bnieniem jest, \u017ce [Al-Kaida] chce zada\u0107 cios jedno\u015bci narodowej, a jeszcze inni m\u00f3wi\u0105, \u017ce [jej] celem jest realizacja osi\u0105gni\u0119\u0107 wyborczych.<\/p>\n<p>S\u0105dz\u0119, \u017ce g\u0142\u00f3wnym celem operacji Al-Kaidy jest posianie strachu, podminowanie stabilno\u015bci i pokazanie obecno\u015bci [organizacji] i wp\u0142yw\u00f3w medialnych, a r\u00f3wnocze\u015bnie obna\u017cenie s\u0142abo\u015bci aparat\u00f3w pa\u0144stwowych i krucho\u015bci s\u0142u\u017cb bezpiecze\u0144stwa. To dlatego Al-Kaida zawsze szuka s\u0142abych punkt\u00f3w w obronie [pa\u0144stwa] i prze\u0142amuje [t\u0119 obron\u0119] przez uderzanie w nara\u017cone miejsca, takie jak bazary\u2026 hotele, restauracje, cmentarze, meczety i ko\u015bcio\u0142y\u2026 gdzie zbiera si\u0119 du\u017co ludzi\u2026 W zgodzie z t\u0105 strategi\u0105 wybrali za cel ataku World Trade Center\u2026<\/p>\n<p>Tak wi\u0119c staje si\u0119 jasne, \u017ce Al-Kaida atakuje chrze\u015bcijan, ich ko\u015bcio\u0142y i domy, poniewa\u017c s\u0105 nara\u017con\u0105 cz\u0119\u015bci\u0105 [irackiego] system spo\u0142ecznego. To doprowadza nas do trzeciego pytania, o odpowiedzialno\u015b\u0107 pa\u0144stwa za ochron\u0119 swoich obywateli, szczeg\u00f3lnie chrze\u015bcijan. Istotnie najwy\u017cszy szyicki autorytet [religijny Iraku, ajatollah Al] Sistani, pot\u0119pi\u0142 zbrodniczy czyn [atak na ko\u015bci\u00f3\u0142 w Bagdadzie] i wezwa\u0142 pa\u0144stwo do wype\u0142nienia obowi\u0105zku [wobec chrze\u015bcijan, i szejk Al-Azhar, dr Ahmed Al-Tajjeb, tak\u017ce pot\u0119pi\u0142 zbrodniczy atak\u2026 i wezwa\u0142 muzu\u0142man\u00f3w do przyj\u0119cia odpowiedzialno\u015bci za ochron\u0119 miejsc czci religijnej wszystkich innych religii monoteistycznych.<\/p>\n<p><strong>&#8222;Jest \u015bmiechu wartym paradoksem, \u017ce my [muzu\u0142manie] \u017c\u0105damy\u2026 ochrony religii przed obraz\u0105, podczas gdy nie jeste\u015bmy w stanie chroni\u0107 wyznawc\u00f3w innych religii [w naszych krajach] przed ca\u0142kowitym zniszczeniem, nie m\u00f3wi\u0105c o obrazie\u2026\u201d<\/strong><\/p>\n<p>Rz\u0105d iracki przyzna\u0142 po cichu, \u017ce jego aparaty bezpiecze\u0144stwa zawiod\u0142y [w swoich obowi\u0105zkach] i \u017ce [dlatego] s\u0105 odpowiedzialne za to, co si\u0119 zdarzy\u0142o. Postanowi\u0142 [zatem] stworzy\u0107 komitet \u015bledczy i poci\u0105gn\u0105\u0107 do odpowiedzialno\u015bci tych, kt\u00f3rzy byli niedbali, a tak\u017ce leczy\u0107 rannych, wyp\u0142aci\u0107 odszkodowania [ofiarom] i odbudowa\u0107 ko\u015bci\u00f3\u0142. Oczywi\u015bcie, jest to najmniejsze z tego, co musi zosta\u0107 zrobione\u2026 Niekt\u00f3rzy chrze\u015bcijanie \u017c\u0105daj\u0105 mi\u0119dzynarodowej ochrony, podobnej do [ochrony przyznanej] Kurdom po wydarzeniach 1991 r., jak d\u0142ugo rz\u0105d nie jest w stanie ich broni\u0107. Nie jest to jednak w\u0142a\u015bciwe rozwi\u0105zanie. Potrzeba wyra\u017anych i zdecydowanych krok\u00f3w ze strony rz\u0105du irackiego, nie za\u015b tylko obietnic i deklaracji. Potrzeba praktycznych \u015brodk\u00f3w u\u015bmierzenia [obaw] pozosta\u0142ych w Iraku chrze\u015bcijan i innych mniejszo\u015bci, kt\u00f3re nie maj\u0105 uzbrojonej milicji ani plemion, \u017ceby ich broni\u0142y.<\/p>\n<p>Jest \u015bmiechu wartym paradoksem, \u017ce my [muzu\u0142manie] \u017c\u0105damy\u2026 ochrony religii przed obraz\u0105, podczas gdy nie jeste\u015bmy w stanie chroni\u0107 wyznawc\u00f3w innych religii [w naszych krajach] przed ca\u0142kowitym zniszczeniem, nie m\u00f3wi\u0105c o obrazie\u2026 Mo\u017cna si\u0119 zastanawia\u0107: jaka jest rola spo\u0142ecze\u0144stwa [w tym wszystkim]? Jaka jest rola intelektualist\u00f3w, organizacji spo\u0142ecze\u0144stwa obywatelskiego i partii politycznych? Jaka jest ich rola we wpajaniu kultury tolerancji i odrzuceniu kultury nienawi\u015bci do innych? To prowadzi nas do czwartego pytania: dlaczego niekt\u00f3rzy muzu\u0142manie akceptuj\u0105 bestialskie zachowanie wobec innego? Przyczyn\u0105 jest kultura nienawi\u015bci, kt\u00f3ra zakorzeni\u0142a si\u0119 w infrastrukturze spo\u0142ecznej dzi\u0119ki religijnym [kaznodziejom], kt\u00f3rzy s\u0105 zdecydowani wyklina\u0107 chrze\u015bcijan i \u017byd\u00f3w z ambony w ka\u017cdy pi\u0105tek. Ci, kt\u00f3rzy w\u0142amali si\u0119 do ko\u015bcio\u0142a i zamienili go w aren\u0119 rozlewu krwi i rozerwanych cia\u0142, s\u0105 dzie\u0107mi kultury nienawi\u015bci\u2026 wrogiego my\u015blenia, pod\u017cegaj\u0105cych ambon i <em>fatw<\/em>. S\u0105 dzie\u0107mi nieszcz\u0119snego, pe\u0142nego napi\u0119\u0107 klimatu spo\u0142ecznego. Wch\u0142on\u0119li ideologi\u0119 nienawi\u015bci z mlekiem matki\u2026 S\u0105 pos\u0142usznymi [uczniami] dyskursu religijnego wy\u0142adowanego nienawi\u015bci\u0105 dla innego\u2026 dyskursu wy\u017cszo\u015bci i ekstremizmu, kt\u00f3ry utrzymuje, \u017ce on jeden ma monopol na prawd\u0119.<\/p>\n<p>Polityczne wym\u00f3wki o \u017calach muzu\u0142man\u00f3w przeciwko Zachodowi s\u0105 najbardziej niebezpiecznym czynnikiem, kt\u00f3ry uwiecznia terror [poniewa\u017c te wym\u00f3wki s\u0105 fa\u0142szywe]: nie tylko chrze\u015bcijanie s\u0105 ofiarami terroru; wi\u0119kszo\u015bci\u0105 ofiar s\u0105 muzu\u0142manie.<\/p>\n<hr noshade=\"noshade\" \/>\n<p><a name=\"_edn1\"><\/a> <a href=\"#_ednref1\">[1]<\/a> \u201cAl-Jarida\u201d (Kuwejt), 15 listopada 2010.<\/p>\n<\/div>\n","protected":false},"excerpt":{"rendered":"<p>MEMRI zale\u017cy wy\u0142\u0105cznie od hojno\u015bci naszych darczy\u0144c\u00f3w, by m\u00f3c codziennie prowadzi\u0107 nasze szeroko publikowane badania. Prosimy wi\u0119c, nie zapomnijcie przyczyni\u0107 si\u0119 datkiem w kampanii MEMRI End-of-Year 2010 przez klikni\u0119cie tutaj , by\u015bmy mogli wype\u0142ni\u0107 nasze zobowi\u0105zania finansowe na koniec roku. W artykule zatytu\u0142owanym \u201cDzieci kultury nienawi\u015bci i jej ofiary\u201d katarski libera\u0142, dr Abd Al-Hamid Al-Ansari, [&hellip;]<\/p>\n","protected":false},"author":1,"featured_media":0,"comment_status":"open","ping_status":"closed","sticky":false,"template":"","format":"standard","meta":{"footnotes":""},"categories":[824,825,835,836,837,840],"tags":[],"class_list":["post-1518","post","type-post","status-publish","format-standard","hentry","category-specjalne-komunikaty","category-reformy-w-swiecie-arabskim-i-muzulmanskim","category-archiwum","category-tematy","category-kraje","category-zatoka-perska"],"_links":{"self":[{"href":"https:\/\/www2.memri.org\/polish\/wp-json\/wp\/v2\/posts\/1518","targetHints":{"allow":["GET"]}}],"collection":[{"href":"https:\/\/www2.memri.org\/polish\/wp-json\/wp\/v2\/posts"}],"about":[{"href":"https:\/\/www2.memri.org\/polish\/wp-json\/wp\/v2\/types\/post"}],"author":[{"embeddable":true,"href":"https:\/\/www2.memri.org\/polish\/wp-json\/wp\/v2\/users\/1"}],"replies":[{"embeddable":true,"href":"https:\/\/www2.memri.org\/polish\/wp-json\/wp\/v2\/comments?post=1518"}],"version-history":[{"count":0,"href":"https:\/\/www2.memri.org\/polish\/wp-json\/wp\/v2\/posts\/1518\/revisions"}],"wp:attachment":[{"href":"https:\/\/www2.memri.org\/polish\/wp-json\/wp\/v2\/media?parent=1518"}],"wp:term":[{"taxonomy":"category","embeddable":true,"href":"https:\/\/www2.memri.org\/polish\/wp-json\/wp\/v2\/categories?post=1518"},{"taxonomy":"post_tag","embeddable":true,"href":"https:\/\/www2.memri.org\/polish\/wp-json\/wp\/v2\/tags?post=1518"}],"curies":[{"name":"wp","href":"https:\/\/api.w.org\/{rel}","templated":true}]}}