{"id":15015,"date":"2020-12-18T21:49:15","date_gmt":"2020-12-18T20:49:15","guid":{"rendered":"https:\/\/www2.memri.org\/polish\/?p=15015"},"modified":"2020-12-18T21:49:15","modified_gmt":"2020-12-18T20:49:15","slug":"najpierw-wysluchajcie-ministra-spraw-zagranicznych-iranu","status":"publish","type":"post","link":"https:\/\/www2.memri.org\/polish\/najpierw-wysluchajcie-ministra-spraw-zagranicznych-iranu\/15015","title":{"rendered":"Najpierw wys\u0142uchajcie ministra spraw zagranicznych Iranu"},"content":{"rendered":"<p><em>&#8222;Siedm razy wilk powiedzia\u0142 owcom stop.<\/em><\/p>\n<p><em>I dopiero wtedy je po\u017car\u0142\u201d.\u00a0 <\/em><\/p>\n<p><em>\u2013 Natan Zach, &#8222;Failure&#8221;<\/em><\/p>\n<p><em><img loading=\"lazy\" decoding=\"async\" class=\"alignnone size-full wp-image-15017\" src=\"https:\/\/www2.memri.org\/polish\/wp-content\/uploads\/2020\/12\/MDB247-1.jpg\" width=\"522\" height=\"326\" srcset=\"https:\/\/www2.memri.org\/polish\/wp-content\/uploads\/2020\/12\/MDB247-1.jpg 522w, https:\/\/www2.memri.org\/polish\/wp-content\/uploads\/2020\/12\/MDB247-1-300x187.jpg 300w\" sizes=\"auto, (max-width: 522px) 100vw, 522px\" \/>Ira\u0144ski minister spraw zagranicznych, D\u017cavad Zarif w dzie\u0144 sfinalizowania JCPOA, 14 lipca 2015. <\/em><em>(\u0179r\u00f3d\u0142o:\u00a0<\/em>Babak Taghvaee<em>, Iran, 14 lipca 2015)<\/em><\/p>\n<p>Kilka dni temu, 14 grudnia, dwupartyjna grupa oko\u0142o 50 os\u00f3b, wszyscy byli wysocy rang\u0105 pracownicy s\u0142u\u017cb bezpiecze\u0144stwa i spraw zagranicznych w poprzednich administracjach USA, publicznie wezwali prezydenta-elekta, Joe\u2019go Bidena, by dzia\u0142a\u0142 szybko w sprawie Iranu: \u201cPierwszego dnia [prezydent Biden] mo\u017ce og\u0142osi\u0107 sw\u00f3j zamiar powt\u00f3rnego przyst\u0105pienia do porozumienia [2015 JCPOA], proponuj\u0105c proces krok za krokiem do pe\u0142nego zniesienia sankcji, kt\u00f3ry by\u0142by zsynchronizowany z powrotem Iranu do pe\u0142nego stosowania si\u0119 [do porozumienia]\u2026\u201d<\/p>\n<p>Cho\u0107 przyznaj\u0105, \u017ce \u201cwy\u015bcig konwencjonalnych zbroje\u0144, w\u0142\u0105cznie z pociskami balistycznymi i samosteruj\u0105cymi oraz dronami, podnosi napi\u0119cia i niestabilno\u015b\u0107 w regionie i podwa\u017ca odstraszanie\u201d, ta grupa argumentowa\u0142a, \u017ce \u201cz JCPOA o\u017cywionym przez Iran i USA mo\u017ce rozpocz\u0105\u0107 si\u0119 trudna praca o regionalnym ograniczeniu broni i o dostarczeniu podstawy do rozwi\u0105zania regionalnych r\u00f3\u017cnic i badania regionalnej kooperacji\u201d.<\/p>\n<p>To \u015bmia\u0142e wezwanie do dzia\u0142ania przychodzi w sytuacji narastaj\u0105cej europejskiej nieufno\u015bci wobec Iranu i \u015bwiadomo\u015bci niebezpiecznego pomini\u0119cia przez JCPOA spraw agresywnej dzia\u0142alno\u015bci Iranu na ca\u0142ym Bliskim Wschodzie, w\u0142\u0105cznie ze zbrojeniem jego marionetek w rakiety i pociski. Tej dzia\u0142alno\u015bci nie mo\u017cna oddzieli\u0107 od d\u0105\u017cenia Iranu do broni j\u0105drowej \u2013 poniewa\u017c bomba j\u0105drowa wymaga systemu jej dostarczenia. Niedawny sukces ira\u0144ski wys\u0142ania kosmicznego pojazdu dowi\u00f3d\u0142, \u017ce Iran jest zdolny do budowania rakiet o bardzo du\u017cym zasi\u0119gu.<\/p>\n<p>Propozycja, \u017ceby najpierw zdj\u0105\u0107 sankcje z Iranu, a potem oczekiwa\u0107 \u017ce ograniczy swoj\u0105 produkcj\u0119 rakiet, mo\u017ce by\u0107 ciekawym tematem na seminarium spraw zagranicznych, ale \u017ceby zrozumie\u0107 rzeczywisto\u015b\u0107 zawsze dobrze jest najpierw pos\u0142ucha\u0107 ira\u0144skiego ministra spraw zagranicznych, Mohammada D\u017cavada Zarifa, kt\u00f3ry w wywiadzie z 9 grudnia 2020 r. m\u00f3wi\u0142 bardzo wyra\u017anie:<a name=\"_ednref1\"><\/a><a href=\"https:\/\/www.memri.org\/reports\/first-listen-irans-foreign-minister#_edn1\">[1]<\/a><\/p>\n<p>&#8222;&#8230; Pracownicy rz\u0105du pana Bidena wiedz\u0105, \u017ce sprawy, kt\u00f3re nie pojawiaj\u0105 si\u0119 w JCPOA [tj. rakiety i dzia\u0142alno\u015b\u0107 regionalna Iranu] nie s\u0105 tam nieobecne przez przypadek, ale przez decyzj\u0119. To znaczy, \u017ce dyskutowali\u015bmy spraw\u0119 pocisk\u00f3w balistycznych. Kiedy oni podnie\u015bli spraw\u0119 naszych pocisk\u00f3w, powiedzieli\u015bmy: \u201eCo macie do powiedzenia o broni, kt\u00f3r\u0105 posiada Izrael lub Arabia Saudyjska? Czy m\u00f3wicie, \u017ce Iranowi nale\u017cy odm\u00f3wi\u0107 jego potencja\u0142u obronnego? Czy macie prawo to zrobi\u0107?\u201d Kiedy podnie\u015bli spraw\u0119 naszego regionalnego [zaanga\u017cowania], powiedzieli\u015bmy: \u201cCo macie do powiedzenia o Izraelu?\u201d A oni odpowiedzieli: \u201cChcemy naprawi\u0107 wasze stosunki\u201d. Powiedzieli\u015bmy: \u201cNaprawcie wasze stosunki z regionem\u2019\u201d.<\/p>\n<p>I dalej: &#8221; Ameryka nie mo\u017ce wysuwa\u0107 warunk\u00f3w dla swojego powrotu [do JCPOA], ani dla przywr\u00f3cenia swoich praw, je\u015bli chodzi o realizacj\u0119 JCPOA&#8230; Je\u015bli wi\u0119c [pociski i regionalne interwencje] nie pojawiaj\u0105 si\u0119 w JCPOA, to jest tak dlatego, \u017ce poszli na kompromis w tych sprawach. Nie uda\u0142o im si\u0119 wstawi\u0107 ich do JCPOA. Nie maj\u0105 tej opcji. To oni s\u0105 tymi, kt\u00f3rzy maj\u0105 wobec nas d\u0142ug z powodu ich polityki zbrojenia [innych] i ich polityki w regionie&#8221;.<\/p>\n<p>Gra jest zawsze taka sama. Agresor przekonuje stron\u0119, kt\u00f3rej zagra\u017ca, argumentami, kt\u00f3re nadaj\u0105 mu wy\u017cszo\u015b\u0107 moraln\u0105. Jawnie ekspansjonistyczna ideologia Iranu \u2013 jego przyw\u00f3dcy oznajmiaj\u0105, \u017ce Iran jest obecnie na \u201cdrugim etapie Islamskiej Rewolucji &#8222;<a name=\"_ednref2\"><\/a><a href=\"https:\/\/www.memri.org\/reports\/first-listen-irans-foreign-minister#_edn2\">[2]<\/a>\u00a0\u2013 zosta\u0142a zast\u0105piona przez twierdzenia tych przyw\u00f3dc\u00f3w, \u017ce w rzeczywisto\u015bci Iran jest owieczk\u0105 na Bliskim Wschodzie i musi dzia\u0142a\u0107 w samoobronie.<\/p>\n<p>Niedawne ujawnienie przez Zarifa moralnej s\u0142abo\u015bci zachodnich demokracji w negocjacjach o JCPOA jest dzwonem alarmowym. Dla USA przyj\u0119cie rady tej grupy i zniesienie sankcji na Iran, ignoruj\u0105c regionalna agresj\u0119 Iranu i rozw\u00f3j pocisk\u00f3w, by\u0142oby niebezpieczn\u0105 lekkomy\u015blno\u015bci\u0105.<\/p>\n<p><img loading=\"lazy\" decoding=\"async\" class=\"alignnone size-full wp-image-15018\" src=\"https:\/\/www2.memri.org\/polish\/wp-content\/uploads\/2020\/12\/MDB2471.jpg\" width=\"597\" height=\"381\" srcset=\"https:\/\/www2.memri.org\/polish\/wp-content\/uploads\/2020\/12\/MDB2471.jpg 597w, https:\/\/www2.memri.org\/polish\/wp-content\/uploads\/2020\/12\/MDB2471-300x191.jpg 300w\" sizes=\"auto, (max-width: 597px) 100vw, 597px\" \/><\/p>\n<p><em>Wysoka przedstawicielka Unii Europejskiej, Federica Mogherini, ira\u0144ski minister spraw zagranicznych, Mohammad Javad Zarif, szef ira\u0144skiej Organizacji Energii Atomowej, Ali Akbar Salehi, rosyjski minister spraw zagranicznych, Siergiej \u0141awrow, brytyjski minister spraw zagranicznych, Philip Hammond i sekretarz stanu USA, John Kerry pozuj\u0105 do grupowego zdj\u0119cia przy budynku Narod\u00f3w Zjednoczonych w Wiedniu w dzie\u0144 sfinalizowania JCPOA, 14 lipca 2015. \u0179r\u00f3d\u0142o: Telegraph.co.uk, 14 lipca 2020.<\/em><\/p>\n<p>&nbsp;<\/p>\n<p><em>* A. Savyon is Director of the MEMRI Iran Media Project<\/em><em>; Yigal Carmon is MEMRI President and Founder; Ze&#8217;ev B. Begin is a MEMRI Senior Fellow.<\/em><\/p>\n<hr \/>\n<p><a name=\"_edn1\"><\/a><a href=\"https:\/\/www.memri.org\/reports\/first-listen-irans-foreign-minister#_ednref1\">[1]<\/a>\u00a0MEMRI Special Dispatch No. 9093,\u00a0<a href=\"https:\/\/www.memri.org\/reports\/iranian-foreign-minister-zarif-response-memri-tv-clip-his-statements-calling-jews-kikes\">Iranian Foreign Minister Zarif In Response To MEMRI TV Clip Of His Statements Calling Jews 'Kikes&#8217;: &#8222;MEMRI Has Sunk To A New Low In Taking My Prejorative [sic] &#8230; To Accuse Me Of Antisemitism&#8221;<\/a>, December 16, 2020.<\/p>\n<p><a name=\"_edn2\"><\/a><a href=\"https:\/\/www.memri.org\/reports\/first-listen-irans-foreign-minister#_ednref2\">[2]<\/a>\u00a0See MEMRI series on Iranian Supreme Leader Ali Khamenei&#8217;s goals for &#8222;The Second Phase Of The Islamic Revolution&#8221; in Iran, as outlined at an event marking the 40th anniversary of the Islamic Revolution: MEMRI Special Dispatch No. 8020,\u00a0<a href=\"https:\/\/www.memri.org\/reports\/goals-second-phase-islamic-revolution-iran-next-40-years-%E2%80%93-part-three-irgc-commanders-speak\">The Goals Of 'The Second Phase Of The Islamic Revolution&#8217; In Iran For The Next 40 Years \u2013 Part Three: IRGC Commanders Speak On The Achievements And Goals Of The Revolution<\/a>, April 24, 2019; MEMRI Special Dispatch No. 7981,\u00a0<a href=\"https:\/\/www.memri.org\/reports\/iranian-supreme-leader-ali-khamenei-announces-goals-second-phase-islamic-revolution-next-0\">Iranian Supreme Leader Ali Khamenei Announces The Goals Of 'The Second Phase Of The Islamic Revolution&#8217; For The Next 40 Years \u2013 Part Two: 'You Must Preserve Your Revolution&#8230; And Bring It Ever Closer To Its Great Aspiration \u2013 The Creation Of A New Islamic Civilization, And Preparations For The Rise Of The Sun Of The Mahdi&#8217;<\/a>, April 3, 2019, and MEMRI Inquiry &amp; Analysis No. 1441,\u00a0<a href=\"https:\/\/www.memri.org\/reports\/iranian-supreme-leader-ali-khamenei-announces-goals-second-phase-islamic-revolution-next-40\">Iranian Supreme Leader Ali Khamenei Announces The Goals Of 'The Second Phase Of The Islamic Revolution&#8217; For The Next 40 Years: 'The Challenge Is Mighty Iran&#8217;s Presence At The Borders Of The Zionist Regime&#8217;<\/a>, February 13, 2019.<\/p>\n","protected":false},"excerpt":{"rendered":"<p>&#8222;Siedm razy wilk powiedzia\u0142 owcom stop. I dopiero wtedy je po\u017car\u0142\u201d.\u00a0 \u2013 Natan Zach, &#8222;Failure&#8221; Ira\u0144ski minister spraw zagranicznych, D\u017cavad Zarif w dzie\u0144 sfinalizowania JCPOA, 14 lipca 2015. (\u0179r\u00f3d\u0142o:\u00a0Babak Taghvaee, Iran, 14 lipca 2015) Kilka dni temu, 14 grudnia, dwupartyjna grupa oko\u0142o 50 os\u00f3b, wszyscy byli wysocy rang\u0105 pracownicy s\u0142u\u017cb bezpiecze\u0144stwa i spraw zagranicznych w [&hellip;]<\/p>\n","protected":false},"author":1,"featured_media":15017,"comment_status":"closed","ping_status":"closed","sticky":false,"template":"","format":"standard","meta":{"footnotes":""},"categories":[827,835,837,865],"tags":[],"class_list":["post-15015","post","type-post","status-publish","format-standard","has-post-thumbnail","hentry","category-iran","category-archiwum","category-kraje","category-ogloszenia"],"_links":{"self":[{"href":"https:\/\/www2.memri.org\/polish\/wp-json\/wp\/v2\/posts\/15015","targetHints":{"allow":["GET"]}}],"collection":[{"href":"https:\/\/www2.memri.org\/polish\/wp-json\/wp\/v2\/posts"}],"about":[{"href":"https:\/\/www2.memri.org\/polish\/wp-json\/wp\/v2\/types\/post"}],"author":[{"embeddable":true,"href":"https:\/\/www2.memri.org\/polish\/wp-json\/wp\/v2\/users\/1"}],"replies":[{"embeddable":true,"href":"https:\/\/www2.memri.org\/polish\/wp-json\/wp\/v2\/comments?post=15015"}],"version-history":[{"count":1,"href":"https:\/\/www2.memri.org\/polish\/wp-json\/wp\/v2\/posts\/15015\/revisions"}],"predecessor-version":[{"id":15019,"href":"https:\/\/www2.memri.org\/polish\/wp-json\/wp\/v2\/posts\/15015\/revisions\/15019"}],"wp:featuredmedia":[{"embeddable":true,"href":"https:\/\/www2.memri.org\/polish\/wp-json\/wp\/v2\/media\/15017"}],"wp:attachment":[{"href":"https:\/\/www2.memri.org\/polish\/wp-json\/wp\/v2\/media?parent=15015"}],"wp:term":[{"taxonomy":"category","embeddable":true,"href":"https:\/\/www2.memri.org\/polish\/wp-json\/wp\/v2\/categories?post=15015"},{"taxonomy":"post_tag","embeddable":true,"href":"https:\/\/www2.memri.org\/polish\/wp-json\/wp\/v2\/tags?post=15015"}],"curies":[{"name":"wp","href":"https:\/\/api.w.org\/{rel}","templated":true}]}}