{"id":1496,"date":"2010-12-20T00:00:00","date_gmt":"2010-12-20T00:00:00","guid":{"rendered":"http:\/\/www2.memri.org\/polaco\/egipski-instruktor-nurkowania-izrael-jest-odpowiedzialny-za-smiertelny-atak-rekina-i-smiercionosne-meduzy-na-synaju\/1496"},"modified":"2010-12-20T00:00:00","modified_gmt":"2010-12-20T00:00:00","slug":"egipski-instruktor-nurkowania-izrael-jest-odpowiedzialny-za-smiertelny-atak-rekina-i-smiercionosne-meduzy-na-synaju","status":"publish","type":"post","link":"https:\/\/www2.memri.org\/polish\/egipski-instruktor-nurkowania-izrael-jest-odpowiedzialny-za-smiertelny-atak-rekina-i-smiercionosne-meduzy-na-synaju\/1496","title":{"rendered":"Egipski instruktor nurkowania: Izrael jest odpowiedzialny za \u015bmiertelny atak rekina i \u015bmierciono\u015bne meduzy na Synaju"},"content":{"rendered":"<div class=\"bodytext c1\">\n<p><em>Poni\u017cej podajemy wywiad z Mustaf\u0105 Ismailem, egipskim instruktorem nurkowania, kt\u00f3ry nada\u0142a telewizja egipska 5 grudnia 2010 r.<\/em><\/p>\n<p><em>\u017beby zobaczy\u0107 ten klip w MEMRI TV, odwied\u017a<\/em> <a href=\"http:\/\/www.memritv.org\/clip\/en\/0\/0\/0\/0\/0\/0\/2727.htm\"><em>http:\/\/www.memritv.org\/clip\/en\/0\/0\/0\/0\/0\/0\/2727.htm<\/em><\/a> <em>.<\/em><\/p>\n<p><em><img decoding=\"async\" border=\"0\" src=\"http:\/\/www.memri.org\/image\/5683.jpg\" \/><\/em><\/p>\n<p><strong>Prowadz\u0105cy wywiad<\/strong>: Co s\u0105dzi pan o powodach [atak\u00f3w rekin\u00f3w na Synaju]? Niepokoj\u0119 si\u0119 o mieszka\u0144c\u00f3w Szarm El-Szejk.<\/p>\n<p><strong>Mustafa Ismail<\/strong>: Chce pan, \u017cebym m\u00f3wi\u0142 szczerze?<\/p>\n<p><strong>Prowadz\u0105cy wywiad<\/strong>: Tak.<\/p>\n<p><strong>Mustafa Ismail<\/strong>: Ryba, kt\u00f3ra spowodowa\u0142a ten problem, nie jest ryb\u0105 morsk\u0105. Ten rodzaj rekina nie jest morskim rekinem.<\/p>\n<p><strong>Prowadz\u0105cy wywiad<\/strong>: Jaki jest to rodzaj rekina?<\/p>\n<p><strong>Mustafa Ismail<\/strong>: Rekin oceaniczny. Ten rodzaj rekina migruje z Afryki Po\u0142udniowej a\u017c na szczyt Ziemi. Nie wchodz\u0105 w aleje. Morze Czerwone jest alej\u0105 w por\u00f3wnaniu do oceanu.<\/p>\n<p><strong>Prowadz\u0105cy wywiad<\/strong>: Tyle wiemy. Co spowodowa\u0142o, \u017ce wszed\u0142 do alei?<\/p>\n<p><strong>Mustafa Ismail<\/strong>: Prawdziwe pytanie brzmi: kto spowodowa\u0142, \u017ce wszed\u0142 do alei? Powiem o czym\u015b innym, a potem wr\u00f3c\u0119 do tego. Czy pami\u0119ta pan, kiedy byli\u015bmy dzie\u0107mi, meduzy w Aleksandrii, kt\u00f3re parzy\u0142y? W domu, w Al Ghardaqa i w Morzu Czerwonym mo\u017cna by\u0142o zwija\u0107 meduzy w r\u0119kach i nic si\u0119 nie dzia\u0142o. Okay? S\u0105 r\u00f3\u017cne rodzaje meduz. Kroili\u015bmy je no\u017cami i u\u017cywali\u015bmy na przyn\u0119t\u0119 dla ryb.<\/p>\n<p>Teraz od kilku lat jest zjawisko, o kt\u00f3rym nikt nie m\u00f3wi. Zabijaj\u0105ce, parali\u017cuj\u0105ce meduzy, kt\u00f3re pojawi\u0142y si\u0119 w Al-Ghardaqa i w Morzu Czerwony. Kto sprowadzi\u0142 tutaj te meduzy?<\/p>\n<p><strong>Prowadz\u0105cy wywiad<\/strong>: Kto?<\/p>\n<p><strong>Mustafa Ismail<\/strong>: Kto istotnie? Kto sprowadzi\u0142 te rekiny tutaj? Nawet gdyby by\u0142o to dziecko rekina, kt\u00f3re zgubi\u0142o si\u0119 i przep\u0142yn\u0119\u0142o przez Cie\u015bnin\u0119 Mandab, czy mog\u0142oby p\u0142yn\u0105\u0107 jak pokojowy anio\u0142, machaj\u0105c p\u0142etwami, ca\u0142\u0105 drog\u0119 a\u017c do Hyatt Regency Hotel w Szarm El-Szejk, \u017ceby tam zaatakowa\u0107? Dlaczego nie zaatakowa\u0142 w Masra Alam lub Brothers Islands? Dlaczego nie zaatakowa\u0142 tam? Nurkuj\u0119 w Szarm el-Szejk od 50 lat i nie by\u0142o tam ani jednego ataku rekina na \u017cadne \u017cywe stworzenie.<\/p>\n<p>Prosz\u0119 bardzo, powiedz to, nie r\u00f3b gest\u00f3w. Powiedz to.<\/p>\n<p><strong>Prowadz\u0105cy wywiad<\/strong>: Ju\u017c spyta\u0142em, kto, a pan zacz\u0105\u0142 opowiada\u0107 mi historie o meduzach.<\/p>\n<p><strong>Mustafa Ismail<\/strong>: Kto? B\u0119d\u0119 jeszcze bardziej szczery. Nie boj\u0119 si\u0119 nikogo.<\/p>\n<p><strong>Prowadz\u0105cy wywiad<\/strong>: Bardzo prosz\u0119.<\/p>\n<p><strong>Mustafa Ismail<\/strong>: Dwa albo trzy miesiace temu izraelski nurek powiedzia\u0142 mi \u2026<\/p>\n<p><strong>Prowadz\u0105cy wywiad<\/strong>: Jaki nurek?<\/p>\n<p><strong>Mustafa Ismail<\/strong>: Izraelski nurek. My pracujemy z ka\u017cdym.<\/p>\n<p><strong>Prowadz\u0105cy wywiad<\/strong>: Bez \u017cadnego problemu?<\/p>\n<p><strong>Mustafa Ismail<\/strong>: Nam to nie robi r\u00f3\u017cnicy.<\/p>\n<p><strong>Prowadz\u0105cy wywiad<\/strong>: Jak mo\u017ce wam nie przeszkadza\u0107?<\/p>\n<p><strong>Mustafa Ismail<\/strong>: Niech pan tylko pos\u0142ucha przez chwil\u0119. Powiedzia\u0142 mi, \u017ce znalaz\u0142 to niemowl\u0119 rekina pewnego gatunku naprzeciwko portu w Ejlacie. Kiedy go znale\u017ali, zobaczyli, \u017ce ma urz\u0105dzenie GPS na sobie.<\/p>\n<p><strong>Prowadz\u0105cy wywiad<\/strong>: Urzadzenie kieruj\u0105ce?<\/p>\n<p><strong>Mustafa Ismail<\/strong>: Tak, na grzbiecie. Ka\u017cdy inny zignorowa\u0142by to, ale nie my. Ktokolwiek sprowadzi\u0142 te rekiny na nas z oceanu\u2026 Od Cie\u015bniny Mandab jest oko\u0142o 4 tysi\u0119cy kilometr\u00f3w, to jakim sposobem incydenty by\u0142y tylko wok\u00f3\u0142 Synaju?<\/p>\n<p><strong>Prowadz\u0105cy wywiad<\/strong>: To jak on si\u0119 dosta\u0142 a\u017c do Ejlatu?<\/p>\n<p><strong>Mustafa Ismail<\/strong>: Chcia\u0142 pan prawdziwej historii, to panu opowiem. Istniej\u0105 przyjazne pa\u0144stwa s\u0105siedzkie, kt\u00f3re wcale nam dobrze nie \u017cycz\u0105. Nie m\u00f3wi\u0119 o teoriach spiskowych z dni Abd Al-Nassera. Ten spisek trwa i b\u0119dzie trwa\u0142 ca\u0142\u0105 wieczno\u015b\u0107, a\u017c Allah przeka\u017ce ziemi\u0119\u2026 Spisek trwa.<\/p>\n<p>Przez trzy miesi\u0105ce s\u0142yszeli\u015bmy ten kraj [Izrael] ostrzegaj\u0105cy swoich obywateli, \u017ceby opu\u015bcili Synaj tak szybko, jak to mo\u017cliwe. Mo\u017ce pan sprawdzi\u0107 w Izbie Turystyki ilu Izraelczyk\u00f3w pospiesznie opu\u015bci\u0142o Synaj. To by\u0142o jakby uciekali przed apartheidem albo czym\u015b takim. [\u2026]<\/p>\n<\/div>\n","protected":false},"excerpt":{"rendered":"<p>Poni\u017cej podajemy wywiad z Mustaf\u0105 Ismailem, egipskim instruktorem nurkowania, kt\u00f3ry nada\u0142a telewizja egipska 5 grudnia 2010 r. \u017beby zobaczy\u0107 ten klip w MEMRI TV, odwied\u017a http:\/\/www.memritv.org\/clip\/en\/0\/0\/0\/0\/0\/0\/2727.htm . Prowadz\u0105cy wywiad: Co s\u0105dzi pan o powodach [atak\u00f3w rekin\u00f3w na Synaju]? Niepokoj\u0119 si\u0119 o mieszka\u0144c\u00f3w Szarm El-Szejk. Mustafa Ismail: Chce pan, \u017cebym m\u00f3wi\u0142 szczerze? Prowadz\u0105cy wywiad: Tak. Mustafa [&hellip;]<\/p>\n","protected":false},"author":1,"featured_media":0,"comment_status":"open","ping_status":"closed","sticky":false,"template":"","format":"standard","meta":{"footnotes":""},"categories":[824,831,835,836,837,863],"tags":[],"class_list":["post-1496","post","type-post","status-publish","format-standard","hentry","category-specjalne-komunikaty","category-projekt-dokumentacji-antysemityzmu","category-archiwum","category-tematy","category-kraje","category-egipt"],"_links":{"self":[{"href":"https:\/\/www2.memri.org\/polish\/wp-json\/wp\/v2\/posts\/1496","targetHints":{"allow":["GET"]}}],"collection":[{"href":"https:\/\/www2.memri.org\/polish\/wp-json\/wp\/v2\/posts"}],"about":[{"href":"https:\/\/www2.memri.org\/polish\/wp-json\/wp\/v2\/types\/post"}],"author":[{"embeddable":true,"href":"https:\/\/www2.memri.org\/polish\/wp-json\/wp\/v2\/users\/1"}],"replies":[{"embeddable":true,"href":"https:\/\/www2.memri.org\/polish\/wp-json\/wp\/v2\/comments?post=1496"}],"version-history":[{"count":0,"href":"https:\/\/www2.memri.org\/polish\/wp-json\/wp\/v2\/posts\/1496\/revisions"}],"wp:attachment":[{"href":"https:\/\/www2.memri.org\/polish\/wp-json\/wp\/v2\/media?parent=1496"}],"wp:term":[{"taxonomy":"category","embeddable":true,"href":"https:\/\/www2.memri.org\/polish\/wp-json\/wp\/v2\/categories?post=1496"},{"taxonomy":"post_tag","embeddable":true,"href":"https:\/\/www2.memri.org\/polish\/wp-json\/wp\/v2\/tags?post=1496"}],"curies":[{"name":"wp","href":"https:\/\/api.w.org\/{rel}","templated":true}]}}