{"id":14892,"date":"2020-11-12T20:49:31","date_gmt":"2020-11-12T19:49:31","guid":{"rendered":"https:\/\/www2.memri.org\/polish\/?p=14892"},"modified":"2020-11-12T20:50:14","modified_gmt":"2020-11-12T19:50:14","slug":"debata-w-irackiej-telewizji-nie-mozna-winic-hitlera-zydzi-sa-przyczyna-wszystkich-konfliktow-covid-19-jest-masonskim-narzedziem-szczepionka-bedzie-uzywana-do-kontrolowania-ludzi-przez-sat","status":"publish","type":"post","link":"https:\/\/www2.memri.org\/polish\/debata-w-irackiej-telewizji-nie-mozna-winic-hitlera-zydzi-sa-przyczyna-wszystkich-konfliktow-covid-19-jest-masonskim-narzedziem-szczepionka-bedzie-uzywana-do-kontrolowania-ludzi-przez-sat\/14892","title":{"rendered":"Debata w irackiej telewizji: Nie mo\u017cna wini\u0107 Hitlera \u2013 \u017bydzi s\u0105 przyczyn\u0105 wszystkich konflikt\u00f3w; Covid-19 jest maso\u0144skim narz\u0119dziem, szczepionka b\u0119dzie u\u017cywana do kontrolowania ludzi przez satelit\u0119"},"content":{"rendered":"<p><em>18 wrze\u015bnia 2020 r. Al-Ghadir TV [Irak] nada\u0142a debat\u0119 o masonerii i syjonizmie. Prezenter, Salam Sakr Al-Chaledi powiedzia\u0142, \u017ce odrzuca Hitlera i nazizm, ale ich nie mo\u017cna \u201cwini\u0107\u201d za ich czyny, poniewa\u017c prawd\u0105 jest, \u017ce \u017bydzi, syjoni\u015bci i masoni stoj\u0105 za wszystkimi konfliktami na \u015bwiecie. Iracki prawnik, ekspert, Abu Jakeen Al-Musawi, panelista w tym programie, \u00a0powiedzia\u0142, \u017ce pandemia COVID-19 jest maso\u0144skim \u201cnarz\u0119dziem\u201d i \u017ce szczepionka b\u0119dzie obowi\u0105zkowa, \u017ceby wstawi\u0107 ludziom czipy, kt\u00f3re potem b\u0119d\u0105 kontrolowane przez satelity. Twierdzi\u0142, \u017ce istnieje spisek w celu zredukowania populacji \u015bwiata i ustanowienia jednego re\u017cimu, kt\u00f3ry b\u0119dzie panowa\u0142 nad ca\u0142ym \u015bwiatem.<\/em><\/p>\n<p><strong>Aby zobaczy\u0107 klip z tej debaty telewizyjnej w MEMRI TV, kliknij <\/strong><a href=\"https:\/\/www.memri.org\/tv\/iraqi-debate-freemasonry-zionism-cannot-blame-nazis-jews-behind-conflict-covid-vaccine-satellite-control\"><strong>tutaj<\/strong><\/a><strong> lub poni\u017cej.<\/strong><\/p>\n<p><iframe loading=\"lazy\" src=\"https:\/\/www.memri.org\/player\/clip\/50143\/780,440\/1\" width=\"780\" height=\"440\" frameborder=\"0\"><\/iframe><\/p>\n<p><strong>&#8222;Hitlera nie nale\u017cy obwinia\u0107&#8221;<\/strong><\/p>\n<p><strong>Salam Sakr Al-Chaledi:\u00a0<\/strong>Odrzucam Hitlera i nazizm, ale czasami m\u00f3wi\u0119, \u017ce Hitlera nie nale\u017cy obwinia\u0107. Opisuj\u0105c syjonist\u00f3w powiedzia\u0142, \u017ce oni s\u0105 przyczyn\u0105 wszystkich konflikt\u00f3w.<\/p>\n<p><img loading=\"lazy\" decoding=\"async\" class=\"alignnone size-full wp-image-14894\" src=\"https:\/\/www2.memri.org\/polish\/wp-content\/uploads\/2020\/11\/MTV8431.jpg\" width=\"1018\" height=\"256\" srcset=\"https:\/\/www2.memri.org\/polish\/wp-content\/uploads\/2020\/11\/MTV8431.jpg 1018w, https:\/\/www2.memri.org\/polish\/wp-content\/uploads\/2020\/11\/MTV8431-300x75.jpg 300w, https:\/\/www2.memri.org\/polish\/wp-content\/uploads\/2020\/11\/MTV8431-768x193.jpg 768w, https:\/\/www2.memri.org\/polish\/wp-content\/uploads\/2020\/11\/MTV8431-600x151.jpg 600w, https:\/\/www2.memri.org\/polish\/wp-content\/uploads\/2020\/11\/MTV8431-696x175.jpg 696w\" sizes=\"auto, (max-width: 1018px) 100vw, 1018px\" \/>Gdziekolwiek dw\u00f3ch ludzi walczy&#8230; Powiedzia\u0142, \u017ce nawet je\u015bli dwa koguty walcz\u0105, b\u0105d\u017acie spokojni, \u017ce jest tam \u017byd, mason lub syjonista za nimi. Nie \u017cywimy nienawi\u015bci ani niech\u0119ci do \u017cadnego narodu. Chcieliby\u015bmy, by wszyscy ludzie \u017cyli w pokoju. Wydaje si\u0119 jednak, \u017ce inni \u2013 lub raczej ci, kt\u00f3rzy pr\u00f3buj\u0105 pod\u017cega\u0107 wszystkie te konflikty i te problemy&#8230; Wydaje si\u0119, \u017ce oni s\u0105 chorzy. Mo\u017cna zapyta\u0107, dlaczego, poniewa\u017c oni nie chc\u0105 sekularyzmu ani niczego takiego. Ale oni chc\u0105, by [religia] syjonistycznego kraju pozosta\u0142a jedyn\u0105 religi\u0105. [Wierz\u0105, \u017ce s\u0105] Wybranym Narodem i \u017ce wszystkie inne religie s\u0105 fa\u0142szywe.<\/p>\n<p><img loading=\"lazy\" decoding=\"async\" class=\"alignnone size-full wp-image-14895\" src=\"https:\/\/www2.memri.org\/polish\/wp-content\/uploads\/2020\/11\/MTV84311.jpg\" width=\"1016\" height=\"257\" srcset=\"https:\/\/www2.memri.org\/polish\/wp-content\/uploads\/2020\/11\/MTV84311.jpg 1016w, https:\/\/www2.memri.org\/polish\/wp-content\/uploads\/2020\/11\/MTV84311-300x76.jpg 300w, https:\/\/www2.memri.org\/polish\/wp-content\/uploads\/2020\/11\/MTV84311-768x194.jpg 768w, https:\/\/www2.memri.org\/polish\/wp-content\/uploads\/2020\/11\/MTV84311-600x152.jpg 600w, https:\/\/www2.memri.org\/polish\/wp-content\/uploads\/2020\/11\/MTV84311-696x176.jpg 696w\" sizes=\"auto, (max-width: 1016px) 100vw, 1016px\" \/><\/p>\n<p><img loading=\"lazy\" decoding=\"async\" class=\"alignnone size-full wp-image-14896\" src=\"https:\/\/www2.memri.org\/polish\/wp-content\/uploads\/2020\/11\/MTV84312-1.jpg\" width=\"1200\" height=\"611\" srcset=\"https:\/\/www2.memri.org\/polish\/wp-content\/uploads\/2020\/11\/MTV84312-1.jpg 1200w, https:\/\/www2.memri.org\/polish\/wp-content\/uploads\/2020\/11\/MTV84312-1-300x153.jpg 300w, https:\/\/www2.memri.org\/polish\/wp-content\/uploads\/2020\/11\/MTV84312-1-1024x521.jpg 1024w, https:\/\/www2.memri.org\/polish\/wp-content\/uploads\/2020\/11\/MTV84312-1-768x391.jpg 768w, https:\/\/www2.memri.org\/polish\/wp-content\/uploads\/2020\/11\/MTV84312-1-600x306.jpg 600w, https:\/\/www2.memri.org\/polish\/wp-content\/uploads\/2020\/11\/MTV84312-1-696x354.jpg 696w, https:\/\/www2.memri.org\/polish\/wp-content\/uploads\/2020\/11\/MTV84312-1-1068x544.jpg 1068w, https:\/\/www2.memri.org\/polish\/wp-content\/uploads\/2020\/11\/MTV84312-1-825x420.jpg 825w\" sizes=\"auto, (max-width: 1200px) 100vw, 1200px\" \/><\/p>\n<p><strong>&#8222;Coronavirus jest jednym z narz\u0119dzi masonerii&#8221;<\/strong><\/p>\n<p><strong>Abu Jakeen Al-Musawi:<\/strong>\u00a0Coronavirus jest jednym z narz\u0119dzi masonerii. Teraz m\u00f3wi\u0105 o szczepionce i b\u0119dzie obowi\u0105zkowe jej przyj\u0119cie. Tym sposobem ludzie b\u0119d\u0105 kontrolowani przez satelity. Tak jest. Sugerowali ide\u0119 wszczepienia czip\u00f3w lub wirusa w cia\u0142a ludzi w celu kontrolowania ich.<\/p>\n<p><img loading=\"lazy\" decoding=\"async\" class=\"alignnone size-full wp-image-14897\" src=\"https:\/\/www2.memri.org\/polish\/wp-content\/uploads\/2020\/11\/MTV84313.jpg\" width=\"943\" height=\"239\" srcset=\"https:\/\/www2.memri.org\/polish\/wp-content\/uploads\/2020\/11\/MTV84313.jpg 943w, https:\/\/www2.memri.org\/polish\/wp-content\/uploads\/2020\/11\/MTV84313-300x76.jpg 300w, https:\/\/www2.memri.org\/polish\/wp-content\/uploads\/2020\/11\/MTV84313-768x195.jpg 768w, https:\/\/www2.memri.org\/polish\/wp-content\/uploads\/2020\/11\/MTV84313-600x152.jpg 600w, https:\/\/www2.memri.org\/polish\/wp-content\/uploads\/2020\/11\/MTV84313-696x176.jpg 696w\" sizes=\"auto, (max-width: 943px) 100vw, 943px\" \/><\/p>\n<p><img loading=\"lazy\" decoding=\"async\" class=\"alignnone size-full wp-image-14898\" src=\"https:\/\/www2.memri.org\/polish\/wp-content\/uploads\/2020\/11\/MTV84314.jpg\" width=\"1200\" height=\"616\" srcset=\"https:\/\/www2.memri.org\/polish\/wp-content\/uploads\/2020\/11\/MTV84314.jpg 1200w, https:\/\/www2.memri.org\/polish\/wp-content\/uploads\/2020\/11\/MTV84314-300x154.jpg 300w, https:\/\/www2.memri.org\/polish\/wp-content\/uploads\/2020\/11\/MTV84314-1024x526.jpg 1024w, https:\/\/www2.memri.org\/polish\/wp-content\/uploads\/2020\/11\/MTV84314-768x394.jpg 768w, https:\/\/www2.memri.org\/polish\/wp-content\/uploads\/2020\/11\/MTV84314-600x308.jpg 600w, https:\/\/www2.memri.org\/polish\/wp-content\/uploads\/2020\/11\/MTV84314-696x357.jpg 696w, https:\/\/www2.memri.org\/polish\/wp-content\/uploads\/2020\/11\/MTV84314-1068x548.jpg 1068w, https:\/\/www2.memri.org\/polish\/wp-content\/uploads\/2020\/11\/MTV84314-818x420.jpg 818w\" sizes=\"auto, (max-width: 1200px) 100vw, 1200px\" \/><\/p>\n<p>Chc\u0105 zredukowa\u0107 populacj\u0119 \u015bwiata i stworzy\u0107 jeden, zjednoczony re\u017cim, kt\u00f3ry b\u0119dzie rz\u0105dzi\u0142 i kontrolowa\u0142 \u015bwiat.<\/p>\n<p><img loading=\"lazy\" decoding=\"async\" class=\"alignnone size-full wp-image-14899\" src=\"https:\/\/www2.memri.org\/polish\/wp-content\/uploads\/2020\/11\/MTV84315.jpg\" width=\"1003\" height=\"256\" srcset=\"https:\/\/www2.memri.org\/polish\/wp-content\/uploads\/2020\/11\/MTV84315.jpg 1003w, https:\/\/www2.memri.org\/polish\/wp-content\/uploads\/2020\/11\/MTV84315-300x77.jpg 300w, https:\/\/www2.memri.org\/polish\/wp-content\/uploads\/2020\/11\/MTV84315-768x196.jpg 768w, https:\/\/www2.memri.org\/polish\/wp-content\/uploads\/2020\/11\/MTV84315-600x153.jpg 600w, https:\/\/www2.memri.org\/polish\/wp-content\/uploads\/2020\/11\/MTV84315-696x178.jpg 696w\" sizes=\"auto, (max-width: 1003px) 100vw, 1003px\" \/><\/p>\n","protected":false},"excerpt":{"rendered":"<p>18 wrze\u015bnia 2020 r. Al-Ghadir TV [Irak] nada\u0142a debat\u0119 o masonerii i syjonizmie. Prezenter, Salam Sakr Al-Chaledi powiedzia\u0142, \u017ce odrzuca Hitlera i nazizm, ale ich nie mo\u017cna \u201cwini\u0107\u201d za ich czyny, poniewa\u017c prawd\u0105 jest, \u017ce \u017bydzi, syjoni\u015bci i masoni stoj\u0105 za wszystkimi konfliktami na \u015bwiecie. Iracki prawnik, ekspert, Abu Jakeen Al-Musawi, panelista w tym programie, [&hellip;]<\/p>\n","protected":false},"author":1,"featured_media":14896,"comment_status":"closed","ping_status":"closed","sticky":false,"template":"","format":"standard","meta":{"footnotes":""},"categories":[824,831,834,835,836,837],"tags":[],"class_list":["post-14892","post","type-post","status-publish","format-standard","has-post-thumbnail","hentry","category-specjalne-komunikaty","category-projekt-dokumentacji-antysemityzmu","category-irak","category-archiwum","category-tematy","category-kraje"],"_links":{"self":[{"href":"https:\/\/www2.memri.org\/polish\/wp-json\/wp\/v2\/posts\/14892","targetHints":{"allow":["GET"]}}],"collection":[{"href":"https:\/\/www2.memri.org\/polish\/wp-json\/wp\/v2\/posts"}],"about":[{"href":"https:\/\/www2.memri.org\/polish\/wp-json\/wp\/v2\/types\/post"}],"author":[{"embeddable":true,"href":"https:\/\/www2.memri.org\/polish\/wp-json\/wp\/v2\/users\/1"}],"replies":[{"embeddable":true,"href":"https:\/\/www2.memri.org\/polish\/wp-json\/wp\/v2\/comments?post=14892"}],"version-history":[{"count":1,"href":"https:\/\/www2.memri.org\/polish\/wp-json\/wp\/v2\/posts\/14892\/revisions"}],"predecessor-version":[{"id":14900,"href":"https:\/\/www2.memri.org\/polish\/wp-json\/wp\/v2\/posts\/14892\/revisions\/14900"}],"wp:featuredmedia":[{"embeddable":true,"href":"https:\/\/www2.memri.org\/polish\/wp-json\/wp\/v2\/media\/14896"}],"wp:attachment":[{"href":"https:\/\/www2.memri.org\/polish\/wp-json\/wp\/v2\/media?parent=14892"}],"wp:term":[{"taxonomy":"category","embeddable":true,"href":"https:\/\/www2.memri.org\/polish\/wp-json\/wp\/v2\/categories?post=14892"},{"taxonomy":"post_tag","embeddable":true,"href":"https:\/\/www2.memri.org\/polish\/wp-json\/wp\/v2\/tags?post=14892"}],"curies":[{"name":"wp","href":"https:\/\/api.w.org\/{rel}","templated":true}]}}