{"id":1459,"date":"2010-11-30T00:00:00","date_gmt":"2010-11-30T00:00:00","guid":{"rendered":"http:\/\/www2.memri.org\/polaco\/ahmad-al-sayyeh-byly-profesor-uniwersytetu-al-azhar-zydzi-i-ameryka-stoja-za-spiskiem-bomb-paczek\/1459"},"modified":"2010-11-30T00:00:00","modified_gmt":"2010-11-30T00:00:00","slug":"ahmad-al-sayyeh-byly-profesor-uniwersytetu-al-azhar-zydzi-i-ameryka-stoja-za-spiskiem-bomb-paczek","status":"publish","type":"post","link":"https:\/\/www2.memri.org\/polish\/ahmad-al-sayyeh-byly-profesor-uniwersytetu-al-azhar-zydzi-i-ameryka-stoja-za-spiskiem-bomb-paczek\/1459","title":{"rendered":"Ahmad Al-Sayyeh, by\u0142y profesor uniwersytetu Al-Azhar: \u017bydzi i Ameryka stoj\u0105 za spiskiem bomb-paczek"},"content":{"rendered":"<div class=\"bodytext c1\">\n<p><em>Poni\u017cej podajemy fragmenty wywiadu z Ahmadem Al-Sayyehem, by\u0142ym profesorem Al-Azhar, kt\u00f3ry nada\u0142a Al-Alam TV (Iran) 4 listopada 2010<\/em>:<\/p>\n<p><em>\u017beby zobaczy\u0107 ten klip w MEMRI TV, odwied\u017a<\/em> <a href=\"http:\/\/www.memritv.org\/clip\/en\/2680.htm\"><em>http:\/\/www.memritv.org\/clip\/en\/2680.htm<\/em><\/a> <em>.<\/em><\/p>\n<p><strong><em><img decoding=\"async\" border=\"0\" src=\"http:\/\/www.memri.org\/image\/5534.JPG\" \/><\/em><\/strong><\/p>\n<p><strong>Ahmad Al-Sayyeh<\/strong>: Jak pan zapewne wie, bomby-pu\u0142apki w paczkach s\u0105 dzie\u0142em wrog\u00f3w narodu islamskiego, kt\u00f3rzy zostali stworzeni przez Ameryk\u0119. W dodatku, jak pan zapewne wie, kiedy krzy\u017cowcom uda\u0142o si\u0119 wygna\u0107 muzu\u0142man\u00f3w z Andaluzji, zacz\u0119li rozwija\u0107 plan zainstalowania Izraela w Palestynie, \u017ceby by\u0142 cierniem w boku narodu islamskiego. To po pierwsze.<\/p>\n<p>Po drugie, Ameryka i Zach\u00f3d zacz\u0119li konstruowa\u0107 intryg\u0119, \u017ceby szerzy\u0107 anarchi\u0119 i niepokoje w spo\u0142ecze\u0144stwach arabskich i islamskich.<\/p>\n<p>Po trzecie, jednym z przejaw\u00f3w sprytu Ameryki i Zachodu jest to, \u017ce zainstalowali w\u015br\u00f3d muzu\u0142man\u00f3w grupy i stowarzyszenia, kt\u00f3re u\u017cywaj\u0105 islamu jako przykrywki. Ci ludzie oskar\u017caj\u0105 wszystkie wyznania islamu o herezj\u0119. [\u2026]<\/p>\n<p><strong>Dziennikarz<\/strong>: Doktorze Ahmadzie, z tego, co pan m\u00f3wi, rozumiem, \u017ce ca\u0142a ta operacja jest sfabrykowan\u0105 operacj\u0105, z celami, o kt\u00f3rych pan m\u00f3wi\u0142, a mo\u017ce jeszcze z dalszymi celami. Czy rzeczywistym celem dzisiaj jest u\u017cycie Jemenu jako wr\u00f3t do regionu, \u017ceby zak\u0142\u00f3ci\u0107 \u015bwiat arabski i islamski?<\/p>\n<p><strong>Ahmad Al-Sayyeh<\/strong>: Oni chc\u0105 rozbi\u0107 spo\u0142ecze\u0144stwa arabskie i islamskie po tym, jak podzielili muzu\u0142man\u00f3w na r\u00f3\u017cne grupy, wrogie jedna drugiej. To jest niebezpieczna rzecz. [\u2026]<\/p>\n<p><strong>Dziennikarz<\/strong>: Dzisiaj Waszyngton por\u00f3wna\u0142 to, co si\u0119 zdarzy\u0142o, do 11 wrze\u015bnia, m\u00f3wi\u0105c, \u017ce zostan\u0105 podj\u0119te nowe \u015brodki w celu przeciwstawienia si\u0119 tak zwanemu terrorowi. Innymi s\u0142owy Cie\u015bnina Mandab, Sukatra i wiele geograficznych\u2026<\/p>\n<p><strong>Ahmad Al-Sayyeh<\/strong>: Musimy zrozumie\u0107, \u017ce terroryzm jest dzie\u0142em USA. Stworzy\u0142y terroryzm w spo\u0142ecze\u0144stwach islamskich i na \u015bwiecie. [\u2026]<\/p>\n<p>To \u017bydzi zaatakowali wie\u017ce World Trade Center w Ameryce 11 wrze\u015bnia i to zosta\u0142o dowiedzione badaniami. [\u2026]<\/p>\n<\/div>\n","protected":false},"excerpt":{"rendered":"<p>Poni\u017cej podajemy fragmenty wywiadu z Ahmadem Al-Sayyehem, by\u0142ym profesorem Al-Azhar, kt\u00f3ry nada\u0142a Al-Alam TV (Iran) 4 listopada 2010: \u017beby zobaczy\u0107 ten klip w MEMRI TV, odwied\u017a http:\/\/www.memritv.org\/clip\/en\/2680.htm . Ahmad Al-Sayyeh: Jak pan zapewne wie, bomby-pu\u0142apki w paczkach s\u0105 dzie\u0142em wrog\u00f3w narodu islamskiego, kt\u00f3rzy zostali stworzeni przez Ameryk\u0119. W dodatku, jak pan zapewne wie, kiedy krzy\u017cowcom [&hellip;]<\/p>\n","protected":false},"author":1,"featured_media":0,"comment_status":"open","ping_status":"closed","sticky":false,"template":"","format":"standard","meta":{"footnotes":""},"categories":[824,831,835,836],"tags":[],"class_list":["post-1459","post","type-post","status-publish","format-standard","hentry","category-specjalne-komunikaty","category-projekt-dokumentacji-antysemityzmu","category-archiwum","category-tematy"],"_links":{"self":[{"href":"https:\/\/www2.memri.org\/polish\/wp-json\/wp\/v2\/posts\/1459","targetHints":{"allow":["GET"]}}],"collection":[{"href":"https:\/\/www2.memri.org\/polish\/wp-json\/wp\/v2\/posts"}],"about":[{"href":"https:\/\/www2.memri.org\/polish\/wp-json\/wp\/v2\/types\/post"}],"author":[{"embeddable":true,"href":"https:\/\/www2.memri.org\/polish\/wp-json\/wp\/v2\/users\/1"}],"replies":[{"embeddable":true,"href":"https:\/\/www2.memri.org\/polish\/wp-json\/wp\/v2\/comments?post=1459"}],"version-history":[{"count":0,"href":"https:\/\/www2.memri.org\/polish\/wp-json\/wp\/v2\/posts\/1459\/revisions"}],"wp:attachment":[{"href":"https:\/\/www2.memri.org\/polish\/wp-json\/wp\/v2\/media?parent=1459"}],"wp:term":[{"taxonomy":"category","embeddable":true,"href":"https:\/\/www2.memri.org\/polish\/wp-json\/wp\/v2\/categories?post=1459"},{"taxonomy":"post_tag","embeddable":true,"href":"https:\/\/www2.memri.org\/polish\/wp-json\/wp\/v2\/tags?post=1459"}],"curies":[{"name":"wp","href":"https:\/\/api.w.org\/{rel}","templated":true}]}}