{"id":1456,"date":"2010-11-29T00:00:00","date_gmt":"2010-11-29T00:00:00","guid":{"rendered":"http:\/\/www2.memri.org\/polaco\/egipski-archeolog-wassim-al-sissy-o-tozsamosci-narodowej-jestem-egipcjaninem-ktory-mowi-po-arabsku\/1456"},"modified":"2010-11-29T00:00:00","modified_gmt":"2010-11-29T00:00:00","slug":"egipski-archeolog-wassim-al-sissy-o-tozsamosci-narodowej-jestem-egipcjaninem-ktory-mowi-po-arabsku","status":"publish","type":"post","link":"https:\/\/www2.memri.org\/polish\/egipski-archeolog-wassim-al-sissy-o-tozsamosci-narodowej-jestem-egipcjaninem-ktory-mowi-po-arabsku\/1456","title":{"rendered":"Egipski archeolog, Wassim Al-Sissy, o to\u017csamo\u015bci narodowej: Jestem Egipcjaninem, kt\u00f3ry m\u00f3wi po arabsku"},"content":{"rendered":"<div class=\"bodytext c1\">\n<p><em>Poni\u017cej podajemy fragmenty wywiadu z egipskim lekarzem urologiem oraz egiptologiem Wassimem Al-Sissy, kt\u00f3ry nada\u0142 egipski Channel 1 21 wrze\u015bnia 2010 r.<\/em><\/p>\n<p><em>\u017beby zobaczy\u0107 ten klip w MEMRI TV, odwied\u017a<\/em> <a href=\"http:\/\/www.memritv.org\/clip\/en\/0\/0\/0\/0\/0\/0\/2688.htm\"><em>http:\/\/www.memritv.org\/clip\/en\/0\/0\/0\/0\/0\/0\/2688.htm<\/em><\/a> <em>.<\/em><\/p>\n<p><strong><em><img decoding=\"async\" border=\"0\" src=\"http:\/\/www.memri.org\/image\/5527.jpg\" \/><\/em><\/strong><\/p>\n<p><strong>Dziennikarka<\/strong>: Jak widzi pan \u015bwiat za 20 lub 30 lat?<\/p>\n<p><strong>Wassim Al-Sissy<\/strong>: Wszech\u015bwiat?<\/p>\n<p><strong>Dziennikarka<\/strong>: Tak.<\/p>\n<p><strong>Wassim Al-Sissy<\/strong>: Wierz\u0119, \u017ce zostanie zrealizowane rozwi\u0105zanie zaproponowane przez Aleksandra Wielkiego. Wyobra\u017ca\u0142 on sobie jedn\u0105 wielk\u0105 rodzin\u0119 ludzk\u0105, a \u017ceby to osi\u0105gn\u0105\u0107, zaleca\u0142 dziesi\u0105tki tysi\u0119cy \u015blub\u00f3w dziennie w\u015br\u00f3d podbitych przez siebie lud\u00f3w. Podbi\u0142 wszystkich \u2013 Persj\u0119, Indie, Egipt\u2026 W ko\u0144cu by\u0142 Aleksandrem Wielkim.<\/p>\n<p>Na przyk\u0142ad, Egipcjanin musia\u0142 po\u015blubi\u0107 greck\u0105 dziewczyn\u0119, a Grek musia\u0142 po\u015blubi\u0107 persk\u0105 dziewczyn\u0119. Sam o\u017ceni\u0142 si\u0119 z c\u00f3rk\u0105 perskiego kr\u00f3la, \u017ceby s\u0142u\u017cy\u0107 jako model dla innych. By\u0142y po temu dwie przyczyny. Chcia\u0142 zlikwidowa\u0107 \u017carliwo\u015b\u0107 plemienn\u0105 i wzmocni\u0107 wi\u0119zy krwi.<\/p>\n<p>Historycy m\u00f3wi\u0105, \u017ce gdyby \u017cy\u0142 do 60 lat \u2013 zmar\u0142 w wieku 33 lat\u2026 Gdyby \u017cy\u0142 do wieku 60 lat, \u015bwiat by\u0142by dzisiaj innym miejscem.<\/p>\n<p>Dzisiaj zaczyna realizowa\u0107 si\u0119 wizja Aleksandra Wielkiego. Europa jest zjednoczona, s\u0105 otwarte granice mi\u0119dzy krajami arabskimi i w ten spos\u00f3b zaczyna tworzy\u0107 si\u0119 jedna wielka rodzina ludzka. W konsekwencji w paszportach nie b\u0119dzie si\u0119 ju\u017c d\u0142u\u017cej pisa\u0107 \u201eAnglik\u201d, \u201eAmerykanin\u201d lub \u201eEgipcjanin\u201d. B\u0119dzie napisane \u201eS\u0142oneczny\u201d od naszego uk\u0142adu s\u0142onecznego, w odr\u00f3\u017cnieniu od innych uk\u0142ad\u00f3w s\u0142onecznych.<\/p>\n<p>Jestem przekonany, \u017ce otworzymy ca\u0142y wszech\u015bwiat. Jest wiele bada\u0144 pod tym wzgl\u0119dem. Jeste\u015bmy bardzo blisko systemu cz\u0142owiek-cz\u0142owiek. Pani i ja b\u0119dziemy uznani za \u201eZiemian\u201d, poniewa\u017c jeste\u015bmy z planety Ziemi. Kto\u015b inny mo\u017ce by\u0107 \u201eWenusjaninem\u201d \u2013 z planety Wenus, lub \u201eMarsjaninem\u201d &#8211; z Marsa. Ale wszyscy nale\u017cymy do uk\u0142adu s\u0142onecznego.<\/p>\n<p>Nie ulega w\u0105tpliwo\u015bci, \u017ce gwa\u0142towne konflikty, jakich do\u015bwiadczamy, s\u0105 b\u00f3lami porodowymi nowego \u015bwiata. [\u2026]<\/p>\n<p>Ludzie my\u015bl\u0105, \u017ce to\u017csamo\u015b\u0107 to kwestia j\u0119zyka i \u017ce powinienem nazywa\u0107 siebie \u201cArabem\u201d, ale nie urodzi\u0142em si\u0119 na P\u00f3\u0142wyspie Arabskim i kiedy tam jad\u0119, ka\u017c\u0105 mi wchodzi\u0107 przez bramk\u0119 dla cudzoziemc\u00f3w. Je\u015bli jestem Arabem, to dlaczego potrzebuje lokalnego <em>kafil<\/em> [\u017ceby tam pracowa\u0107]? Prawd\u0105 jest, \u017ce jestem Egipcjaninem m\u00f3wi\u0105cym po arabsku.<\/p>\n<p>Dlatego to\u017csamo\u015b\u0107 nie jest kwesti\u0105 j\u0119zyka. Gdyby by\u0142a, pi\u0119\u0107 kraj\u00f3w afryka\u0144skich uznano by za francuskie, bo s\u0105 frankofo\u0144skie. I tak dalej, i tak dalej. We\u017amy na przyk\u0142ad Ameryk\u0119 \u2013 m\u00f3wi\u0105 tam po angielsku, ich za\u0142o\u017cycielami byli Anglicy i s\u0105 chrze\u015bcijanami \u2013 to dlaczego nie nazywaj\u0105 si\u0119 Stanami Zjednoczonymi Anglii? Ta ziemia jest Ameryk\u0105 i dlatego nazywaj\u0105 si\u0119 Stanami Zjednoczonymi Ameryki. A wi\u0119c to\u017csamo\u015b\u0107 ma do czynienia z ziemi\u0105, nie za\u015b z j\u0119zykiem lub religi\u0105\u2026<\/p>\n<p><strong>Dziennikarka<\/strong>: To dlatego powiedzia\u0142 pan, \u017ce wiele j\u0119zyk\u00f3w nast\u0119powa\u0142o po sobie w Egipcie, ale to\u017csamo\u015b\u0107 nadal nazywana jest egipsk\u0105.<\/p>\n<p><strong>Wassim Al-Sissy<\/strong>: Tak, tak\u017ce, kiedy by\u0142y r\u00f3\u017cne okresy okupacji. Jak d\u0142ugo Arabowie rz\u0105dzili w Egipcie? 227 lat. Rzymianie rz\u0105dzili Egiptem przez 670 lat. Czy to\u017csamo\u015b\u0107 Egiptu sta\u0142a si\u0119 rzymska? Grecy rz\u0105dzili Egiptem przez 300 lat, od 330 p.n.e. do 30 n.e., a\u017c do Bitwy pod Actium. Czy powinni\u015bmy powiedzie\u0107, \u017ce Egipt by\u0142 grecki, potem rzymski, potem arabski, potem tulunidzki, potem turecki, a potem angielski?<\/p>\n<p><strong>Dziennikarka<\/strong>: To\u017csamo\u015b\u0107 jest okre\u015blana na podstawie ziemi.<\/p>\n<p><strong>Wassim Al-Sissy<\/strong>: Tak. Jestem Egipcjaninem, kt\u00f3ry m\u00f3wi po arabsku. To w\u0142a\u015bnie chc\u0119 postawi\u0107 jasno. Nasza duma\u2026<\/p>\n<p><strong>Dziennikarka<\/strong>: Dlaczego wi\u0119c zosta\u0142 pan \u017ale zrozumiany?<\/p>\n<p><strong>Wassim Al-Sissy<\/strong>: Poniewa\u017c chc\u0105, bym powiedzia\u0142, \u017ce jestem Arabem. Co to znaczy, kiedy m\u00f3wimy \u201eegipski\u201d? Jest pani Egipcjank\u0105, kt\u00f3ra m\u00f3wi po arabsku.<\/p>\n<p><strong>Dziennikarka<\/strong>: Egipska to\u017csamo\u015b\u0107 jest bardzo pi\u0119kna.<\/p>\n<p><strong>Wassim Al-Sissy<\/strong>: Jest to cudowna to\u017csamo\u015b\u0107, z wspania\u0142ymi genami.<\/p>\n<p><strong>Dziennikarka<\/strong>: Silna jak \u017celazo\u2026<\/p>\n<p><strong>Wassim Al-Sissy<\/strong>: Ale wiatry pustynne, wiej\u0105ce na nas z zagranicy, zmieniaj\u0105 Egipt. [\u2026]<\/p>\n<\/div>\n","protected":false},"excerpt":{"rendered":"<p>Poni\u017cej podajemy fragmenty wywiadu z egipskim lekarzem urologiem oraz egiptologiem Wassimem Al-Sissy, kt\u00f3ry nada\u0142 egipski Channel 1 21 wrze\u015bnia 2010 r. \u017beby zobaczy\u0107 ten klip w MEMRI TV, odwied\u017a http:\/\/www.memritv.org\/clip\/en\/0\/0\/0\/0\/0\/0\/2688.htm . Dziennikarka: Jak widzi pan \u015bwiat za 20 lub 30 lat? Wassim Al-Sissy: Wszech\u015bwiat? Dziennikarka: Tak. Wassim Al-Sissy: Wierz\u0119, \u017ce zostanie zrealizowane rozwi\u0105zanie zaproponowane przez [&hellip;]<\/p>\n","protected":false},"author":1,"featured_media":0,"comment_status":"open","ping_status":"closed","sticky":false,"template":"","format":"standard","meta":{"footnotes":""},"categories":[824,829,835,836,837,863],"tags":[],"class_list":["post-1456","post","type-post","status-publish","format-standard","hentry","category-specjalne-komunikaty","category-usa-i-bliski-wschod","category-archiwum","category-tematy","category-kraje","category-egipt"],"_links":{"self":[{"href":"https:\/\/www2.memri.org\/polish\/wp-json\/wp\/v2\/posts\/1456","targetHints":{"allow":["GET"]}}],"collection":[{"href":"https:\/\/www2.memri.org\/polish\/wp-json\/wp\/v2\/posts"}],"about":[{"href":"https:\/\/www2.memri.org\/polish\/wp-json\/wp\/v2\/types\/post"}],"author":[{"embeddable":true,"href":"https:\/\/www2.memri.org\/polish\/wp-json\/wp\/v2\/users\/1"}],"replies":[{"embeddable":true,"href":"https:\/\/www2.memri.org\/polish\/wp-json\/wp\/v2\/comments?post=1456"}],"version-history":[{"count":0,"href":"https:\/\/www2.memri.org\/polish\/wp-json\/wp\/v2\/posts\/1456\/revisions"}],"wp:attachment":[{"href":"https:\/\/www2.memri.org\/polish\/wp-json\/wp\/v2\/media?parent=1456"}],"wp:term":[{"taxonomy":"category","embeddable":true,"href":"https:\/\/www2.memri.org\/polish\/wp-json\/wp\/v2\/categories?post=1456"},{"taxonomy":"post_tag","embeddable":true,"href":"https:\/\/www2.memri.org\/polish\/wp-json\/wp\/v2\/tags?post=1456"}],"curies":[{"name":"wp","href":"https:\/\/api.w.org\/{rel}","templated":true}]}}