{"id":14197,"date":"2020-05-12T22:42:39","date_gmt":"2020-05-12T20:42:39","guid":{"rendered":"https:\/\/www2.memri.org\/polish\/?p=14197"},"modified":"2020-05-12T22:42:39","modified_gmt":"2020-05-12T20:42:39","slug":"saudyjski-publicysta-decyzja-niemiec-o-zdelegalizowaniu-hezbollahu-przyszla-pozno-kiedy-reszta-europy-zbudzi-sie-i-zrobi-to-samo","status":"publish","type":"post","link":"https:\/\/www2.memri.org\/polish\/saudyjski-publicysta-decyzja-niemiec-o-zdelegalizowaniu-hezbollahu-przyszla-pozno-kiedy-reszta-europy-zbudzi-sie-i-zrobi-to-samo\/14197","title":{"rendered":"Saudyjski publicysta: Decyzja Niemiec o zdelegalizowaniu Hezbollahu przysz\u0142a p\u00f3\u017ano; kiedy reszta Europy zbudzi si\u0119 i zrobi to samo?"},"content":{"rendered":"<p><em>30 kwietnia 2020 r. minister spraw wewn\u0119trznych Niemiec og\u0142osi\u0142, \u017ce \u201ezakaza\u0142 wszelkiej aktywno\u015bci szyickiej organizacji terrorystycznej, Hezbollahu, w Niemczech&#8221;<a name=\"_ednref1\"><\/a><a href=\"https:\/\/www.memri.org\/reports\/saudi-columnist-germanys-decision-ban-hizbullah-was-late-coming-when-will-rest-europe-wake#_edn1\">[1]<\/a>. Reaguj\u0105c na t\u0119 wiadomo\u015b\u0107, Maszari Al-Dhaidi, publicysta wychodz\u0105cej w Londynie saudyjskiej gazety, \u201eAl-Sharq Al-Awsat\u201d, napisa\u0142, \u017ce Niemcy z du\u017cym op\u00f3\u017anieniem podj\u0119\u0142y t\u0119 decyzj\u0119, bo od dziesi\u0119cioleci by\u0142o wiadomo o dzia\u0142aniach tej organizacji i jej patrona, Iranu, w Niemczech i w reszcie Europy, w tym o zab\u00f3jstwach, produkowaniu materia\u0142\u00f3w wybuchowych, handlu narkotykami i praniu pieni\u0119dzy. Krytykowa\u0142 tak\u017ce milczenie innych europejskich kraj\u00f3w, kt\u00f3re, jak powiedzia\u0142, nadal zamykaj\u0105 oczy na zbrodnie Iranu i Hezbollahu.<\/em><\/p>\n<p><img loading=\"lazy\" decoding=\"async\" class=\"alignnone size-full wp-image-14199\" src=\"https:\/\/www2.memri.org\/polish\/wp-content\/uploads\/2020\/05\/SD8744-1.jpg\" width=\"800\" height=\"510\" alt=\"\" srcset=\"https:\/\/www2.memri.org\/polish\/wp-content\/uploads\/2020\/05\/SD8744-1.jpg 800w, https:\/\/www2.memri.org\/polish\/wp-content\/uploads\/2020\/05\/SD8744-1-300x191.jpg 300w, https:\/\/www2.memri.org\/polish\/wp-content\/uploads\/2020\/05\/SD8744-1-768x490.jpg 768w, https:\/\/www2.memri.org\/polish\/wp-content\/uploads\/2020\/05\/SD8744-1-600x383.jpg 600w, https:\/\/www2.memri.org\/polish\/wp-content\/uploads\/2020\/05\/SD8744-1-696x444.jpg 696w, https:\/\/www2.memri.org\/polish\/wp-content\/uploads\/2020\/05\/SD8744-1-659x420.jpg 659w\" sizes=\"auto, (max-width: 800px) 100vw, 800px\" \/>Europa zamyka drzwi Hezbollahowi, ale okno pozostaje szeroko otwarte (\u201eAl-Sharq Al-Awsat\u201d, Londyn, 2 maja 2020)<\/p>\n<p><em>Poni\u017cej podajemy przek\u0142ad fragment\u00f3w artyku\u0142u Al-Dhaidiego:<a name=\"_ednref2\"><\/a><a href=\"https:\/\/www.memri.org\/reports\/saudi-columnist-germanys-decision-ban-hizbullah-was-late-coming-when-will-rest-europe-wake#_edn2\">[2]<\/a><\/em><\/p>\n<p>[Ciekaw\u0105] informacj\u0105 nie jest, \u017ce Niemcy uzna\u0142y liba\u0144ski Hezbollah za organizacj\u0119 terrorystyczn\u0105 i zakaza\u0142y jej dzia\u0142alno\u015bci, jak r\u00f3wnie\u017c cz\u0142onkostwa w niej. [Ciekawe] jest pytanie: dlaczego zabra\u0142o to Niemcom tak du\u017co czasu? I co to s\u0105 za inne europejskie kraje, kt\u00f3re nadal maj\u0105 urojenia i jeszcze nie zobaczy\u0142y ciemnej i zbrodniczej twarzy tej mi\u0119dzynarodowej sieci, kt\u00f3ra specjalizuje si\u0119 w terrorze, zab\u00f3jstwach, podk\u0142adaniu bomb i urz\u0105dze\u0144 wybuchowych, praniu pieni\u0119dzy, handlu narkotykami i kolaboracj\u0105 z innymi organizacjami terrorystycznymi, takimi jak Al-Kaida?!<\/p>\n<p>Europejskie milczenie o terrorystycznej dzia\u0142alno\u015bci Iranu [wykonywanej] przez liba\u0144sk\u0105 marionetk\u0119 Hezbollah lub bezpo\u015brednio przez Korpus Stra\u017cnik\u00f3w Rewolucji [Islamskiej, IRGC] mimo rozstrzygaj\u0105cych dowod\u00f3w udzia\u0142u tych ira\u0144skich sieci w zab\u00f3jstwach i wysadzaniu bomb w zat\u0142oczonych [miejscach] jest niezmiernie dziwne, szczeg\u00f3lnie bior\u0105c pod uwag\u0119 to, \u017ce IRGC nalega\u0142 na prowadzenie tych dzia\u0142a\u0144 przeciwko organizacjom ira\u0144skiej opozycji w Belgii i Francji.\u00a0<a name=\"_ednref3\"><\/a><a href=\"https:\/\/www.memri.org\/reports\/saudi-columnist-germanys-decision-ban-hizbullah-was-late-coming-when-will-rest-europe-wake#_edn3\">[3]<\/a><\/p>\n<p>W epoce [by\u0142ego prezydenta USA] Baracka Obamy, kt\u00f3rego odej\u015bcia nie trzeba op\u0142akiwa\u0107, to lekcewa\u017cenie [ira\u0144skich dzia\u0142a\u0144] by\u0142o zrozumia\u0142e, poniewa\u017c \u017cadne pot\u0119pienie nie powstrzyma\u0142oby wielkiego geniusza Obamy przed zawarciem zatrutej umowy [nuklearnej] z re\u017cimem Chomeiniego, a jego europejscy sojusznicy do\u0142\u0105czyli do niego w tej [szalonej] opinii, kt\u00f3ra or\u0119duje za otwarciem na ten re\u017cim.<\/p>\n<p>Informacja, lub [co najmniej] cz\u0119\u015b\u0107 informacji ujawniona przez niemieckie [s\u0142u\u017cby] bezpiecze\u0144stwa o dzia\u0142alno\u015bci liba\u0144skiego Hezbollahu na [niemieckiej] ziemi jest os\u0142upiaj\u0105ca, w\u0142\u0105cznie z informacj\u0105 o kilku szyickich biznesmenach, kt\u00f3rzy u\u017cywali swojej dzia\u0142alno\u015bci handlowej do prania pieni\u0119dzy i przekazywania setek milion\u00f3w euro na konta bankowe tej liba\u0144skiej organizacji, z kt\u00f3rych cz\u0119\u015b\u0107 by\u0142a u\u017cywana do finansowania dzia\u0142alno\u015bci kom\u00f3rek Hezbollahu, kt\u00f3re dzia\u0142a\u0142y w ca\u0142ych Niemczech. Berlin odkry\u0142 tak\u017ce tajny magazyn w mie\u015bcie w po\u0142udniowych Niemczech, gdzie organizacja ukry\u0142a setki kilogram\u00f3w azotanu amonu u\u017cywanego do produkcji materia\u0142\u00f3w wybuchowych.<\/p>\n<p>Niemcy by\u0142y przez dziesi\u0119ciolecia wa\u017cnym w\u0119z\u0142em, nie tylko dla liba\u0144skiego Hezbollahu, ale dla arabskich i tureckich organizacji Bractwa Muzu\u0142ma\u0144skiego. Czy [delegalizacja Hezbollahu] przez Niemcy znaczy, \u017ce nadszed\u0142 moment przebudzenia, czy te\u017c jest to izolowany krok, kt\u00f3ry nie zapowiada zachodnioeuropejskiego powstania przeciwko uzale\u017cnieniu od spania z diab\u0142em?<\/p>\n<hr \/>\n<p><a name=\"_edn1\"><\/a><a href=\"https:\/\/www.memri.org\/reports\/saudi-columnist-germanys-decision-ban-hizbullah-was-late-coming-when-will-rest-europe-wake#_ednref1\">[1]<\/a>\u00a0Bmi.bund.de\/, 30.4.2020.<\/p>\n<p><a name=\"_edn2\"><\/a><a href=\"https:\/\/www.memri.org\/reports\/saudi-columnist-germanys-decision-ban-hizbullah-was-late-coming-when-will-rest-europe-wake#_ednref2\">[2]<\/a>\u00a0<em>Al-Sharq Al-Awsat\u00a0<\/em>(London), May 4, 2020.<\/p>\n<p><a name=\"_edn3\"><\/a><a href=\"https:\/\/www.memri.org\/reports\/saudi-columnist-germanys-decision-ban-hizbullah-was-late-coming-when-will-rest-europe-wake#_ednref3\">[3]<\/a>\u00a0Apparently a reference to an Iranian plan to bomb a June 18, 2018 rally of the Iranian opposition movement Mujahideen Al-Khalq in Paris, which was thwarted with the help of the Israeli Mossad. Some of the figures involved in this affair were Belgian citizens, arrested in Belgium in July 2018.<\/p>\n","protected":false},"excerpt":{"rendered":"<p>30 kwietnia 2020 r. minister spraw wewn\u0119trznych Niemiec og\u0142osi\u0142, \u017ce \u201ezakaza\u0142 wszelkiej aktywno\u015bci szyickiej organizacji terrorystycznej, Hezbollahu, w Niemczech&#8221;[1]. Reaguj\u0105c na t\u0119 wiadomo\u015b\u0107, Maszari Al-Dhaidi, publicysta wychodz\u0105cej w Londynie saudyjskiej gazety, \u201eAl-Sharq Al-Awsat\u201d, napisa\u0142, \u017ce Niemcy z du\u017cym op\u00f3\u017anieniem podj\u0119\u0142y t\u0119 decyzj\u0119, bo od dziesi\u0119cioleci by\u0142o wiadomo o dzia\u0142aniach tej organizacji i jej patrona, Iranu, [&hellip;]<\/p>\n","protected":false},"author":1,"featured_media":14199,"comment_status":"open","ping_status":"open","sticky":false,"template":"","format":"standard","meta":{"footnotes":""},"categories":[824,826,832,835,836,837,841],"tags":[],"class_list":["post-14197","post","type-post","status-publish","format-standard","has-post-thumbnail","hentry","category-specjalne-komunikaty","category-arabia-saudyjska","category-projekt-badan-nad-dzihadem-i-terroryzmem","category-archiwum","category-tematy","category-kraje","category-liban"],"_links":{"self":[{"href":"https:\/\/www2.memri.org\/polish\/wp-json\/wp\/v2\/posts\/14197","targetHints":{"allow":["GET"]}}],"collection":[{"href":"https:\/\/www2.memri.org\/polish\/wp-json\/wp\/v2\/posts"}],"about":[{"href":"https:\/\/www2.memri.org\/polish\/wp-json\/wp\/v2\/types\/post"}],"author":[{"embeddable":true,"href":"https:\/\/www2.memri.org\/polish\/wp-json\/wp\/v2\/users\/1"}],"replies":[{"embeddable":true,"href":"https:\/\/www2.memri.org\/polish\/wp-json\/wp\/v2\/comments?post=14197"}],"version-history":[{"count":1,"href":"https:\/\/www2.memri.org\/polish\/wp-json\/wp\/v2\/posts\/14197\/revisions"}],"predecessor-version":[{"id":14200,"href":"https:\/\/www2.memri.org\/polish\/wp-json\/wp\/v2\/posts\/14197\/revisions\/14200"}],"wp:featuredmedia":[{"embeddable":true,"href":"https:\/\/www2.memri.org\/polish\/wp-json\/wp\/v2\/media\/14199"}],"wp:attachment":[{"href":"https:\/\/www2.memri.org\/polish\/wp-json\/wp\/v2\/media?parent=14197"}],"wp:term":[{"taxonomy":"category","embeddable":true,"href":"https:\/\/www2.memri.org\/polish\/wp-json\/wp\/v2\/categories?post=14197"},{"taxonomy":"post_tag","embeddable":true,"href":"https:\/\/www2.memri.org\/polish\/wp-json\/wp\/v2\/tags?post=14197"}],"curies":[{"name":"wp","href":"https:\/\/api.w.org\/{rel}","templated":true}]}}