{"id":14094,"date":"2020-04-21T21:22:48","date_gmt":"2020-04-21T19:22:48","guid":{"rendered":"https:\/\/www2.memri.org\/polish\/?p=14094"},"modified":"2020-04-22T21:27:14","modified_gmt":"2020-04-22T19:27:14","slug":"marokanski-pisarz-zydowski-holocaust-jest-bezdyskusyjnym-faktem-i-upamietnianie-go-jest-sluszne-szczegolnie-w-swietle-grozb-likwidacji-izraela-przez-iran","status":"publish","type":"post","link":"https:\/\/www2.memri.org\/polish\/marokanski-pisarz-zydowski-holocaust-jest-bezdyskusyjnym-faktem-i-upamietnianie-go-jest-sluszne-szczegolnie-w-swietle-grozb-likwidacji-izraela-przez-iran\/14094","title":{"rendered":"Maroka\u0144ski pisarz: \u017bydowski Holocaust jest bezdyskusyjnym faktem i upami\u0119tnianie go jest s\u0142uszne, szczeg\u00f3lnie w \u015bwietle gr\u00f3\u017ab likwidacji Izraela przez Iran"},"content":{"rendered":"<p><em>24 stycznia 2020 r., dzie\u0144 po Pi\u0105tym \u015awiatowym Forum Holocaustu w Jerozolimie, gdzie obchodzono 75. rocznic\u0119 wyzwolenia Auschwitz i gdzie obecni byli przyw\u00f3dcy z ca\u0142ego \u015bwiata, maroka\u0144ski pisarz, Kamal Ait bin D\u017cuba zamie\u015bci\u0142 artyku\u0142 w liberalnej witrynie, ahewar.org,<a name=\"_ednref1\"><\/a><a href=\"https:\/\/www.memri.org\/reports\/moroccan-writer-jewish-holocaust-undisputable-fact-commemorating-it-legitimate-especially#_edn1\"><strong>[1]<\/strong><\/a>\u00a0w kt\u00f3rym napisa\u0142, \u017ce Holocaust jest bezdyskusyjnym faktem i nieopisanym koszmarem. Napisa\u0142, \u017ce upami\u0119tnianie Holocaustu jest s\u0142uszne i zasadne, szczeg\u00f3lnie w \u015bwietle gr\u00f3\u017ab Iranu, \u017ce zlikwiduje Izrael, i wezwa\u0142 do dalszego upami\u0119tniania go, aby tragedie tego typu nigdy si\u0119 nie powtarza\u0142y. Wyrazi\u0142 \u017cal, \u017ce wiele islamskich kraj\u00f3w nadal uczy dzieci nienawi\u015bci do \u017byd\u00f3w.<\/em><\/p>\n<p><em>Poni\u017cej podajemy przek\u0142ad fragment\u00f3w tego artyku\u0142u:\u00a0<\/em><\/p>\n<p><em> <img loading=\"lazy\" decoding=\"async\" class=\"alignnone size-full wp-image-14096\" src=\"https:\/\/www2.memri.org\/polish\/wp-content\/uploads\/2020\/04\/Badge2_0-1.jpg\" width=\"700\" height=\"400\" srcset=\"https:\/\/www2.memri.org\/polish\/wp-content\/uploads\/2020\/04\/Badge2_0-1.jpg 700w, https:\/\/www2.memri.org\/polish\/wp-content\/uploads\/2020\/04\/Badge2_0-1-300x171.jpg 300w, https:\/\/www2.memri.org\/polish\/wp-content\/uploads\/2020\/04\/Badge2_0-1-600x343.jpg 600w, https:\/\/www2.memri.org\/polish\/wp-content\/uploads\/2020\/04\/Badge2_0-1-696x398.jpg 696w\" sizes=\"auto, (max-width: 700px) 100vw, 700px\" \/><\/em><em>\u015awiatowi przyw\u00f3dcy na upami\u0119tniaj\u0105cej ceremonii w Jad Waszem (\u017ar\u00f3d\u0142o: thenewkhalij.news, 23 stycznia 2020)<\/em><\/p>\n<p>Nie mam zamiaru omawiania w tym [artykule] kto ma dzisiaj prawo \u017cy\u0107 w \u017cydowskiej ziemi w Izraelu, poniewa\u017c to nie jest miejsce do tego\u2026 Ale jako ludzie, nie mo\u017cemy godzi\u0107 si\u0119 na eksterminacj\u0119 jakiegokolwiek narodu na \u015bwiecie, czy b\u0119d\u0105 to Ormianie, Palesty\u0144czycy, czy muzu\u0142manie Rohinga, czy ktokolwiek inny. Kiedy \u017bydzi oskar\u017caj\u0105 dyktatora Hitlera o eksterminacj\u0119 milion\u00f3w \u017byd\u00f3w w komorach gazowych w Niemczech [<em>sic<\/em>] jako cz\u0119\u015b\u0107 tego, co on nazywa\u0142 \u201eostatecznym rozwi\u0105zaniem, \u015bwiat wie, \u017ce nie kieruj\u0105 oskar\u017cenia przeciwko osobie, kt\u00f3ra wnios\u0142a rado\u015b\u0107 w serca ludzi\u2026 ale przeciwko osobie, kt\u00f3ra dowodzi\u0142a olbrzymimi, destrukcyjnymi, militarnymi i wywiadowczymi si\u0142ami\u2026 i kt\u00f3ra atakowa\u0142a innych. I jak mog\u0105 [nie oskar\u017ca\u0107 go], skoro napisa\u0142 w swojej ksi\u0105\u017cce, \u017ce kapitalizm i komunizm zosta\u0142y wynalezione przez \u017byd\u00f3w i wyra\u017ca\u0142 wobec nich otwart\u0105 wrogo\u015b\u0107 [?]\u2026<\/p>\n<p>Prawd\u0105 jest, \u017ce kiedy sam studiowa\u0142em kwesti\u0119 \u017cydowskiego Holocaustu\u2026 odkry\u0142em, \u017ce jest to bezdyskusyjny fakt\u2026 By\u0142a to straszliwa tragedia kt\u00f3ra spad\u0142a na \u017byd\u00f3w w Europie w [epoce] nazistowskich Niemiec, [tragedia], kt\u00f3rej ohydnej natury nie mo\u017cna sobie wyobrazi\u0107, poza tymi, kt\u00f3rzy byli bezpo\u015brednio z ni\u0105 zwi\u0105zani, b\u0119d\u0105c \u017bydami lub potomkami ocala\u0142ych [z Holocaustu], kt\u00f3rzy przekazuj\u0105 z pokolenia na pokolenie historie z tej smutnej i tragicznej sprawy.<\/p>\n<p>23 stycznia 2020 r. w Jerozolimie odby\u0142a si\u0119 ceremonia upami\u0119tniaj\u0105ca 75. rocznic\u0119 wyzwolenia obozu \u015bmierci Auschwitz-Birkenau w Niemczech [<em>sic<\/em>], gdzie eksterminowano wielu \u017byd\u00f3w. Rocznica tego wydarzenia staje si\u0119 [szczeg\u00f3lnie] zasadna i wiele znacz\u0105ca w \u015bwietle istnienia pa\u0144stwa takiego jak Iran, kt\u00f3re nigdy nie przestaje grozi\u0107, \u017ce wyma\u017ce Izrael z mapy\u2026 przy pomocy swoich poplecznik\u00f3w, kt\u00f3rzy przy ka\u017cdej okazji skanduj\u0105 has\u0142a takie jak \u201e\u015bmier\u0107 Izraelowi, przekle\u0144stwo na Izrael\u201d.<\/p>\n<p>Ponadto, nienawi\u015b\u0107 do \u017byd\u00f3w nadal jest nauczana w wielu szko\u0142ach na \u015bwiecie, [w\u0142\u0105cznie] z tak zwanymi pa\u0144stwami islamskimi, z kt\u00f3rych kilka mo\u017ce nawet mie\u0107 stosunki dyplomatyczne i umowy pokojowe z pa\u0144stwem Izrael. Ci ludzi [\u017bydzi] s\u0105 opisani [w ich programach szkolnych] jako diab\u0142y, gwa\u0142ciciele porozumie\u0144 itd.<\/p>\n<p>Jest paradoksem, \u017ce to, co\u00a0 nazywa si\u0119 antysemityzmem\u2026 oskar\u017cenie czynione wobec tych, kt\u00f3rzy zaprzeczaj\u0105 \u017cydowskiemu Holocaustowi lub nie zgadzaj\u0105 si\u0119 z \u017bydami w tej sprawie na Zachodzie, w Europie lub w USA, jest ca\u0142kowicie rutynowe w krajach muzu\u0142ma\u0144skich, gdzie nienawi\u015b\u0107 do \u017byd\u00f3w, nauczana przez g\u0142\u00f3wne \u2018\u015bwi\u0119te\u2019 teksty, jest kwesti\u0105 konsensusu.<\/p>\n<p>Obchody rocznic\u00a0 zwi\u0105zanych z eksterminacja \u017byd\u00f3w, \u017ceby ta tragedia nie powt\u00f3rzy\u0142a si\u0119, jest wielkim i s\u0142usznym czynem, kt\u00f3ry pom\u00f3g\u0142 \u017bydom prze\u017cy\u0107 i rozprzestrzeni\u0107 si\u0119 po \u015bwiecie i to jest ich prawo\u2026&#8221;<a name=\"_ednref2\"><\/a><a href=\"https:\/\/www.memri.org\/reports\/moroccan-writer-jewish-holocaust-undisputable-fact-commemorating-it-legitimate-especially#_edn2\">[2]<\/a><\/p>\n<hr \/>\n<p><a name=\"_edn1\"><\/a><a href=\"https:\/\/www.memri.org\/reports\/moroccan-writer-jewish-holocaust-undisputable-fact-commemorating-it-legitimate-especially#_ednref1\">[1]<\/a>\u00a0Ahewar is a liberal left-wing website founded in 2001 by Iraqi media figure Rezkar 'Akrawi.<\/p>\n<p><a name=\"_edn2\"><\/a><a href=\"https:\/\/www.memri.org\/reports\/moroccan-writer-jewish-holocaust-undisputable-fact-commemorating-it-legitimate-especially#_ednref2\">[2]<\/a>\u00a0Ahewar.org, January 23, 2020.<\/p>\n","protected":false},"excerpt":{"rendered":"<p>24 stycznia 2020 r., dzie\u0144 po Pi\u0105tym \u015awiatowym Forum Holocaustu w Jerozolimie, gdzie obchodzono 75. rocznic\u0119 wyzwolenia Auschwitz i gdzie obecni byli przyw\u00f3dcy z ca\u0142ego \u015bwiata, maroka\u0144ski pisarz, Kamal Ait bin D\u017cuba zamie\u015bci\u0142 artyku\u0142 w liberalnej witrynie, ahewar.org,[1]\u00a0w kt\u00f3rym napisa\u0142, \u017ce Holocaust jest bezdyskusyjnym faktem i nieopisanym koszmarem. Napisa\u0142, \u017ce upami\u0119tnianie Holocaustu jest s\u0142uszne i [&hellip;]<\/p>\n","protected":false},"author":1,"featured_media":14096,"comment_status":"open","ping_status":"open","sticky":false,"template":"","format":"standard","meta":{"footnotes":""},"categories":[824,825,835,836],"tags":[],"class_list":["post-14094","post","type-post","status-publish","format-standard","has-post-thumbnail","hentry","category-specjalne-komunikaty","category-reformy-w-swiecie-arabskim-i-muzulmanskim","category-archiwum","category-tematy"],"_links":{"self":[{"href":"https:\/\/www2.memri.org\/polish\/wp-json\/wp\/v2\/posts\/14094","targetHints":{"allow":["GET"]}}],"collection":[{"href":"https:\/\/www2.memri.org\/polish\/wp-json\/wp\/v2\/posts"}],"about":[{"href":"https:\/\/www2.memri.org\/polish\/wp-json\/wp\/v2\/types\/post"}],"author":[{"embeddable":true,"href":"https:\/\/www2.memri.org\/polish\/wp-json\/wp\/v2\/users\/1"}],"replies":[{"embeddable":true,"href":"https:\/\/www2.memri.org\/polish\/wp-json\/wp\/v2\/comments?post=14094"}],"version-history":[{"count":1,"href":"https:\/\/www2.memri.org\/polish\/wp-json\/wp\/v2\/posts\/14094\/revisions"}],"predecessor-version":[{"id":14097,"href":"https:\/\/www2.memri.org\/polish\/wp-json\/wp\/v2\/posts\/14094\/revisions\/14097"}],"wp:featuredmedia":[{"embeddable":true,"href":"https:\/\/www2.memri.org\/polish\/wp-json\/wp\/v2\/media\/14096"}],"wp:attachment":[{"href":"https:\/\/www2.memri.org\/polish\/wp-json\/wp\/v2\/media?parent=14094"}],"wp:term":[{"taxonomy":"category","embeddable":true,"href":"https:\/\/www2.memri.org\/polish\/wp-json\/wp\/v2\/categories?post=14094"},{"taxonomy":"post_tag","embeddable":true,"href":"https:\/\/www2.memri.org\/polish\/wp-json\/wp\/v2\/tags?post=14094"}],"curies":[{"name":"wp","href":"https:\/\/api.w.org\/{rel}","templated":true}]}}