{"id":13985,"date":"2020-03-25T21:44:47","date_gmt":"2020-03-25T20:44:47","guid":{"rendered":"https:\/\/www2.memri.org\/polish\/?p=13985"},"modified":"2020-03-26T21:46:35","modified_gmt":"2020-03-26T20:46:35","slug":"sekretarz-generalny-europejskiej-rady-fatw-i-badan-odmawiam-sluchania-tych-ktorzy-mowia-ze-covid-19-jest-globalnym-spiskiem-jego-skutki-sa-wyraznie-widoczne","status":"publish","type":"post","link":"https:\/\/www2.memri.org\/polish\/sekretarz-generalny-europejskiej-rady-fatw-i-badan-odmawiam-sluchania-tych-ktorzy-mowia-ze-covid-19-jest-globalnym-spiskiem-jego-skutki-sa-wyraznie-widoczne\/13985","title":{"rendered":"Sekretarz generalny Europejskiej Rady Fatw i Bada\u0144: Odmawiam s\u0142uchania tych, kt\u00f3rzy m\u00f3wi\u0105, \u017ce COVID-19 jest globalnym spiskiem; Jego skutki s\u0105 wyra\u017anie widoczne"},"content":{"rendered":"<p><em>Szejk Hussein Halawa, sekretarz generalny Europejskiej Rady Fatw i Bada\u0144, powiedzia\u0142 w programie telewizyjnym nadanym 15 marca 2020 r. przez Hiwar TV (Wielka Brytania), \u017ce skutki pandemii COVID-19 s\u0105 wyra\u017anie widoczne i krytykowa\u0142 ka\u017cdego, kto chcia\u0142by, by uwierzy\u0142 w jaki\u015b rodzaj globalnego spisku. Wskaza\u0142, \u017ce COVID-19 zara\u017ca tak samo muzu\u0142man\u00f3w, jak nie muzu\u0142man\u00f3w i \u017ce nie pozwoli ludziom odci\u0105gni\u0119cia siebie \u201eod prawdy do urojenia\u201d. Powiedzia\u0142: \u201eCzy oczekujecie ode mnie, \u017ce po prostu zostawi\u0119 chorych ludzi, by umarli?\u201d \u00a0<\/em><\/p>\n<p><strong>Aby zobaczy\u0107 klip z szejkiem Husseinem Halaw\u0105 w MEMRI TV, kliknij\u00a0<\/strong><a href=\"https:\/\/www.memri.org\/tv\/sheikh-halawa-sec-gen-europe-council-fatwa-research-covid-19-not-a-conspiracy\"><strong>tutaj<\/strong><\/a><strong>\u00a0lub poni\u017cej.<\/strong><\/p>\n<p><iframe loading=\"lazy\" src=\"https:\/\/www.memri.org\/player\/clip\/47878\/780,440\/1\" width=\"780\" height=\"440\" frameborder=\"0\"><\/iframe><\/p>\n<p><strong>&#8222;Czy mam my\u015ble\u0107, \u017ce to jest globalny spisek, kt\u00f3rego celem by\u0142o\u2026 osi\u0105gni\u0119cie czego w\u0142a\u015bciwie?\u201d <\/strong><\/p>\n<p><strong>Szejk Hussein Halawa:<\/strong>\u00a0S\u0105 chorzy ludzie \u2013 widzia\u0142em to na w\u0142asne oczy. Ludzie umieraj\u0105 \u2013 widzia\u0142em to na w\u0142asne oczy. Jest pandemia, kt\u00f3ra zara\u017ca ludzi i widz\u0119 jej skutki w\u0142asnymi oczyma. Ktokolwiek wi\u0119c chce k\u0142ama\u0107 mi o tym, co widz\u0119, i ignorowa\u0107 [m\u00f3j wzrok] i logik\u0119, jak\u0105 pob\u0142ogos\u0142awi\u0142 mnie Allah, i rozwa\u017ca tak zwany spisek\u2026 Czy oczekujecie ode mnie, \u017ce po prostu zostawi\u0119 chorych ludzi, by umarli? Czy oczekujecie, \u017ce po prostu zostawi\u0119 ich, by umarli i pozwol\u0119 pandemii na szerzenie si\u0119?<\/p>\n<p><img loading=\"lazy\" decoding=\"async\" class=\"alignnone size-full wp-image-13987\" src=\"https:\/\/www2.memri.org\/polish\/wp-content\/uploads\/2020\/03\/MTV7890.jpg\" width=\"860\" height=\"212\" srcset=\"https:\/\/www2.memri.org\/polish\/wp-content\/uploads\/2020\/03\/MTV7890.jpg 860w, https:\/\/www2.memri.org\/polish\/wp-content\/uploads\/2020\/03\/MTV7890-300x74.jpg 300w, https:\/\/www2.memri.org\/polish\/wp-content\/uploads\/2020\/03\/MTV7890-768x189.jpg 768w, https:\/\/www2.memri.org\/polish\/wp-content\/uploads\/2020\/03\/MTV7890-600x148.jpg 600w, https:\/\/www2.memri.org\/polish\/wp-content\/uploads\/2020\/03\/MTV7890-696x172.jpg 696w\" sizes=\"auto, (max-width: 860px) 100vw, 860px\" \/><\/p>\n<p><img loading=\"lazy\" decoding=\"async\" class=\"alignnone size-full wp-image-13988\" src=\"https:\/\/www2.memri.org\/polish\/wp-content\/uploads\/2020\/03\/MTV78901_0.jpg\" width=\"1200\" height=\"604\" srcset=\"https:\/\/www2.memri.org\/polish\/wp-content\/uploads\/2020\/03\/MTV78901_0.jpg 1200w, https:\/\/www2.memri.org\/polish\/wp-content\/uploads\/2020\/03\/MTV78901_0-300x151.jpg 300w, https:\/\/www2.memri.org\/polish\/wp-content\/uploads\/2020\/03\/MTV78901_0-1024x515.jpg 1024w, https:\/\/www2.memri.org\/polish\/wp-content\/uploads\/2020\/03\/MTV78901_0-768x387.jpg 768w, https:\/\/www2.memri.org\/polish\/wp-content\/uploads\/2020\/03\/MTV78901_0-600x302.jpg 600w, https:\/\/www2.memri.org\/polish\/wp-content\/uploads\/2020\/03\/MTV78901_0-696x350.jpg 696w, https:\/\/www2.memri.org\/polish\/wp-content\/uploads\/2020\/03\/MTV78901_0-1068x538.jpg 1068w, https:\/\/www2.memri.org\/polish\/wp-content\/uploads\/2020\/03\/MTV78901_0-834x420.jpg 834w\" sizes=\"auto, (max-width: 1200px) 100vw, 1200px\" \/><\/p>\n<p>Czy mam my\u015ble\u0107, \u017ce to jest globalny spisek, kt\u00f3rego celem by\u0142o\u2026 Osi\u0105gni\u0119cie czego w\u0142a\u015bciwie?<\/p>\n<p><img loading=\"lazy\" decoding=\"async\" class=\"alignnone size-full wp-image-13989\" src=\"https:\/\/www2.memri.org\/polish\/wp-content\/uploads\/2020\/03\/MTV78902_0.jpg\" width=\"845\" height=\"208\" srcset=\"https:\/\/www2.memri.org\/polish\/wp-content\/uploads\/2020\/03\/MTV78902_0.jpg 845w, https:\/\/www2.memri.org\/polish\/wp-content\/uploads\/2020\/03\/MTV78902_0-300x74.jpg 300w, https:\/\/www2.memri.org\/polish\/wp-content\/uploads\/2020\/03\/MTV78902_0-768x189.jpg 768w, https:\/\/www2.memri.org\/polish\/wp-content\/uploads\/2020\/03\/MTV78902_0-600x148.jpg 600w, https:\/\/www2.memri.org\/polish\/wp-content\/uploads\/2020\/03\/MTV78902_0-696x171.jpg 696w\" sizes=\"auto, (max-width: 845px) 100vw, 845px\" \/><\/p>\n<p>[&#8230;]<\/p>\n<p><strong>&#8222;[Koronawirus] nie oszcz\u0119dza muzu\u0142man\u00f3w ani nie-muzu\u0142man\u00f3w&#8221;<\/strong><\/p>\n<p>Kiedy [koronawirus] pojawi\u0142 si\u0119 w Chinach, powiedzieli, \u017ce jest to kara Allaha, poniewa\u017c Chi\u0144czycy traktowali naszych ludzi, ujgurskich muzu\u0142man\u00f3w, w nieludzki i niecywilizowany spos\u00f3b i \u0142amali ich prawa cz\u0142owieka. Ale ta pandemia szerzy si\u0119 na ca\u0142ym \u015bwiecie. Nie oszcz\u0119dza muzu\u0142man\u00f3w ani nie-muzu\u0142man\u00f3w. Obecnie widzimy na w\u0142asne oczy, jak ta pandemia wysz\u0142a z Chin i przenosi si\u0119 do innych kraj\u00f3w. Zara\u017ca ujgurskich muzu\u0142man\u00f3w tak samo, jak zara\u017ca innych. Nie oszcz\u0119dza Arabii Saudyjskiej, tak jak nie oszcz\u0119dza Ameryki lub Rosji. Allah pob\u0142ogos\u0142awi\u0142 mnie zmys\u0142ami i musz\u0119 ich u\u017cywa\u0107. Nie mog\u0119 pozwoli\u0107 ludziom na odci\u0105gni\u0119cie mnie od prawdy do urojenia.<\/p>\n<p><img loading=\"lazy\" decoding=\"async\" class=\"alignnone size-full wp-image-13990\" src=\"https:\/\/www2.memri.org\/polish\/wp-content\/uploads\/2020\/03\/MTV78903_0.jpg\" width=\"837\" height=\"211\" srcset=\"https:\/\/www2.memri.org\/polish\/wp-content\/uploads\/2020\/03\/MTV78903_0.jpg 837w, https:\/\/www2.memri.org\/polish\/wp-content\/uploads\/2020\/03\/MTV78903_0-300x76.jpg 300w, https:\/\/www2.memri.org\/polish\/wp-content\/uploads\/2020\/03\/MTV78903_0-768x194.jpg 768w, https:\/\/www2.memri.org\/polish\/wp-content\/uploads\/2020\/03\/MTV78903_0-600x151.jpg 600w, https:\/\/www2.memri.org\/polish\/wp-content\/uploads\/2020\/03\/MTV78903_0-696x175.jpg 696w\" sizes=\"auto, (max-width: 837px) 100vw, 837px\" \/><\/p>\n<p><img loading=\"lazy\" decoding=\"async\" class=\"alignnone size-full wp-image-13991\" src=\"https:\/\/www2.memri.org\/polish\/wp-content\/uploads\/2020\/03\/MTV78904-1.jpg\" width=\"1200\" height=\"609\" srcset=\"https:\/\/www2.memri.org\/polish\/wp-content\/uploads\/2020\/03\/MTV78904-1.jpg 1200w, https:\/\/www2.memri.org\/polish\/wp-content\/uploads\/2020\/03\/MTV78904-1-300x152.jpg 300w, https:\/\/www2.memri.org\/polish\/wp-content\/uploads\/2020\/03\/MTV78904-1-1024x520.jpg 1024w, https:\/\/www2.memri.org\/polish\/wp-content\/uploads\/2020\/03\/MTV78904-1-768x390.jpg 768w, https:\/\/www2.memri.org\/polish\/wp-content\/uploads\/2020\/03\/MTV78904-1-600x305.jpg 600w, https:\/\/www2.memri.org\/polish\/wp-content\/uploads\/2020\/03\/MTV78904-1-696x353.jpg 696w, https:\/\/www2.memri.org\/polish\/wp-content\/uploads\/2020\/03\/MTV78904-1-1068x542.jpg 1068w, https:\/\/www2.memri.org\/polish\/wp-content\/uploads\/2020\/03\/MTV78904-1-828x420.jpg 828w\" sizes=\"auto, (max-width: 1200px) 100vw, 1200px\" \/><\/p>\n","protected":false},"excerpt":{"rendered":"<p>Szejk Hussein Halawa, sekretarz generalny Europejskiej Rady Fatw i Bada\u0144, powiedzia\u0142 w programie telewizyjnym nadanym 15 marca 2020 r. przez Hiwar TV (Wielka Brytania), \u017ce skutki pandemii COVID-19 s\u0105 wyra\u017anie widoczne i krytykowa\u0142 ka\u017cdego, kto chcia\u0142by, by uwierzy\u0142 w jaki\u015b rodzaj globalnego spisku. Wskaza\u0142, \u017ce COVID-19 zara\u017ca tak samo muzu\u0142man\u00f3w, jak nie muzu\u0142man\u00f3w i \u017ce [&hellip;]<\/p>\n","protected":false},"author":1,"featured_media":13987,"comment_status":"open","ping_status":"open","sticky":false,"template":"","format":"standard","meta":{"footnotes":""},"categories":[824,825,835,836],"tags":[],"class_list":["post-13985","post","type-post","status-publish","format-standard","has-post-thumbnail","hentry","category-specjalne-komunikaty","category-reformy-w-swiecie-arabskim-i-muzulmanskim","category-archiwum","category-tematy"],"_links":{"self":[{"href":"https:\/\/www2.memri.org\/polish\/wp-json\/wp\/v2\/posts\/13985","targetHints":{"allow":["GET"]}}],"collection":[{"href":"https:\/\/www2.memri.org\/polish\/wp-json\/wp\/v2\/posts"}],"about":[{"href":"https:\/\/www2.memri.org\/polish\/wp-json\/wp\/v2\/types\/post"}],"author":[{"embeddable":true,"href":"https:\/\/www2.memri.org\/polish\/wp-json\/wp\/v2\/users\/1"}],"replies":[{"embeddable":true,"href":"https:\/\/www2.memri.org\/polish\/wp-json\/wp\/v2\/comments?post=13985"}],"version-history":[{"count":1,"href":"https:\/\/www2.memri.org\/polish\/wp-json\/wp\/v2\/posts\/13985\/revisions"}],"predecessor-version":[{"id":13992,"href":"https:\/\/www2.memri.org\/polish\/wp-json\/wp\/v2\/posts\/13985\/revisions\/13992"}],"wp:featuredmedia":[{"embeddable":true,"href":"https:\/\/www2.memri.org\/polish\/wp-json\/wp\/v2\/media\/13987"}],"wp:attachment":[{"href":"https:\/\/www2.memri.org\/polish\/wp-json\/wp\/v2\/media?parent=13985"}],"wp:term":[{"taxonomy":"category","embeddable":true,"href":"https:\/\/www2.memri.org\/polish\/wp-json\/wp\/v2\/categories?post=13985"},{"taxonomy":"post_tag","embeddable":true,"href":"https:\/\/www2.memri.org\/polish\/wp-json\/wp\/v2\/tags?post=13985"}],"curies":[{"name":"wp","href":"https:\/\/api.w.org\/{rel}","templated":true}]}}