{"id":13761,"date":"2020-02-18T20:49:17","date_gmt":"2020-02-18T19:49:17","guid":{"rendered":"https:\/\/www2.memri.org\/polish\/?p=13761"},"modified":"2020-02-18T20:49:17","modified_gmt":"2020-02-18T19:49:17","slug":"syryjski-dziennikarz-thaer-al-nashef-izrael-nie-uwodzi-arabskich-dyktatorow-spoleczenstwa-arabskie-sa-odpowiedzialne-za-swoj-los","status":"publish","type":"post","link":"https:\/\/www2.memri.org\/polish\/syryjski-dziennikarz-thaer-al-nashef-izrael-nie-uwodzi-arabskich-dyktatorow-spoleczenstwa-arabskie-sa-odpowiedzialne-za-swoj-los\/13761","title":{"rendered":"Syryjski dziennikarz Thaer Al-Nashef: Izrael nie uwodzi arabskich dyktator\u00f3w; Spo\u0142ecze\u0144stwa arabskie s\u0105 odpowiedzialne za sw\u00f3j los"},"content":{"rendered":"<p><em>11 lutego 2020, sie\u0107 Al-D\u017cazira Network (Katar) nada\u0142a debta\u0119 o Izraelu i krajach arabskich. <\/em><em>Syryjski dziennikarz, Thaer Al-Naszef, powiedzia\u0142, \u017ce twierdzenie, i\u017c Izrael blokuje demokracj\u0119 w krajach arabskich jest ca\u0142kowicie bezpodstawne i argumentowa\u0142, \u017ce wszyscy dyktatorscy i autorytarni w\u0142adcy arabscy s\u0105 produktem spo\u0142ecze\u0144stw arabskich. Szydzi\u0142 z teorii spiskowych, \u017ce Izrael wychowuje arabskich obywateli na przyw\u00f3dc\u00f3w ich kraj\u00f3w i powiedzia\u0142, \u017ce Izrael nie jest odpowiedzialny\u00a0 za post\u0119p lub zacofanie arabskich spo\u0142ecze\u0144stw. Powiedzia\u0142, \u017ce to raczej sami Arabowie s\u0105 odpowiedzialni za sw\u00f3j rozw\u00f3j i \u017ce mogliby nauczy\u0107 si\u0119 czego\u015b od \u017byd\u00f3w i ich zdolno\u015bci \u201edokonywania cud\u00f3w z rzeczy niemo\u017cliwych\u201d. Ponadto, \u00a0Al-Naszef powiedzia\u0142, \u017ce cz\u0119sto powtarzane twierdzenie, \u017ce celem Izraela jest ekspansja od Nilu do Eufratu, jest fa\u0142szywe i \u017ce dwa niebieskie pasy na izraelskiej fladze reprezentuj\u0105 \u017cydowski szal modlitewny, nie za\u015b te dwie rzeki. Sati&#8217; Muhammad Al-Had\u017c, sekretarz polityczny nasserowskiej Partii Unionistycznej w Sudanie, odrzuci\u0142 twierdzenie, \u017ce celem Izraela nie jest ekspansja od Nilu do Eufratu, poniewa\u017c jest to wyra\u017anie powiedziane w <\/em>Protoko\u0142ach m\u0119drc\u00f3w Syjonu<em>.\u00a0 <\/em><\/p>\n<p><strong>Aby zobaczy\u0107 klip z syryjskim dziennikarzem, Thaerem Al-Naszefem w MEMRI TV, kliknij\u00a0<\/strong><a href=\"https:\/\/www.memri.org\/tv\/jazeera-debate-israel-arab-countries-syrian-journalist-reject-conspiracy-theories-groom-arab-dictators\"><strong>tutaj<\/strong><\/a><strong>\u00a0lub poni\u017cej.<\/strong><\/p>\n<p><iframe loading=\"lazy\" src=\"https:\/\/www.memri.org\/player\/clip\/47503\/780,440\/1\" width=\"780\" height=\"440\" frameborder=\"0\"><\/iframe><\/p>\n<p><strong>&#8222;Je\u015bli spojrzymy na arabsk\u0105 rzeczywisto\u015b\u0107, zobaczymy, \u017ce autorytaryzm, dyktatura i korupcja s\u0105 negatywnymi zjawiskami, kt\u00f3re zosta\u0142y stworzone przez arabskie spo\u0142ecze\u0144stwa, kt\u00f3re tworz\u0105 w\u0142asnych w\u0142adc\u00f3w\u201d <\/strong><\/p>\n<p><strong>Thaer Al-Naszef:<\/strong>\u00a0Przede wszystkim, oskar\u017cenie, \u017ce Izrael blokuje demokracj\u0119 w krajach arabskich jest ca\u0142kowicie bezpodstawne, je\u015bli bowiem spojrzymy na arabsk\u0105 rzeczywisto\u015b\u0107, zobaczymy, \u017ce autorytaryzm, dyktatura i korupcja s\u0105 negatywnymi zjawiskami, kt\u00f3re zosta\u0142y stworzone przez arabskie spo\u0142ecze\u0144stwa, kt\u00f3re tworz\u0105 w\u0142asnych w\u0142adc\u00f3w. Nie mo\u017cecie powiedzie\u0107, \u017ce arabscy w\u0142adcy pochodz\u0105 z innej planety lub \u017ce przybyli na spadochronach.<\/p>\n<p><img loading=\"lazy\" decoding=\"async\" class=\"alignnone size-full wp-image-13763\" src=\"https:\/\/www2.memri.org\/polish\/wp-content\/uploads\/2020\/02\/m7810.jpg\" width=\"687\" height=\"387\" alt=\"\" srcset=\"https:\/\/www2.memri.org\/polish\/wp-content\/uploads\/2020\/02\/m7810.jpg 687w, https:\/\/www2.memri.org\/polish\/wp-content\/uploads\/2020\/02\/m7810-300x169.jpg 300w, https:\/\/www2.memri.org\/polish\/wp-content\/uploads\/2020\/02\/m7810-600x338.jpg 600w\" sizes=\"auto, (max-width: 687px) 100vw, 687px\" \/><\/p>\n<p>W ka\u017cdym kraju arabskim ka\u017cdy arabski w\u0142adca, przeciwko kt\u00f3remu ludzie zbuntowali si\u0119 &#8211; on przyszed\u0142 spomi\u0119dzy tych samych ludzi. Nie mog\u0119 sobie wyobrazi\u0107, \u017ce Izrael bierze arabskiego obywatela od ko\u0142yski i potem wychowuje go na prezydenta [jego kraju]. To s\u0105 teorie spiskowe.<\/p>\n<p><img loading=\"lazy\" decoding=\"async\" class=\"alignnone size-full wp-image-13764\" src=\"https:\/\/www2.memri.org\/polish\/wp-content\/uploads\/2020\/02\/m7810a.jpg\" width=\"687\" height=\"192\" srcset=\"https:\/\/www2.memri.org\/polish\/wp-content\/uploads\/2020\/02\/m7810a.jpg 687w, https:\/\/www2.memri.org\/polish\/wp-content\/uploads\/2020\/02\/m7810a-300x84.jpg 300w, https:\/\/www2.memri.org\/polish\/wp-content\/uploads\/2020\/02\/m7810a-600x168.jpg 600w\" sizes=\"auto, (max-width: 687px) 100vw, 687px\" \/><\/p>\n<p>[&#8230;]<\/p>\n<p><strong>&#8222;Arabowie mog\u0105 odnie\u015b\u0107 korzy\u015bci z rozleg\u0142ej izraelskiej ekspertyzy\u2026 Musimy zapyta\u0107 siebie: jak to mo\u017cliwe, \u017ce \u017bydzi lub Izrael, wyr\u00f3\u017cniaj\u0105 si\u0119 [osi\u0105gni\u0119ciami]?\u201d <\/strong><\/p>\n<p>Dzisiaj Izrael nie jest odpowiedzialny za post\u0119p lub zacofanie Arab\u00f3w. Arabowie s\u0105 odpowiedzialni za siebie. To Arabowie tworz\u0105 w\u0142asne odrodzenie.<\/p>\n<p><img loading=\"lazy\" decoding=\"async\" class=\"alignnone size-full wp-image-13765\" src=\"https:\/\/www2.memri.org\/polish\/wp-content\/uploads\/2020\/02\/m7810b.jpg\" width=\"688\" height=\"193\" srcset=\"https:\/\/www2.memri.org\/polish\/wp-content\/uploads\/2020\/02\/m7810b.jpg 688w, https:\/\/www2.memri.org\/polish\/wp-content\/uploads\/2020\/02\/m7810b-300x84.jpg 300w, https:\/\/www2.memri.org\/polish\/wp-content\/uploads\/2020\/02\/m7810b-600x168.jpg 600w\" sizes=\"auto, (max-width: 688px) 100vw, 688px\" \/><\/p>\n<p><img loading=\"lazy\" decoding=\"async\" class=\"alignnone size-full wp-image-13766\" src=\"https:\/\/www2.memri.org\/polish\/wp-content\/uploads\/2020\/02\/m7810c-1.jpg\" width=\"664\" height=\"374\" srcset=\"https:\/\/www2.memri.org\/polish\/wp-content\/uploads\/2020\/02\/m7810c-1.jpg 664w, https:\/\/www2.memri.org\/polish\/wp-content\/uploads\/2020\/02\/m7810c-1-300x169.jpg 300w, https:\/\/www2.memri.org\/polish\/wp-content\/uploads\/2020\/02\/m7810c-1-600x338.jpg 600w\" sizes=\"auto, (max-width: 664px) 100vw, 664px\" \/><\/p>\n<p>Europejskie spo\u0142ecze\u0144stwa nie polega\u0142y na \u017bydach, by doj\u015b\u0107 tam, gdzie s\u0105 dzisiaj. Harowali i wysilali si\u0119 w celu osi\u0105gni\u0119cia tego, co chcieli osi\u0105gn\u0105\u0107. Ale Arabowie mog\u0105 odnie\u015b\u0107 korzy\u015bci z rozleg\u0142ej izraelskiej ekspertyzy, bo kiedy patrzymy na dzisiejszy Izrael, kt\u00f3ry jest rozwini\u0119tym krajem, musimy zapyta\u0107 siebie: jak to mo\u017cliwe, \u017ce \u017bydzi, Izrael wyr\u00f3\u017cniaj\u0105 si\u0119 [osi\u0105gni\u0119ciami]? Ci ludzie \u017cyli w Europie przez 2000 lat jako wygnani uchod\u017acy, w diasporze, jako wi\u0119\u017aniowie i jako niewolnicy. Pomy\u015blcie! Potem dowiedli ca\u0142ej ludzko\u015bci, \u017ce nie s\u0105 tylko uchod\u017acami lub niewolnikami, ale lud\u017ami, kt\u00f3rzy byli w stanie czyni\u0107 cuda z rzeczy niemo\u017cliwych.<\/p>\n<p><img loading=\"lazy\" decoding=\"async\" class=\"alignnone size-full wp-image-13767\" src=\"https:\/\/www2.memri.org\/polish\/wp-content\/uploads\/2020\/02\/m7810d.jpg\" width=\"707\" height=\"398\" srcset=\"https:\/\/www2.memri.org\/polish\/wp-content\/uploads\/2020\/02\/m7810d.jpg 707w, https:\/\/www2.memri.org\/polish\/wp-content\/uploads\/2020\/02\/m7810d-300x169.jpg 300w, https:\/\/www2.memri.org\/polish\/wp-content\/uploads\/2020\/02\/m7810d-600x338.jpg 600w, https:\/\/www2.memri.org\/polish\/wp-content\/uploads\/2020\/02\/m7810d-696x392.jpg 696w\" sizes=\"auto, (max-width: 707px) 100vw, 707px\" \/><\/p>\n<p>[&#8230;]<\/p>\n<p><strong>&#8222;[Arabskie] re\u017cimy wpaja\u0142y to w nas od wczesnego wieku \u2013 o granicach Izraela rozci\u0105gaj\u0105cych si\u0119 od Nilu do Eufratu&#8230; Dwa niebieski pasy [na izraelskiej fladze] nie reprezentuj\u0105 Nilu i Eufratu; reprezentuj\u0105\u00a0<\/strong><em>T<strong>allit<\/strong><\/em><strong>, szal modlitewny&#8221;<\/strong><\/p>\n<p>Jest wa\u017cny punkt, kt\u00f3ry chcia\u0142bym wyja\u015bni\u0107 szanownym arabskim widzom. To, co si\u0119 m\u00f3wi \u2013 i co [arabskie] re\u017cimy wpaja\u0142y w nas od wczesnego wieku \u2013 o granicach Izraela rozci\u0105gaj\u0105cych si\u0119 od Nilu do Eufratu, Eufratu, kt\u00f3ry przekroczy\u0142 Abraham, i Nilu, na kt\u00f3rego brzegach wyr\u00f3s\u0142 Moj\u017cesz\u2026<\/p>\n<p><img loading=\"lazy\" decoding=\"async\" class=\"alignnone size-full wp-image-13768\" src=\"https:\/\/www2.memri.org\/polish\/wp-content\/uploads\/2020\/02\/m7810e.jpg\" width=\"691\" height=\"194\" srcset=\"https:\/\/www2.memri.org\/polish\/wp-content\/uploads\/2020\/02\/m7810e.jpg 691w, https:\/\/www2.memri.org\/polish\/wp-content\/uploads\/2020\/02\/m7810e-300x84.jpg 300w, https:\/\/www2.memri.org\/polish\/wp-content\/uploads\/2020\/02\/m7810e-600x168.jpg 600w\" sizes=\"auto, (max-width: 691px) 100vw, 691px\" \/><\/p>\n<p>Dzisiaj, Izrael&#8230; Jaki Nil? M\u00f3wi si\u0119, \u017ce dwa niebieskie pasy na izraelskiej fladze reprezentuj\u0105 Nil i Eufrat. Dwa niebieskie pasy nie reprezentuj\u0105 Nilu i Eufratu. Reprezentuj\u0105 <em>tallit<\/em>, szal modlitewny.<\/p>\n<p><img loading=\"lazy\" decoding=\"async\" class=\"alignnone size-full wp-image-13769\" src=\"https:\/\/www2.memri.org\/polish\/wp-content\/uploads\/2020\/02\/m7810f.jpg\" width=\"682\" height=\"191\" srcset=\"https:\/\/www2.memri.org\/polish\/wp-content\/uploads\/2020\/02\/m7810f.jpg 682w, https:\/\/www2.memri.org\/polish\/wp-content\/uploads\/2020\/02\/m7810f-300x84.jpg 300w, https:\/\/www2.memri.org\/polish\/wp-content\/uploads\/2020\/02\/m7810f-600x168.jpg 600w\" sizes=\"auto, (max-width: 682px) 100vw, 682px\" \/><\/p>\n<p><img loading=\"lazy\" decoding=\"async\" class=\"alignnone size-full wp-image-13770\" src=\"https:\/\/www2.memri.org\/polish\/wp-content\/uploads\/2020\/02\/m7810g.jpg\" width=\"665\" height=\"375\" srcset=\"https:\/\/www2.memri.org\/polish\/wp-content\/uploads\/2020\/02\/m7810g.jpg 665w, https:\/\/www2.memri.org\/polish\/wp-content\/uploads\/2020\/02\/m7810g-300x169.jpg 300w, https:\/\/www2.memri.org\/polish\/wp-content\/uploads\/2020\/02\/m7810g-600x338.jpg 600w\" sizes=\"auto, (max-width: 665px) 100vw, 665px\" \/><\/p>\n<p>[&#8230;]<\/p>\n<p><strong>&#8222;[<em>Protoko\u0142y m\u0119drc\u00f3w Syjonu<\/em>] wyra\u017anie wspominaj\u0105, \u017ce Izrael rozci\u0105ga si\u0119 od Eufratu do Nilu; dlatego to nie jest mit\u201d <\/strong><\/p>\n<p><strong>Sati&#8217; Muhammad Al-Had\u017c<\/strong>: Je\u015bli chodzi o Nil i Eufrat\u2026 Z ca\u0142ym szacunkiem do informacji, kt\u00f3r\u0105 wspomnia\u0142, ta sprawa jest wspomniana w\u00a0<em>Protoko\u0142ach Syjonu<\/em>\u00a0[<em>sic<\/em>], kt\u00f3re zosta\u0142y napisane po kongresie zwo\u0142anym przez Theodora Herzla w Bazylei w Szwajcarii w 1897 r. jak jest dobrze wiadome. [<em>Protoko\u0142y<\/em>] wyra\u017anie wspominaj\u0105, \u017ce Izrael rozci\u0105ga si\u0119 od Eufratu do Nilu. Dlatego to nie jest mit, jak m\u00f3j szanowny kolega pr\u00f3bowa\u0142 nam powiedzie\u0107. To jest rzeczywisto\u015b\u0107, jak jest wspomniane w <em>Protoko\u0142ach Syjonu<\/em>.<\/p>\n<p><img loading=\"lazy\" decoding=\"async\" class=\"alignnone size-full wp-image-13771\" src=\"https:\/\/www2.memri.org\/polish\/wp-content\/uploads\/2020\/02\/m7810h.jpg\" width=\"689\" height=\"193\" srcset=\"https:\/\/www2.memri.org\/polish\/wp-content\/uploads\/2020\/02\/m7810h.jpg 689w, https:\/\/www2.memri.org\/polish\/wp-content\/uploads\/2020\/02\/m7810h-300x84.jpg 300w, https:\/\/www2.memri.org\/polish\/wp-content\/uploads\/2020\/02\/m7810h-600x168.jpg 600w\" sizes=\"auto, (max-width: 689px) 100vw, 689px\" \/><\/p>\n<p><img loading=\"lazy\" decoding=\"async\" class=\"alignnone size-full wp-image-13772\" src=\"https:\/\/www2.memri.org\/polish\/wp-content\/uploads\/2020\/02\/m7810i.jpg\" width=\"664\" height=\"375\" srcset=\"https:\/\/www2.memri.org\/polish\/wp-content\/uploads\/2020\/02\/m7810i.jpg 664w, https:\/\/www2.memri.org\/polish\/wp-content\/uploads\/2020\/02\/m7810i-300x169.jpg 300w, https:\/\/www2.memri.org\/polish\/wp-content\/uploads\/2020\/02\/m7810i-600x339.jpg 600w\" sizes=\"auto, (max-width: 664px) 100vw, 664px\" \/><\/p>\n","protected":false},"excerpt":{"rendered":"<p>11 lutego 2020, sie\u0107 Al-D\u017cazira Network (Katar) nada\u0142a debta\u0119 o Izraelu i krajach arabskich. Syryjski dziennikarz, Thaer Al-Naszef, powiedzia\u0142, \u017ce twierdzenie, i\u017c Izrael blokuje demokracj\u0119 w krajach arabskich jest ca\u0142kowicie bezpodstawne i argumentowa\u0142, \u017ce wszyscy dyktatorscy i autorytarni w\u0142adcy arabscy s\u0105 produktem spo\u0142ecze\u0144stw arabskich. Szydzi\u0142 z teorii spiskowych, \u017ce Izrael wychowuje arabskich obywateli na przyw\u00f3dc\u00f3w [&hellip;]<\/p>\n","protected":false},"author":1,"featured_media":13763,"comment_status":"open","ping_status":"open","sticky":false,"template":"","format":"standard","meta":{"footnotes":""},"categories":[824,830,835,836,837,844],"tags":[],"class_list":["post-13761","post","type-post","status-publish","format-standard","has-post-thumbnail","hentry","category-specjalne-komunikaty","category-syria","category-archiwum","category-tematy","category-kraje","category-konflikt-arabsko-izraelski"],"_links":{"self":[{"href":"https:\/\/www2.memri.org\/polish\/wp-json\/wp\/v2\/posts\/13761","targetHints":{"allow":["GET"]}}],"collection":[{"href":"https:\/\/www2.memri.org\/polish\/wp-json\/wp\/v2\/posts"}],"about":[{"href":"https:\/\/www2.memri.org\/polish\/wp-json\/wp\/v2\/types\/post"}],"author":[{"embeddable":true,"href":"https:\/\/www2.memri.org\/polish\/wp-json\/wp\/v2\/users\/1"}],"replies":[{"embeddable":true,"href":"https:\/\/www2.memri.org\/polish\/wp-json\/wp\/v2\/comments?post=13761"}],"version-history":[{"count":1,"href":"https:\/\/www2.memri.org\/polish\/wp-json\/wp\/v2\/posts\/13761\/revisions"}],"predecessor-version":[{"id":13773,"href":"https:\/\/www2.memri.org\/polish\/wp-json\/wp\/v2\/posts\/13761\/revisions\/13773"}],"wp:featuredmedia":[{"embeddable":true,"href":"https:\/\/www2.memri.org\/polish\/wp-json\/wp\/v2\/media\/13763"}],"wp:attachment":[{"href":"https:\/\/www2.memri.org\/polish\/wp-json\/wp\/v2\/media?parent=13761"}],"wp:term":[{"taxonomy":"category","embeddable":true,"href":"https:\/\/www2.memri.org\/polish\/wp-json\/wp\/v2\/categories?post=13761"},{"taxonomy":"post_tag","embeddable":true,"href":"https:\/\/www2.memri.org\/polish\/wp-json\/wp\/v2\/tags?post=13761"}],"curies":[{"name":"wp","href":"https:\/\/api.w.org\/{rel}","templated":true}]}}