{"id":13716,"date":"2020-02-13T20:51:27","date_gmt":"2020-02-13T19:51:27","guid":{"rendered":"https:\/\/www2.memri.org\/polish\/?p=13716"},"modified":"2020-02-13T20:51:27","modified_gmt":"2020-02-13T19:51:27","slug":"sudanski-polityk-w-saudyjskiej-gazecie-al-sharq-al-awsat-narod-sudanski-popiera-normalizacje-stosunkow-z-izraelem-polityka-odmowy-prowadzona-przez-arabow-tylko-im-zaszkodzila","status":"publish","type":"post","link":"https:\/\/www2.memri.org\/polish\/sudanski-polityk-w-saudyjskiej-gazecie-al-sharq-al-awsat-narod-sudanski-popiera-normalizacje-stosunkow-z-izraelem-polityka-odmowy-prowadzona-przez-arabow-tylko-im-zaszkodzila\/13716","title":{"rendered":"Suda\u0144ski polityk w saudyjskiej gazecie \u201eAl-Sharq Al-Awsat\u201d: nar\u00f3d suda\u0144ski popiera normalizacj\u0119 stosunk\u00f3w z Izraelem; polityka odmowy prowadzona przez Arab\u00f3w, tylko im zaszkodzi\u0142a \u00a0"},"content":{"rendered":"<p><em>W wywiadzie z 9 lutego 2020 r. dla wychodz\u0105cej w Londynie saudyjskiej gazety\u00a0\u201e<\/em><em>Al-Sharq Al-Awsat\u201d, Mubarak Al-Fadil Al-Mahdi, by\u0142y wicepremier Sudanu a obecnie przewodnicz\u0105cy Partii Reformy i Odnowy Umma, wyrazi\u0142 poparcie dla niedawnego spotkania mi\u0119dzy suda\u0144skim przyw\u00f3dc\u0105, \u2018Abd Al-Fattahem Al-Burhanem i izraelskim premierem, Benjaminem Netanjahu i dla normalizacji stosunk\u00f3w mi\u0119dzy tymi dwoma krajami. Odpowiadaj\u0105c tym, kt\u00f3rzy pot\u0119pili to spotkanie, Al-Mahdi powiedzia\u0142, \u017ce sami Palesty\u0144czycy znormalizowali stosunki z Izraelem i utrzymuj\u0105 z nimi zwi\u0105zki ekonomiczne od czasu podpisania um\u00f3w z Oslo, jak to robi r\u00f3wnie\u017c wiele innych kraj\u00f3w arabskich, z kt\u00f3rych najwi\u0119kszy jest Egipt.<\/em><\/p>\n<p><em>Al-Mahdi doda\u0142, \u017ce trwaj\u0105ca latami polityka Arab\u00f3w nieustannej odmowy, jako cz\u0119\u015b\u0107 kt\u00f3rej odrzucali ka\u017cd\u0105 propozycj\u0119 rozwi\u0105zania sprawy palesty\u0144skiej, jest nierealistyczna i zaszkodzi\u0142a im, i \u017ce mowa o dalszym bojkocie Izraela staje si\u0119 bezsensowna w obecnej rzeczywisto\u015bci i przy istniej\u0105cej r\u00f3wnowadze si\u0142. Wzywaj\u0105c Arab\u00f3w, by nauczyli si\u0119 z b\u0142\u0119d\u00f3w przesz\u0142o\u015bci i poszli w kierunku normalizacji stosunk\u00f3w z Izraelem, podkre\u015bli\u0142, \u017ce Suda\u0144czycy, za wyj\u0105tkiem kilku ekstremist\u00f3w, s\u0105 za t\u0105 opcj\u0105, szczeg\u00f3lnie dlatego, \u017ce Sudan jest w rozpaczliwej potrzebie izraelskiej technologii. Ponadto, przyja\u017a\u0144 z Izraelem mo\u017ce pom\u00f3c Sudanowi w oczyszczeniu swojego imienia jako by\u0142ego pa\u0144stwa- sponsora terroru i mo\u017ce prowadzi\u0107 do zniesienia sankcji USA, powiedzia\u0142. \u00a0<\/em><\/p>\n<p><em>Nale\u017cy wspomnie\u0107, \u017ce Al-Mahdi wyra\u017ca\u0142 podobne stanowisko, kiedy by\u0142 ministrem inwestycji i wicepremierem, co wywo\u0142a\u0142o ogie\u0144 ze strony suda\u0144skiego politycznego i religijnego establishmentu.\u00a0<a name=\"_ednref1\"><\/a><a href=\"https:\/\/www.memri.org\/reports\/sudanese-politician-saudi-al-sharq-al-awsat-daily-sudanese-people-support-normalization#_edn1\"><strong>[1]<\/strong><\/a>\u00a0<\/em><\/p>\n<p><em>Nale\u017cy tak\u017ce wspomnie\u0107, \u017ce wed\u0142ug niedawnych doniesie\u0144, Izrael, USA, Egipt i Arabia Saudyjska dyskutuj\u0105 mo\u017cliwo\u015b\u0107 zorganizowania szczytu w Kairze, z uczestnictwem premiera Netanjahu i kilku arabskich przyw\u00f3dc\u00f3w, w\u0142\u0105cznie z saudyjskim nast\u0119pc\u0105 tronu, ksi\u0119ciem Muhammadem bin Salmanem, egipskim prezydentem, \u2018Abd Al-Fattahem Al-Sisim i przyw\u00f3dcami Zjednoczonych Emirat\u00f3w Arabskich, Bahrajnu, Omanu i Sudanu. Je\u015bli jest jaka\u015b prawda w tych doniesieniach, spotkanie mi\u0119dzy Netanjahu a Al-Burhanem mog\u0142o by\u0107 pr\u00f3bnym balonem przed tym szczytem. Wywiad z Al-Mahdim w\u00a0\u201e<\/em><em>Al-Sharq Al-Awsat\u201d, jak r\u00f3wnie\u017c inny artyku\u0142 opublikowany niedawno przez t\u0119 gazet\u0119 \u2013 artyku\u0142 z opini\u0105 publicysty \u2018Abd Al-Rahmana Al-Rasheda, wyja\u015bniaj\u0105cy powody <a name=\"_ednref2\"><\/a>Sudanu dla zbli\u017cenia z Izraelem<\/em><a href=\"https:\/\/www.memri.org\/reports\/sudanese-politician-saudi-al-sharq-al-awsat-daily-sudanese-people-support-normalization#_edn2\"><strong><em>[2]<\/em><\/strong><\/a><em>\u00a0\u2013 mog\u0105 tak\u017ce by\u0107 saudyjsk\u0105 pr\u00f3b\u0105 promowania idei normalizacji stosunk\u00f3w z Izraelem w spo\u0142eczno\u015bci arabskiej.\u00a0\u00a0<\/em><\/p>\n<p><em> <img loading=\"lazy\" decoding=\"async\" class=\"alignnone size-full wp-image-13718\" src=\"https:\/\/www2.memri.org\/polish\/wp-content\/uploads\/2020\/02\/SD8555.jpg\" width=\"600\" height=\"396\" srcset=\"https:\/\/www2.memri.org\/polish\/wp-content\/uploads\/2020\/02\/SD8555.jpg 600w, https:\/\/www2.memri.org\/polish\/wp-content\/uploads\/2020\/02\/SD8555-300x198.jpg 300w\" sizes=\"auto, (max-width: 600px) 100vw, 600px\" \/><\/em>Wywiad z Al-Mahdi w \u201dAl-Sharq Al-Awsat\u201d<\/p>\n<p><strong>[Ci\u0105g dalszy tekstu nie jest spolszczony]<\/strong><\/p>\n<p><a href=\"https:\/\/www.memri.org\/reports\/sudanese-politician-saudi-al-sharq-al-awsat-daily-sudanese-people-support-normalization\"><em>https:\/\/www.memri.org\/reports\/sudanese-politician-saudi-al-sharq-al-awsat-daily-sudanese-people-support-normalization<\/em><\/a><\/p>\n<hr \/>\n<p><a name=\"_edn1\"><\/a><a href=\"https:\/\/www.memri.org\/reports\/sudanese-politician-saudi-al-sharq-al-awsat-daily-sudanese-people-support-normalization#_ednref1\">[1]<\/a>\u00a0See MEMRI Special Dispatch No.7074<a href=\"https:\/\/www.memri.org\/reports\/sudanese-investment-minister-normalization-israel-isnt-such-big-deal-sudanese-cleric-sharia\">, Sudanese Investment Minister: Normalization With Israel Isn\u2019t \u2018Such A Big Deal\u2019; Sudanese Cleric: Shari\u2019a Permits It<\/a>, August 30, 2017; Special Dispatch No. 7109,\u00a0<a href=\"https:\/\/www.memri.org\/reports\/sudanese-cleric-defends-investment-ministers-call-normalize-relations-israel\">Sudanese Cleric Defends Investment Minister\u2019s Call To Normalize Relations With Israel<\/a>, September 26, 2017.<\/p>\n<p><a name=\"_edn2\"><\/a><a href=\"https:\/\/www.memri.org\/reports\/sudanese-politician-saudi-al-sharq-al-awsat-daily-sudanese-people-support-normalization#_ednref2\">[2]<\/a>\u00a0See MEMRI Special Dispatch No. 8540,\u00a0<a href=\"https:\/\/www.memri.org\/reports\/senior-saudi-journalist-following-meeting-between-leaders-sudan-and-israel-sudans-action\">Senior Saudi Journalist Following Meeting Between Leaders Of Sudan And Israel: Sudan\u2019s Action Is Understandable; Many Arab Countries Hold Ties With Israel<\/a>, February 6, 2020.<\/p>\n<p><a name=\"_edn3\"><\/a><a href=\"https:\/\/www.memri.org\/reports\/sudanese-politician-saudi-al-sharq-al-awsat-daily-sudanese-people-support-normalization#_ednref3\">[3]<\/a>\u00a0<em>Al-Sharq Al-Awsat\u00a0<\/em>(London), February 9, 2020.<\/p>\n","protected":false},"excerpt":{"rendered":"<p>W wywiadzie z 9 lutego 2020 r. dla wychodz\u0105cej w Londynie saudyjskiej gazety\u00a0\u201eAl-Sharq Al-Awsat\u201d, Mubarak Al-Fadil Al-Mahdi, by\u0142y wicepremier Sudanu a obecnie przewodnicz\u0105cy Partii Reformy i Odnowy Umma, wyrazi\u0142 poparcie dla niedawnego spotkania mi\u0119dzy suda\u0144skim przyw\u00f3dc\u0105, \u2018Abd Al-Fattahem Al-Burhanem i izraelskim premierem, Benjaminem Netanjahu i dla normalizacji stosunk\u00f3w mi\u0119dzy tymi dwoma krajami. Odpowiadaj\u0105c tym, kt\u00f3rzy [&hellip;]<\/p>\n","protected":false},"author":1,"featured_media":13718,"comment_status":"open","ping_status":"open","sticky":false,"template":"","format":"standard","meta":{"footnotes":""},"categories":[824,835,836,845],"tags":[],"class_list":["post-13716","post","type-post","status-publish","format-standard","has-post-thumbnail","hentry","category-specjalne-komunikaty","category-archiwum","category-tematy","category-stosunki-wewnatrzarabskie"],"_links":{"self":[{"href":"https:\/\/www2.memri.org\/polish\/wp-json\/wp\/v2\/posts\/13716","targetHints":{"allow":["GET"]}}],"collection":[{"href":"https:\/\/www2.memri.org\/polish\/wp-json\/wp\/v2\/posts"}],"about":[{"href":"https:\/\/www2.memri.org\/polish\/wp-json\/wp\/v2\/types\/post"}],"author":[{"embeddable":true,"href":"https:\/\/www2.memri.org\/polish\/wp-json\/wp\/v2\/users\/1"}],"replies":[{"embeddable":true,"href":"https:\/\/www2.memri.org\/polish\/wp-json\/wp\/v2\/comments?post=13716"}],"version-history":[{"count":1,"href":"https:\/\/www2.memri.org\/polish\/wp-json\/wp\/v2\/posts\/13716\/revisions"}],"predecessor-version":[{"id":13719,"href":"https:\/\/www2.memri.org\/polish\/wp-json\/wp\/v2\/posts\/13716\/revisions\/13719"}],"wp:featuredmedia":[{"embeddable":true,"href":"https:\/\/www2.memri.org\/polish\/wp-json\/wp\/v2\/media\/13718"}],"wp:attachment":[{"href":"https:\/\/www2.memri.org\/polish\/wp-json\/wp\/v2\/media?parent=13716"}],"wp:term":[{"taxonomy":"category","embeddable":true,"href":"https:\/\/www2.memri.org\/polish\/wp-json\/wp\/v2\/categories?post=13716"},{"taxonomy":"post_tag","embeddable":true,"href":"https:\/\/www2.memri.org\/polish\/wp-json\/wp\/v2\/tags?post=13716"}],"curies":[{"name":"wp","href":"https:\/\/api.w.org\/{rel}","templated":true}]}}