{"id":13697,"date":"2020-02-11T22:46:21","date_gmt":"2020-02-11T21:46:21","guid":{"rendered":"https:\/\/www2.memri.org\/polish\/?p=13697"},"modified":"2020-02-11T22:46:21","modified_gmt":"2020-02-11T21:46:21","slug":"na-facebooku-syryjskie-media-opozycyjne-ujawniaja-informacje-o-pociskach-iranskich-milicji-w-deir-al-zor-w-syrii","status":"publish","type":"post","link":"https:\/\/www2.memri.org\/polish\/na-facebooku-syryjskie-media-opozycyjne-ujawniaja-informacje-o-pociskach-iranskich-milicji-w-deir-al-zor-w-syrii\/13697","title":{"rendered":"Na Facebooku syryjskie media opozycyjne ujawniaj\u0105 informacj\u0119 o pociskach ira\u0144skich milicji w Deir Al-Zor w Syrii"},"content":{"rendered":"<p><em>15 stycznia 2020 r. na stronie Facebooka syryjskiej sieci Ain Al-Furat zamieszczono informacj\u0119 o liczbie i typach pocisk\u00f3w posiadanych przez wspierane przez Iran szyickie milicje w okr\u0119gu Deir Al-Zor. Sie\u0107 Ain Al-Furat, kt\u00f3ra pokrywa wschodni region Syrii z naciskiem na Deir Al-Zor, znana jest z opozycji wobec syryjskiego re\u017cimu i wobec ira\u0144skiej obecno\u015bci w Syrii. Wraz z danymi zamieszczono zdj\u0119cia satelitarne z lokalizacj\u0105 pocisk\u00f3w. Podkre\u015blono, \u017ce cz\u0142onkowie milicji nie byli szkoleni w u\u017cyciu tych pocisk\u00f3w i \u017ce kilku z nich ju\u017c zgin\u0119\u0142o przy pr\u00f3bach operowania nimi.\u00a0<\/em><\/p>\n<p><em>Poni\u017cej podajemy przek\u0142ad raportu Ain Al-Furat:<\/em>\u00a0<a name=\"_ednref1\"><\/a><a href=\"https:\/\/www.memri.org\/reports\/facebook-syrian-opposition-media-reveals-information-missiles-iranian-militias-deir-al-zor#_edn1\"><strong><em>[1]<\/em><\/strong><\/a><\/p>\n<p>Po zestrzeleniu ukrai\u0144skiego samolotu [pasa\u017cerskiego nad Teheranem, 8 stycznia 2020 r.] ira\u0144skim pociskiem SA-15, kt\u00f3ry jest cz\u0119\u015bci\u0105 arsena\u0142u ira\u0144skiego Korpusu Stra\u017cnik\u00f3w Rewolucji Islamskiej (IRGC), powinni\u015bmy zastanawia\u0107 si\u0119 nad przysz\u0142o\u015bci\u0105 regionu, w \u015bwietle posiadania pocisk\u00f3w przez niewyszkolone [wspierane przez Iran] milicje, szczeg\u00f3lnie w Syrii. Zatem sie\u0107 Ain Al-Furat publikuje informacje, kt\u00f3re zdoby\u0142a, o lokalizacji i typach ira\u0144skich pocisk\u00f3w w [okr\u0119gu] Deir Al-Zor:<\/p>\n<ol>\n<li>Miasto Al-Bukamal \u2013 plac Al-Masrijja: Ta pozycja mie\u015bci si\u0119 na handlowym rynku w mie\u015bcie Al-Bukamal w regionie najbli\u017cszym [granicy] z Irakiem. Ma pi\u0119\u0107 pocisk\u00f3w w skrzyniach. Ka\u017cda skrzynia ma 2 metry d\u0142ugo\u015bci i 70 cm szeroko\u015bci. Pociski s\u0105 sk\u0142adowane tutaj po przybyciu na cywilnych ci\u0119\u017car\u00f3wkach z Iraku w zesz\u0142ym miesi\u0105cu [grudzie\u0144 2019 r.]. Wed\u0142ug informacji, kt\u00f3ra wyciek\u0142a, te pociski s\u0105 typu Dhu Al-Fiqar o zasi\u0119gu oko\u0142o 700 km i wieloma g\u0142owicami, a milicje w regionie nie s\u0105 szkolone w ich u\u017cyciu.<\/li>\n<\/ol>\n<p><img loading=\"lazy\" decoding=\"async\" class=\"alignnone size-full wp-image-13699\" src=\"https:\/\/www2.memri.org\/polish\/wp-content\/uploads\/2020\/02\/SD8551_1-1.jpg\" width=\"600\" height=\"345\" srcset=\"https:\/\/www2.memri.org\/polish\/wp-content\/uploads\/2020\/02\/SD8551_1-1.jpg 600w, https:\/\/www2.memri.org\/polish\/wp-content\/uploads\/2020\/02\/SD8551_1-1-300x173.jpg 300w\" sizes=\"auto, (max-width: 600px) 100vw, 600px\" \/><em>Plac Al-Masrijja w Al-Bukamal (\u0179r\u00f3d\u0142o: Facebook.com\/euphrateseye, 15stycznia 2020<\/em><\/p>\n<ol start=\"2\">\n<li>Miasto Sabichan, w wiejskiej cz\u0119\u015bci Deir Al-Zor: w tym miejscu jest du\u017ca klinika, kt\u00f3r\u0105 zaj\u0119\u0142y ira\u0144skie milicje i zamieni\u0142y na swoj\u0105 kwater\u0119 g\u0142\u00f3wn\u0105 i magazyn broni wysokiej jako\u015bci. Wszyscy ludzie w tym miejscu s\u0105 ira\u0144skiego lub afga\u0144skiego obywatelstwa; ich dow\u00f3dc\u0105 jest Afga\u0144czyk o nazwisku Murtada Al-Afghani. Jest tam pi\u0119\u0107 ira\u0144skich pocisk\u00f3w Fajr 110 w dodatku do 25 termolokacyjnych pocisk\u00f3w przeciwczo\u0142gowych.<\/li>\n<li>W mie\u015bcie Mahkan w pobli\u017cu miasta Al-Majadeen: Ta pozycja nale\u017cy do milicji Fatimijjoun i Zainabijjoun i ma dziesi\u0119\u0107 du\u017cych, dwumetrowych pocisk\u00f3w. Wed\u0142ug informacji, s\u0105 to chi\u0144skiej produkcji pociski dalekiego zasi\u0119gu. A tak\u017ce jest tam 25 termolokacyjnych pocisk\u00f3w przeciwczo\u0142gowych i 20 pocisk\u00f3w Grad o zasi\u0119gu oko\u0142o 40 km. Podczas szkolenia oko\u0142o miesi\u0105c temu [w grudniu 2019] pi\u0119ciu cz\u0142onk\u00f3w milicji zgin\u0119\u0142o, poniewa\u017c nie wiedzieli jak u\u017cywa\u0107 tej skomplikowanej broni.<\/li>\n<\/ol>\n<p><img loading=\"lazy\" decoding=\"async\" class=\"alignnone size-full wp-image-13699\" src=\"https:\/\/www2.memri.org\/polish\/wp-content\/uploads\/2020\/02\/SD8551_1-1.jpg\" width=\"600\" height=\"345\" srcset=\"https:\/\/www2.memri.org\/polish\/wp-content\/uploads\/2020\/02\/SD8551_1-1.jpg 600w, https:\/\/www2.memri.org\/polish\/wp-content\/uploads\/2020\/02\/SD8551_1-1-300x173.jpg 300w\" sizes=\"auto, (max-width: 600px) 100vw, 600px\" \/><em>Miasto Mahkan (\u0179r\u00f3d\u0142o: Facebook.com\/euphrateseye, 15 stycznia 2020)<\/em><\/p>\n<ol start=\"4\">\n<li>Miasto Al-Majadeen: W pobli\u017cu regionu Al-Chaidria i na polach w kierunku pustyni. To jest uwa\u017cane za najwa\u017cniejsz\u0105 i najwi\u0119ksz\u0105 pozycj\u0119: obejmuje podziemny magazyn, kt\u00f3ry powi\u0119kszy\u0142y ira\u0144skie milicje. Wed\u0142ug informacji zdobyte przez sie\u0107 Ain Al-Furat jest tam 50 termolokacyjnych pocisk\u00f3w, kt\u00f3re przyby\u0142y oko\u0142o 10 dni temu [na pocz\u0105tku stycznia 2020] w du\u017cych pojazdach, kt\u00f3re przyjecha\u0142y drog\u0105 z lotniska Deir Al-Zor. Dziesi\u0119\u0107 dni temu wy\u0142adowano du\u017c\u0105 ilo\u015b\u0107 oko\u0142o 50 termolokacyjnych pocisk\u00f3w\u2026 To w dodatku do dziesi\u0119ciu pocisk\u00f3w produkcji ira\u0144skiej typu Fajr 100 i pocisk\u00f3w Grad.<\/li>\n<\/ol>\n<p><img loading=\"lazy\" decoding=\"async\" class=\"alignnone size-full wp-image-13701\" src=\"https:\/\/www2.memri.org\/polish\/wp-content\/uploads\/2020\/02\/SD85512_0.jpg\" width=\"600\" height=\"345\" srcset=\"https:\/\/www2.memri.org\/polish\/wp-content\/uploads\/2020\/02\/SD85512_0.jpg 600w, https:\/\/www2.memri.org\/polish\/wp-content\/uploads\/2020\/02\/SD85512_0-300x173.jpg 300w\" sizes=\"auto, (max-width: 600px) 100vw, 600px\" \/><em>Miasto Al-Majadeen (\u0179r\u00f3d\u0142o: Facebook.com\/euphrateseye, 15 stycznia 2020)<\/em><\/p>\n<hr \/>\n<p><a name=\"_edn1\"><\/a><a href=\"https:\/\/www.memri.org\/reports\/facebook-syrian-opposition-media-reveals-information-missiles-iranian-militias-deir-al-zor#_ednref1\">[1]<\/a>\u00a0Facebook.com\/Euphrateseye, January 15, 2020.<\/p>\n","protected":false},"excerpt":{"rendered":"<p>15 stycznia 2020 r. na stronie Facebooka syryjskiej sieci Ain Al-Furat zamieszczono informacj\u0119 o liczbie i typach pocisk\u00f3w posiadanych przez wspierane przez Iran szyickie milicje w okr\u0119gu Deir Al-Zor. Sie\u0107 Ain Al-Furat, kt\u00f3ra pokrywa wschodni region Syrii z naciskiem na Deir Al-Zor, znana jest z opozycji wobec syryjskiego re\u017cimu i wobec ira\u0144skiej obecno\u015bci w Syrii. [&hellip;]<\/p>\n","protected":false},"author":1,"featured_media":13699,"comment_status":"open","ping_status":"open","sticky":false,"template":"","format":"standard","meta":{"footnotes":""},"categories":[824,827,830,835,836,837,844],"tags":[],"class_list":["post-13697","post","type-post","status-publish","format-standard","has-post-thumbnail","hentry","category-specjalne-komunikaty","category-iran","category-syria","category-archiwum","category-tematy","category-kraje","category-konflikt-arabsko-izraelski"],"_links":{"self":[{"href":"https:\/\/www2.memri.org\/polish\/wp-json\/wp\/v2\/posts\/13697","targetHints":{"allow":["GET"]}}],"collection":[{"href":"https:\/\/www2.memri.org\/polish\/wp-json\/wp\/v2\/posts"}],"about":[{"href":"https:\/\/www2.memri.org\/polish\/wp-json\/wp\/v2\/types\/post"}],"author":[{"embeddable":true,"href":"https:\/\/www2.memri.org\/polish\/wp-json\/wp\/v2\/users\/1"}],"replies":[{"embeddable":true,"href":"https:\/\/www2.memri.org\/polish\/wp-json\/wp\/v2\/comments?post=13697"}],"version-history":[{"count":1,"href":"https:\/\/www2.memri.org\/polish\/wp-json\/wp\/v2\/posts\/13697\/revisions"}],"predecessor-version":[{"id":13702,"href":"https:\/\/www2.memri.org\/polish\/wp-json\/wp\/v2\/posts\/13697\/revisions\/13702"}],"wp:featuredmedia":[{"embeddable":true,"href":"https:\/\/www2.memri.org\/polish\/wp-json\/wp\/v2\/media\/13699"}],"wp:attachment":[{"href":"https:\/\/www2.memri.org\/polish\/wp-json\/wp\/v2\/media?parent=13697"}],"wp:term":[{"taxonomy":"category","embeddable":true,"href":"https:\/\/www2.memri.org\/polish\/wp-json\/wp\/v2\/categories?post=13697"},{"taxonomy":"post_tag","embeddable":true,"href":"https:\/\/www2.memri.org\/polish\/wp-json\/wp\/v2\/tags?post=13697"}],"curies":[{"name":"wp","href":"https:\/\/api.w.org\/{rel}","templated":true}]}}