{"id":13577,"date":"2020-01-17T21:16:00","date_gmt":"2020-01-17T20:16:00","guid":{"rendered":"https:\/\/www2.memri.org\/polish\/?p=13577"},"modified":"2020-01-20T21:17:50","modified_gmt":"2020-01-20T20:17:50","slug":"turecki-dziennikarz-kasem-solejmani-byl-wrogiem-turcji-zniechecal-pkk-do-zawarcia-pokoju-z-tureckim-rzadem-w-1999-r","status":"publish","type":"post","link":"https:\/\/www2.memri.org\/polish\/turecki-dziennikarz-kasem-solejmani-byl-wrogiem-turcji-zniechecal-pkk-do-zawarcia-pokoju-z-tureckim-rzadem-w-1999-r\/13577","title":{"rendered":"Turecki dziennikarz: Kasem Solejmani by\u0142 \u201ewrogiem Turcji\u201d; zniech\u0119ca\u0142 PKK do zawarcia pokoju z tureckim rz\u0105dem w 1999 r."},"content":{"rendered":"<p>W artykule z 10 stycznia 2020 r. w tureckiej gazecie \u201eYeni Akit daily\u201d zatytu\u0142owanym <em>Komentarz o Solejmanim Bing\u00f6la, eksperta ds. regionu: By\u0142 totalnym wrogiem Turcji<\/em>, cytowano s\u0142owa tureckiego dziennikarza, Nevzata Bing\u00f6la o Kasemie Soleimanim, przyw\u00f3dcy ira\u0144skiej Si\u0142y Kuds, kt\u00f3ry zosta\u0142 zabity 2 stycznia w uderzeniu powietrznym, stwierdzaj\u0105ce, \u017ce by\u0142 on \u201ewrogiem Turcji&#8221;<a name=\"_ednref1\"><\/a><a href=\"https:\/\/www.memri.org\/reports\/turkish-journalist-qassem-soleimani-was-enemy-turkey-discouraged-pkk-making-peace-turkish#_edn1\">[1]<\/a>.<\/p>\n<p><img loading=\"lazy\" decoding=\"async\" class=\"alignnone size-full wp-image-13579\" src=\"https:\/\/www2.memri.org\/polish\/wp-content\/uploads\/2020\/01\/sd8507-1.jpg\" width=\"579\" height=\"340\" srcset=\"https:\/\/www2.memri.org\/polish\/wp-content\/uploads\/2020\/01\/sd8507-1.jpg 579w, https:\/\/www2.memri.org\/polish\/wp-content\/uploads\/2020\/01\/sd8507-1-300x176.jpg 300w\" sizes=\"auto, (max-width: 579px) 100vw, 579px\" \/><em>Turecki dziennikarz Nevzat Bing\u00f6l powiedzia\u0142, \u017ce Solejmani zniech\u0119ca\u0142 PKK do zawarcia pokoju z rz\u0105dem Turcji.<\/em><\/p>\n<p>Bing\u00f6l opisa\u0142 wydarzenie, kt\u00f3rego by\u0142 \u015bwiadkiem w regionie Hakurk w p\u00f3\u0142nocnym Iraku. Powiedzia\u0142: \u201eKasem Solejmani by\u0142 wy\u0142\u0105cznie perskim nacjonalist\u0105. Mia\u0142 bardzo dobre stosunki z PKK<a name=\"_ednref2\"><\/a><a href=\"https:\/\/www.memri.org\/reports\/turkish-journalist-qassem-soleimani-was-enemy-turkey-discouraged-pkk-making-peace-turkish#_edn2\">[2]<\/a>.\u00a0Sta\u0142 za dzia\u0142aniami PKK\u2026 Kiedy grupa Alego Sapana<a name=\"_ednref3\"><\/a><a href=\"https:\/\/www.memri.org\/reports\/turkish-journalist-qassem-soleimani-was-enemy-turkey-discouraged-pkk-making-peace-turkish#_edn3\">[3]<\/a>poddawa\u0142a si\u0119 Turcji, by\u0142em w Obozie Hakurk Camp<a name=\"_ednref4\"><\/a><a href=\"https:\/\/www.memri.org\/reports\/turkish-journalist-qassem-soleimani-was-enemy-turkey-discouraged-pkk-making-peace-turkish#_edn4\">[4]<\/a>.\u00a0Kasem Solejmani nie chcia\u0142, by grupa podda\u0142a si\u0119 Turcji. Powiedzia\u0142: \u2019Nie mo\u017cecie ufa\u0107 Turkom\u2026 je\u015bli odm\u00f3wicie poddania si\u0119 Turcji, mo\u017cecie korzysta\u0107 z posterunk\u00f3w i szpitali na obszarze granicznym [Iranu]\u2019. To by\u0142o w 1999 r., nie by\u0142 w\u00f3wczas s\u0142ynny. Kiedy otrzyma\u0142 negatywn\u0105 odpowied\u017a, poniewa\u017c [przyw\u00f3dca PKK] Abdullah \u00d6calan podj\u0105\u0142 decyzj\u0119 w wi\u0119zieniu, Kasem Solejmani rozegra\u0142 jeszcze jedna kart\u0119. Powiedzia\u0142: 'Damy wam rakiety katiusze\u2019. W tym czasie PKK naprawd\u0119 chcia\u0142a katiusz. Odrzucili to tak\u017ce, poniewa\u017c Abdullah \u00d6calan podj\u0105\u0142 decyzj\u0119 i mia\u0142a by\u0107 zrealizowana.<\/p>\n<p>Kiedy grupa Alego Sapana podda\u0142a si\u0119 Turcji w \u015eemdinli [okr\u0119g w tureckiej prowincji Hakkari], Iran uderzy\u0142 w [G\u00f3ry] Kandil 200 rakietami. Odpowiedzia\u0142 na ich poddanie si\u0119 Turcji, ich zawarcie pokoju z Turcj\u0105, rakietami katiusza. Powiem wam, \u017ce dodawanie splendoru Solejmaniemu zasmuci\u0142o mnie. Uczciwie m\u00f3wi\u0105c, zaskoczy\u0142o mnie tak\u017ce, \u017ce og\u0142oszono go bohaterem w nacjonalistycznych kr\u0119gach\u2026 \u017ce wr\u00f3g Turcji, bez wiedzy kim Kasem Sulejmani [naprawd\u0119] by\u0142, zosta\u0142 tak bardzo wyniesiony. To, \u017ce dwaj tyrani [tj. USA i Iran] uderzaj\u0105 si\u0119 wzajemnie, nie jest zbyt wa\u017cne z naszej perspektywy\u201d.<\/p>\n<hr \/>\n<p><a name=\"_edn1\"><\/a><a href=\"https:\/\/www.memri.org\/reports\/turkish-journalist-qassem-soleimani-was-enemy-turkey-discouraged-pkk-making-peace-turkish#_ednref1\">[1]<\/a>\u00a0Yeniakit.com.tr\/haber\/bolgenin-uzmani-bingolden-suleymani-yorumu-tam-bir-turkiye-dusmaniydi-1003047.html, January 10, 2020<\/p>\n<p><a name=\"_edn2\"><\/a><a href=\"https:\/\/www.memri.org\/reports\/turkish-journalist-qassem-soleimani-was-enemy-turkey-discouraged-pkk-making-peace-turkish#_ednref2\">[2]<\/a>\u00a0The Partiya Karkarene Kurdistan (&#8222;Kurdistan Workers&#8217; Party&#8221;) is a Turkey-based Kurdish militant organization. The governments of Turkey, the U.S., the Eu, Australia, and Japan have designated it as a terrorist organization.<\/p>\n<p><a name=\"_edn3\"><\/a><a href=\"https:\/\/www.memri.org\/reports\/turkish-journalist-qassem-soleimani-was-enemy-turkey-discouraged-pkk-making-peace-turkish#_ednref3\">[3]<\/a>\u00a0Ali Sapan was the PKK&#8217;s chief in Europe in 1994 and in 1999, at the instruction of Abdullah \u00d6calan, who was imprisoned at the time in the island prison of \u0130mral\u0131 in the Marmara Sea, surrendered to the Turkish government. T24.com.tr\/haber\/pkknin-eski-avrupa-sorumlusu-simdi-asker,92896, August 22, 2010.<\/p>\n<p><a name=\"_edn4\"><\/a><a href=\"https:\/\/www.memri.org\/reports\/turkish-journalist-qassem-soleimani-was-enemy-turkey-discouraged-pkk-making-peace-turkish#_ednref4\">[4]<\/a>\u00a0The Hakurk Camp is a PKK camp in northern Iraq.<\/p>\n","protected":false},"excerpt":{"rendered":"<p>W artykule z 10 stycznia 2020 r. w tureckiej gazecie \u201eYeni Akit daily\u201d zatytu\u0142owanym Komentarz o Solejmanim Bing\u00f6la, eksperta ds. regionu: By\u0142 totalnym wrogiem Turcji, cytowano s\u0142owa tureckiego dziennikarza, Nevzata Bing\u00f6la o Kasemie Soleimanim, przyw\u00f3dcy ira\u0144skiej Si\u0142y Kuds, kt\u00f3ry zosta\u0142 zabity 2 stycznia w uderzeniu powietrznym, stwierdzaj\u0105ce, \u017ce by\u0142 on \u201ewrogiem Turcji&#8221;[1]. Turecki dziennikarz Nevzat [&hellip;]<\/p>\n","protected":false},"author":1,"featured_media":13579,"comment_status":"open","ping_status":"open","sticky":false,"template":"","format":"standard","meta":{"footnotes":""},"categories":[824,825,835,836,837,843],"tags":[],"class_list":["post-13577","post","type-post","status-publish","format-standard","has-post-thumbnail","hentry","category-specjalne-komunikaty","category-reformy-w-swiecie-arabskim-i-muzulmanskim","category-archiwum","category-tematy","category-kraje","category-turcja"],"_links":{"self":[{"href":"https:\/\/www2.memri.org\/polish\/wp-json\/wp\/v2\/posts\/13577","targetHints":{"allow":["GET"]}}],"collection":[{"href":"https:\/\/www2.memri.org\/polish\/wp-json\/wp\/v2\/posts"}],"about":[{"href":"https:\/\/www2.memri.org\/polish\/wp-json\/wp\/v2\/types\/post"}],"author":[{"embeddable":true,"href":"https:\/\/www2.memri.org\/polish\/wp-json\/wp\/v2\/users\/1"}],"replies":[{"embeddable":true,"href":"https:\/\/www2.memri.org\/polish\/wp-json\/wp\/v2\/comments?post=13577"}],"version-history":[{"count":1,"href":"https:\/\/www2.memri.org\/polish\/wp-json\/wp\/v2\/posts\/13577\/revisions"}],"predecessor-version":[{"id":13580,"href":"https:\/\/www2.memri.org\/polish\/wp-json\/wp\/v2\/posts\/13577\/revisions\/13580"}],"wp:featuredmedia":[{"embeddable":true,"href":"https:\/\/www2.memri.org\/polish\/wp-json\/wp\/v2\/media\/13579"}],"wp:attachment":[{"href":"https:\/\/www2.memri.org\/polish\/wp-json\/wp\/v2\/media?parent=13577"}],"wp:term":[{"taxonomy":"category","embeddable":true,"href":"https:\/\/www2.memri.org\/polish\/wp-json\/wp\/v2\/categories?post=13577"},{"taxonomy":"post_tag","embeddable":true,"href":"https:\/\/www2.memri.org\/polish\/wp-json\/wp\/v2\/tags?post=13577"}],"curies":[{"name":"wp","href":"https:\/\/api.w.org\/{rel}","templated":true}]}}