{"id":13566,"date":"2020-01-14T01:33:24","date_gmt":"2020-01-14T00:33:24","guid":{"rendered":"https:\/\/www2.memri.org\/polish\/?p=13566"},"modified":"2020-01-17T01:37:23","modified_gmt":"2020-01-17T00:37:23","slug":"glowny-doradca-erdogana-i-byly-general-tanriverdi-przedstawia-wizje-odzwierciedlona-w-tureckiej-polityce-zjednoczonego-islamskiego-supermocarstwa-opartego-na-szariacie-i-skladajace","status":"publish","type":"post","link":"https:\/\/www2.memri.org\/polish\/glowny-doradca-erdogana-i-byly-general-tanriverdi-przedstawia-wizje-odzwierciedlona-w-tureckiej-polityce-zjednoczonego-islamskiego-supermocarstwa-opartego-na-szariacie-i-skladajace\/13566","title":{"rendered":"G\u0142\u00f3wny doradca Erdo\u011fana i by\u0142y genera\u0142 Tanr\u0131verdi przedstawia wizj\u0119 \u2013 odzwierciedlon\u0105 w tureckiej polityce \u2013 zjednoczonego islamskiego supermocarstwa opartego na szariacie i sk\u0142adaj\u0105cego si\u0119 z 61 kraj\u00f3w ze stolic\u0105 w Stambule"},"content":{"rendered":"<p><em>G\u0142\u00f3wny doradca tureckiego prezydenta Recepa Tayyip Erdo\u011fana, emerytowany genera\u0142 Adnan Tanr\u0131verdi, formu\u0142owa\u0142 na konferencjach i w dokumentach publikowanych przez jego organizacje wizj\u0119 zjednoczonego islamskiego supermocarstwa. Polityka zagraniczna prezydenta Erdo\u011fana odzwierciedla t\u0119 wizj\u0119.<\/em><\/p>\n<p><em>O\u015brodek Bada\u0144 Strategicznych Obro\u0144c\u00f3w Sprawiedliwo\u015bci (ASSAM), w kt\u00f3rym Tanr\u0131verdi jest przewodnicz\u0105cym zarz\u0105du, zaplanowa\u0142 siedem dorocznych \u201ekongres\u00f3w\u201d, z kt\u00f3rych trzy ju\u017c si\u0119 odby\u0142y, do opracowania technicznych problem\u00f3w w tworzeniu i zarz\u0105dzaniu \u201eislamskim zwi\u0105zkiem&#8221;<a name=\"_ednref1\"><\/a><a href=\"https:\/\/www.memri.org\/reports\/erdo%C4%9Fans-chief-advisor-and-former-general-tanr%C4%B1verdi-presents-vision-%E2%80%93-reflected-turkeys#_edn1\">[1]<\/a>. Na niedawnym kongresie ASSAM Tanr\u0131verdi wezwa\u0142 do koordynacji wsp\u00f3lnej produkcji broni i wojskowego wyposa\u017cenia kraj\u00f3w islamskich, m\u00f3wi\u0105c: &#8222;Pa\u0144stwa nie mog\u0105 sta\u0107 z podniesion\u0105 g\u0142ow\u0105 przeciwko krajom, kt\u00f3rych bro\u0144 u\u017cywaj\u0105\u201d. ASSAM opublikowa\u0142 tak\u017ce 69-stronicowy szkic konstytucji dla planowanej, opartej na szariacie konfederacji 61 islamskich kraj\u00f3w. Ta konstytucja deklaruje, \u017ce \u201dsuwerenno\u015b\u0107 nale\u017cy do szariatu\u201d, \u017ce Stambu\u0142 b\u0119dzie stolic\u0105 konfederacji, \u017ce j\u0119zyk arabski b\u0119dzie nauczany we wszystkich szko\u0142ach i \u017ce jej nazwa b\u0119dzie brzmia\u0142a &#8222;Asrica&#8221;, co jest po\u0142\u0105czeniem nazw Azji i Afryki. \u00a0<\/em><\/p>\n<p><img loading=\"lazy\" decoding=\"async\" class=\"alignnone size-full wp-image-13568\" src=\"https:\/\/www2.memri.org\/polish\/wp-content\/uploads\/2020\/01\/SD8493-1.jpg\" width=\"600\" height=\"275\" srcset=\"https:\/\/www2.memri.org\/polish\/wp-content\/uploads\/2020\/01\/SD8493-1.jpg 600w, https:\/\/www2.memri.org\/polish\/wp-content\/uploads\/2020\/01\/SD8493-1-300x138.jpg 300w\" sizes=\"auto, (max-width: 600px) 100vw, 600px\" \/>Tanr\u0131verdi<em>,\u00a0<\/em>drugi od prawej, na spotkaniu najwy\u017cszych rang\u0105 funkcjonariuszy tureckich przed du\u017c\u0105 operacj\u0105 militarn\u0105 w styczniu 2018 roku.<\/p>\n<p><em>Tanr\u0131verdi jest tak\u017ce przewodnicz\u0105cym zarz\u0105du tureckiej firmy zajmuj\u0105cej si\u0119 konsultacjami w sprawach obrony, SADAT Inc., na kt\u00f3rej witrynie internetowej Tanr\u0131verdi zamieszcza swoje wypowiedzi. Jedna z niedawnych wypowiedzi brzmi: &#8222;Dobrostan narod\u00f3w tureckich i muzu\u0142ma\u0144skich oraz zaprowadzenie pokoju i sprawiedliwo\u015bci na \u015bwiecie zale\u017cy od pojawienia si\u0119 kraj\u00f3w islamskich jako supermocarstwa na globalnej scenie politycznej&#8221;<a name=\"_ednref2\"><\/a><a href=\"https:\/\/www.memri.org\/reports\/erdo%C4%9Fans-chief-advisor-and-former-general-tanr%C4%B1verdi-presents-vision-%E2%80%93-reflected-turkeys#_edn2\">[2]<\/a>. Powiedzia\u0142 tak\u017ce, \u017ce \u201e\u015awiat islamski powinien przygotowa\u0107 armi\u0119 dla Palestyny poza Palestyn\u0105\u201d, za\u015b SADAT Inc. opublikowa\u0142 materia\u0142 nakre\u015blaj\u0105cy hipotetyczny wsp\u00f3lny atak na Izrael przez 57 kraj\u00f3w islamskich<a name=\"_ednref3\"><\/a><a href=\"https:\/\/www.memri.org\/reports\/erdo%C4%9Fans-chief-advisor-and-former-general-tanr%C4%B1verdi-presents-vision-%E2%80%93-reflected-turkeys#_edn3\">[3]<\/a>. Strona na witrynie internetowej SADAT Inc. o\u015bwiadcza, \u017ce &#8222;SADAT A.S. by\u0142 w Libii, by ustali\u0107 potrzeby Nowych Libijskich Si\u0142 Zbrojnych i szuka\u0107 mo\u017cliwo\u015bci dostarczenia Libii Konsultacji, Szkolenia, Wyposa\u017cenia Wojskowego\u201d i pokazuje zdj\u0119cie Tanr\u0131verdiego \u015bciskaj\u0105cego r\u0119ce z libijskim oficerem, kiedy ci dwaj trzymaj\u0105 osma\u0144ski herb. <\/em><\/p>\n<p><img loading=\"lazy\" decoding=\"async\" class=\"alignnone size-full wp-image-13569\" src=\"https:\/\/www2.memri.org\/polish\/wp-content\/uploads\/2020\/01\/SD84931.jpg\" width=\"606\" height=\"670\" srcset=\"https:\/\/www2.memri.org\/polish\/wp-content\/uploads\/2020\/01\/SD84931.jpg 606w, https:\/\/www2.memri.org\/polish\/wp-content\/uploads\/2020\/01\/SD84931-271x300.jpg 271w, https:\/\/www2.memri.org\/polish\/wp-content\/uploads\/2020\/01\/SD84931-600x663.jpg 600w, https:\/\/www2.memri.org\/polish\/wp-content\/uploads\/2020\/01\/SD84931-380x420.jpg 380w\" sizes=\"auto, (max-width: 606px) 100vw, 606px\" \/>Tanr\u0131verdi, podczas wizyty w Libii \u015bciska r\u0119k\u0119 libijskiego oficera, podczas gdy razem trzymaj\u0105 osma\u0144ski herb.<\/p>\n<p><em>W niedatowanym wideo Tanr\u0131verdi przedstawi\u0142 kilka wojskowych strategii, jakie zaproponowa\u0142, a kt\u00f3re rz\u0105d AKP w Turcji nast\u0119pnie wcieli\u0142 w \u017cycie<a name=\"_ednref4\"><\/a><a href=\"https:\/\/www.memri.org\/reports\/erdo%C4%9Fans-chief-advisor-and-former-general-tanr%C4%B1verdi-presents-vision-%E2%80%93-reflected-turkeys#_edn4\">[4]<\/a>.\u00a0Istotnie, znaczn\u0105 cz\u0119\u015b\u0107 polityki zagranicznej prezydenta Erdo\u011fana mo\u017cna widzie\u0107 jako realizacj\u0119 etap\u00f3w wizji Tanr\u0131verdiego. To wyja\u015bnia\u0142oby posuni\u0119cia prezydenta Erdo\u011fana: wyprawienie tureckich wojsk do Syrii, kt\u00f3re zacz\u0119\u0142o si\u0119 na pocz\u0105tku stycznia 2020 roku i kt\u00f3re jedna z prorz\u0105dowych gazet \u015bwi\u0119towa\u0142a w historycznych kategoriach: &#8222;100 lat p\u00f3\u017aniej wojska wr\u00f3ci\u0142y do regionu&#8221;<a name=\"_ednref5\"><\/a><a href=\"https:\/\/www.memri.org\/reports\/erdo%C4%9Fans-chief-advisor-and-former-general-tanr%C4%B1verdi-presents-vision-%E2%80%93-reflected-turkeys#_edn5\">[5]<\/a>;\u00a0zbrojenie i szkolenie si\u0142 proislamistycznego Rz\u0105du Zgody Narodowej (GNA) w Libii<a name=\"_ednref6\"><\/a><a href=\"https:\/\/www.memri.org\/reports\/erdo%C4%9Fans-chief-advisor-and-former-general-tanr%C4%B1verdi-presents-vision-%E2%80%93-reflected-turkeys#_edn6\">[6]<\/a>; starania o stworzenie koalicji mi\u0119dzy jego rz\u0105dem a rz\u0105dami Tunezji, Algierii i GNA<a name=\"_ednref7\"><\/a><a href=\"https:\/\/www.memri.org\/reports\/erdo%C4%9Fans-chief-advisor-and-former-general-tanr%C4%B1verdi-presents-vision-%E2%80%93-reflected-turkeys#_edn7\">[7]<\/a>;\u00a0wys\u0142anie zbrojnych dron\u00f3w do p\u00f3\u0142nocnego Cypru<a name=\"_ednref8\"><\/a><a href=\"https:\/\/www.memri.org\/reports\/erdo%C4%9Fans-chief-advisor-and-former-general-tanr%C4%B1verdi-presents-vision-%E2%80%93-reflected-turkeys#_edn8\">[8]<\/a>;\u00a0trzy inwazje p\u00f3\u0142nocnej Syrii, ostatnia z nich rozpocz\u0119\u0142a si\u0119 w pa\u017adzierniku 2019<a name=\"_ednref9\"><\/a><a href=\"https:\/\/www.memri.org\/reports\/erdo%C4%9Fans-chief-advisor-and-former-general-tanr%C4%B1verdi-presents-vision-%E2%80%93-reflected-turkeys#_edn9\">[9]<\/a>; za\u0142o\u017cenie bazy wojskowej mieszcz\u0105cej tureckich \u017co\u0142nierzy w Katarze<a name=\"_ednref10\"><\/a><a href=\"https:\/\/www.memri.org\/reports\/erdo%C4%9Fans-chief-advisor-and-former-general-tanr%C4%B1verdi-presents-vision-%E2%80%93-reflected-turkeys#_edn10\">[10]<\/a>; za\u0142o\u017cenie najwi\u0119kszej zagranicznej bazy wojskowej Turcji w Somalii<a name=\"_ednref11\"><\/a><a href=\"https:\/\/www.memri.org\/reports\/erdo%C4%9Fans-chief-advisor-and-former-general-tanr%C4%B1verdi-presents-vision-%E2%80%93-reflected-turkeys#_edn11\">[11]<\/a>;\u00a0 i mo\u017cliwe tajne transporty broni do Nigerii<a name=\"_ednref12\"><\/a><a href=\"https:\/\/www.memri.org\/reports\/erdo%C4%9Fans-chief-advisor-and-former-general-tanr%C4%B1verdi-presents-vision-%E2%80%93-reflected-turkeys#_edn12\">[12]<\/a>. Jeden z tureckich autor\u00f3w zobaczy\u0142 zwi\u0105zek mi\u0119dzy wp\u0142ywem Tanr\u0131verdiego a wypowiedzi\u0105 Erdo\u011fana na niedawnym otwarciu nowego budynku tureckiego wywiadu narodowego, Milli \u0130stihbarat Te\u015fkilat\u0131 (M\u0130T), w kt\u00f3rej Erdo\u011fan powiedzia\u0142: &#8222;B\u0119dziemy kontynuowa\u0107 wzmacnianie operacyjnego potencja\u0142u M\u0130T za granicami, zmniejszaj\u0105c r\u00f3wnocze\u015bnie jego obowi\u0105zki w kraju&#8221;<a name=\"_ednref13\"><\/a><a href=\"https:\/\/www.memri.org\/reports\/erdo%C4%9Fans-chief-advisor-and-former-general-tanr%C4%B1verdi-presents-vision-%E2%80%93-reflected-turkeys#_edn13\">[13]<\/a>.<\/em><\/p>\n<p><em>Zamiar zrealizowania wizji Tanr\u0131verdiego w praktyce wyja\u015bni\u0142by tak\u017ce dzia\u0142ania prezydenta Erdo\u011fana: polityczne manewrowanie o przyw\u00f3dztwo w \u015bwiecie islamskim, jak przez szczyt w grudniu 2019 r. w Kuala Lumpur mi\u0119dzy prezydentem Erdo\u011fanem, ira\u0144skim prezydentem Hassanem Rohanim, katarskim emirem Tamimem bin Hamad Aal Thanim i malezyjskim premierem Mahathirem Mohamadem<a name=\"_ednref14\"><\/a><a href=\"https:\/\/www.memri.org\/reports\/erdo%C4%9Fans-chief-advisor-and-former-general-tanr%C4%B1verdi-presents-vision-%E2%80%93-reflected-turkeys#_edn14\">[14]<\/a>; militarna wsp\u00f3\u0142praca z Pakistanem, w\u0142\u0105cznie ze wsp\u00f3lnymi manewrami, militarnymi grantami i dostaw\u0105 cz\u0119\u015bci wyposa\u017cenia wojskowego do Pakistanu oraz zakup przez Pakistan 30 wyprodukowanych w Turcji helikopter\u00f3w ATAK i czterech wyprodukowanych w Turcji okr\u0119t\u00f3w wojennych typu korwet, MILGEM<a name=\"_ednref15\"><\/a><a href=\"https:\/\/www.memri.org\/reports\/erdo%C4%9Fans-chief-advisor-and-former-general-tanr%C4%B1verdi-presents-vision-%E2%80%93-reflected-turkeys#_edn15\">[15]<\/a>;\u00a0ekspansja tureckiego przemys\u0142u zbrojeniowego i eksportu broni; u\u017cywanie tureckiej diaspory w Europie i innych cz\u0119\u015bciach \u015bwiata, w\u0142\u0105cznie z zatrudnionymi przez rz\u0105d turecki imamami, oskar\u017conymi o szpiegostwo oraz zbudowanie ponad 100 meczet\u00f3w za granic\u0105<a name=\"_ednref16\"><\/a><a href=\"https:\/\/www.memri.org\/reports\/erdo%C4%9Fans-chief-advisor-and-former-general-tanr%C4%B1verdi-presents-vision-%E2%80%93-reflected-turkeys#_edn16\">[16]<\/a>; starania poprzez dyplomacj\u0119, NGO, konferencje, slogany, media i \u2013 w wypadku Kazachstanu, Uzbekistanu i Azerbejd\u017canu \u2013 militarna wsp\u00f3\u0142praca dla stworzenia silnych zwi\u0105zk\u00f3w z krajami, kt\u00f3re m\u00f3wi\u0105\u00a0j\u0119zykami tureckimi. Te starania obejmuj\u0105 za\u0142o\u017cenie Tureckiej Rady<a name=\"_ednref17\"><\/a><a href=\"https:\/\/www.memri.org\/reports\/erdo%C4%9Fans-chief-advisor-and-former-general-tanr%C4%B1verdi-presents-vision-%E2%80%93-reflected-turkeys#_edn17\">[17]<\/a>.<\/em><\/p>\n<p><em>Po publicznej debacie i ostrym sprzeciwie w sprawie uwag, jakie Tanr\u0131verdi wyg\u0142osi\u0142 na trzecim kongresie ASSAM, kt\u00f3ry odby\u0142 si\u0119 w dniach 19-21 grudnia 2019 r., o przyj\u015bciu Mahdiego, zrezygnowa\u0142 on ze stanowiska doradcy Erdo\u011fana 8 stycznia 2020 r.<a name=\"_ednref18\"><\/a><a href=\"https:\/\/www.memri.org\/reports\/erdo%C4%9Fans-chief-advisor-and-former-general-tanr%C4%B1verdi-presents-vision-%E2%80%93-reflected-turkeys#_edn18\">[18]<\/a>\u00a0Powiedzia\u0142 na trzecim kongresie ASSAM, omawiaj\u0105c potrzeb\u0119 stworzenia islamskiej konfederacji: \u201eKiedy przyjdzie Mahdi? Allah, Najwy\u017cszy, wie. Czy nie mamy pracy [do wykonania]? Czy nie musimy przygotowa\u0107 warunk\u00f3w?\u201d Wiele opozycyjnych gazet zareagowa\u0142o na te wypowiedzi i na inne publikacje Tanr\u0131verdiego. Czo\u0142owa gazeta opozycyjna \u201eCumhuriyet\u201d opublikowa\u0142a artyku\u0142 zatytu\u0142owany: <\/em>Oni naprawd\u0119 chc\u0105 \u201eIslamskiego Pa\u0144stwa\u201d!<a name=\"_ednref19\"><\/a><a href=\"https:\/\/www.memri.org\/reports\/erdo%C4%9Fans-chief-advisor-and-former-general-tanr%C4%B1verdi-presents-vision-%E2%80%93-reflected-turkeys#_edn19\"><em>[19]<\/em><\/a><\/p>\n<p><em>Niniejszy raport jest przegl\u0105dem niekt\u00f3rych niedawnych i dawniejszych wypowiedzi Tanr\u0131verdiego, w\u0142\u0105cznie z wypowiedziami sprzed i podczas trzeciego kongresu ASSAM, oraz wypowiedzi\u0105 zamieszczon\u0105 na witrynie internetowej SADAT Inc. Jest tu r\u00f3wnie\u017c przegl\u0105d szkicu konstytucji, opublikowanej przez ASSAM na jego witrynie internetowej, dla planowanej konfederacji 61 kraj\u00f3w islamskich w oparciu o szariat. \u00a0<\/em><\/p>\n<p><em> <img loading=\"lazy\" decoding=\"async\" class=\"alignnone size-full wp-image-13570\" src=\"https:\/\/www2.memri.org\/polish\/wp-content\/uploads\/2020\/01\/SD84932.jpg\" width=\"760\" height=\"450\" srcset=\"https:\/\/www2.memri.org\/polish\/wp-content\/uploads\/2020\/01\/SD84932.jpg 760w, https:\/\/www2.memri.org\/polish\/wp-content\/uploads\/2020\/01\/SD84932-300x178.jpg 300w, https:\/\/www2.memri.org\/polish\/wp-content\/uploads\/2020\/01\/SD84932-600x355.jpg 600w, https:\/\/www2.memri.org\/polish\/wp-content\/uploads\/2020\/01\/SD84932-696x412.jpg 696w, https:\/\/www2.memri.org\/polish\/wp-content\/uploads\/2020\/01\/SD84932-709x420.jpg 709w\" sizes=\"auto, (max-width: 760px) 100vw, 760px\" \/><\/em><\/p>\n<p><strong><em>[Ci\u0105g dalszy tekstu nie jest spolszczony]<br \/>\n<\/em><\/strong><a href=\"https:\/\/www.memri.org\/reports\/erdo%C4%9Fans-chief-advisor-and-former-general-tanr%C4%B1verdi-presents-vision-%E2%80%93-reflected-turkeys\"><em>https:\/\/www.memri.org\/reports\/erdo%C4%9Fans-chief-advisor-and-former-general-tanr%C4%B1verdi-presents-vision-%E2%80%93-reflected-turkeys<\/em><\/a><\/p>\n<hr \/>\n<p><a name=\"_edn1\"><\/a><a href=\"https:\/\/www.memri.org\/reports\/erdo%C4%9Fans-chief-advisor-and-former-general-tanr%C4%B1verdi-presents-vision-%E2%80%93-reflected-turkeys#_ednref1\">[1]<\/a>\u00a0Assam.org.tr\/index.php\/haberler\/haberler\/simit-bile-satamayacaksiniz.html, February 25, 2016.<\/p>\n<p><a name=\"_edn2\"><\/a><a href=\"https:\/\/www.memri.org\/reports\/erdo%C4%9Fans-chief-advisor-and-former-general-tanr%C4%B1verdi-presents-vision-%E2%80%93-reflected-turkeys#_ednref2\">[2]<\/a>\u00a0Sadat.com.tr\/tr\/hakkimizda\/haberler\/148-islam-dunyasinin-gelecegi-ve-sadat-a-s.html, February 11, 2012.<\/p>\n<p><a name=\"_edn3\"><\/a><a href=\"https:\/\/www.memri.org\/reports\/erdo%C4%9Fans-chief-advisor-and-former-general-tanr%C4%B1verdi-presents-vision-%E2%80%93-reflected-turkeys#_ednref3\">[3]<\/a>\u00a0See MEMRI Special Dispatch No 8389\u00a0<a href=\"https:\/\/www.memri.org\/reports\/chief-advisor-turkish-president-erdo%C4%9Fan-islamic-world-should-prepare-army-palestine-outside\">Chief Advisor To Turkish President Erdo\u011fan: 'The Islamic World Should Prepare An Army For Palestine From Outside Palestine&#8217;<\/a>, December 2, 2019; See MEMRI Special Dispatch No 7371\u00a0<a href=\"https:\/\/www.memri.org\/reports\/turkish-newspaper-close-president-erdogan-calls-form-joint-islamic-army-fight-israel#_edn3\">Turkish Newspaper Close To President Erdogan Calls To Form Joint Islamic Army To Fight Israel<\/a>, March 7, 2018.<\/p>\n<p><a name=\"_edn4\"><\/a><a href=\"https:\/\/www.memri.org\/reports\/erdo%C4%9Fans-chief-advisor-and-former-general-tanr%C4%B1verdi-presents-vision-%E2%80%93-reflected-turkeys#_ednref4\">[4]<\/a>\u00a0Hurriyet.com.tr\/gundem\/sadatin-kurucusu-cumhurbaskanligi-basdanismani-oldu-40197846, August 17, 2016.<\/p>\n<p><a name=\"_edn5\"><\/a><a href=\"https:\/\/www.memri.org\/reports\/erdo%C4%9Fans-chief-advisor-and-former-general-tanr%C4%B1verdi-presents-vision-%E2%80%93-reflected-turkeys#_ednref5\">[5]<\/a>\u00a0Yeniakit.com.tr\/haber\/ve-100-yil-sonra-turk-askeri-libyada-997580.html, July 1, 2020.<\/p>\n<p><a name=\"_edn6\"><\/a><a href=\"https:\/\/www.memri.org\/reports\/erdo%C4%9Fans-chief-advisor-and-former-general-tanr%C4%B1verdi-presents-vision-%E2%80%93-reflected-turkeys#_ednref6\">[6]<\/a>\u00a0See MEMRI Special Dispatch No 8395\u00a0<a href=\"https:\/\/www.memri.org\/reports\/violating-un-arms-embargo-turkeys-akp-government-ships-armed-drones-armored-vehicles-laser\">Violating UN Arms Embargo, Turkey&#8217;s AKP Government Ships Armed Drones, Armored Vehicles, 'Laser Weapons,&#8217; Other Arms And Ammunition To Pro-Islamist Government In Libya, Trains Libyan Military And Police Personnel<\/a>, December 6, 2019.<\/p>\n<p><a name=\"_edn7\"><\/a><a href=\"https:\/\/www.memri.org\/reports\/erdo%C4%9Fans-chief-advisor-and-former-general-tanr%C4%B1verdi-presents-vision-%E2%80%93-reflected-turkeys#_ednref7\">[7]<\/a>\u00a0Hurriyet.com.tr\/dunya\/son-dakika-libyadan-turkiye-aciklamasi-41406529, December 26, 2019.<\/p>\n<p><a name=\"_edn8\"><\/a><a href=\"https:\/\/www.memri.org\/reports\/erdo%C4%9Fans-chief-advisor-and-former-general-tanr%C4%B1verdi-presents-vision-%E2%80%93-reflected-turkeys#_ednref8\">[8]<\/a>\u00a0See MEMRI Special Dispatch No. 8432\u00a0<a href=\"https:\/\/www.memri.org\/reports\/turkey-deploys-armed-drones-northern-cyprus\">Turkey Deploys Armed Drones To Northern Cyprus<\/a>, December 23, 2019.<\/p>\n<p><a name=\"_edn9\"><\/a><a href=\"https:\/\/www.memri.org\/reports\/erdo%C4%9Fans-chief-advisor-and-former-general-tanr%C4%B1verdi-presents-vision-%E2%80%93-reflected-turkeys#_ednref9\">[9]<\/a>\u00a0Turkey&#8217;s Operation Euphrates Shield took place from August 2016 to March 2017, Operation Olive Branch took place in January-March 2018, and the main combat of Operation Peace Fountain took place in October-November 2019. Turkish soldiers remain in northern Syria as of this writing.<\/p>\n<p><a name=\"_edn10\"><\/a><a href=\"https:\/\/www.memri.org\/reports\/erdo%C4%9Fans-chief-advisor-and-former-general-tanr%C4%B1verdi-presents-vision-%E2%80%93-reflected-turkeys#_ednref10\">[10]<\/a>\u00a0See MEMRI Inquiry And Analysis No. 1482\u00a0<a href=\"https:\/\/www.memri.org\/reports\/turkey-qatar-relations-bilateral-ties-strategic-partnership-coverpage\">Turkey-Qatar Relations: From Bilateral Ties To A Comprehensive Strategic Partnership<\/a>, November 12, 2019.<\/p>\n<p><a name=\"_edn11\"><\/a><a href=\"https:\/\/www.memri.org\/reports\/erdo%C4%9Fans-chief-advisor-and-former-general-tanr%C4%B1verdi-presents-vision-%E2%80%93-reflected-turkeys#_ednref11\">[11]<\/a>\u00a0Bbc.com\/turkce\/haberler-turkiye-41453052, September 30, 2017.<\/p>\n<p><a name=\"_edn12\"><\/a><a href=\"https:\/\/www.memri.org\/reports\/erdo%C4%9Fans-chief-advisor-and-former-general-tanr%C4%B1verdi-presents-vision-%E2%80%93-reflected-turkeys#_ednref12\">[12]<\/a>\u00a0See MEMRI Special Dispatch No. 8421\u00a0March 2014 Audio Reportedly Features Phone Call Between Turkish Airlines Executive, Erdo\u011fan Advisor About Turkish Arms Shipments To Nigeria: 'Are They Going To Kill Muslims Or Are They Going To Kill Christians? We Are In Sin Right Now&#8217;, December 18, 2019.<\/p>\n<p><a name=\"_edn13\"><\/a><a href=\"https:\/\/www.memri.org\/reports\/erdo%C4%9Fans-chief-advisor-and-former-general-tanr%C4%B1verdi-presents-vision-%E2%80%93-reflected-turkeys#_ednref13\">[13]<\/a>\u00a0Tenicaggazetesi.com.tr\/mitin-yeni-yapisi-ve-sehir-guvenligi-54533yy.htm, January 13, 2020.<\/p>\n<p><a name=\"_edn14\"><\/a><a href=\"https:\/\/www.memri.org\/reports\/erdo%C4%9Fans-chief-advisor-and-former-general-tanr%C4%B1verdi-presents-vision-%E2%80%93-reflected-turkeys#_ednref14\">[14]<\/a>\u00a0See MEMRI Special Dispatch No. 8431\u00a0<a href=\"https:\/\/www.memri.org\/reports\/kuala-lumpur-summit-2019-bid-qatar-turkey-malaysia-iran-challenge-saudi-arabias-standing\">Kuala Lumpur Summit 2019: A Bid By Qatar, Turkey, Malaysia, Iran To Challenge Saudi Arabia&#8217;s Standing In Muslim World<\/a>, December 23, 2019.<\/p>\n<p><a name=\"_edn15\"><\/a><a href=\"https:\/\/www.memri.org\/reports\/erdo%C4%9Fans-chief-advisor-and-former-general-tanr%C4%B1verdi-presents-vision-%E2%80%93-reflected-turkeys#_ednref15\">[15]<\/a>\u00a0Ulusal.com.tr\/gundem\/pakistan-ve-turkiye-ortak-tatbikat-yapti-h234315.html; Parstoday.com\/tr\/news\/turkey-i70806-t%C3%BCrkiye_ile_pakistan_askeri_i%C5%9Fbirli%C4%9Finin_artmas%C4%B1, May 15, 2017; Yeniasya.com.tr\/dunya\/turkiye-ve-pakistan-arasinda-stratejik-ortaklik-buyuyor_475905, October 17, 2018; Aa.com.tr\/tr\/dunya\/uzak-cografyalarda-kardes-iki-ulke-turkiye-pakistan\/1354703, January 3, 2019; Aa.com.tr\/tr\/dunya\/turk-savunma-sanayi-fuari-pakistanda-acildi\/1624931, October 24, 2019; Ntv.com.tr\/turkiye\/turkiyeden-pakistana-120-milyon-tllik-askeri-hibe,q3xXeJ9zT0iExBry1nhd9w, May 13, 2017; Hurriyet.com.tr\/gundem\/1-5-milyar-dolarlik-satis-icin-ataka-motor-seferberligi-41035869, November 29, 2018; Yenisafak.com\/gundem\/pakistana-4-korvet-3382391, July 6, 2018.<\/p>\n<p><a name=\"_edn16\"><\/a><a href=\"https:\/\/www.memri.org\/reports\/erdo%C4%9Fans-chief-advisor-and-former-general-tanr%C4%B1verdi-presents-vision-%E2%80%93-reflected-turkeys#_ednref16\">[16]<\/a>\u00a0Amerikaninsesi.com\/a\/almanyada-turk-imamlar-casusluk-yapti-iddiasi\/3693153.html, January 26, 2017; Dw.com\/tr\/t%C3%BCrk-imamlar-casusluk-mu-yapt%C4%B1\/a-37114196, December 1, 2017; Odatv.com\/imamlar-geri-cekiliyor-1002171200.html, February 10, 2017; Odatv.com\/imamlardan-olusan-casus-ordusu-2803171200.html, March 28, 2017; Dw.com\/en\/the-lobby-behind-turkeys-prime-minister\/a-17652516, May 21, 2014; Uetd.org\/page\/11\/?page=19400, accessed January 8, 2020, aksam.com.tr\/kultur-sanat\/turkiye-yurt-disinda-kac-camii-insa-etti-bu-camiler-hangi-ulkede\/haber-972157, May 17, 2019.<\/p>\n<p><a name=\"_edn17\"><\/a><a href=\"https:\/\/www.memri.org\/reports\/erdo%C4%9Fans-chief-advisor-and-former-general-tanr%C4%B1verdi-presents-vision-%E2%80%93-reflected-turkeys#_ednref17\">[17]<\/a>\u00a0Qha.com.tr\/haberler\/ankara-da-turk-devletleri-birligine-giden-yolda-nazarbayev-paneli-yapildi\/123969, November 30, 2019; Aa.com.tr\/tr\/dunya\/ozbekistan-turkiye-pakistan-ortak-tatbikati-sona-erdi\/1463668, April 26, 2019; Trtavaz.com.tr\/haber\/tur\/avrasyadan\/ozbekistanda-modern-catismalarda-turk-silahli-kuvvetlerinin-saha-tecrubesi-ko\/5de2465f01a30a20e0c70303, November 30, 2019; Trtavaz.com.tr\/haber\/tur\/avrasyadan\/turk-uzmanlardan-ozbek-askerlere-terorle-mucadele-egitimi\/5dbe76ca01a30a0c1482e2ff, November 3, 2019; Qha.com.tr\/haberler\/kazakistan-dan-turkiye-askeri-alanda-ortagimiz-aciklamasi\/117859, November 20, 2019; Hurriyet.com.tr\/dunya\/kazakistan-savunma-bakan-yardimcisi-dandibayev-ana-ortaklarimizdan-biri-turkiye-41377680, November 19, 2019; Hurriyet.com.tr\/dunya\/turkiye-ve-azerbaycan-nahcivanda-ortak-askeri-tatbikat-baslatti-41238029, June 8, 2019; Yeniasya.com.tr\/dunya\/turkiye-ve-azerbaycan-askeri-tatbikat-yapiyor_492535, May 3, 2019; Trtworld.com\/opinion\/the-turkic-world-is-on-the-edge-of-a-historic-revival-30327, October 3, 2019; Qha.com.tr\/haberler\/erdogan-turk-kenesi-ne-katilmak-uzere-azerbaycan-a-gidiyor\/98401, October 14, 2019; Turkkon.org, accessed January 8, 2020; Turksoy.org\/en, accessed January 8, 2020; Star.com.tr\/ekonomi\/alti-devlet-tek-milletiz-haber-1487015, October 15, 2019; Iha.com.tr\/haber-cumhurbaskani-erdogan-basladigimiz-isi-muhakkak-bitirecegiz-806627, October 14, 2019; Cnnturk.com\/turkiye\/turk-dunyasinin-stratejik-cati-kurulusu-turk-kenesi, July 30, 2019; Tr.euronews.com\/2018\/09\/03\/-turk-konseyi-6-devlet-baskanlari-zirvesi-kirgizistan-da-basladi, September 3, 2018; Aa.com.tr\/tr\/dunya\/turk-konseyi-ulkelerine-daha-yakin-olmak-istiyoruz\/1313890, May 24, 2019; Kibrispostasi.com\/c36-TURKIYE\/n285730-erdogan-kktcnin-turk-konseyine-gozlemci-uye-olmasi-icin-dest, May 21, 2019.<\/p>\n<p><a name=\"_edn18\"><\/a><a href=\"https:\/\/www.memri.org\/reports\/erdo%C4%9Fans-chief-advisor-and-former-general-tanr%C4%B1verdi-presents-vision-%E2%80%93-reflected-turkeys#_ednref18\">[18]<\/a>\u00a0Cumhuriyet.com.tr\/haber\/turkiye\/1713181\/mehdi-gelecek-diyen-saray-danismani-adnan-tanriverdi-istifa-etti.html, January 8, 2020.<\/p>\n<p><a name=\"_edn19\"><\/a><a href=\"https:\/\/www.memri.org\/reports\/erdo%C4%9Fans-chief-advisor-and-former-general-tanr%C4%B1verdi-presents-vision-%E2%80%93-reflected-turkeys#_ednref19\">[19]<\/a>\u00a0Cumhuriyet.com.tr\/haber\/turkiye\/1713422\/resmen-islam-devleti-istediler.html, January 9, 2020.<\/p>\n<p><a name=\"_edn20\"><\/a><a href=\"https:\/\/www.memri.org\/reports\/erdo%C4%9Fans-chief-advisor-and-former-general-tanr%C4%B1verdi-presents-vision-%E2%80%93-reflected-turkeys#_ednref20\">[20]<\/a>\u00a0The Mahdi is a figure in Islamic eschatology who, many Muslims believe, will appear before the Day of Judgment, rid the world of evil, and rule for a period.<\/p>\n<p><a name=\"_edn21\"><\/a><a href=\"https:\/\/www.memri.org\/reports\/erdo%C4%9Fans-chief-advisor-and-former-general-tanr%C4%B1verdi-presents-vision-%E2%80%93-reflected-turkeys#_ednref21\">[21]<\/a>\u00a0Youtube.com\/watch?v=oKoWYGYok4o, December 20, 2019.<\/p>\n<p><a name=\"_edn22\"><\/a><a href=\"https:\/\/www.memri.org\/reports\/erdo%C4%9Fans-chief-advisor-and-former-general-tanr%C4%B1verdi-presents-vision-%E2%80%93-reflected-turkeys#_ednref22\">[22]<\/a>\u00a0Youtube.com\/watch?v=8AqGzes4gRA, December 14, 2019.<\/p>\n<p><a name=\"_edn23\"><\/a><a href=\"https:\/\/www.memri.org\/reports\/erdo%C4%9Fans-chief-advisor-and-former-general-tanr%C4%B1verdi-presents-vision-%E2%80%93-reflected-turkeys#_ednref23\">[23]<\/a>\u00a0Youtube.com\/watch?v=YPfj3I-crog, December 13, 2019.<\/p>\n<p><a name=\"_edn24\"><\/a><a href=\"https:\/\/www.memri.org\/reports\/erdo%C4%9Fans-chief-advisor-and-former-general-tanr%C4%B1verdi-presents-vision-%E2%80%93-reflected-turkeys#_ednref24\">[24]<\/a>\u00a0For more information on the International Union of Muslim Scholars see the following MEMRI reports:\u00a0<a href=\"https:\/\/www.memri.org\/reports\/iums-head-dr-ahmed-al-raissouni-who-promotes-extremist-antisemitic-anti-western-discourse\">Special Dispatch No. 8295 IUMS Head Dr. Ahmed Al-Raissouni, Who Promotes Extremist, Antisemitic, Anti-Western Discourse, Joins Faculty Of Qatar University,<\/a>\u00a0September 26, 2019;\u00a0<a href=\"https:\/\/www.memri.org\/reports\/international-union-muslim-scholars-head-true-victims-antisemitism-today-are-islam-and\">Special Dispatch No. 8158 International Union Of Muslim Scholars Head: The True Victims Of Antisemitism Today Are Islam And The Muslims,<\/a>\u00a0July 8, 2019;\u00a0<a href=\"https:\/\/www.memri.org\/reports\/international-union-muslim-scholars-supported-qatar-calls-boycott-bahrain-conference-deal\">Special Dispatch No. 8135 International Union Of Muslim Scholars, Supported By Qatar, Calls To Boycott Bahrain Conference On Deal Of The Century, Support Palestinians&#8217; Jihad, June 24, 2019;\u00a0<\/a><a href=\"https:\/\/www.memri.org\/reports\/international-union-muslim-scholars-which-years-has-encouraged-jihad-calls-west-prohibit\">Special Dispatch No. 8000 International Union of Muslim Scholars, Which For Years Has Encouraged Jihad, Calls On The West To Prohibit The Discourse Of Hate,<\/a>\u00a0May 15, 2019;\u00a0<a href=\"https:\/\/www.memri.org\/reports\/international-union-muslim-scholars-urges-imams-preach-armed-jihad-against-israel-save-al\">Special Dispatch No. 7984 International Union Of Muslim Scholars Urges Imams To Preach Armed Jihad Against Israel To Save Al-Aqsa,<\/a>\u00a0August 4, 2019;\u00a0<a href=\"https:\/\/www.memri.org\/reports\/senior-saudi-journalist-al-rashed-al-qaradawis-international-union-muslim-scholars\">Special Dispatch No. 7308 Senior Saudi Journalist Al-Rashed: Al-Qaradawi&#8217;s International Union Of Muslim Scholars Encourages Jihadi Discourse, Supports Terrorists, Fights Moderate Islam,<\/a>\u00a0January 31, 2019;\u00a0<a href=\"https:\/\/www.memri.org\/reports\/sheikh-yousuf-al-qaradawi-calls-resistance-jihad-and-martyrdom-following-trumps-recognition\">Special Dispatch No. 7264 Sheikh Yousuf Al-Qaradawi Calls For Resistance, Jihad And Martyrdom Following Trump&#8217;s Recognition Of Jerusalem As Israel&#8217;s Capital,<\/a>\u00a0January 4, 2018;\u00a0<a href=\"https:\/\/www.memri.org\/reports\/senior-sunni-cleric-both-isis-and-fight-against-it-serve-interests-west-and-shiite-regimes-0\">Special Dispatch No. 6059 Senior Sunni Cleric: Both ISIS And The Fight Against It Serve The Interests Of The West And The Shi&#8217;ite Regimes,<\/a>\u00a0May 28, 2015;\u00a0<a href=\"https:\/\/www.memri.org\/reports\/al-qaradhawis-support-jihad-and-martyrdom-during-gaza-visit-and-biography-hamas-bomb-maker\">Special Dispatch No. 5316 Al-Qaradhawi&#8217;s Support For Jihad And Martyrdom During Gaza Visit And In Biography Of Hamas Bomb Maker Yahya 'Ayyash,<\/a>\u00a0May 28, 2013;\u00a0<a href=\"https:\/\/www.memri.org\/reports\/saudi-professor-and-iums-member-tareq-hawwas-antisemitic-diatribe-if-only-hitler-had\">Special Dispatch No. 5298 Saudi Professor And IUMS Member Tareq Hawwas In Antisemitic Diatribe: 'If Only Hitler Had Finished Them Off&#8217;,<\/a>\u00a0May 10, 2013;\u00a0<a href=\"https:\/\/www.memri.org\/reports\/international-union-muslim-scholars-iumsattacks-un-promoting-resolutions-banning-polygamy\">Special Dispatch No. 5227 International Union of Muslim Scholars (IUMS)Attacks UN For Promoting Resolutions Banning Polygamy, Underage Marriage, Marital Rape, Promotion Of Gender Equality,<\/a>\u00a0March 8, 2013;\u00a0<a href=\"https:\/\/www.memri.org\/reports\/international-union-muslim-scholars-pope-must-apologize-muslims\">Special Dispatch No. 4975 International Union Of Muslim Scholars: The Pope Must Apologize To The Muslims,<\/a>\u00a0September 25, 2012;\u00a0<a href=\"https:\/\/www.memri.org\/reports\/article-muslim-brotherhood-website-us-terrorism-worse-bin-ladens\">Special Dispatch No. 3823 Article on Muslim Brotherhood Website: U.S. Terrorism Worse than Bin Laden&#8217;s,<\/a>\u00a0May 9, 2011;\u00a0<a href=\"https:\/\/www.memri.org\/reports\/sheikh-yousuf-al-qaradhawi-friday-sermon-cairos-tahrir-square-pray-conquest-al-aqsa\">Special Dispatch No. 3600 Sheikh Yousuf Al-Qaradhawi in Friday Sermon at Cairo&#8217;s Tahrir Square: Pray for the Conquest of Al-Aqsa,<\/a>\u00a0February 18, 2011;\u00a0<a href=\"https:\/\/www.memri.org\/reports\/iums-head-sheikh-al-qaradhawi-fifas-choice-qatar-host-2022-world-cup-triumph-muslims-over-us\">Special Dispatch No. 3436 IUMS Head Sheikh Al-Qaradhawi on FIFA&#8217;s Choice of Qatar to Host 2022 World Cup: A Triumph for Muslims Over the U.S.; 'America Wants a Monopoly on Everything&#8217;,<\/a>\u00a0December 9, 2010;\u00a0<a href=\"https:\/\/www.memri.org\/reports\/sheikh-yousef-al-qaradhawi-calls-jihad-self-sacrifice-and-rejecting-political-process\">Special Dispatch No. 3093 Sheikh Yousef Al-Qaradhawi Calls for Jihad of Self-Sacrifice and for Rejecting the Political Process,<\/a>\u00a0July 13, 2010;\u00a0<a href=\"https:\/\/www.memri.org\/reports\/palestinian-authority-attacks-sheikh-yousuf-al-qaradhawi-calling-stone-president-abbas\">Inquiry &amp; Analysis Series No. 597 Palestinian Authority Attacks Sheikh Yousuf Al-Qaradhawi for Calling to Stone President 'Abbas<\/a>, March 18, 2010; S<a href=\"https:\/\/www.memri.org\/reports\/sheikh-yousuf-al-qaradhawi-gives-broad-ranging-interview-bbc-arabic-his-support-mayrtdom\">pecial Dispatch No. 2843 Sheikh Yousuf Al-Qaradhawi Gives Broad-Ranging Interview to BBC Arabic on His Support of Mayrtdom Attacks, His Condemnation of the U.S. Military Base in Qatar, His Position on Shi&#8217;ites, His Relations with the Egyptian Government, and More,<\/a>\u00a0March 4, 2010;\u00a0<a href=\"https:\/\/www.memri.org\/reports\/sheikh-al-qaradhawi-christmas-celebrations-muslim-countries-i-wanted-warn-my-people\">Special Dispatch No. 2709 Sheikh Al-Qaradhawi on Christmas Celebrations in Muslim Countries: 'I Wanted To Warn My People That This Is Prohibited, Shameful, And Inappropriate&#8230; Ignorance Of What Islam Obliges Us To Do&#8230;;&#8217; '[Can] Muslims in Europe and America&#8230; Celebrate Ramadan&#8230; in the City Centers[?]&#8217;,<\/a>\u00a0December 21, 2009;\u00a0<a href=\"https:\/\/www.memri.org\/reports\/sheikh-al-qaradhawi-explains-his-objections-muslim-christian-interfaith-dialogue\">Special Dispatch No. 2662 Sheikh Al-Qaradhawi Explains His Objections to Muslim-Christian Interfaith Dialogue,<\/a>\u00a0November 30, 2009;\u00a0<a href=\"https:\/\/www.memri.org\/reports\/fatwa-sheikh-al-qaradhawi-iraqis-must-not-become-us-citizens\">Special Dispatch No. 2554 Fatwa by Sheikh Al-Qaradhawi: Iraqis Must Not Become U.S. Citizens,<\/a>\u00a0October 6, 2009;\u00a0<a href=\"https:\/\/www.memri.org\/reports\/recent-rise-sunni%E2%80%93shiite-tension-part-ii-anti-shiite-statements-sheikh-al-qaradhawi\">Inquiry &amp; Analysis Series No. 481 Recent Rise in Sunni\u2013Shi&#8217;ite Tension (Part II): Anti-Shi&#8217;ite Statements by Sheikh Al-Qaradhawi February 25, 2009.<\/a><\/p>\n<p><a name=\"_edn25\"><\/a><a href=\"https:\/\/www.memri.org\/reports\/erdo%C4%9Fans-chief-advisor-and-former-general-tanr%C4%B1verdi-presents-vision-%E2%80%93-reflected-turkeys#_ednref25\">[25]<\/a>\u00a0Tsv2023.org\/index.php\/en, accessed January 6, 2020.<\/p>\n<p><a name=\"_edn26\"><\/a><a href=\"https:\/\/www.memri.org\/reports\/erdo%C4%9Fans-chief-advisor-and-former-general-tanr%C4%B1verdi-presents-vision-%E2%80%93-reflected-turkeys#_ednref26\">[26]<\/a>\u00a0Ssdergilik.com\/tr\/HaberDergilik\/Baskasinin-silahi-ile-milli-menfaatler-korunamaz, December 19, 2019; Youtube.com\/watch?v=O06z8KGuGTE, December 30, 2019.<\/p>\n<p><a name=\"_edn27\"><\/a><a href=\"https:\/\/www.memri.org\/reports\/erdo%C4%9Fans-chief-advisor-and-former-general-tanr%C4%B1verdi-presents-vision-%E2%80%93-reflected-turkeys#_ednref27\">[27]<\/a>\u00a0T24.com.tr\/video\/sadat-baskani-tanriverdi-mehdi-aciklamasindan-once-tsk-yi-yeniden-yapilandirdiklarini-soylemis,25450, December 30, 2019.<\/p>\n<p><a name=\"_edn28\"><\/a><a href=\"https:\/\/www.memri.org\/reports\/erdo%C4%9Fans-chief-advisor-and-former-general-tanr%C4%B1verdi-presents-vision-%E2%80%93-reflected-turkeys#_ednref28\">[28]<\/a>\u00a0Sadat.com.tr\/about-us\/news\/147-the-future-of-the-world-of-islam-and-sadat-inc.html, January 6, 2020.<\/p>\n<p><a name=\"_edn29\"><\/a><a href=\"https:\/\/www.memri.org\/reports\/erdo%C4%9Fans-chief-advisor-and-former-general-tanr%C4%B1verdi-presents-vision-%E2%80%93-reflected-turkeys#_ednref29\">[29]<\/a>\u00a0Assamcongress.com\/congresses\/past-to-future-government-forms\/confederation-constitution.html, accessed January 7, 2020;\u00a0 Assamcongress.com\/congresses\/past-to-future-government-forms\/confederation-constitution\/item\/download\/32_c8bcdd803f2d20f756c76c99a4c250dc.html, accessed January 7, 2020.<\/p>\n<p><a name=\"_edn30\"><\/a><a href=\"https:\/\/www.memri.org\/reports\/erdo%C4%9Fans-chief-advisor-and-former-general-tanr%C4%B1verdi-presents-vision-%E2%80%93-reflected-turkeys#_ednref30\">[30]<\/a>\u00a0Mkek.gov.tr\/tr\/page.aspx?id=8, accessed January 9, 2020.<\/p>\n<p><a name=\"_edn31\"><\/a><a href=\"https:\/\/www.memri.org\/reports\/erdo%C4%9Fans-chief-advisor-and-former-general-tanr%C4%B1verdi-presents-vision-%E2%80%93-reflected-turkeys#_ednref31\">[31]<\/a>\u00a0Aselsan.com.tr\/en\/about-us\/who-we-are, accessed January 9, 2020; Tskgv.org.tr\/en\/about-us\/history, accessed January 9, 2020<\/p>\n<p><a name=\"_edn32\"><\/a><a href=\"https:\/\/www.memri.org\/reports\/erdo%C4%9Fans-chief-advisor-and-former-general-tanr%C4%B1verdi-presents-vision-%E2%80%93-reflected-turkeys#_ednref32\">[32]<\/a>\u00a0Tusas.com\/en\/corporate\/about-us, accessed January 9, 2020.<\/p>\n<p><a name=\"_edn33\"><\/a><a href=\"https:\/\/www.memri.org\/reports\/erdo%C4%9Fans-chief-advisor-and-former-general-tanr%C4%B1verdi-presents-vision-%E2%80%93-reflected-turkeys#_ednref33\">[33]<\/a>\u00a0Havelsan.com.tr\/en, accessed January 9, 2020.<\/p>\n<p><a name=\"_edn34\"><\/a><a href=\"https:\/\/www.memri.org\/reports\/erdo%C4%9Fans-chief-advisor-and-former-general-tanr%C4%B1verdi-presents-vision-%E2%80%93-reflected-turkeys#_ednref34\">[34]<\/a>\u00a0Odatv.com\/meclisin-gundeminde-yine-o-var-09012042.html, January 9, 2020.<\/p>\n<p><a name=\"_edn35\"><\/a><a href=\"https:\/\/www.memri.org\/reports\/erdo%C4%9Fans-chief-advisor-and-former-general-tanr%C4%B1verdi-presents-vision-%E2%80%93-reflected-turkeys#_ednref35\">[35]<\/a>\u00a0Twitter.com\/DIBAliErbas\/status\/1207670830366384129, December 19, 2019.<\/p>\n<p><a name=\"_edn36\"><\/a><a href=\"https:\/\/www.memri.org\/reports\/erdo%C4%9Fans-chief-advisor-and-former-general-tanr%C4%B1verdi-presents-vision-%E2%80%93-reflected-turkeys#_ednref36\">[36]<\/a>\u00a0Assamcongress.com\/tr\/kongre\/assam-kongre-2019\/kongre-19-video\/item\/481-yemen-askeri-atasesi-tuggeneral-asgar-ahmet-zail-tarafindan-yapilan-acis-konusmasi.html, January 8, 2020; Assamcongress.com\/tr\/kongre\/assam-kongre-2019\/kongre-19-oturumlar.html, December 19,\u00a02019.<\/p>\n","protected":false},"excerpt":{"rendered":"<p>G\u0142\u00f3wny doradca tureckiego prezydenta Recepa Tayyip Erdo\u011fana, emerytowany genera\u0142 Adnan Tanr\u0131verdi, formu\u0142owa\u0142 na konferencjach i w dokumentach publikowanych przez jego organizacje wizj\u0119 zjednoczonego islamskiego supermocarstwa. Polityka zagraniczna prezydenta Erdo\u011fana odzwierciedla t\u0119 wizj\u0119. O\u015brodek Bada\u0144 Strategicznych Obro\u0144c\u00f3w Sprawiedliwo\u015bci (ASSAM), w kt\u00f3rym Tanr\u0131verdi jest przewodnicz\u0105cym zarz\u0105du, zaplanowa\u0142 siedem dorocznych \u201ekongres\u00f3w\u201d, z kt\u00f3rych trzy ju\u017c si\u0119 odby\u0142y, do [&hellip;]<\/p>\n","protected":false},"author":1,"featured_media":13568,"comment_status":"open","ping_status":"open","sticky":false,"template":"","format":"standard","meta":{"footnotes":""},"categories":[824,835,837,843],"tags":[],"class_list":["post-13566","post","type-post","status-publish","format-standard","has-post-thumbnail","hentry","category-specjalne-komunikaty","category-archiwum","category-kraje","category-turcja"],"_links":{"self":[{"href":"https:\/\/www2.memri.org\/polish\/wp-json\/wp\/v2\/posts\/13566","targetHints":{"allow":["GET"]}}],"collection":[{"href":"https:\/\/www2.memri.org\/polish\/wp-json\/wp\/v2\/posts"}],"about":[{"href":"https:\/\/www2.memri.org\/polish\/wp-json\/wp\/v2\/types\/post"}],"author":[{"embeddable":true,"href":"https:\/\/www2.memri.org\/polish\/wp-json\/wp\/v2\/users\/1"}],"replies":[{"embeddable":true,"href":"https:\/\/www2.memri.org\/polish\/wp-json\/wp\/v2\/comments?post=13566"}],"version-history":[{"count":1,"href":"https:\/\/www2.memri.org\/polish\/wp-json\/wp\/v2\/posts\/13566\/revisions"}],"predecessor-version":[{"id":13571,"href":"https:\/\/www2.memri.org\/polish\/wp-json\/wp\/v2\/posts\/13566\/revisions\/13571"}],"wp:featuredmedia":[{"embeddable":true,"href":"https:\/\/www2.memri.org\/polish\/wp-json\/wp\/v2\/media\/13568"}],"wp:attachment":[{"href":"https:\/\/www2.memri.org\/polish\/wp-json\/wp\/v2\/media?parent=13566"}],"wp:term":[{"taxonomy":"category","embeddable":true,"href":"https:\/\/www2.memri.org\/polish\/wp-json\/wp\/v2\/categories?post=13566"},{"taxonomy":"post_tag","embeddable":true,"href":"https:\/\/www2.memri.org\/polish\/wp-json\/wp\/v2\/tags?post=13566"}],"curies":[{"name":"wp","href":"https:\/\/api.w.org\/{rel}","templated":true}]}}