{"id":13547,"date":"2020-01-13T23:54:30","date_gmt":"2020-01-13T22:54:30","guid":{"rendered":"https:\/\/www2.memri.org\/polish\/?p=13547"},"modified":"2020-01-13T23:54:30","modified_gmt":"2020-01-13T22:54:30","slug":"autonomia-palestynska-i-fatach-zorganizowali-wojskowy-oboz-szkoleniowy-dla-dziewczynek-nazwany-imieniem-uwiezionego-terrorysty-karima-jounisa","status":"publish","type":"post","link":"https:\/\/www2.memri.org\/polish\/autonomia-palestynska-i-fatach-zorganizowali-wojskowy-oboz-szkoleniowy-dla-dziewczynek-nazwany-imieniem-uwiezionego-terrorysty-karima-jounisa\/13547","title":{"rendered":"Autonomia Palesty\u0144ska i Fatach zorganizowali wojskowy ob\u00f3z szkoleniowy dla dziewczynek nazwany imieniem uwi\u0119zionego terrorysty, Karima Jounisa"},"content":{"rendered":"<p><em>Si\u0142y Bezpiecze\u0144stwa Narodowego (NSF) Autonomii Palesty\u0144skiej i ruch Fatahu zorganizowali niedawno wojskowy ob\u00f3z szkoleniowy dla uczennic licealnych, na kt\u00f3rym uczestniczki nosi\u0142y wojskowe mundury i bra\u0142y udzia\u0142 w r\u00f3\u017cnego rodzaju aktywno\u015bciach, w tym wojskowych, takich jak musztra z atrapami broni<a name=\"_ednref1\"><\/a><a href=\"https:\/\/www.memri.org\/reports\/palestinian-authority-fatah-hold-military-training-camp-girls-named-after-imprisoned#_edn1\"><strong>[1]<\/strong><\/a>. Ob\u00f3z nazwano imieniem Karima Jounisa, izraelskiego Araba, kt\u00f3ry odsiaduje wyrok do\u017cywocia za porwanie i zamordowanie izraelskiego \u017co\u0142nierza w 1980 r.<a name=\"_ednref2\"><\/a><a href=\"https:\/\/www.memri.org\/reports\/palestinian-authority-fatah-hold-military-training-camp-girls-named-after-imprisoned#_edn2\"><strong>[2]<\/strong><\/a>.\u00a0Jounis, kt\u00f3ry jest najd\u0142u\u017cej odsiaduj\u0105cym kar\u0119 wi\u0119\u017aniem w wi\u0119zieniu izraelskim, odsiedzia\u0142 38 lat z 40-letniego wyroku, jest niezmiernie czczony przez Fatah i Autonomi\u0119 Palesty\u0144sk\u0105 (AP). W 2017 r. zosta\u0142 nawet wybrany do komitetu centralnego Fatahu, a funkcjonariusze AP m\u00f3wi\u0105 o nim jako o \u201enajstarszym z wi\u0119\u017ani\u00f3w\u201d. \u00a0<\/em><\/p>\n<p><em>Dla zaznaczenia 38. rocznicy jego uwi\u0119zienia i w ramach promowania etosu walki zbrojnej przeciwko Izraelowi witryny internetowe Fatahu i gazeta AP \u201e<\/em><em>Al-Hayat Al-Jadida\u201d\u00a0opublikowa\u0142y wypowiedzi i artyku\u0142y wychwalaj\u0105ce go<a name=\"_ednref3\"><\/a><a href=\"https:\/\/www.memri.org\/reports\/palestinian-authority-fatah-hold-military-training-camp-girls-named-after-imprisoned#_edn3\"><strong>[3]<\/strong><\/a>, podkre\u015blaj\u0105c r\u00f3wnocze\u015bnie zobowi\u0105zanie prezydenta AP i przewodnicz\u0105cego Fatahu, Mahmouda 'Abbasa do kontynuowania wyp\u0142at dl<a name=\"_ednref4\"><\/a>a wi\u0119\u017ani\u00f3w i rodzin m\u0119czennik\u00f3w<\/em><a href=\"https:\/\/www.memri.org\/reports\/palestinian-authority-fatah-hold-military-training-camp-girls-named-after-imprisoned#_edn4\"><strong><em>[4]<\/em><\/strong><\/a><em>.\u00a0<\/em><\/p>\n<p><em>Poni\u017cej jest przegl\u0105d doniesie\u0144 o obozie szkoleniowym im. Karima Jounisa i wypowied\u017a Fatahu na jego cze\u015b\u0107. \u00a0<\/em><\/p>\n<p><img loading=\"lazy\" decoding=\"async\" class=\"alignnone size-full wp-image-13548\" src=\"https:\/\/www2.memri.org\/polish\/wp-content\/uploads\/2020\/01\/sd8485.jpg\" width=\"475\" height=\"316\" srcset=\"https:\/\/www2.memri.org\/polish\/wp-content\/uploads\/2020\/01\/sd8485.jpg 475w, https:\/\/www2.memri.org\/polish\/wp-content\/uploads\/2020\/01\/sd8485-300x200.jpg 300w\" sizes=\"auto, (max-width: 475px) 100vw, 475px\" \/>Uczestniczki trzymaj\u0105 plakat z nazw\u0105 obozu, portretem Karima Jounisa z portretami prezydenta Mahmouda 'Abbasa i Jassera Arafata po jego bokach (\u0179r\u00f3d\u0142o: Facebook.com\/shabeba2017, 7 stycznia 2020)<\/p>\n<p><strong>Szkolenie wojskowe w obozie im. Karima Jounisa<\/strong><\/p>\n<p>W trzydniowym obozie zorganizowanym w bazie Al-Nu&#8217;eima uczestniczy\u0142y 93 uczennice licealne, aktywne w ruchu Fatahu<a name=\"_ednref5\"><\/a><a href=\"https:\/\/www.memri.org\/reports\/palestinian-authority-fatah-hold-military-training-camp-girls-named-after-imprisoned#_edn5\">[5]<\/a>. Na ceremoni\u0119 otwarcia, 5 stycznia, przybyli funkcjonariusze Fatahu i AP<a name=\"_ednref6\"><\/a><a href=\"https:\/\/www.memri.org\/reports\/palestinian-authority-fatah-hold-military-training-camp-girls-named-after-imprisoned#_edn6\">[6]<\/a>. Rezcznik\u00a0Fatahu, D\u017camal Nazzal, powiedzia\u0142, \u017ce celem szkolenia dziewczynek jest wzmocnienie ich dyscypliny w celu przysz\u0142ego zwerbowania ich do \u00a0NSF<a name=\"_ednref7\"><\/a><a href=\"https:\/\/www.memri.org\/reports\/palestinian-authority-fatah-hold-military-training-camp-girls-named-after-imprisoned#_edn7\">[7]<\/a>.\u00a0Na ceremonii zako\u0144czenia obozu cz\u0142onek komitetu centralnego Fatahu, 'Abbas Zaki, podkre\u015bli\u0142 znaczenie takich oboz\u00f3w dla \u201ewzmocnienia ducha narodowego i prawdziwej lojalno\u015bci wobec ojczyzny\u201d i chwali\u0142 \u201ewalk\u0119 uwi\u0119zionego dow\u00f3dcy, Karima Jounisa&#8221;<a name=\"_ednref8\"><\/a><a href=\"https:\/\/www.memri.org\/reports\/palestinian-authority-fatah-hold-military-training-camp-girls-named-after-imprisoned#_edn8\">[8]<\/a>.<\/p>\n<p>Jak powiedziano, uczestniczki obozu nosi\u0142y mundury w wojskowym stylu i bra\u0142y udzia\u0142 w wojskowych aktywno\u015bciach pod kierunkiem dow\u00f3dc\u00f3w NSF, \u0107wicz\u0105c z atrapami karabin\u00f3w, bior\u0105c udzia\u0142 w zmotoryzowanych patrolach NSF w mie\u015bcie Jerycho i zje\u017cd\u017cania po sznurze z wie\u017cy<a name=\"_ednref9\"><\/a><a href=\"https:\/\/www.memri.org\/reports\/palestinian-authority-fatah-hold-military-training-camp-girls-named-after-imprisoned#_edn9\">[9]<\/a>.\u00a0Poni\u017cej znajduj\u0105 si\u0119 zdj\u0119cia:<\/p>\n<p><img loading=\"lazy\" decoding=\"async\" class=\"alignnone size-full wp-image-13549\" src=\"https:\/\/www2.memri.org\/polish\/wp-content\/uploads\/2020\/01\/sd8485a.jpg\" width=\"474\" height=\"334\" srcset=\"https:\/\/www2.memri.org\/polish\/wp-content\/uploads\/2020\/01\/sd8485a.jpg 474w, https:\/\/www2.memri.org\/polish\/wp-content\/uploads\/2020\/01\/sd8485a-300x211.jpg 300w, https:\/\/www2.memri.org\/polish\/wp-content\/uploads\/2020\/01\/sd8485a-100x70.jpg 100w\" sizes=\"auto, (max-width: 474px) 100vw, 474px\" \/><em>Marsz noc\u0105 (\u017ar\u00f3d\u0142o: Facebook.com\/shabeba2017, 5 stycznia 2020)<\/em><\/p>\n<p><img loading=\"lazy\" decoding=\"async\" class=\"alignnone size-full wp-image-13550\" src=\"https:\/\/www2.memri.org\/polish\/wp-content\/uploads\/2020\/01\/sd8485b.jpg\" width=\"474\" height=\"316\" srcset=\"https:\/\/www2.memri.org\/polish\/wp-content\/uploads\/2020\/01\/sd8485b.jpg 474w, https:\/\/www2.memri.org\/polish\/wp-content\/uploads\/2020\/01\/sd8485b-300x200.jpg 300w\" sizes=\"auto, (max-width: 474px) 100vw, 474px\" \/><em>Pozowanie z atrapami karabin\u00f3w (\u017ar\u00f3d\u0142o: Facebook.com\/Palestain.NSF, 8 stycznia 2020)<\/em><\/p>\n<p><img loading=\"lazy\" decoding=\"async\" class=\"alignnone size-full wp-image-13550\" src=\"https:\/\/www2.memri.org\/polish\/wp-content\/uploads\/2020\/01\/sd8485b.jpg\" width=\"474\" height=\"316\" srcset=\"https:\/\/www2.memri.org\/polish\/wp-content\/uploads\/2020\/01\/sd8485b.jpg 474w, https:\/\/www2.memri.org\/polish\/wp-content\/uploads\/2020\/01\/sd8485b-300x200.jpg 300w\" sizes=\"auto, (max-width: 474px) 100vw, 474px\" \/><em>Zje\u017cd\u017canie z wie\u017cy po sznurze (\u017ar\u00f3d\u0142o:Facebook.com\/shabeba2017, 7 stycznia 2020)<\/em><\/p>\n<p><em><img loading=\"lazy\" decoding=\"async\" class=\"alignnone size-full wp-image-13552\" src=\"https:\/\/www2.memri.org\/polish\/wp-content\/uploads\/2020\/01\/sd8485d1.jpg\" width=\"468\" height=\"311\" srcset=\"https:\/\/www2.memri.org\/polish\/wp-content\/uploads\/2020\/01\/sd8485d1.jpg 468w, https:\/\/www2.memri.org\/polish\/wp-content\/uploads\/2020\/01\/sd8485d1-300x199.jpg 300w\" sizes=\"auto, (max-width: 468px) 100vw, 468px\" \/>Wiceprzewodnicz\u0105cy Fatahu, Mahmoud Al-&#8217;Aloul przemawia do uczestniczek obozu (\u017ar\u00f3d\u0142o: Facebook.com\/nwiamh.camp, 6 stycznia 2020)<\/em><\/p>\n<p><em><img loading=\"lazy\" decoding=\"async\" class=\"alignnone size-full wp-image-13553\" src=\"https:\/\/www2.memri.org\/polish\/wp-content\/uploads\/2020\/01\/sd8485e.jpg\" width=\"465\" height=\"310\" srcset=\"https:\/\/www2.memri.org\/polish\/wp-content\/uploads\/2020\/01\/sd8485e.jpg 465w, https:\/\/www2.memri.org\/polish\/wp-content\/uploads\/2020\/01\/sd8485e-300x200.jpg 300w\" sizes=\"auto, (max-width: 465px) 100vw, 465px\" \/>Cz\u0142onek komitetu centralnego Fatahu, Abbas Zaki (drugi od lewej) i sekretarz oddzia\u0142u Fatahu w Nablus, D\u017cihad Ramadan (pierwszy od lewej) wr\u0119czaj\u0105 \u015bwiadectwa uko\u0144czenia obozu uczestniczkom (\u017ar\u00f3d\u0142o: Facebook.com\/Palestain.NSF, 8 stycznia 2020)<\/em><\/p>\n<p><strong>Pochwa\u0142y dla Karima Jounisa nas stronach internetowych Fatahu i w gazecie AP: \u201eG\u0142\u0119boka wiara w zasady walki\u201d <\/strong><\/p>\n<p>W 38. rocznic\u0119 uwi\u0119zienia Karima Jounisa Komisja Informacji, Kultury i Ideologii Fatahu wyda\u0142a o\u015bwiadczenie: &#8222;Palesty\u0144ski Narodowy Ruch Wyzwolenia [Fatah] podkre\u015bla swoje oddanie zasadzie i celowi uwolnienia wi\u0119\u017ani\u00f3w i widzi uwolnienie wojownik\u00f3w i dow\u00f3dc\u00f3w z wi\u0119zie\u0144 okupanta jako \u015bwi\u0119t\u0105 spraw\u0119 narodow\u0105, z kt\u00f3rej nie mo\u017cna zrezygnowa\u0107 ani [nie mo\u017ce stanowi\u0107 przedmiotu] przetarg\u00f3w\u2026 Stanowisko prezydenta pa\u0144stwa [palesty\u0144skiego] i dow\u00f3dcy [naczelnego ruchu] Fatahu, Mahmouda 'Abbasa Abu Mazena, dotycz\u0105cego kontynuowania wyp\u0142at i [spo\u0142ecznych] zasi\u0142k\u00f3w rodzinom wi\u0119\u017ani\u00f3w i m\u0119czennik\u00f3w jest najlepszym dowodem jego niez\u0142omno\u015bci i trzymania si\u0119 narodowych zasad&#8230; Fatah chwali legendarn\u0105 niez\u0142omno\u015b\u0107 uwi\u0119zionych wojownik\u00f3w i przyw\u00f3dc\u00f3w i uwa\u017ca op\u00f3r braci \u00a0[Karima] i Mahera Jounis\u00f3w wobec okupacji z ich cel wi\u0119ziennych za najlepszy dow\u00f3d g\u0142\u0119bi ich wiary w zasady walki&#8230;&#8221;<a name=\"_ednref10\"><\/a><a href=\"https:\/\/www.memri.org\/reports\/palestinian-authority-fatah-hold-military-training-camp-girls-named-after-imprisoned#_edn10\">[10]<\/a><\/p>\n<p><img loading=\"lazy\" decoding=\"async\" class=\"alignnone size-full wp-image-13554\" src=\"https:\/\/www2.memri.org\/polish\/wp-content\/uploads\/2020\/01\/sd8485f.jpg\" width=\"372\" height=\"461\" srcset=\"https:\/\/www2.memri.org\/polish\/wp-content\/uploads\/2020\/01\/sd8485f.jpg 372w, https:\/\/www2.memri.org\/polish\/wp-content\/uploads\/2020\/01\/sd8485f-242x300.jpg 242w, https:\/\/www2.memri.org\/polish\/wp-content\/uploads\/2020\/01\/sd8485f-339x420.jpg 339w\" sizes=\"auto, (max-width: 372px) 100vw, 372px\" \/><em>Post na oficjalnej stronie Facebooka Fatahu: Karim Jounis \u2013 &#8222;najd\u0142u\u017cej siedz\u0105cy wi\u0119zie\u0144 \u015bwiata&#8221; (Facebook.com\/officianfateh.com1965, 5 stycznia 2020)<\/em><\/p>\n<p><img loading=\"lazy\" decoding=\"async\" class=\"alignnone size-full wp-image-13555\" src=\"https:\/\/www2.memri.org\/polish\/wp-content\/uploads\/2020\/01\/sd8485g.jpg\" width=\"471\" height=\"257\" srcset=\"https:\/\/www2.memri.org\/polish\/wp-content\/uploads\/2020\/01\/sd8485g.jpg 471w, https:\/\/www2.memri.org\/polish\/wp-content\/uploads\/2020\/01\/sd8485g-300x164.jpg 300w\" sizes=\"auto, (max-width: 471px) 100vw, 471px\" \/><em>Artyku\u0142 o Karimie Jounisie w gazecie AP (<\/em>Al-Hayat Al-Jadida<em>, 7 stycznia 2020)<\/em><\/p>\n<hr \/>\n<p><a name=\"_edn1\"><\/a><a href=\"https:\/\/www.memri.org\/reports\/palestinian-authority-fatah-hold-military-training-camp-girls-named-after-imprisoned#_ednref1\">[1]<\/a>\u00a0On other NSF camps, see MEMRI Inquiry &amp; Analysis Series No. 1334 &#8211;\u00a0<a href=\"https:\/\/www.memri.org\/reports\/2017-summer-camps-palestinian-authority-%E2%80%93-part-i-military-training-glorification-martyrs\">2017 Summer Camps In The Palestinian Authority \u2013 Part I: Military Training, Glorification Of 'Martyrs&#8217; In Camps Run By Higher Council For Youth And Sports Headed By Jibril Rajoub<\/a>\u00a0\u2013 August 29, 2017.<\/p>\n<p><a name=\"_edn2\"><\/a><a href=\"https:\/\/www.memri.org\/reports\/palestinian-authority-fatah-hold-military-training-camp-girls-named-after-imprisoned#_ednref2\">[2]<\/a>\u00a0Facebook.com\/officianfateh.com1965, January 5, 2020.<\/p>\n<p><a name=\"_edn3\"><\/a><a href=\"https:\/\/www.memri.org\/reports\/palestinian-authority-fatah-hold-military-training-camp-girls-named-after-imprisoned#_ednref3\">[3]<\/a>\u00a0<em>Al-Hayat Al-Jadida<\/em>\u00a0articles praising Karim Younis were published on January 7, 2020. On past PA actions honoring Karim Younis and his cousin Maher Younis, who was his partner in the crime, see MEMRI Special Dispatch No. 7980\u00a0<a href=\"https:\/\/www.memri.org\/reports\/palestinian-authority-fatah-continue-official-support-and-encouragement-armed-struggle\">&#8211; Palestinian Authority, Fatah Continue Official Support And Encouragement Of Armed Struggle Against Israel<\/a>\u00a0\u2013 April 2, 2019; Special Dispatch No. 7282 &#8211;\u00a0<a href=\"https:\/\/www.memri.org\/reports\/palestinian-authority-honors-two-prisoners-serving-life-sentences-kidnapping-murder-israeli\">Palestinian Authority Honors Two Prisoners Serving Life Sentences For Kidnapping, Murder Of Israeli Soldier; Representative For PA President 'Abbas: 'The Two Prisoners Are A National Example&#8217;<\/a>\u00a0\u2013 January 16, 2018.<\/p>\n<p><a name=\"_edn4\"><\/a><a href=\"https:\/\/www.memri.org\/reports\/palestinian-authority-fatah-hold-military-training-camp-girls-named-after-imprisoned#_ednref4\">[4]<\/a>\u00a0See MEMRI Special Dispatch No.7583,\u00a0<a href=\"https:\/\/www.memri.org\/reports\/palestinian-authority-pa-president-abbas-if-we-had-only-single-penny-left-we-would-pay-it\">Palestinian Authority (PA) President 'Abbas: 'If We Had Only A Single Penny Left, We Would Pay It To Families Of The Martyrs And Prisoners<\/a>,&#8217; July 24, 2018.&#8217;<\/p>\n<p><a name=\"_edn5\"><\/a><a href=\"https:\/\/www.memri.org\/reports\/palestinian-authority-fatah-hold-military-training-camp-girls-named-after-imprisoned#_ednref5\">[5]<\/a>\u00a0Facebook.com\/officianfateh.com1965, January 5, 2020.<\/p>\n<p><a name=\"_edn6\"><\/a><a href=\"https:\/\/www.memri.org\/reports\/palestinian-authority-fatah-hold-military-training-camp-girls-named-after-imprisoned#_ednref6\">[6]<\/a>\u00a0Facebook.com\/nwiamh.camp, January 6, 2019.<\/p>\n<p><a name=\"_edn7\"><\/a><a href=\"https:\/\/www.memri.org\/reports\/palestinian-authority-fatah-hold-military-training-camp-girls-named-after-imprisoned#_ednref7\">[7]<\/a>\u00a0Facebook.com\/jamaldrnazzal, January 5, 2020.<\/p>\n<p><a name=\"_edn8\"><\/a><a href=\"https:\/\/www.memri.org\/reports\/palestinian-authority-fatah-hold-military-training-camp-girls-named-after-imprisoned#_ednref8\">[8]<\/a>\u00a0Facebook.com\/Palestain.NSF, January 8, 2020.<\/p>\n<p><a name=\"_edn9\"><\/a><a href=\"https:\/\/www.memri.org\/reports\/palestinian-authority-fatah-hold-military-training-camp-girls-named-after-imprisoned#_ednref9\">[9]<\/a>\u00a0Facebook.com\/Palestain.NSF, January 8, 2020.<\/p>\n<p><a name=\"_edn10\"><\/a><a href=\"https:\/\/www.memri.org\/reports\/palestinian-authority-fatah-hold-military-training-camp-girls-named-after-imprisoned#_ednref10\">[10]<\/a>\u00a0Fatehmedia.ps, January 6, 2020.<\/p>\n","protected":false},"excerpt":{"rendered":"<p>Si\u0142y Bezpiecze\u0144stwa Narodowego (NSF) Autonomii Palesty\u0144skiej i ruch Fatahu zorganizowali niedawno wojskowy ob\u00f3z szkoleniowy dla uczennic licealnych, na kt\u00f3rym uczestniczki nosi\u0142y wojskowe mundury i bra\u0142y udzia\u0142 w r\u00f3\u017cnego rodzaju aktywno\u015bciach, w tym wojskowych, takich jak musztra z atrapami broni[1]. Ob\u00f3z nazwano imieniem Karima Jounisa, izraelskiego Araba, kt\u00f3ry odsiaduje wyrok do\u017cywocia za porwanie i zamordowanie izraelskiego [&hellip;]<\/p>\n","protected":false},"author":1,"featured_media":13548,"comment_status":"open","ping_status":"open","sticky":false,"template":"","format":"standard","meta":{"footnotes":""},"categories":[824,826,832,835,836,837],"tags":[],"class_list":["post-13547","post","type-post","status-publish","format-standard","has-post-thumbnail","hentry","category-specjalne-komunikaty","category-arabia-saudyjska","category-projekt-badan-nad-dzihadem-i-terroryzmem","category-archiwum","category-tematy","category-kraje"],"_links":{"self":[{"href":"https:\/\/www2.memri.org\/polish\/wp-json\/wp\/v2\/posts\/13547","targetHints":{"allow":["GET"]}}],"collection":[{"href":"https:\/\/www2.memri.org\/polish\/wp-json\/wp\/v2\/posts"}],"about":[{"href":"https:\/\/www2.memri.org\/polish\/wp-json\/wp\/v2\/types\/post"}],"author":[{"embeddable":true,"href":"https:\/\/www2.memri.org\/polish\/wp-json\/wp\/v2\/users\/1"}],"replies":[{"embeddable":true,"href":"https:\/\/www2.memri.org\/polish\/wp-json\/wp\/v2\/comments?post=13547"}],"version-history":[{"count":1,"href":"https:\/\/www2.memri.org\/polish\/wp-json\/wp\/v2\/posts\/13547\/revisions"}],"predecessor-version":[{"id":13556,"href":"https:\/\/www2.memri.org\/polish\/wp-json\/wp\/v2\/posts\/13547\/revisions\/13556"}],"wp:featuredmedia":[{"embeddable":true,"href":"https:\/\/www2.memri.org\/polish\/wp-json\/wp\/v2\/media\/13548"}],"wp:attachment":[{"href":"https:\/\/www2.memri.org\/polish\/wp-json\/wp\/v2\/media?parent=13547"}],"wp:term":[{"taxonomy":"category","embeddable":true,"href":"https:\/\/www2.memri.org\/polish\/wp-json\/wp\/v2\/categories?post=13547"},{"taxonomy":"post_tag","embeddable":true,"href":"https:\/\/www2.memri.org\/polish\/wp-json\/wp\/v2\/tags?post=13547"}],"curies":[{"name":"wp","href":"https:\/\/api.w.org\/{rel}","templated":true}]}}