{"id":13488,"date":"2019-12-26T20:32:42","date_gmt":"2019-12-26T19:32:42","guid":{"rendered":"https:\/\/www2.memri.org\/polish\/?p=13488"},"modified":"2019-12-27T20:35:33","modified_gmt":"2019-12-27T19:35:33","slug":"turecki-prezydent-erdogan-gdy-tylko-nasz-parlament-zostanie-otwarty-7-stycznia-przedstawimy-projekt-ustawy-o-wyslaniu-zolnierzy-do-libii","status":"publish","type":"post","link":"https:\/\/www2.memri.org\/polish\/turecki-prezydent-erdogan-gdy-tylko-nasz-parlament-zostanie-otwarty-7-stycznia-przedstawimy-projekt-ustawy-o-wyslaniu-zolnierzy-do-libii\/13488","title":{"rendered":"Turecki prezydent Erdo\u011fan: \u201dGdy tylko nasz parlament zostanie otwarty\u201d 7 stycznia, \u201eprzedstawimy projekt ustawy o wys\u0142aniu \u017co\u0142nierzy\u201d do Libii"},"content":{"rendered":"<p><em>26 grudnia 2019 r. turecki prezydent, Recep Tayyip Erdo\u011fan, powiedzia\u0142 w przem\u00f3wieniu w Ankarze na Rozszerzonym Spotkaniu Szef\u00f3w Prowincji AKP: <strong>\u201e<\/strong>Teraz oni [niejasne, o kim m\u00f3wi] krzycz\u0105 i wrzeszcz\u0105: R\u00f3b, co chcesz, podpisali\u015bmy i sko\u0144czyli\u015bmy zadanie<strong>\u2026 <\/strong>M\u00f3wi\u0105: \u2018Czy wy\u015blesz \u017co\u0142nierzy [do Libii]?\u2019&#8230; P\u00f3jdziemy tam dok\u0105d b\u0119dziemy zaproszeni. Ale nie p\u00f3jdziemy tam, dok\u0105d nie jeste\u015bmy zaproszeni. Poniewa\u017c teraz jest takie zaproszenie, odpowiemy przychylnie\u2026 Inszallah, gdy tylko parlament zostanie otwarty, przedstawimy projekt ustawy o wys\u0142aniu \u017co\u0142nierzy. Z aprobat\u0105 naszego parlamentu b\u0119dziemy w stanie poprze\u0107 legalny rz\u0105d Libii w znacznie bardziej skuteczny spos\u00f3b\u2026 Uchwalimy to 8 lub 9 [stycznia]&#8221;<a name=\"_ednref1\"><\/a><a href=\"https:\/\/www.memri.org\/reports\/turkish-president-erdo%C4%9Fan-soon-our-parliament-opens-january-7-we-will-present-bill-sending#_edn1\">[1]<\/a>.\u00a0Turecki parlament ma przerw\u0119 i ma zosta\u0107 otwarty 7 stycznia 2020 r.<a name=\"_ednref2\"><\/a> <\/em><a href=\"https:\/\/www.memri.org\/reports\/turkish-president-erdo%C4%9Fan-soon-our-parliament-opens-january-7-we-will-present-bill-sending#_edn2\"><em>[2]<\/em><\/a><em>\u00a0Reuters informowa\u0142 26 grudnia, \u017ce przedstawiciel Trypolisu powiedzia\u0142, i\u017c rz\u0105d Libii mieszcz\u0105cy si\u0119 w Trypolisie formalnie poprosi\u0142 o \u201epowietrzne, naziemne i morskie\u201d wsparcie militarne z Turcji<\/em><a href=\"https:\/\/www.memri.org\/reports\/turkish-president-erdo%C4%9Fan-soon-our-parliament-opens-january-7-we-will-present-bill-sending#_edn1\"><em>[2]<\/em><\/a><em>.<\/em><\/p>\n<p><img decoding=\"async\" src=\"https:\/\/www.memri.org\/sites\/default\/files\/2019_Q3\/SD8437.jpg\" \/>Prezydent Erdo\u011fan przemawial w Ankarze 26 grudnia.<\/p>\n<p><em>Rz\u0105d AKP Turcji przez ostatni rok wysy\u0142a\u0142 drony, pojazdy opancerzone, \u201ebro\u0144 laserow\u0105\u201d i amunicj\u0119 do mieszcz\u0105cego w Trypolisie Rz\u0105du Zgody Narodowej (GNA), a tak\u017ce szkoli\u0142 personel militarny i policyjny GNA (patrz MEMRI Special Dispatch No. 8395\u00a0<a href=\"https:\/\/www.memri.org\/reports\/violating-un-arms-embargo-turkeys-akp-government-ships-armed-drones-armored-vehicles-laser\">Violating UN Arms Embargo, Turkey&#8217;s AKP Government Ships Armed Drones, Armored Vehicles, 'Laser Weapons,&#8217; Other Arms And Ammunition To Pro-Islamist Government In Libya, Trains Libyan Military And Police Personnel<\/a>, December 6, 2019).<\/em><\/p>\n<p><strong>&#8222;Postanowili\u015bmy wsp\u00f3\u0142pracowa\u0107 z Tunezj\u0105, z kt\u00f3r\u0105 jeste\u015bmy zgodni, by da\u0107 polityczne poparcie legalnemu rz\u0105dowi\u201d \u00a0<\/strong><\/p>\n<p>Wspominaj\u0105c swoj\u0105 wizyt\u0119 25 grudnia w Tunezji, Erdo\u011fan powiedzia\u0142: &#8222;Odwiedzili\u015bmy prezydenta Kaisa Saieda na tym poziomie po raz pierwszy. Mieli\u015bmy spotkanie twarz w twarz i z komitetami. Rozmawiali\u015bmy, mi\u0119dzy innymi o relacjach miedzy naszym krajem a Tunezj\u0105, o kwestii Libii od g\u00f3ry do do\u0142u. W kwestii stabilno\u015bci Libii postanowili\u015bmy wsp\u00f3\u0142pracowa\u0107 z Tunezj\u0105, z kt\u00f3ra jeste\u015bmy zgodni, by da\u0107 polityczne poparcie legalnemu rz\u0105dowi w kraju [tj. mieszcz\u0105cemu si\u0119 w Trypolisie rz\u0105dowi pod przewodnictwem premiera Fajeza Al-Sarrad\u017ca].&#8221;<\/p>\n<p>M\u00f3wi\u0105c o niedawnych staraniach dyplomatycznych kierowanych przez rz\u0105d Niemiec, by zako\u0144czy\u0107 walki w Libii, prezydent Erdo\u011fan powiedzia\u0142: &#8222;Jako Turcja nalegamy, by Tunezja, Algieria i Katar [otrzyma\u0142y pozwolenie na uczestnictwo w] procesie berli\u0144skim. Podzieli\u0142em si\u0119 tym [pogl\u0105dem] z szanownym [rosyjskim prezydentem W\u0142adimirem] Putinem, z [premierem Wielkiej Brytanii] Borisem Johnsonem i z [niemieck\u0105] kanclerz Merkel&#8230; [Pani] kanclerz powiedzia\u0142a: \u2018Oceni\u0119 to\u2019. Jednak z drugiej strony widzia\u0142em, \u017ce Putin i Boris Johnson my\u015bleli tak samo jak my&#8230; S\u0105dz\u0119, \u017ce w przysz\u0142o\u015bci znajdziemy okazj\u0119 do znacznie g\u0142\u0119bszej i szerszej wsp\u00f3\u0142pracy z [Tunezj\u0105]\u201d. Powiedzia\u0142, \u017ce pozycja Tunezji, jako nie sta\u0142ego cz\u0142onka Rady Bezpiecze\u0144stwa ONZ, kt\u00f3ra ma si\u0119 zacz\u0105\u0107 1 stycznia 2020 r. b\u0119dzie bardzo cenna dla Turcji.<\/p>\n<p>Nale\u017cy wspomnie\u0107, \u017ce 26 grudnia prezydentura Tunezji opublikowa\u0142a o\u015bwiadczenie w\u015br\u00f3d relacji prasowych o wizycie Erdo\u011fana w Tunezji, m\u00f3wi\u0105ce: \u201eNarodowe terytorium mo\u017ce by\u0107 tylko pod tunezyjsk\u0105 suwerenno\u015bci\u0105&#8221;<a name=\"_ednref3\"><\/a><a href=\"https:\/\/www.memri.org\/reports\/turkish-president-erdo%C4%9Fan-soon-our-parliament-opens-january-7-we-will-present-bill-sending#_edn3\">[4]<\/a>.<\/p>\n<p><strong>&#8222;Libia jest pami\u0105tk\u0105 zar\u00f3wno Imperium Osma\u0144skiego, jak Mustafy Kemala [Ata<\/strong><strong>t\u00fcrka<\/strong><strong>]&#8221;<\/strong><\/p>\n<p>Wi\u0105\u017c\u0105c obecn\u0105 dzia\u0142alno\u015b\u0107 Turcji w Libii z Imperium Osma\u0144skim i Mustaf\u0105 Kemalem Atat\u00fcrkiem, za\u0142o\u017cycielem Republiki Turcji, Erdo\u011fan powiedzia\u0142: &#8222;Dla nas Libia jest pami\u0105tk\u0105 zar\u00f3wno Imperium Osma\u0144skiego, jak Mustafy Kemala [Atat\u00fcrka]&#8230; Mustafa Kemal, w 1911 r. zorganizowa\u0142 naszych libijskich braci w Trypolisie, Dernie i Benghazi przeciwko silom okupacyjnym i walczy\u0142 obok nich przeciwko [silom okupacyjnym]. W istocie, w bitwach pod Derna, zosta\u0142 ranny w oko, i nosi\u0142 \u015blad [tej rany] przez ca\u0142e \u017cycie. Czy wie pan o tym, panie Kemalu [K\u0131l\u0131\u00e7daro\u011flu, przyw\u00f3dca opozycyjnej CHP]?&#8221; Erdo\u011fan powiedzia\u0142, \u017ce porozumienie Turcji z Libi\u0105 z 27 listopada 2019 r., kt\u00f3re zmieni\u0142o jurysdykcj\u0119 na wodach mi\u0119dzy Turcj\u0105 a Libi\u0105, by\u0142o ca\u0142kowicie zgodne z prawem mi\u0119dzynarodowym i \u017ce \u201enaszym zamiarem z tym porozumieniem nie jest kradzie\u017c czyichkolwiek praw na Morzu \u015ar\u00f3dziemnym; wr\u0119cz przeciwnie, chodzi o to, by nasze prawa nie zosta\u0142y ukradzione. Bowiem gdyby\u015bmy nie podj\u0119li tego kroku, gra by\u0142a przygotowywana by trzyma\u0107 Turcj\u0119 uwi\u0119zion\u0105 w jej brzegach\u201d.<\/p>\n<p><img decoding=\"async\" src=\"https:\/\/www.memri.org\/sites\/default\/files\/2019_Q3\/SD84371.jpg\" \/><em>(\u017ar\u00f3d\u0142o: Arabi21.com).<\/em><\/p>\n<p><strong>&#8222;Jeste\u015bmy zdecydowani zrobi\u0107 wszystko, co niezb\u0119dne, by broni\u0107 praw naszego kraju i naszych braci i si\u00f3str, kt\u00f3rzy \u017cyj\u0105 w Tureckiej Republice P\u00f3\u0142nocnego Cypru\u201d <\/strong><\/p>\n<p>W kwestii wierce\u0144 gazu ziemnego na wschodnim Morzu \u015ar\u00f3dziemnym prezydent Erdo\u011fan powiedzia\u0142 w przem\u00f3wieniu z 26 grudnia: Jeste\u015bmy zdecydowani zrobi\u0107 wszystko, co niezb\u0119dne, by broni\u0107 praw naszego kraju i naszych braci i si\u00f3str, kt\u00f3rzy \u017cyj\u0105 w Tureckiej Republice P\u00f3\u0142nocnego Cypru.&#8221; W sprawie sprzeciwu tureckiej CHP wobec poszukiwa\u0144 Turcji ropy naftowej i gazu ziemnego w wodach wok\u00f3\u0142 Cypru Erdo\u011fan powiedzia\u0142: &#8222;Stanowisko opozycji da\u0142o greckim mediom wiele materia\u0142u. W Turcji robimy niemal wszystko wewn\u0119trznie; tylko w sprawie g\u0142\u00f3wnej opozycji nie mogli\u015bmy tego osi\u0105gn\u0105\u0107. Inszallah, osi\u0105gniemy to razem z naszym narodem&#8221;. W ci\u0105gu ostatniego roku rz\u0105d Turcji rozszerza\u0142 swoje wysi\u0142ki poszukiwania gazu ziemnego na wschodzie Morza \u015ar\u00f3dziemnego (patrz MEMRI Special Dispatch No. 8372\u00a0<a href=\"https:\/\/www.memri.org\/reports\/following-announcement-eu-sanctions-over-turkish-drilling-eastern-mediterranean-turkey\">Following Announcement Of EU Sanctions Over Turkish Drilling In Eastern Mediterranean, Turkey Doubles Down<\/a>, November 19, 2019).<\/p>\n<p><strong>P\u00f3\u0142nocna Syria: Turecka armia zabezpieczy\u0142a 8200 kilometr\u00f3w kwadratowych w p\u00f3\u0142nocnowschodniej Syrii; &#8222;Je\u015bli wysi\u0142ki Turcji w Idlib nie otrzymaj\u0105 niezb\u0119dnego wsparcia, wszyscy zap\u0142ac\u0119 cen\u0119 za wyniki, jakie si\u0119 zdarz\u0105\u201d <\/strong><\/p>\n<p>Prezydent Erdo\u011fan powiedzia\u0142, \u017ce w wyniku najnowszej inwazji na p\u00f3\u0142nocn\u0105 Syri\u0119, kt\u00f3ra zacz\u0119\u0142a si\u0119 9 pa\u017adziernika 2019 r. 8200 kilometr\u00f3w kwadratowych czyli oko\u0142o 3166 mil kwadratowych zosta\u0142o oczyszczonych z \u201eterroru\u201d. Powiedzia\u0142 tak\u017ce, \u017ce obietnice poczynione przez inne kraje usuni\u0119cia organizacji terrorystycznych z danej cz\u0119\u015bci Syrii nie zosta\u0142y spe\u0142nione i \u017ce &#8222;niepokoje&#8221; trwaj\u0105 od czasu do czasu na terenach, na kt\u00f3rych dzia\u0142a\u0142a armia turecka poza regionem 30 kilometr\u00f3w od turecko-syryjskiej granicy.<\/p>\n<p><img decoding=\"async\" src=\"https:\/\/www.memri.org\/sites\/default\/files\/2019_Q3\/SD84372.jpg\" \/><em>Nieoficjalna turecka witryna internetowa zaznacza ciemnozielonym kolorem obszar w p\u00f3\u0142nocnowschodniej Syrii pod kontrol\u0105 tureckiej armii (\u017ar\u00f3d\u0142o: Tskmap.net).<\/em><\/p>\n<p>M\u00f3wi\u0105c, \u017ce wymagane jest bezpiecze\u0144stwo, by mo\u017cna by\u0142o rozpocz\u0105\u0107 zasiedlanie obszar\u00f3w, jakie zosta\u0142o zaplanowane dla tego regionu, prezydent Erdo\u011fan powiedzia\u0142, \u017ce &#8222;jeste\u015bmy zdecydowani w podejmowaniu wszystkich krok\u00f3w w tym kierunku. Z drugiej strony, sytuacja w Idlib jest du\u017co bardziej niepokoj\u0105ca. Ataki re\u017cimu i rozruchy czyni\u0105 trwa\u0142e zawieszenie broni na tym terenie niemo\u017cliwym. Blisko 100 tysi\u0119cy ludzi uciekaj\u0105cych przed tymi atakami, przesun\u0119\u0142o si\u0119 ku naszej granicy. Powiedzieli\u015bmy ca\u0142emu \u015bwiatu, a przed wszystkim Europie, \u017ce nie mamy mo\u017cliwo\u015bci wytrzymania kolejnej fali uchod\u017ac\u00f3w. Powiedzieli\u015bmy, \u017ce je\u015bli wysi\u0142ki Turcji w Idlib nie otrzymaj\u0105 niezb\u0119dnego wsparcia, wszyscy zap\u0142ac\u0119 cen\u0119 za wyniki, jakie si\u0119 zdarz\u0105. Kraje Europy musz\u0105 zabra\u0107 si\u0119 za zadania dostarczenia spokoju do Idlib, w kt\u00f3rym \u017cyje blisko cztery miliony ludzi\u201d.<\/p>\n<p>M\u00f3wi\u0105c to Erdo\u011fan powtarza\u0142 swoj\u0105 wypowied\u017a z 22 grudnia, \u017ce \u201eosiemdziesi\u0105t tysi\u0119cy naszych braci i si\u00f3str zacz\u0119\u0142o migrowa\u0107 ku naszej granicy. Je\u015bli barbarzy\u0144stwo wobec ludno\u015bci Idlib nie ustanie, ta liczba powi\u0119kszy si\u0119. W takiej sytuacji Turcja nie b\u0119dzie sama d\u017awiga\u0142a tego brzemienia migracji. Wszystkie europejskie kraje, nade wszystko Grecja, odczuj\u0105 negatywne odbicie presji, na jak\u0105 my jeste\u015bmy nara\u017ceni. W takiej sytuacji powt\u00f3rka tego, co zdarzy\u0142o si\u0119 przed umow\u0105 18 marca, b\u0119dzie nieunikniona &#8221; (patrz MEMRI Specjalny komunikat Nr 8433 <a href=\"https:\/\/www2.memri.org\/polish\/turecki-prezydent-erdogan-znowu-grozi-wypchnieciem-uchodzcow-do-europy-wszystkie-kraje-europejskie-nade-wszystko-grecja-odczuja-nacisk-jaki-czuje-turcja\/13485?fbclid=IwAR3_liEKd2vuM78hhsSlz-IObAxFHNU_CrVIfI8p5aEQR7Fuk7oNI0ZGX24\">https:\/\/www2.memri.org\/polish\/turecki-prezydent-erdogan-znowu-grozi-wypchnieciem-uchodzcow-do-europy-wszystkie-kraje-europejskie-nade-wszystko-grecja-odczuja-nacisk-jaki-czuje-turcja\/<\/a>\u00a0 24 grudnia 2019).<\/p>\n<p><strong>Erdo\u011fan cytuje islamistycznego poet\u0119, kt\u00f3rego idee da\u0142y pocz\u0105tek d\u017cihadystycznej grupie znanej z zamach\u00f3w na konsulaty Wielkiej Brytanii i USA w Stambule oraz na inne cele <\/strong><\/p>\n<p>Omawiaj\u0105c projekty budowlane w Turcji, w\u0142\u0105cznie z wielkim projektem kana\u0142u w Stambule, planowanym jako alternatywny kana\u0142 do Bosforu, Erdo\u011fan wyrecytowa\u0142 pierwsz\u0105 zwrotk\u0119 wiersza tureckiego poety, powie\u015bciopisarza i dramaturga oraz islamistycznego ideologa, Necipa Faz\u0131l K\u0131sak\u00fcreka, zatytu\u0142owanego &#8222;M\u00f3j drogi Stambu\u0142&#8221;<a name=\"_ednref4\"><\/a><a href=\"https:\/\/www.memri.org\/reports\/turkish-president-erdo%C4%9Fan-soon-our-parliament-opens-january-7-we-will-present-bill-sending#_edn4\">[5]<\/a>.\u00a0K\u0131sak\u00fcrek, kt\u00f3ry \u017cy\u0142 w latach 1904-1983 publikowa\u0142 (z przerwami) pismo w latach 1943-1978 \u201eB\u00fcy\u00fck Do\u011fu\u201d\u00a0(&#8222;Wielki Wsch\u00f3d&#8221;), kt\u00f3re podobno by\u0142o jedynym islamistycznym pismem tego okresu. By\u0142 pionierem islamistycznego ruchu politycznego o nazwie <em>B\u00fcy\u00fck Do\u011fu<\/em>\u00a0i odsiedzia\u0142 9 miesi\u0119cy i 12 dni w wi\u0119zieniu za sprowokowanie w 1952 r. pr\u00f3by zamachu na Ahmeta Emina Yalmana, \u00f3wczesnego w\u0142a\u015bciciela i redaktora naczelnego \u015bwieckiej gazety \u201eVatan\u201d. Jego idee da\u0142y pocz\u0105tek d\u017cihadystycznej organizacji, \u0130slami\u00a0<em>B\u00fcy\u00fck Do\u011fu\u00a0<\/em>Ak\u0131nc\u0131lar Cephesi (&#8222;Front Je\u017ad\u017ac\u00f3w Islamskiego Wielkiego Wschodu&#8221; IBDA-C).<\/p>\n<p><em>Erdo\u011fan cytowa\u0142 Necipa Faz\u0131l K\u0131sak\u00fcreka<\/em><em>\u00a0(po lewej), kt\u00f3rego idee da\u0142y poczateko IBDA-C, z\u00a0<\/em><em>Salihem Mirzabeyo\u011flu (po prawej)<\/em>.<\/p>\n<p><strong>Zamachy terrorystyczne IBDA-C<\/strong><\/p>\n<p>W listopadzie 2003 r., IBDA-C wysadzi\u0142a w powietrze dwie synagogi w Stambule, zabijaj\u0105c 20 os\u00f3b<a name=\"_ednref5\"><\/a><a href=\"https:\/\/www.memri.org\/reports\/turkish-president-erdo%C4%9Fan-soon-our-parliament-opens-january-7-we-will-present-bill-sending#_edn5\">[6]<\/a>. W tydzie\u0144 p\u00f3\u017aniej wysadzi\u0142a oddzia\u0142 banku\u00a0HSBC w Stambule i Brytyjski konsulat, zabijaj\u0105c 27 os\u00f3b, w tym brytyjskiego konsula generalnego, Rogera Shorta<a name=\"_ednref6\"><\/a><a href=\"https:\/\/www.memri.org\/reports\/turkish-president-erdo%C4%9Fan-soon-our-parliament-opens-january-7-we-will-present-bill-sending#_edn6\">[7]<\/a>\u00a0i rani\u0105c 450. Jeden z cz\u0142onk\u00f3w tej organizacji zosta\u0142 aresztowany w zwi\u0105zku z zamachem w lipcu 2008 r. na konsulat USA w Stambule, w kt\u00f3rym zgin\u0119\u0142y trzy osoby<a name=\"_ednref7\"><\/a><a href=\"https:\/\/www.memri.org\/reports\/turkish-president-erdo%C4%9Fan-soon-our-parliament-opens-january-7-we-will-present-bill-sending#_edn7\">[8]<\/a>. We wrze\u015bniu 1997 r. cz\u0142onkowie tej organizacji dokonali zamachu na targi ksi\u0105\u017cki na stoisko sprzedaj\u0105ce chrze\u015bcija\u0144skie ksi\u0105\u017cki; ma\u0142<a name=\"_ednref8\"><\/a>e dziecko zgin\u0119\u0142o w tym zamachu<a href=\"https:\/\/www.memri.org\/reports\/turkish-president-erdo%C4%9Fan-soon-our-parliament-opens-january-7-we-will-present-bill-sending#_edn8\">[9]<\/a>.\u00a0W 1999 r. ta grupa zabi\u0142a by\u0142ego ministra kultury Turcji<a name=\"_ednref9\"><\/a><a href=\"https:\/\/www.memri.org\/reports\/turkish-president-erdo%C4%9Fan-soon-our-parliament-opens-january-7-we-will-present-bill-sending#_edn9\">[10]<\/a>. Artyku\u0142 redakcyjny z wrze\u015bnia 2014 r. <em>ISIS, wy [walczycie] stamt\u0105d, my [walczymy] st\u0105d!<\/em><a name=\"_ednref10\"><\/a><a href=\"https:\/\/www.memri.org\/reports\/turkish-president-erdo%C4%9Fan-soon-our-parliament-opens-january-7-we-will-present-bill-sending#_edn10\">[11]<\/a>\u00a0w zwi\u0105zanym z IBDA-C pi\u015bmie \u201eAd\u0131mlar\u201d <a name=\"_ednref11\"><\/a><a href=\"https:\/\/www.memri.org\/reports\/turkish-president-erdo%C4%9Fan-soon-our-parliament-opens-january-7-we-will-present-bill-sending#_edn11\">[12]<\/a>\u00a0wzywa\u0142 czytelnik\u00f3w, by nie sprzeciwiali si\u0119 Pa\u0144stwu Islamskiemu (ISIS) w jego \u201eoporowi\u201d wobec si\u0142 USA. Salih Mirzabeyo\u011flu, kt\u00f3rego prawdziwe nazwisko brzmi Salih \u0130zzet Erdi\u015f, przewodzi\u0142 IBDA-C do jego aresztowania w 1998 r. i skazania w 2001 r. na \u015bmier\u0107 za \u201epr\u00f3b\u0119 zmiany si\u0142\u0105 porz\u0105dku konstytucyjnego\u201d. Wyrok zamieniono nast\u0119pnie na do\u017cywocie<a name=\"_ednref12\"><\/a><a href=\"https:\/\/www.memri.org\/reports\/turkish-president-erdo%C4%9Fan-soon-our-parliament-opens-january-7-we-will-present-bill-sending#_edn12\">[13]<\/a>.<\/p>\n<hr \/>\n<p><a name=\"_edn1\"><\/a><a href=\"https:\/\/www.memri.org\/reports\/turkish-president-erdo%C4%9Fan-soon-our-parliament-opens-january-7-we-will-present-bill-sending#_ednref1\">[1]<\/a>\u00a0Amerikaninsesi.com\/a\/libya-tezkeresi-8-9-ocak-ta-tbmm-ye-gidiyor\/5220724.html, December 26, 2019; Tccb.gov.tr\/haberler\/410\/114102\/-akdeniz-deki-amacimiz-kimsenin-hakkini-hukukunu-gasbetmek-degil-hakkimizin-gasbedilmesine-engel-olmaktir-, December 26, 2019; Youtube.com\/watch?v=LUDuGO_wPyw, December 26, 2019.<\/p>\n<p><a name=\"_edn2\"><\/a><a href=\"https:\/\/www.memri.org\/reports\/turkish-president-erdo%C4%9Fan-soon-our-parliament-opens-january-7-we-will-present-bill-sending#_ednref2\">[2]<\/a>\u00a0Hurriyet.com.tr\/gundem\/meclis-ne-zaman-acilacak-tbmmde-yeni-donem-ne-zaman-baslayacak-41406408, December 7, 2019.<\/p>\n<p><a href=\"https:\/\/www.memri.org\/reports\/turkish-president-erdo%C4%9Fan-soon-our-parliament-opens-january-7-we-will-present-bill-sending#_ednref1\">[3]<\/a>\u00a0Reuters.com\/article\/us-turkey-libya-request\/libya-makes-formal-request-for-turkish-military-support-official-idUSKBN1YU158, December 26, 2019.<\/p>\n<p><a name=\"_edn3\"><\/a><a href=\"https:\/\/www.memri.org\/reports\/turkish-president-erdo%C4%9Fan-soon-our-parliament-opens-january-7-we-will-present-bill-sending#_ednref3\">[4]<\/a>\u00a0Tap.info.tn\/en\/Portal-Politics\/12166341-presidency-of, December 26, 2019.<\/p>\n<p><a name=\"_edn4\"><\/a><a href=\"https:\/\/www.memri.org\/reports\/turkish-president-erdo%C4%9Fan-soon-our-parliament-opens-january-7-we-will-present-bill-sending#_ednref4\">[5]<\/a>\u00a0Antoloji.com\/canim-istanbul-siiri, August 19, 2000.<\/p>\n<p><a name=\"_edn5\"><\/a><a href=\"https:\/\/www.memri.org\/reports\/turkish-president-erdo%C4%9Fan-soon-our-parliament-opens-january-7-we-will-present-bill-sending#_ednref5\">[6]<\/a>\u00a0Amerikaninsesi.com\/a\/a-17-a-2003-11-15-9-1-87907652\/811932.html, November 15, 2003.<\/p>\n<p><a name=\"_edn6\"><\/a><a href=\"https:\/\/www.memri.org\/reports\/turkish-president-erdo%C4%9Fan-soon-our-parliament-opens-january-7-we-will-present-bill-sending#_ednref6\">[7]<\/a>\u00a0Hurriyet.com.tr\/gundem\/istanbul-cehennem-gibi-184782, November 20, 2003.<\/p>\n<p><a name=\"_edn7\"><\/a><a href=\"https:\/\/www.memri.org\/reports\/turkish-president-erdo%C4%9Fan-soon-our-parliament-opens-january-7-we-will-present-bill-sending#_ednref7\">[8]<\/a>\u00a0Radikal.com.tr\/turkiye\/amerikan-kalesine-kafa-karistiran-bir-saldiri-887642, July 10, 2008.<\/p>\n<p><a name=\"_edn8\"><\/a><a href=\"https:\/\/www.memri.org\/reports\/turkish-president-erdo%C4%9Fan-soon-our-parliament-opens-january-7-we-will-present-bill-sending#_ednref8\">[9]<\/a>\u00a0Hurriyet.com.tr\/gundem\/bebek-olduren-bomba-ibda-c-nin-39264634, September 16, 1997.<\/p>\n<p><a name=\"_edn9\"><\/a><a href=\"https:\/\/www.memri.org\/reports\/turkish-president-erdo%C4%9Fan-soon-our-parliament-opens-january-7-we-will-present-bill-sending#_ednref9\">[10]<\/a>\u00a0Sabah.com.tr\/1999\/10\/22\/g05.html, October 22, 1999.<\/p>\n<p><a name=\"_edn10\"><\/a><a href=\"https:\/\/www.memri.org\/reports\/turkish-president-erdo%C4%9Fan-soon-our-parliament-opens-january-7-we-will-present-bill-sending#_ednref10\">[11]<\/a>\u00a0Adimlardergisi.com\/isid-sen-oradan-biz-buradan, September 9, 2014.<\/p>\n<p><a name=\"_edn11\"><\/a><a href=\"https:\/\/www.memri.org\/reports\/turkish-president-erdo%C4%9Fan-soon-our-parliament-opens-january-7-we-will-present-bill-sending#_ednref11\">[12]<\/a>\u00a0Diken.com.tr\/ibda-cye-yakinligiyla-bilinen-adimlar-dergisinde-patlama-dort-yarali, March 25, 2015.<\/p>\n<p><a name=\"_edn12\"><\/a><a href=\"https:\/\/www.memri.org\/reports\/turkish-president-erdo%C4%9Fan-soon-our-parliament-opens-january-7-we-will-present-bill-sending#_ednref12\">[13]<\/a>\u00a0Ahaber.com.tr\/gundem\/2018\/05\/16\/28-subat-zulmunun-sembol-ismi-salih-izzet-erdis-vefat-etti, May 16, 2018.<\/p>\n","protected":false},"excerpt":{"rendered":"<p>26 grudnia 2019 r. turecki prezydent, Recep Tayyip Erdo\u011fan, powiedzia\u0142 w przem\u00f3wieniu w Ankarze na Rozszerzonym Spotkaniu Szef\u00f3w Prowincji AKP: \u201eTeraz oni [niejasne, o kim m\u00f3wi] krzycz\u0105 i wrzeszcz\u0105: R\u00f3b, co chcesz, podpisali\u015bmy i sko\u0144czyli\u015bmy zadanie\u2026 M\u00f3wi\u0105: \u2018Czy wy\u015blesz \u017co\u0142nierzy [do Libii]?\u2019&#8230; P\u00f3jdziemy tam dok\u0105d b\u0119dziemy zaproszeni. Ale nie p\u00f3jdziemy tam, dok\u0105d nie jeste\u015bmy zaproszeni. [&hellip;]<\/p>\n","protected":false},"author":1,"featured_media":13489,"comment_status":"open","ping_status":"open","sticky":false,"template":"","format":"standard","meta":{"footnotes":""},"categories":[824,835,836,837,843,845],"tags":[],"class_list":["post-13488","post","type-post","status-publish","format-standard","has-post-thumbnail","hentry","category-specjalne-komunikaty","category-archiwum","category-tematy","category-kraje","category-turcja","category-stosunki-wewnatrzarabskie"],"_links":{"self":[{"href":"https:\/\/www2.memri.org\/polish\/wp-json\/wp\/v2\/posts\/13488","targetHints":{"allow":["GET"]}}],"collection":[{"href":"https:\/\/www2.memri.org\/polish\/wp-json\/wp\/v2\/posts"}],"about":[{"href":"https:\/\/www2.memri.org\/polish\/wp-json\/wp\/v2\/types\/post"}],"author":[{"embeddable":true,"href":"https:\/\/www2.memri.org\/polish\/wp-json\/wp\/v2\/users\/1"}],"replies":[{"embeddable":true,"href":"https:\/\/www2.memri.org\/polish\/wp-json\/wp\/v2\/comments?post=13488"}],"version-history":[{"count":1,"href":"https:\/\/www2.memri.org\/polish\/wp-json\/wp\/v2\/posts\/13488\/revisions"}],"predecessor-version":[{"id":13490,"href":"https:\/\/www2.memri.org\/polish\/wp-json\/wp\/v2\/posts\/13488\/revisions\/13490"}],"wp:featuredmedia":[{"embeddable":true,"href":"https:\/\/www2.memri.org\/polish\/wp-json\/wp\/v2\/media\/13489"}],"wp:attachment":[{"href":"https:\/\/www2.memri.org\/polish\/wp-json\/wp\/v2\/media?parent=13488"}],"wp:term":[{"taxonomy":"category","embeddable":true,"href":"https:\/\/www2.memri.org\/polish\/wp-json\/wp\/v2\/categories?post=13488"},{"taxonomy":"post_tag","embeddable":true,"href":"https:\/\/www2.memri.org\/polish\/wp-json\/wp\/v2\/tags?post=13488"}],"curies":[{"name":"wp","href":"https:\/\/api.w.org\/{rel}","templated":true}]}}