{"id":1332,"date":"2010-09-08T00:00:00","date_gmt":"2010-09-08T00:00:00","guid":{"rendered":"http:\/\/www2.memri.org\/polaco\/syryjski-pisarz-muhammad-nimr-al-madani-w-telewizji-iranskiej-w-wielu-krajach-zydzi-zabijaja-ludzi-i-mieszaja-ich-krew-z-maca-syjonu-stary-testament-opisuje-jak-zbudowac-krematorium\/1332"},"modified":"2010-09-08T00:00:00","modified_gmt":"2010-09-08T00:00:00","slug":"syryjski-pisarz-muhammad-nimr-al-madani-w-telewizji-iranskiej-w-wielu-krajach-zydzi-zabijaja-ludzi-i-mieszaja-ich-krew-z-maca-syjonu-stary-testament-opisuje-jak-zbudowac-krematorium","status":"publish","type":"post","link":"https:\/\/www2.memri.org\/polish\/syryjski-pisarz-muhammad-nimr-al-madani-w-telewizji-iranskiej-w-wielu-krajach-zydzi-zabijaja-ludzi-i-mieszaja-ich-krew-z-maca-syjonu-stary-testament-opisuje-jak-zbudowac-krematorium\/1332","title":{"rendered":"Syryjski pisarz Muhammad Nimr Al-Madani w telewizji ira\u0144skiej: W wielu krajach \u017bydzi zabijaj\u0105 ludzi i mieszaj\u0105 ich krew z Mac\u0105 Syjonu; Stary Testament opisuje jak zbudowa\u0107 krematorium"},"content":{"rendered":"<div class=\"bodytext c1\">\n<p><em>Poni\u017cej podajemy fragmenty debaty o negacji Holocaustu nadanej przez Al-Alam TV (Iran) 8 sierpnia 2010 r<\/em>.<\/p>\n<p><em>\u017beby zobaczy\u0107 ten klip w MEMRI TV, odwied\u017a<\/em> <a href=\"http:\/\/www.memritv.org\/clip\/en\/0\/0\/0\/0\/0\/0\/2593.htm\"><em>http:\/\/www.memritv.org\/clip\/en\/0\/0\/0\/0\/0\/0\/2593.htm<\/em><\/a> <em>.<\/em><\/p>\n<p><img decoding=\"async\" border=\"0\" src=\"http:\/\/www.memri.org\/image\/5012.JPG\" \/><\/p>\n<p><strong>Syryjski pisarz Muhammad Nimr Al-Madani<\/strong>: Przeczyta\u0142em wszystko, co zosta\u0142o napisane o Holocau\u015bcie, zar\u00f3wno przez tych, kt\u00f3rzy mu zaprzeczaj\u0105, jak i tych, kt\u00f3rzy twierdz\u0105, \u017ce sie zdarzy\u0142. Przede wszystkim, ci, kt\u00f3rzy twierdz\u0105, \u017ce Holocaust mia\u0142 miejsce, nie maj\u0105 \u017cadnego dowodu.<\/p>\n<p><strong>Gospodarz programu<\/strong>: Ci, kt\u00f3rzy twierdz\u0105, \u017ce mia\u0142 miejsce?<\/p>\n<p><strong>Muhammad Nimr Al-Madani<\/strong>: Tak<\/p>\n<p><strong>Gospodarz programu<\/strong>: Na czym opieraj\u0105 te twierdzenia?<\/p>\n<p><strong>Muhammad Nimr Al-Madani<\/strong>: Na niczym, tylko na k\u0142amstwie. Ci, kt\u00f3rzy przecz\u0105 [<em>sic<\/em>] zag\u0142adzie, dostarczaj\u0105 s\u0142abych dowod\u00f3w. Uczciwie m\u00f3wi\u0105c na Zachodzie nie odwa\u017caj\u0105 si\u0119 m\u00f3wi\u0107 swobodnie\u2026<\/p>\n<p><strong>Gospodarz programu<\/strong>: Lub prowadzi\u0107 obiektywnych bada\u0144.<\/p>\n<p><strong>Muhammad Nimr Al-Madani<\/strong>: Racja. Nie maj\u0105 takiej wolno\u015bci jak my. [\u2026]<\/p>\n<p><strong>Syryjski badacz i wydawca Muhammad Szajkjani<\/strong>: Przede wszystkim istnieje werset koraniczny, kt\u00f3ry m\u00f3wi: \u201cTak wi\u0119c zabijanie ich dzieci by\u0142o przedstawione przychylnie wielu politeistom\u201d.<\/p>\n<p>Ci, kt\u00f3rzy zabijaj\u0105 dzieci, \u017ceby u\u017cy\u0107 ich krwi i zbli\u017cy\u0107 si\u0119 do boga ofiar, zwr\u00f3cili si\u0119 do zabijania dzieci chrze\u015bcijan w Londynie i w Pary\u017cu, w Szwajcarii i w Austrii. Zostali wygnani z Brytanii, kiedy podczas jednego z ich \u015bwiat znaleziono zamordowane dzieci. W Syrii zamordowali chrze\u015bcija\u0144skiego ksi\u0119dza i mordercy zostali straceni. W wielu krajach w \u015bwi\u0119to Macy Syjonu zabijaj\u0105 ludzi, zabieraj\u0105 krew ofiar i mieszaj\u0105 j\u0105 do Macy Syjonu. [\u2026]<\/p>\n<p>Wierz\u0105, \u017ce B\u00f3g umar\u0142 w tej zag\u0142adzie, \u017ceby \u017bydzi mogli \u017cy\u0107 w Palestynie, a ich b\u00f3g, Jahwe, m\u00f3g\u0142 \u017cy\u0107 z nimi. [\u2026]<\/p>\n<p><strong>Muhammad Nimr Al-Madani<\/strong>: \u017bydzi zmieszali filozofi\u0119, religi\u0119 i polityk\u0119. Przez ca\u0142\u0105 histori\u0119 stale rozwijali swoj\u0105 religi\u0119 zgodnie z okoliczno\u015bciami, a\u017c doszli do syjonizmu. Judaizm zacz\u0105\u0142 oznacza\u0107 syjonizm, a w obecnych czasach judaizm zacz\u0105\u0142 oznacza\u0107 \u201eholocaustyzm\u201d. [\u2026]<\/p>\n<p>Wed\u0142ug Tory Pan nakaza\u0142 im siedmiodniowe palenie ofiarne. \u201ePalenie\u201d jest \u015bwi\u0119tym rytua\u0142em modlitewnym. Uwa\u017cam to za dow\u00f3d fa\u0142szywo\u015bci Holocaustu i biblijne \u015bwiadectwo tego, \u017ce zaczerpn\u0119li k\u0142amstwo Holocaustu z Tory. Ich poleganie na Torze dowodzi, \u017ce Holocaust jest k\u0142amstwem i \u017ce nigdy si\u0119 nie zdarzy\u0142. Pokazuje tak\u017ce, \u017ce doktryna Holocaustu jest g\u0142\u0119boko zakorzeniona w ich umys\u0142ach i ich rytua\u0142ach.<\/p>\n<p><strong>Gospodarz programu<\/strong>: Na przyk\u0142ad na stronie 64 pana ksi\u0105\u017cki pisze pan, \u017ce Stary Testament opisuje bardzo dok\u0142adnie jak zbudowa\u0107 krematorium.<\/p>\n<p><strong>Muhammad Nimr Al-Madani<\/strong>: Tak. Jest tam tekst opisuj\u0105cy jak zbudowa\u0107 \u015bwi\u0105tyni\u0119 dla krematorium \u2013 jej kolumny, ozdoby miedziane i tak dalej.<\/p>\n<p><strong>Gospodarz programu<\/strong>: Opisuje krematorium w szczeg\u00f3\u0142ach.<\/p>\n<p><strong>Muhammad Nimr Al-Madani<\/strong>: Tak. Na przyk\u0142ad jego rozmiar jest w przybli\u017ceniu 2 metry. Prosz\u0119 pami\u0119ta\u0107, \u017ce spalarnie w niemieckich szpitalach nazistowskich, w kt\u00f3rych palili cia\u0142a chorych, mia\u0142y 2 metry albo 190 centymetr\u00f3w. To jest podobne do spalarni, kt\u00f3re oni uwa\u017caj\u0105 za krematoria.<\/p>\n<p><strong>Gospodarz programu<\/strong>: Wewn\u0105trz, na ok\u0142adce, czytamy cytat prezydenta Mahmouda Ahmadine\u017cada. Dlaczego postanowi\u0142 pan wydrukowa\u0107 cytat Ahmadine\u017cada? To jest\u2026<\/p>\n<p><strong>Muhammad Nimr Al-Madani<\/strong>: Mo\u017cemy ustawi\u0107 to przed kamer\u0105\u2026 By\u0142em bardzo szcz\u0119\u015bliwy, kiedy ira\u0144ski prezydent zaprzeczy\u0142 Holocaustowi. Poniewa\u017c jestem przekonany, \u017ce musimy zwalcza\u0107 to k\u0142amstwo, by\u0142em pe\u0142en podziwu dla s\u0142\u00f3w ira\u0144skiego prezydenta.<\/p>\n<p><strong>Gospodarz programu<\/strong>: Powiedzia\u0142 on: \u201cIzrael powinien zosta\u0107 wymazany z mapy\u201d.<\/p>\n<p><strong>Muhammad Nimr Al-Madani<\/strong>: Tak jest. Przede wszystkim, prezydent ira\u0144ski jest pierwszym przyw\u00f3dc\u0105 na \u015bwiecie, kt\u00f3ry przyj\u0105\u0142 negacj\u0119 Holocaustu. To jest wspania\u0142e wydarzenie. Po drugie, Izrael musi zosta\u0107 wymazany z mapy, jak powiedzia\u0142 wcze\u015bniej imam Chomeini. [&#8230;]<\/p>\n<\/div>\n","protected":false},"excerpt":{"rendered":"<p>Poni\u017cej podajemy fragmenty debaty o negacji Holocaustu nadanej przez Al-Alam TV (Iran) 8 sierpnia 2010 r. \u017beby zobaczy\u0107 ten klip w MEMRI TV, odwied\u017a http:\/\/www.memritv.org\/clip\/en\/0\/0\/0\/0\/0\/0\/2593.htm . Syryjski pisarz Muhammad Nimr Al-Madani: Przeczyta\u0142em wszystko, co zosta\u0142o napisane o Holocau\u015bcie, zar\u00f3wno przez tych, kt\u00f3rzy mu zaprzeczaj\u0105, jak i tych, kt\u00f3rzy twierdz\u0105, \u017ce sie zdarzy\u0142. Przede wszystkim, ci, [&hellip;]<\/p>\n","protected":false},"author":1,"featured_media":0,"comment_status":"open","ping_status":"closed","sticky":false,"template":"","format":"standard","meta":{"footnotes":""},"categories":[824,827,828,835,836,837,845],"tags":[],"class_list":["post-1332","post","type-post","status-publish","format-standard","hentry","category-specjalne-komunikaty","category-iran","category-autonomia-palestynska","category-archiwum","category-tematy","category-kraje","category-stosunki-wewnatrzarabskie"],"_links":{"self":[{"href":"https:\/\/www2.memri.org\/polish\/wp-json\/wp\/v2\/posts\/1332","targetHints":{"allow":["GET"]}}],"collection":[{"href":"https:\/\/www2.memri.org\/polish\/wp-json\/wp\/v2\/posts"}],"about":[{"href":"https:\/\/www2.memri.org\/polish\/wp-json\/wp\/v2\/types\/post"}],"author":[{"embeddable":true,"href":"https:\/\/www2.memri.org\/polish\/wp-json\/wp\/v2\/users\/1"}],"replies":[{"embeddable":true,"href":"https:\/\/www2.memri.org\/polish\/wp-json\/wp\/v2\/comments?post=1332"}],"version-history":[{"count":0,"href":"https:\/\/www2.memri.org\/polish\/wp-json\/wp\/v2\/posts\/1332\/revisions"}],"wp:attachment":[{"href":"https:\/\/www2.memri.org\/polish\/wp-json\/wp\/v2\/media?parent=1332"}],"wp:term":[{"taxonomy":"category","embeddable":true,"href":"https:\/\/www2.memri.org\/polish\/wp-json\/wp\/v2\/categories?post=1332"},{"taxonomy":"post_tag","embeddable":true,"href":"https:\/\/www2.memri.org\/polish\/wp-json\/wp\/v2\/tags?post=1332"}],"curies":[{"name":"wp","href":"https:\/\/api.w.org\/{rel}","templated":true}]}}