{"id":13313,"date":"2019-10-18T20:46:23","date_gmt":"2019-10-18T18:46:23","guid":{"rendered":"https:\/\/www2.memri.org\/polish\/?p=13313"},"modified":"2019-10-18T20:46:23","modified_gmt":"2019-10-18T18:46:23","slug":"reporterka-russia-today-w-ewakuowanej-bazie-usa-w-polnocnej-syrii-wszystko-pozostalo-nienaruszone","status":"publish","type":"post","link":"https:\/\/www2.memri.org\/polish\/reporterka-russia-today-w-ewakuowanej-bazie-usa-w-polnocnej-syrii-wszystko-pozostalo-nienaruszone\/13313","title":{"rendered":"Reporterka Russia Today w ewakuowanej bazie USA w p\u00f3\u0142nocnej Syrii: Wszystko pozosta\u0142o nienaruszone"},"content":{"rendered":"<p><em>Reporterka RT, Wafa Shabrouney, wesz\u0142a do ewakuowanej bazy armii USA na po\u0142udniowy zach\u00f3d od Manbid\u017c w p\u00f3\u0142nocnej Syrii. Wed\u0142ug jej reporta\u017cu, \u017co\u0142nierze USA opu\u015bcili baz\u0119 o p\u00f3\u0142nocy ze swoj\u0105 broni\u0105 i opancerzonymi pojazdami, i zostawili ca\u0142\u0105 baz\u0119 nienaruszon\u0105. Reporta\u017c nadano 15 pa\u017adziernika. \u00a0<\/em><\/p>\n<p><strong>Aby zobaczy\u0107 klip z reporterk\u0105 RT, Waf\u0105 Shabrouney, w MEMRI TV, kliknij\u00a0<\/strong><a href=\"https:\/\/www.memri.org\/tv\/rt-reporter-in-evacuated-american-base-in-syria\"><strong>tutaj<\/strong><\/a><strong>\u00a0lub poni\u017cej.<\/strong><\/p>\n<p><iframe loading=\"lazy\" src=\"https:\/\/www.memri.org\/player\/clip\/44262\/780,440\/1\" width=\"780\" height=\"440\" frameborder=\"0\"><\/iframe><\/p>\n<p><strong>&#8222;Jeste\u015bmy tutaj, w jednej z baz USA, z kt\u00f3rych wycofa\u0142y si\u0119 si\u0142y ameryka\u0144skie o p\u00f3\u0142nocy mi\u0119dzy poniedzia\u0142kiem a wtorkiem, jak nam powiedzieli miejscowi\u201d <\/strong><\/p>\n<p><strong>Wafa Shabrouney:\u00a0<\/strong>Jeste\u015bmy tutaj, w jednej z baz USA, z kt\u00f3rych wycofa\u0142y si\u0119 si\u0142y ameryka\u0144skie o p\u00f3\u0142nocy mi\u0119dzy poniedzia\u0142kiem a wtorkiem, jak nam powiedzieli miejscowi. To jest na po\u0142udniowy zach\u00f3d od miasta Manbid\u017c. Ta ameryka\u0144ska baza zajmuje ca\u0142y ten obszar. Mie\u015bci si\u0119 oko\u0142o siedem kilometr\u00f3w na po\u0142udniowy zach\u00f3d od miasta.<\/p>\n<p><img decoding=\"async\" src=\"https:\/\/www.memri.org\/sites\/default\/files\/2019_Q3\/MTV7537.JPG\" \/><\/p>\n<p>Ta baza mie\u015bci\u0142a ameryka\u0144skich oficer\u00f3w i \u017co\u0142nierzy w regionie. Jak widzimy, wszystko w bazie pozosta\u0142o nienaruszone, \u017bo\u0142nierze zabrali tylko opancerzone pojazdy, kiedy odjechali.<\/p>\n<p><img decoding=\"async\" src=\"https:\/\/www.memri.org\/sites\/default\/files\/2019_Q3\/MTV75371.JPG\" \/><\/p>\n<p><img decoding=\"async\" src=\"https:\/\/www.memri.org\/sites\/default\/files\/2019_Q3\/mtv7537A.jpg\" \/><\/p>\n<p><strong>&#8222;Odjecha\u0142o ponad 15 APC z tej bazy, za\u0142adowanych \u017co\u0142nierzami i broni\u0105, wszystko inne pozosta\u0142o nieruszone\u201d \u00a0<\/strong><\/p>\n<p>Odjecha\u0142o ponad 15 APC z tej bazy, za\u0142adowanych \u017co\u0142nierzami i broni\u0105. Wszystko inne pozosta\u0142o nieruszone. Widzimy pokoje, w kt\u00f3rych mieszkali \u017co\u0142nierze USA \u2013 \u017cywno\u015b\u0107, kuchnie, pokoje dzienne w dodatku do elektrycznych transformator\u00f3w. Wszystko by\u0142o dostarczone do tej bazy USA, kt\u00f3r\u0105 zbudowano po tym, jak obszar zosta\u0142 wyzwolony od ISIS.<\/p>\n<p><img decoding=\"async\" src=\"https:\/\/www.memri.org\/sites\/default\/files\/2019_Q3\/MTV7537b.JPG\" \/><\/p>\n<p><img decoding=\"async\" src=\"https:\/\/www.memri.org\/sites\/default\/files\/2019_Q3\/MTV7537c.jpg\" \/><\/p>\n<p>To wtedy przysz\u0142y si\u0142y USA i zbudowa\u0142y te baz\u0119. To by\u0142o trzy lata temu.<\/p>\n<p>Mo\u017cemy zobaczy\u0107 tutaj, gdzie mieszkali ameryka\u0144scy \u017co\u0142nierze. \u017bywno\u015b\u0107, odzie\u017c \u2013 wszystko pozosta\u0142o w tym miejscu. Naturalnie, przysz\u0142y si\u0142y kurdyjskie i przej\u0119\u0142y baz\u0119. Kurdyjskie jednostki zosta\u0142y rozlokowane w tej bazie.<\/p>\n<p><img decoding=\"async\" src=\"https:\/\/www.memri.org\/sites\/default\/files\/2019_Q3\/MTV75375.JPG\" \/><\/p>\n","protected":false},"excerpt":{"rendered":"<p>Reporterka RT, Wafa Shabrouney, wesz\u0142a do ewakuowanej bazy armii USA na po\u0142udniowy zach\u00f3d od Manbid\u017c w p\u00f3\u0142nocnej Syrii. Wed\u0142ug jej reporta\u017cu, \u017co\u0142nierze USA opu\u015bcili baz\u0119 o p\u00f3\u0142nocy ze swoj\u0105 broni\u0105 i opancerzonymi pojazdami, i zostawili ca\u0142\u0105 baz\u0119 nienaruszon\u0105. Reporta\u017c nadano 15 pa\u017adziernika. \u00a0 Aby zobaczy\u0107 klip z reporterk\u0105 RT, Waf\u0105 Shabrouney, w MEMRI TV, kliknij\u00a0tutaj\u00a0lub [&hellip;]<\/p>\n","protected":false},"author":1,"featured_media":13314,"comment_status":"open","ping_status":"open","sticky":false,"template":"","format":"standard","meta":{"footnotes":""},"categories":[824,835],"tags":[],"class_list":["post-13313","post","type-post","status-publish","format-standard","has-post-thumbnail","hentry","category-specjalne-komunikaty","category-archiwum"],"_links":{"self":[{"href":"https:\/\/www2.memri.org\/polish\/wp-json\/wp\/v2\/posts\/13313","targetHints":{"allow":["GET"]}}],"collection":[{"href":"https:\/\/www2.memri.org\/polish\/wp-json\/wp\/v2\/posts"}],"about":[{"href":"https:\/\/www2.memri.org\/polish\/wp-json\/wp\/v2\/types\/post"}],"author":[{"embeddable":true,"href":"https:\/\/www2.memri.org\/polish\/wp-json\/wp\/v2\/users\/1"}],"replies":[{"embeddable":true,"href":"https:\/\/www2.memri.org\/polish\/wp-json\/wp\/v2\/comments?post=13313"}],"version-history":[{"count":1,"href":"https:\/\/www2.memri.org\/polish\/wp-json\/wp\/v2\/posts\/13313\/revisions"}],"predecessor-version":[{"id":13315,"href":"https:\/\/www2.memri.org\/polish\/wp-json\/wp\/v2\/posts\/13313\/revisions\/13315"}],"wp:featuredmedia":[{"embeddable":true,"href":"https:\/\/www2.memri.org\/polish\/wp-json\/wp\/v2\/media\/13314"}],"wp:attachment":[{"href":"https:\/\/www2.memri.org\/polish\/wp-json\/wp\/v2\/media?parent=13313"}],"wp:term":[{"taxonomy":"category","embeddable":true,"href":"https:\/\/www2.memri.org\/polish\/wp-json\/wp\/v2\/categories?post=13313"},{"taxonomy":"post_tag","embeddable":true,"href":"https:\/\/www2.memri.org\/polish\/wp-json\/wp\/v2\/tags?post=13313"}],"curies":[{"name":"wp","href":"https:\/\/api.w.org\/{rel}","templated":true}]}}