{"id":13151,"date":"2019-08-13T21:04:46","date_gmt":"2019-08-13T19:04:46","guid":{"rendered":"https:\/\/www2.memri.org\/polish\/?p=13151"},"modified":"2019-08-14T21:13:51","modified_gmt":"2019-08-14T19:13:51","slug":"egipski-dziennikarz-al-azab-al-tajjeb-holocaust-syjonistyczna-propaganda-dla-zdobycia-pieniedzy-izrael-wymyslil-opowiesci-o-nazistach-uzywajacych-komor-gazowych-do","status":"publish","type":"post","link":"https:\/\/www2.memri.org\/polish\/egipski-dziennikarz-al-azab-al-tajjeb-holocaust-syjonistyczna-propaganda-dla-zdobycia-pieniedzy-izrael-wymyslil-opowiesci-o-nazistach-uzywajacych-komor-gazowych-do\/13151","title":{"rendered":"Egipski dziennikarz, Al-Azab Al-Tajjeb: Holocaust \u2013 syjonistyczna propaganda; \u201eDla zdobycia pieni\u0119dzy Izrael wymy\u015bli\u0142 opowie\u015bci o nazistach u\u017cywaj\u0105cych kom\u00f3r gazowych\u201d do \u201emasowego mordowania \u017byd\u00f3w\u201d \u2013 ale s\u0105 one zbyt ma\u0142e, by ich u\u017cywa\u0107 do ludob\u00f3jstwa"},"content":{"rendered":"<p><em>W nadanym 7 marca 2019 r. odcinku Niebieskiej Linii na kanale telewizyjnym 2 (Egipt), Al-Azab Al-Tajjeb, egipski dziennikarz pracuj\u0105cy dla gazety \u201eAl-Ahram\u201d powiedzia\u0142, \u017ce \u201etw\u00f3r syjonistyczny\u201d ma wp\u0142ywowe grupy na ca\u0142ym \u015bwiecie \u2013 szczeg\u00f3lnie w Stanach Zjednoczonych \u2013 kt\u00f3re sprawuj\u0105 finansow\u0105, medialn\u0105 i polityczn\u0105 kontrol\u0119 nad o\u015brodkami podejmowania decyzji takimi jak Kongres USA, prezydent, Departament Stanu i\u00a0 think tanki. Al-Tajjeb powiedzia\u0142, \u017ce liczba sze\u015bciu milion\u00f3w \u017byd\u00f3w spalonych w Holocau\u015bcie jest ci\u0119\u017cko przesadzona i \u017ce nie wi\u0119cej jak kilkaset tysi\u0119cy \u017byd\u00f3w zosta\u0142o zabitych. Powiedzia\u0142 tak\u017ce, \u017ce komory gazowe, kt\u00f3rych nazi\u015bci rzekomo u\u017cywali, by\u0142y zbyt ma\u0142e, by spali\u0107 miliony \u017byd\u00f3w; twierdzi\u0142, \u017ce by\u0142y one u\u017cywane do kremacji zw\u0142ok wi\u0119\u017ani\u00f3w, kt\u00f3rzy zmarli na tyfus z powodu braku opieki medycznej podczas wojny. Al-Tajjeb powiedzia\u0142 nast\u0119pnie, \u017ce to, co syjoni\u015bci robi\u0105 Palesty\u0144czykom, powinno by\u0107 opisywane w ten sam spos\u00f3b, w jaki syjoni\u015bci opisuj\u0105 Holocaust, poniewa\u017c jest znacznie gorsze. Podczas programu pokazano kr\u00f3tki filmik w stylu dokumentalnym, w kt\u00f3rym twierdzono, \u017ce syjonistyczna propaganda u\u017cywa\u0142a antysemityzmu i k\u0142amstwa o Holocau\u015bcie jako zyskownego biznesu w celu wymuszenia pieni\u0119dzy od Zachodu. Narrator tego filmu twierdzi\u0142 tak\u017ce, \u017ce \u017bydzi wyolbrzymili liczb\u0119 \u017byd\u00f3w zabitych w owym czasie i \u017ce zmy\u015blili historie o komorach gazowych u\u017cywanych do masowych morderstw w celu zdobycia jeszcze wi\u0119cej pieni\u0119dzy. \u00a0<\/em><\/p>\n<p><strong>Aby zobaczy\u0107 klip z Al-Azabem Al-Tajjebem w MEMRI TV, kliknij\u00a0<\/strong><a href=\"https:\/\/www.memri.org\/tv\/egyptian-journalist-azab-tayyeb-denies-holocaust-gas-chambers-lie-six-million-zionist-propaganda-profitable\"><strong>tutaj<\/strong><\/a><strong>\u00a0lub poni\u017cej.<\/strong><\/p>\n<p><iframe loading=\"lazy\" src=\"https:\/\/www.memri.org\/player\/clip\/43659\/780,440\/1\" width=\"780\" height=\"440\" frameborder=\"0\"><\/iframe><\/p>\n<p><strong>&#8222;Liczba \u017byd\u00f3w w Europie w owym czasie nie przekracza\u0142a 6,5 milion\u00f3w\u201d <\/strong><\/p>\n<p><strong>Al-Azab Al-Tajjeb:\u00a0<\/strong>Syjonistyczne lobby istnieje nie tylko w tworze syjonistycznym. Jest obecne w Europie, w Ameryce i w innych regionach \u015bwiata, takich jak Kanada i niekt\u00f3re regiony Afryki Po\u0142udniowej.<\/p>\n<p><img decoding=\"async\" src=\"https:\/\/www.memri.org\/sites\/default\/files\/2019_Q2\/MTV7412.JPG\" \/><\/p>\n<p><img decoding=\"async\" src=\"https:\/\/www.memri.org\/sites\/default\/files\/2019_Q2\/MTV74121.jpg\" \/><\/p>\n<p>Temu lobby uda\u0142o si\u0119 rozpropagowa\u0107 poj\u0119cie [Holocaustu] w bardzo skuteczny spos\u00f3b, obiektywnie m\u00f3wi\u0105c.<\/p>\n<p><img decoding=\"async\" src=\"https:\/\/www.memri.org\/sites\/default\/files\/2019_Q2\/MTV74122.jpg\" \/><\/p>\n<p><strong>Prezenter<\/strong>: Maj\u0105 do dyspozycji media i w\u0142a\u015bciwe kontakty\u2026<\/p>\n<p><strong>Al-Azab Al-Tajjeb:\u00a0<\/strong>Najwa\u017cniejsz\u0105 rzecz\u0105, jak\u0105 ma tw\u00f3r syjonistyczny, jest wp\u0142yw poprzez olbrzymie grupy lobbuj\u0105ce na ca\u0142ym \u015bwiecie, szczeg\u00f3lnie w Ameryce. Te lobby lub grupy nacisku maj\u0105 finansow\u0105, medialn\u0105 i polityczn\u0105 kontrol\u0119 nad o\u015brodkami podejmowania decyzji: Kongresem, prezydentem, jak r\u00f3wnie\u017c Departamentem Stanu. Ma silne powi\u0105zania z think tankami, a niekt\u00f3re z nich ca\u0142kowicie odzwierciedlaj\u0105 syjonistyczny pogl\u0105d.<\/p>\n<p><img decoding=\"async\" src=\"https:\/\/www.memri.org\/sites\/default\/files\/2019_Q2\/MTV74123.JPG\" \/><\/p>\n<p><img decoding=\"async\" src=\"https:\/\/www.memri.org\/sites\/default\/files\/2019_Q2\/MTV74124.jpg\" \/><\/p>\n<p>[&#8230;]<\/p>\n<p>Je\u015bli chodzi o twierdzenie, \u017ce sze\u015b\u0107 milion\u00f3w \u017byd\u00f3w zosta\u0142o spalonych podczas wojny w Niemczech lub w krajach, kt\u00f3rymi w owym czasie rz\u0105dzi\u0142y Niemcy\u2026<\/p>\n<p><img decoding=\"async\" src=\"https:\/\/www.memri.org\/sites\/default\/files\/2019_Q2\/MTV74125.JPG\" \/><\/p>\n<p><strong>Prezenter<\/strong>: Czy s\u0105dzi pan, \u017ce ta liczba jest przesadzona?<\/p>\n<p><img decoding=\"async\" src=\"https:\/\/www.memri.org\/sites\/default\/files\/2019_Q2\/MTV74126.jpg\" \/><\/p>\n<p><strong>Al-Azab Al-Tajjeb:<\/strong>\u00a0Tak w\u0142a\u015bnie. Kiedy dowiedzia\u0142em si\u0119 fakt\u00f3w, uzna\u0142em to za dziwne\u2026 .<\/p>\n<p><strong>Prezenter<\/strong>: Dlaczego s\u0105dzi pan, \u017ce ta liczba jest przesadzona?<\/p>\n<p><strong>Al-Azab Al-Tajjeb:\u00a0<\/strong>Przede wszystkim, liczba \u017byd\u00f3w w Europie w owym czasie nie przekracza\u0142a 6,5 miliona, wed\u0142ug danych, jakie znalaz\u0142em.<\/p>\n<p><img decoding=\"async\" src=\"https:\/\/www.memri.org\/sites\/default\/files\/2019_Q2\/MTV74127.JPG\" \/><\/p>\n<p><strong>Prezenter<\/strong>: A wi\u0119c liczba \u017byd\u00f3w w Europie wynosi\u0142a6,5 miliona.<\/p>\n<p><img decoding=\"async\" src=\"https:\/\/www.memri.org\/sites\/default\/files\/2019_Q2\/MTV74128.jpg\" \/><\/p>\n<p><strong>Al-Azab Al-Tajjeb:\u00a0<\/strong>Niekt\u00f3rzy ludzie m\u00f3wi\u0105, \u017ce by\u0142o dziewi\u0119\u0107 milion\u00f3w. Jak wi\u0119c mo\u017ce kraj eksterminowa\u0107 wszystkich tych \u017byd\u00f3w na ca\u0142ym kontynencie?<\/p>\n<p><strong>Prezenter<\/strong>: To jest sprzeczne z faktami i logik\u0105.<\/p>\n<p><img decoding=\"async\" src=\"https:\/\/www.memri.org\/sites\/default\/files\/2019_Q2\/MTV74129.jpg\" \/><\/p>\n<p><strong>Al-Azab Al-Tajjeb<\/strong>: Racja.<\/p>\n<p>[&#8230;]<\/p>\n<p>&#8222;Ruchowi syjonistycznemu uda\u0142o si\u0119 okupowa\u0107 Palestyn\u0119 w oparciu o gar\u015b\u0107 mit\u00f3w \u2013 jednym z tych mit\u00f3w by\u0142 Holocaust&#8221;<\/p>\n<p><strong>Narrator<\/strong>: Ruchowi syjonistycznemu uda\u0142o si\u0119 okupowa\u0107 Palestyn\u0119 w oparciu o gar\u015b\u0107 mit\u00f3w, Jednym z tych mit\u00f3w by\u0142 Holocaust. S\u0142owo \u201eHolocaust\u201d jest u\u017cywane do opisania masowej eksterminacji \u017byd\u00f3w przez nazist\u00f3w podczas II Wojny \u015awiatowej, wed\u0142ug tego, co twierdz\u0105 syjoni\u015bci.<\/p>\n<p><img decoding=\"async\" src=\"https:\/\/www.memri.org\/sites\/default\/files\/2019_Q2\/MTV741210.JPG\" \/><\/p>\n<p><img decoding=\"async\" src=\"https:\/\/www.memri.org\/sites\/default\/files\/2019_Q2\/MTV741211.jpg\" \/><\/p>\n<p>[&#8230;]<\/p>\n<p>Chocia\u017c podczas II Wojny \u015awiatowej mia\u0142y miejsce pe\u0142ne przemocy zdarzenia, kt\u00f3re poch\u0142on\u0119\u0142y zar\u00f3wno \u017cydowskie, jak nie\u017cydowskie ofiary, syjonistyczna propaganda propagowa\u0142a termin \u201eantysemityzm\u201d, kt\u00f3ry oznacza niech\u0119\u0107 Zachodu wobec \u017byd\u00f3w, ale nie wobec innych, i ograniczy\u0142a te wydarzenia Holocaustu tylko do \u017cydowskich [ofiar].<\/p>\n<p><img decoding=\"async\" src=\"https:\/\/www.memri.org\/sites\/default\/files\/2019_Q2\/MTV741212.JPG\" \/><\/p>\n<p>Wielu izraelskich historyk\u00f3w wierzy, \u017ce Holocaust jest k\u0142amstwem u\u017cytym w s\u0142u\u017cbie syjonistycznego przedsi\u0119wzi\u0119cia w Palestynie.<\/p>\n<p><img decoding=\"async\" src=\"https:\/\/www.memri.org\/sites\/default\/files\/2019_Q2\/MTV741213.jpg\" \/><\/p>\n<p>Niekt\u00f3rzy z nich s\u0105dz\u0105, \u017ce ruch syjonistyczny wsp\u00f3\u0142pracowa\u0142 z nazistowskimi Niemcami w celu sk\u0142onienia \u017byd\u00f3w do emigracji i za\u0142o\u017cenia ich pa\u0144stwa w Palestynie po II Wojnie \u015awiatowej. [Ruch syjonistyczny] stara si\u0119 co roku 27 stycznia o\u017cywi\u0107 pami\u0119\u0107 k\u0142amstwa o \u201eHolocau\u015bcie\u201d. Ustanowi\u0142 siebie przedstawicielem \u017byd\u00f3w \u015bwiata \u2013 zar\u00f3wno \u017cywych, jak martwych. Izrael \u017c\u0105da reparacji od ca\u0142ej Europy.<\/p>\n<p><img decoding=\"async\" src=\"https:\/\/www.memri.org\/sites\/default\/files\/2019_Q2\/MTV741214.JPG\" \/><\/p>\n<p>&#8222;Przemys\u0142 Holocaustu sta\u0142 si\u0119 zyskownym biznesem dzisiaj, jak r\u00f3wnie\u017c \u015brodkiem, dzi\u0119ki kt\u00f3remu Izrael wymusza [pieni\u0105dze] od kraj\u00f3w zachodnich\u201d<\/p>\n<p>Przemys\u0142 Holocaustu sta\u0142 si\u0119 zyskownym biznesem dzisiaj, jak r\u00f3wnie\u017c \u015brodkiem, dzi\u0119ki kt\u00f3remu Izrael wymusza [pieni\u0105dze] od kraj\u00f3w zachodnich. Izrael naciska\u0142 na Niemcy, a\u017c rz\u0105d Niemiec zgodzi\u0142 si\u0119 zap\u0142aci\u0107 reparacje \u017bydom.<\/p>\n<p><img decoding=\"async\" src=\"https:\/\/www.memri.org\/sites\/default\/files\/2019_Q2\/MTV741215.jpg\" \/><\/p>\n<p>Izrael igra\u0142 z liczbami i wyolbrzymi\u0142 liczb\u0119 \u017byd\u00f3w w Niemczech w czasach nazist\u00f3w, twierdz\u0105c, \u017ce by\u0142o tam sze\u015b\u0107 milion\u00f3w \u017byd\u00f3w.<\/p>\n<p><img decoding=\"async\" src=\"https:\/\/www.memri.org\/sites\/default\/files\/2019_Q2\/MTV741216.JPG\" \/><\/p>\n<p>W celu wydobycia jeszcze wi\u0119cej pieni\u0119dzy \u017bydzi wymy\u015blili historie o nazistach u\u017cywaj\u0105cych kom\u00f3r gazowych do masowego mordowania \u017byd\u00f3w.<\/p>\n<p><img decoding=\"async\" src=\"https:\/\/www.memri.org\/sites\/default\/files\/2019_Q2\/MTV741217.jpg\" \/><\/p>\n<p>[&#8230;]<\/p>\n<p><strong>Al-Azab Al-Tajjeb:\u00a0<\/strong>Syjonistyczna propaganda skupi\u0142a si\u0119 na tych komorach gazowych, twierdz\u0105c, \u017ce nazi\u015bci u\u017cywali tych kom\u00f3r do eksterminacji tak wielu ludzi. W oparciu o naukowe fakt w\u0105tpi\u0119 w te liczby. Jest wiele metodycznych i naukowych bada\u0144, kt\u00f3ry podaj\u0105 mniejsze liczby, w\u0142\u0105cznie z badaniem Garaudy\u2019ego, jak wspomnia\u0142em wcze\u015bniej.<\/p>\n<p><img decoding=\"async\" src=\"https:\/\/www.memri.org\/sites\/default\/files\/2019_Q2\/MTV741219.JPG\" \/><\/p>\n<p><strong>Prezenter<\/strong>: Mo\u017ce kilkaset tysi\u0119cy?<\/p>\n<p><strong>Al-Azab Al-Tajjeb:\u00a0<\/strong>Tak. Przede wszystkim, o tych komorach gazowych\u2026 M\u00f3wi si\u0119, \u017ce ci \u017bydzi byli tam paleni. Te komory gazowe by\u0142y bardzo ma\u0142e. A wi\u0119c te komory nie mog\u0142y by\u0107 u\u017cyte do spalenia tych milion\u00f3w.<\/p>\n<p><img decoding=\"async\" src=\"https:\/\/www.memri.org\/sites\/default\/files\/2019_Q2\/MTV741220.JPG\" \/><\/p>\n<p><img decoding=\"async\" src=\"https:\/\/www.memri.org\/sites\/default\/files\/2019_Q2\/MTV741221.jpg\" \/><\/p>\n<p>M\u00f3wi\u0119 to bardzo wyra\u017anie. Co wa\u017cniejsze jednak, Niemcy nie palili nikogo w tych komorach. Te komory by\u0142y u\u017cywane tylko do palenia zw\u0142ok tych, kt\u00f3rzy byli chorzy, zar\u00f3wno \u017byd\u00f3w jak innych. Nazi\u015bci nie aresztowali tylko \u017byd\u00f3w. Aresztowali ludzi wszystkich narodowo\u015bci, w\u0142\u0105cznie z tymi, kt\u00f3rzy si\u0119 im przeciwstawiali w krajach, kt\u00f3re okupowali. Sprowadzali tych aresztowanych do oboz\u00f3w koncentracyjnych\u2026 Niestety, brakowa\u0142o tam us\u0142ug medycznych, szczeg\u00f3lnie w ostatnich latach [wojny], poniewa\u017c ca\u0142y wysi\u0142ek \u2013 zar\u00f3wno w kategoriach finansowych, jak us\u0142ug \u2013 by\u0142 skierowany na zdobywanie broni i wysy\u0142anie jej na linie frontu. Dlatego wielu aresztowanych zara\u017ca\u0142o si\u0119 chorobami, szczeg\u00f3lnie tyfusem. Umierali i ich zw\u0142oki by\u0142y palone w tych komorach w celu zapobie\u017cenia negatywnym skutkom sanitarnym dla pozosta\u0142ych aresztowanych.<\/p>\n<p><img decoding=\"async\" src=\"https:\/\/www.memri.org\/sites\/default\/files\/2019_Q2\/MTV741222.JPG\" \/><\/p>\n","protected":false},"excerpt":{"rendered":"<p>W nadanym 7 marca 2019 r. odcinku Niebieskiej Linii na kanale telewizyjnym 2 (Egipt), Al-Azab Al-Tajjeb, egipski dziennikarz pracuj\u0105cy dla gazety \u201eAl-Ahram\u201d powiedzia\u0142, \u017ce \u201etw\u00f3r syjonistyczny\u201d ma wp\u0142ywowe grupy na ca\u0142ym \u015bwiecie \u2013 szczeg\u00f3lnie w Stanach Zjednoczonych \u2013 kt\u00f3re sprawuj\u0105 finansow\u0105, medialn\u0105 i polityczn\u0105 kontrol\u0119 nad o\u015brodkami podejmowania decyzji takimi jak Kongres USA, prezydent, Departament [&hellip;]<\/p>\n","protected":false},"author":1,"featured_media":13152,"comment_status":"open","ping_status":"open","sticky":false,"template":"","format":"standard","meta":{"footnotes":""},"categories":[824,831,835,836,837,863],"tags":[],"class_list":["post-13151","post","type-post","status-publish","format-standard","has-post-thumbnail","hentry","category-specjalne-komunikaty","category-projekt-dokumentacji-antysemityzmu","category-archiwum","category-tematy","category-kraje","category-egipt"],"_links":{"self":[{"href":"https:\/\/www2.memri.org\/polish\/wp-json\/wp\/v2\/posts\/13151","targetHints":{"allow":["GET"]}}],"collection":[{"href":"https:\/\/www2.memri.org\/polish\/wp-json\/wp\/v2\/posts"}],"about":[{"href":"https:\/\/www2.memri.org\/polish\/wp-json\/wp\/v2\/types\/post"}],"author":[{"embeddable":true,"href":"https:\/\/www2.memri.org\/polish\/wp-json\/wp\/v2\/users\/1"}],"replies":[{"embeddable":true,"href":"https:\/\/www2.memri.org\/polish\/wp-json\/wp\/v2\/comments?post=13151"}],"version-history":[{"count":1,"href":"https:\/\/www2.memri.org\/polish\/wp-json\/wp\/v2\/posts\/13151\/revisions"}],"predecessor-version":[{"id":13153,"href":"https:\/\/www2.memri.org\/polish\/wp-json\/wp\/v2\/posts\/13151\/revisions\/13153"}],"wp:featuredmedia":[{"embeddable":true,"href":"https:\/\/www2.memri.org\/polish\/wp-json\/wp\/v2\/media\/13152"}],"wp:attachment":[{"href":"https:\/\/www2.memri.org\/polish\/wp-json\/wp\/v2\/media?parent=13151"}],"wp:term":[{"taxonomy":"category","embeddable":true,"href":"https:\/\/www2.memri.org\/polish\/wp-json\/wp\/v2\/categories?post=13151"},{"taxonomy":"post_tag","embeddable":true,"href":"https:\/\/www2.memri.org\/polish\/wp-json\/wp\/v2\/tags?post=13151"}],"curies":[{"name":"wp","href":"https:\/\/api.w.org\/{rel}","templated":true}]}}