{"id":13068,"date":"2019-07-16T23:57:54","date_gmt":"2019-07-16T21:57:54","guid":{"rendered":"https:\/\/www2.memri.org\/polish\/?p=13068"},"modified":"2019-07-16T23:57:54","modified_gmt":"2019-07-16T21:57:54","slug":"egipski-profesor-jezyka-hebrajskiego-dr-fouad-abdelwahed-w-pasche-zydzi-jedza-mace-przygotowana-z-ludzka-krwia-oddana-przez-zydow","status":"publish","type":"post","link":"https:\/\/www2.memri.org\/polish\/egipski-profesor-jezyka-hebrajskiego-dr-fouad-abdelwahed-w-pasche-zydzi-jedza-mace-przygotowana-z-ludzka-krwia-oddana-przez-zydow\/13068","title":{"rendered":"Egipski profesor j\u0119zyka hebrajskiego, dr Fouad AbdelWahed: W Pasch\u0119 \u017bydzi jedz\u0105 mac\u0119 przygotowan\u0105 z ludzk\u0105 krwi\u0105, oddan\u0105 przez \u017byd\u00f3w"},"content":{"rendered":"<p><em>Dr Fouad M. AbdelWahed, egipski profesor j\u0119zyka hebrajskiego na uniwersytecie Kr\u00f3la Sauda, powiedzia\u0142 13 czerwca 2019 r. w odcinku o antysemityzmie z egipskim programie \u201eNiebieska linia\u201d, \u017ce niekt\u00f3rzy \u017bydzi jedz\u0105 w Pasch\u0119 mac\u0119, kt\u00f3ra zawiera ludzk\u0105 krew. Powiedzia\u0142, \u017ce s\u0105dzi, \u017ce niekt\u00f3rzy cz\u0142onkowie spo\u0142eczno\u015bci darowuj\u0105 swoj\u0105 krew do przygotowania macy i \u017ce ta praktyka\u00a0 &#8211; kt\u00f3ra, jak powiedzia\u0142, jest dzisiaj ograniczona do \u201eekstremistycznych\u201d \u017byd\u00f3w Charedi \u2013 by\u0142a kiedy\u015b szeroko rozpowszechniona w\u015br\u00f3d \u017byd\u00f3w. Dr AbdelWahed powiedzia\u0142 tak\u017ce \u017ce konsumpcja tej macy ma negatywny wp\u0142yw na zdrowie. <\/em><em>Program nada\u0142 Kana\u0142 2 TV (Egipt). <\/em><\/p>\n<p><strong>Aby zobaczy\u0107 klip z dr Fouadem M. AbdelWahedem w MEMRI TV, kliknij\u00a0<\/strong><a href=\"https:\/\/www.memri.org\/tv\/egyptian-hebrew-professor-fouad-abdelwahed-antisemitic-blood-libel-matzos-passover-jews\"><strong>tutaj<\/strong><\/a><strong>\u00a0lub poni\u017cej.<\/strong><\/p>\n<p><iframe loading=\"lazy\" src=\"https:\/\/www.memri.org\/player\/clip\/43377\/780,440\/1\" width=\"780\" height=\"440\" frameborder=\"0\"><\/iframe><\/p>\n<p><strong>&#8222;<\/strong>W Pasch\u0119 oni robi\u0105 rodzaj macy, kt\u00f3ra jest zmieszana z krwi\u0105\u2026 ludzk\u0105 krwi\u0105\u201d<\/p>\n<p><strong>Dr Fouad M. AbdelWahed:\u00a0<\/strong>W Pasch\u0119 oni robi\u0105 rodzaj macy, kt\u00f3ra jest zmieszana z krwi\u0105<\/p>\n<p><img decoding=\"async\" src=\"https:\/\/www.memri.org\/sites\/default\/files\/2019_Q2\/7344.jpg\" \/><\/p>\n<p><strong>Dziennikarz:<\/strong>\u00a0Prawdziw\u0105 krwi\u0105?<\/p>\n<p><strong>Dr Fouad M. AbdelWahed:\u00a0<\/strong>Tak, ludzk\u0105 krwi\u0105.<\/p>\n<p><img decoding=\"async\" src=\"https:\/\/www.memri.org\/sites\/default\/files\/2019_Q2\/7344a.jpg\" \/><\/p>\n<p><strong>Dziennikarz:<\/strong>\u00a0Sk\u0105d j\u0105 bior\u0105?<\/p>\n<p><strong>Dr Fouad M. AbdelWahed:<\/strong>\u00a0Na Allaha, nie wiem.<\/p>\n<p><strong>Dziennikarz:<\/strong>\u00a0Chodzi mi o to, czy s\u0105 to woreczki krwi, jak te, kt\u00f3rych si\u0119 u\u017cywa przy krwiodawstwie\u2026<\/p>\n<p><strong>Dr Fouad M. AbdelWahed:<\/strong>\u00a0Nie, s\u0105dz\u0119, \u017ce jest to jak ofiara przez niekt\u00f3rych \u017byd\u00f3w lub rodzaj daru w celu przygotowania tej mieszanki.<\/p>\n<p><img decoding=\"async\" src=\"https:\/\/www.memri.org\/sites\/default\/files\/2019_Q2\/7344b.jpg\" \/><\/p>\n<p>&#8222;Dzisiaj te rzeczy s\u0105 ograniczone \u2013 to jest robione tylko przez ekstremist\u00f3w, Charedich\u201d<\/p>\n<p><strong>Dziennikarz:<\/strong>\u00a0Czy jedz\u0105 mac\u0119 z krwi\u0105?<\/p>\n<p><strong>Dr Fouad M. AbdelWahed:\u00a0<\/strong>Tak, robi\u0105 to.<\/p>\n<p><img decoding=\"async\" src=\"https:\/\/www.memri.org\/sites\/default\/files\/2019_Q2\/7344c.jpg\" \/><\/p>\n<p><strong>Dziennikarz:<\/strong>\u00a0Czy to jest robione do dnia dzisiejszego?<\/p>\n<p><strong>Dr Fouad M. AbdelWahed:<\/strong>\u00a0Oczywi\u015bcie, to nie jest tak powszechne, jak by\u0142o. Dzisiaj te rzeczy s\u0105 ograniczone. [Dzisiaj] to jest robione tylko przez ekstremist\u00f3w, Charedich. Upieraj\u0105 si\u0119 przy robieniu tych rzeczy, ale normalni ludzie tego nie robi\u0105.<\/p>\n<p><strong>Dziennikarz<\/strong>: S\u0105dz\u0119, \u017ce to jest co\u015b, co zupe\u0142nie nie jest zdrowe.<\/p>\n<p><strong>Dr Fouad M. AbdelWahed<\/strong>: To prawda.<\/p>\n<p><strong>Dziennikarz<\/strong>: Maca z ludzk\u0105 krwi\u0105 ma wp\u0142yw na zdrowie.<\/p>\n<p><img decoding=\"async\" src=\"https:\/\/www.memri.org\/sites\/default\/files\/2019_Q2\/7344d.jpg\" \/><\/p>\n<p><strong>Dr Fouad M. AbdelWahed<\/strong>: Oczywi\u015bcie, tak.<\/p>\n","protected":false},"excerpt":{"rendered":"<p>Dr Fouad M. AbdelWahed, egipski profesor j\u0119zyka hebrajskiego na uniwersytecie Kr\u00f3la Sauda, powiedzia\u0142 13 czerwca 2019 r. w odcinku o antysemityzmie z egipskim programie \u201eNiebieska linia\u201d, \u017ce niekt\u00f3rzy \u017bydzi jedz\u0105 w Pasch\u0119 mac\u0119, kt\u00f3ra zawiera ludzk\u0105 krew. Powiedzia\u0142, \u017ce s\u0105dzi, \u017ce niekt\u00f3rzy cz\u0142onkowie spo\u0142eczno\u015bci darowuj\u0105 swoj\u0105 krew do przygotowania macy i \u017ce ta praktyka\u00a0 &#8211; [&hellip;]<\/p>\n","protected":false},"author":1,"featured_media":13069,"comment_status":"open","ping_status":"open","sticky":false,"template":"","format":"standard","meta":{"footnotes":""},"categories":[824,831,835,836,837,863],"tags":[],"class_list":["post-13068","post","type-post","status-publish","format-standard","has-post-thumbnail","hentry","category-specjalne-komunikaty","category-projekt-dokumentacji-antysemityzmu","category-archiwum","category-tematy","category-kraje","category-egipt"],"_links":{"self":[{"href":"https:\/\/www2.memri.org\/polish\/wp-json\/wp\/v2\/posts\/13068","targetHints":{"allow":["GET"]}}],"collection":[{"href":"https:\/\/www2.memri.org\/polish\/wp-json\/wp\/v2\/posts"}],"about":[{"href":"https:\/\/www2.memri.org\/polish\/wp-json\/wp\/v2\/types\/post"}],"author":[{"embeddable":true,"href":"https:\/\/www2.memri.org\/polish\/wp-json\/wp\/v2\/users\/1"}],"replies":[{"embeddable":true,"href":"https:\/\/www2.memri.org\/polish\/wp-json\/wp\/v2\/comments?post=13068"}],"version-history":[{"count":1,"href":"https:\/\/www2.memri.org\/polish\/wp-json\/wp\/v2\/posts\/13068\/revisions"}],"predecessor-version":[{"id":13070,"href":"https:\/\/www2.memri.org\/polish\/wp-json\/wp\/v2\/posts\/13068\/revisions\/13070"}],"wp:featuredmedia":[{"embeddable":true,"href":"https:\/\/www2.memri.org\/polish\/wp-json\/wp\/v2\/media\/13069"}],"wp:attachment":[{"href":"https:\/\/www2.memri.org\/polish\/wp-json\/wp\/v2\/media?parent=13068"}],"wp:term":[{"taxonomy":"category","embeddable":true,"href":"https:\/\/www2.memri.org\/polish\/wp-json\/wp\/v2\/categories?post=13068"},{"taxonomy":"post_tag","embeddable":true,"href":"https:\/\/www2.memri.org\/polish\/wp-json\/wp\/v2\/tags?post=13068"}],"curies":[{"name":"wp","href":"https:\/\/api.w.org\/{rel}","templated":true}]}}