{"id":12897,"date":"2019-05-24T20:46:43","date_gmt":"2019-05-24T18:46:43","guid":{"rendered":"https:\/\/www2.memri.org\/polish\/?p=12897"},"modified":"2019-05-28T20:50:37","modified_gmt":"2019-05-28T18:50:37","slug":"wideo-o-holocauscie-al-dzaziry-nie-jest-wyjatkiem-katarskie-media-sa-platforma-dla-antysemickich-pogladow","status":"publish","type":"post","link":"https:\/\/www2.memri.org\/polish\/wideo-o-holocauscie-al-dzaziry-nie-jest-wyjatkiem-katarskie-media-sa-platforma-dla-antysemickich-pogladow\/12897","title":{"rendered":"Wideo o Holocau\u015bcie Al-D\u017caziry nie jest wyj\u0105tkiem \u2013 katarskie media s\u0105 platform\u0105 dla antysemickich pogl\u0105d\u00f3w"},"content":{"rendered":"<p>Wprowadzenie<\/p>\n<p><em>Niedawno katarska sie\u0107 medialna Al-D\u017cazira przeprosi\u0142a za antysemickie wideo o Holocau\u015bcie, kt\u00f3re zamieszczono na Facebooku i Twitterze AJ+Arabic. Kwestionowano tam liczb\u0119 \u017cydowskich ofiar Holocaustu i powiedziano, \u017ce Izrael najwi\u0119cej \u201ewygra\u0142\u201d na Holocau\u015bcie oraz \u017ce u\u017cywa nazistowskiego usprawiedliwienia do unicestwiania Palesty\u0144czyk\u00f3w.<\/em><\/p>\n<p><strong><em>Obejrzyj ten klip w MEMRI TV\u00a0<\/em><\/strong><a href=\"https:\/\/www.memri.org\/tv\/al-jazeera-holocaust-denial-israel-biggest-winner-same-justification-annihilate-palestinians\"><strong><em>tutaj<\/em><\/strong><\/a><strong><em>\u00a0lub poni\u017cej.<\/em><\/strong><\/p>\n<p><iframe loading=\"lazy\" src=\"https:\/\/www.memri.org\/player\/clip\/42858\/1\/1\" width=\"700\" height=\"540\" frameborder=\"0\"><\/iframe><\/p>\n<p><em>Po przet\u0142umaczeniu i opublikowaniu tego wideo przez MEMRI Al-D\u017cazira usun\u0119\u0142a je z kont medi\u00f3w spo\u0142eczno\u015bciowych AJ+, zawiesi\u0142a dwoje dziennikarzy odpowiedzialnych z jego wyprodukowanie i oznajmi\u0142a, \u017ce wideo jest \u201esprzeczne z standardami edytorskimi&#8221;\u00a0<a name=\"_ednref1\"><\/a><a href=\"https:\/\/www.memri.org\/reports\/al-jazeera-holocaust-video-no-exception-%E2%80%93-qatari-media-constitute-platform-antisemitic#_edn1\"><strong>[1]<\/strong><\/a>.\u00a0\u00a0<\/em><\/p>\n<p><em>Jednak wieloletnie monitorowanie przez MEMRI katarskich medi\u00f3w, a szczeg\u00f3lnie sieci Al-D\u017cazira, ujawnia, \u017ce opublikowanie tego antysemickiego wideo przez AJ+ nie jest wyj\u0105tkowym wydarzeniem. Od lat katarskie media s\u0142u\u017c\u0105 jako platforma do szerzenia antysemickich tre\u015bci i negowania Holocaustu. Szczeg\u00f3lnie wyr\u00f3\u017cniaj\u0105 si\u0119 skrajnie antysemickie wypowiedzi dokonywane przez lata przez szejka Jousefa Al-Karadawiego, za\u0142o\u017cyciela i do niedawna przewodnicz\u0105cego wspieranego przez Katar Mi\u0119dzynarodowego Zwi\u0105zku Muzu\u0142ma\u0144skich Uczonych (IUMS). Al-Karadawi, kt\u00f3ry jest uwa\u017cany za duchowego przyw\u00f3dc\u0119 Bractwa Muzu\u0142ma\u0144skiego, znany jest z wychwalania d\u017cihadu i operacji m\u0119cze\u0144skich, jak r\u00f3wnie\u017c z wypowiedzi antysemickich. Urodzony w Egipcie, znalaz\u0142 azyl i baz\u0119 dzia\u0142ania w Katarze \u2013 gdzie cieszy si\u0119 ochron\u0105 i finansowaniem obecnego emira Kataru, szejka Tamima bin Hamid Aal Thaniego, a przedtem jego ojca, szejka Hamida bin Chalifa Aal Thaniego, kt\u00f3ry ust\u0105pi\u0142 ze stanowiska emira w 2013 r. \u2013 a kraje zachodnie, w tym USA, Wielka Brytania i Francja, zakaza\u0142y mu wst\u0119pu na swoje terytoria z powodu ekstremistycznych pogl\u0105d\u00f3w. \u00a0<\/em><\/p>\n<p><em>W wyst\u0105pieniu w styczniu 2009 r., kt\u00f3re nada\u0142a Al-D\u017cazira TV, Al-Karadawi wezwa\u0142 do drugiego Holocaustu, m\u00f3wi\u0105c, &#8222;Z wol\u0105 Allaha, nast\u0119pny raz b\u0119dzie z r\u0105k wiernych\u201d \u2013 tj. muzu\u0142man\u00f3w. Niespe\u0142na dwa tygodnie temu katarska rz\u0105dowa gazeta \u201eAl-Arab\u201d opublikowa\u0142a religijn\u0105 lekcj\u0119 na ramadan Al-Karadawiego, w kt\u00f3rej powiedzia\u0142, \u017ce \u017bydzi przeciwstawili si\u0119 Allahowi i dlatego Allah przekl\u0105\u0142 ich i zamieni\u0142 w ma\u0142py i \u015bwinie. \u00a0\u00a0<\/em><\/p>\n<p><em><img loading=\"lazy\" decoding=\"async\" class=\"alignnone size-full wp-image-12898\" src=\"https:\/\/www2.memri.org\/polish\/wp-content\/uploads\/2019\/05\/Comp1.png\" width=\"500\" height=\"324\" alt=\"\" srcset=\"https:\/\/www2.memri.org\/polish\/wp-content\/uploads\/2019\/05\/Comp1.png 500w, https:\/\/www2.memri.org\/polish\/wp-content\/uploads\/2019\/05\/Comp1-300x194.png 300w\" sizes=\"auto, (max-width: 500px) 100vw, 500px\" \/>Al-Karadawi jak go\u015b\u0107 honorowy katarskiego emira (\u0179r\u00f3d\u0142o: Al-Jazeera TV, 13 maja 2019)<\/em><\/p>\n<p><em>Kilka dni po opublikowaniu przez AJ+ wideo o Holocau\u015bcie, nast\u0119pca Al-Karadawiego jako przewodnicz\u0105cy IUMS, dr Ahmed Al-Raissouni, napisa\u0142 artyku\u0142, w kt\u00f3rym twierdzi, \u017ce kwestionowanie Holocaustu jest nie tylko prawem, ale obowi\u0105zkiem. Artyku\u0142 zamieszczono na stronie internetowej sponsorowanego przez Katar IUMS, jak r\u00f3wnie\u017c na osobistej stronie Facebooka Al-Raissouniego. Poprzednio Al-Raissouni powiedzia\u0142 w wywiadzie dla Al-D\u017cazira TV, \u017ce IUMS jest dumny z poparcia Kataru od czasu jego za\u0142o\u017cenia w 2004 r.<\/em><\/p>\n<p><em>Antysemickie wypowiedzi s\u0142ycha\u0107 by\u0142o tak\u017ce podczas imprezy na cze\u015b\u0107 Al-Karadawiego w lipcu 2007 r., kt\u00f3r\u0105 nadawa\u0142a Al-D\u017cazira. By\u0142y to s\u0142owa \u00f3wczesnego szefa biura politycznego Hamasu, Chaleda Maszala, kt\u00f3ry tak\u017ce znalaz\u0142 schronienie w stolicy Kataru, Doha.<\/em><\/p>\n<p><em>Te wypowiedzi Al-Karadawiego i jego zwolennik\u00f3w s\u0105 tylko niekt\u00f3rymi z antysemickich tre\u015bci szerzonych w mediach katarskich, szczeg\u00f3lnie w sieci Al-D\u017cazira. Ponadto w zesz\u0142ym roku w mediach katarskich cz\u0119sto powtarzano twierdzenia zaprzeczaj\u0105ce Holocaustowi \u2013 szczeg\u00f3lnie takie, jak wideo AJ+ twierdz\u0105ce, \u017ce \u017bydzi wyolbrzymiaj\u0105 czyny nazist\u00f3w przeciwko nim i u\u017cywaj\u0105 wydarze\u0144 Holocaustu do szanta\u017cowania Niemiec i ca\u0142ego Zachodu.<\/em><\/p>\n<p><em>Niniejszy raport jest przegl\u0105dem niekt\u00f3rych antysemickich wypowiedzi, regularnie znajdowanych w mediach katarskich: \u00a0<\/em><\/p>\n<p><a href=\"https:\/\/www.memri.org\/reports\/al-jazeera-holocaust-video-no-exception-%E2%80%93-qatari-media-constitute-platform-antisemitic\"><em>https:\/\/www.memri.org\/reports\/al-jazeera-holocaust-video-no-exception-%E2%80%93-qatari-media-constitute-platform-antisemitic<\/em><\/a><\/p>\n<hr \/>\n<p><a name=\"_edn1\"><\/a><a href=\"https:\/\/www.memri.org\/reports\/al-jazeera-holocaust-video-no-exception-%E2%80%93-qatari-media-constitute-platform-antisemitic#_ednref1\">[1]<\/a>\u00a0See MEMRI Special Dispatch No. 8073,\u00a0<a href=\"https:\/\/www.memri.org\/reports\/memri-translates-antisemitic-video-al-jazeera-network-stating-israel-biggest-winner\">MEMRI Translates Antisemitic Video On Al-Jazeera Network Stating Israel Is Biggest Winner From Holocaust And Uses 'Same Justification&#8217; To Annihilate The Palestinians; Following Broad Media Coverage, Including Crediting MEMRI, Al-Jazeera Fires Journalists, Announces 'Bias And Sensitivity Training&#8217;<\/a>, May 20, 2019.<\/p>\n<p><a name=\"_edn2\"><\/a><a href=\"https:\/\/www.memri.org\/reports\/al-jazeera-holocaust-video-no-exception-%E2%80%93-qatari-media-constitute-platform-antisemitic#_ednref2\">[2]<\/a>\u00a0Iumsonline.org, raissouni.net, May 22, 2019.<\/p>\n<p><a name=\"_edn3\"><\/a><a href=\"https:\/\/www.memri.org\/reports\/al-jazeera-holocaust-video-no-exception-%E2%80%93-qatari-media-constitute-platform-antisemitic#_ednref3\">[3]<\/a>\u00a0See MEMRI\u00a0<a href=\"https:\/\/www.memri.org\/reports\/international-union-muslim-scholars-which-years-has-encouraged-jihad-calls-west-prohibit\">Special Dispatch No. 8000,\u00a0International Union of Muslim Scholars, Which For Years Has Encouraged Jihad, Calls On The West To Prohibit The Discourse Of Hate, April 15, 2019.<\/a>.<\/p>\n<p><a name=\"_edn4\"><\/a><a href=\"https:\/\/www.memri.org\/reports\/al-jazeera-holocaust-video-no-exception-%E2%80%93-qatari-media-constitute-platform-antisemitic#_ednref4\">[4]<\/a>\u00a0The reference is to a series of attacks on Jewish targets that took place in Baghdad in 1951 and was attributed to the Zionist movement, which allegedly perpetrated them in order to encourage the Jews of Iraq to emigrate to Israel.<\/p>\n<p><a name=\"_edn5\"><\/a><a href=\"https:\/\/www.memri.org\/reports\/al-jazeera-holocaust-video-no-exception-%E2%80%93-qatari-media-constitute-platform-antisemitic#_ednref5\">[5]<\/a>\u00a0<em>Al-Raya<\/em>\u00a0(Qatar), April 30, 2019<\/p>\n","protected":false},"excerpt":{"rendered":"<p>Wprowadzenie Niedawno katarska sie\u0107 medialna Al-D\u017cazira przeprosi\u0142a za antysemickie wideo o Holocau\u015bcie, kt\u00f3re zamieszczono na Facebooku i Twitterze AJ+Arabic. Kwestionowano tam liczb\u0119 \u017cydowskich ofiar Holocaustu i powiedziano, \u017ce Izrael najwi\u0119cej \u201ewygra\u0142\u201d na Holocau\u015bcie oraz \u017ce u\u017cywa nazistowskiego usprawiedliwienia do unicestwiania Palesty\u0144czyk\u00f3w. Obejrzyj ten klip w MEMRI TV\u00a0tutaj\u00a0lub poni\u017cej. Po przet\u0142umaczeniu i opublikowaniu tego wideo przez [&hellip;]<\/p>\n","protected":false},"author":1,"featured_media":12898,"comment_status":"open","ping_status":"open","sticky":false,"template":"","format":"standard","meta":{"footnotes":""},"categories":[824,831,835,836],"tags":[],"class_list":["post-12897","post","type-post","status-publish","format-standard","has-post-thumbnail","hentry","category-specjalne-komunikaty","category-projekt-dokumentacji-antysemityzmu","category-archiwum","category-tematy"],"_links":{"self":[{"href":"https:\/\/www2.memri.org\/polish\/wp-json\/wp\/v2\/posts\/12897","targetHints":{"allow":["GET"]}}],"collection":[{"href":"https:\/\/www2.memri.org\/polish\/wp-json\/wp\/v2\/posts"}],"about":[{"href":"https:\/\/www2.memri.org\/polish\/wp-json\/wp\/v2\/types\/post"}],"author":[{"embeddable":true,"href":"https:\/\/www2.memri.org\/polish\/wp-json\/wp\/v2\/users\/1"}],"replies":[{"embeddable":true,"href":"https:\/\/www2.memri.org\/polish\/wp-json\/wp\/v2\/comments?post=12897"}],"version-history":[{"count":1,"href":"https:\/\/www2.memri.org\/polish\/wp-json\/wp\/v2\/posts\/12897\/revisions"}],"predecessor-version":[{"id":12899,"href":"https:\/\/www2.memri.org\/polish\/wp-json\/wp\/v2\/posts\/12897\/revisions\/12899"}],"wp:featuredmedia":[{"embeddable":true,"href":"https:\/\/www2.memri.org\/polish\/wp-json\/wp\/v2\/media\/12898"}],"wp:attachment":[{"href":"https:\/\/www2.memri.org\/polish\/wp-json\/wp\/v2\/media?parent=12897"}],"wp:term":[{"taxonomy":"category","embeddable":true,"href":"https:\/\/www2.memri.org\/polish\/wp-json\/wp\/v2\/categories?post=12897"},{"taxonomy":"post_tag","embeddable":true,"href":"https:\/\/www2.memri.org\/polish\/wp-json\/wp\/v2\/tags?post=12897"}],"curies":[{"name":"wp","href":"https:\/\/api.w.org\/{rel}","templated":true}]}}