{"id":1287,"date":"2010-08-11T00:00:00","date_gmt":"2010-08-11T00:00:00","guid":{"rendered":"http:\/\/www2.memri.org\/polaco\/sekretarz-generalny-jordanskiego-bractwa-muzulmanskiego-hamza-mansour-rola-jordanczykow-jest-krew-i-meczenstwo-zbliza-sie-dla-nas-czas-odegrania-naszej-roli\/1287"},"modified":"2010-08-11T00:00:00","modified_gmt":"2010-08-11T00:00:00","slug":"sekretarz-generalny-jordanskiego-bractwa-muzulmanskiego-hamza-mansour-rola-jordanczykow-jest-krew-i-meczenstwo-zbliza-sie-dla-nas-czas-odegrania-naszej-roli","status":"publish","type":"post","link":"https:\/\/www2.memri.org\/polish\/sekretarz-generalny-jordanskiego-bractwa-muzulmanskiego-hamza-mansour-rola-jordanczykow-jest-krew-i-meczenstwo-zbliza-sie-dla-nas-czas-odegrania-naszej-roli\/1287","title":{"rendered":"Sekretarz generalny jorda\u0144skiego Bractwa Muzu\u0142ma\u0144skiego, Hamza Mansour: \u201cRol\u0105 Jorda\u0144czyk\u00f3w jest krew i m\u0119cze\u0144stwo\u2026 Zbli\u017ca si\u0119 dla nas czas odegrania naszej roli\u201d"},"content":{"rendered":"<div class=\"bodytext c1\">\n<p><em>Poni\u017cej podajemy fragmenty publicznego przem\u00f3wienia wyg\u0142oszonego przez sekretarza generalnego jorda\u0144skiego Bractwa Muzu\u0142ma\u0144skiego, Hamz\u0119 Mansoura. Przem\u00f3wienie to nada\u0142a Al-Aqsa TV 16 lipca 2010 r.<\/em><\/p>\n<p><em>\u017beby zobaczy\u0107 ten klip w MEMRI TV, odwied\u017a<\/em> <a href=\"http:\/\/www.memritv.org\/clip\/en\/0\/0\/0\/0\/0\/0\/2574.htm\"><em>http:\/\/www.memritv.org\/clip\/en\/0\/0\/0\/0\/0\/0\/2574.htm<\/em><\/a> <em>.<\/em><\/p>\n<p><strong><em><img loading=\"lazy\" decoding=\"async\" border=\"0\" src=\"http:\/\/www.memri.org\/image\/4895.JPG\" width=\"361\" height=\"264\" \/><\/em><\/strong><\/p>\n<p><strong>Hamza Mansour<\/strong>: Na Allaha, rola Jorda\u0144czyk\u00f3w nie jest taka jak Czerwonego P\u00f3\u0142ksi\u0119\u017cyca lub Czerwonego Krzy\u017ca. Rol\u0105 Jorda\u0144czyk\u00f3w jest krew i m\u0119cze\u0144stwo. Wolontariusze wyruszaj\u0105 z wszystkich okr\u0119g\u00f3w Jordanii. Z Jordanu wyruszaj\u0105 nasze dzielne si\u0142y zbrojne i ich krew obejmuje krew ich braci w Jerozolimie, w Latrun i w Bab Al-Wad.<\/p>\n<p>Jeste\u015bmy przekonani, \u017ce to, co zdarzy\u0142o si\u0119 wtedy, powt\u00f3rzy si\u0119 wkr\u00f3tce, z wol\u0105 Allaha. Nie b\u0119dziemy zwi\u0105zani traktatem pokojowym z Izraelem, poniewa\u017c jest to traktat nielegalny, narzucony narodowi jorda\u0144skiemu. Nasz lud, w ca\u0142ym kraju, odrzuca ten traktat, jak r\u00f3wnie\u017c polityk\u0119, jaka z niego wyp\u0142ywa. [\u2026]<\/p>\n<p>Zbli\u017ca si\u0119 czas odegrania naszej roli. By\u0142o przepowiedziane przez Proroka Mahometa, kt\u00f3ry powiedzia\u0142: \u201eDzie\u0144 S\u0105du Ostatecznego nie nadejdzie, a\u017c b\u0119dziecie walczy\u0107 z \u017bydami i zabijecie ich\u201d. Z wol\u0105 Allaha, zabijemy ich, i rzeka Jordan stanie si\u0119 przej\u015bciem do wyzwolenia i Powrotu.<\/p>\n<\/div>\n","protected":false},"excerpt":{"rendered":"<p>Poni\u017cej podajemy fragmenty publicznego przem\u00f3wienia wyg\u0142oszonego przez sekretarza generalnego jorda\u0144skiego Bractwa Muzu\u0142ma\u0144skiego, Hamz\u0119 Mansoura. Przem\u00f3wienie to nada\u0142a Al-Aqsa TV 16 lipca 2010 r. \u017beby zobaczy\u0107 ten klip w MEMRI TV, odwied\u017a http:\/\/www.memritv.org\/clip\/en\/0\/0\/0\/0\/0\/0\/2574.htm . Hamza Mansour: Na Allaha, rola Jorda\u0144czyk\u00f3w nie jest taka jak Czerwonego P\u00f3\u0142ksi\u0119\u017cyca lub Czerwonego Krzy\u017ca. Rol\u0105 Jorda\u0144czyk\u00f3w jest krew i m\u0119cze\u0144stwo. Wolontariusze [&hellip;]<\/p>\n","protected":false},"author":1,"featured_media":0,"comment_status":"open","ping_status":"closed","sticky":false,"template":"","format":"standard","meta":{"footnotes":""},"categories":[824,832,835,836],"tags":[],"class_list":["post-1287","post","type-post","status-publish","format-standard","hentry","category-specjalne-komunikaty","category-projekt-badan-nad-dzihadem-i-terroryzmem","category-archiwum","category-tematy"],"_links":{"self":[{"href":"https:\/\/www2.memri.org\/polish\/wp-json\/wp\/v2\/posts\/1287","targetHints":{"allow":["GET"]}}],"collection":[{"href":"https:\/\/www2.memri.org\/polish\/wp-json\/wp\/v2\/posts"}],"about":[{"href":"https:\/\/www2.memri.org\/polish\/wp-json\/wp\/v2\/types\/post"}],"author":[{"embeddable":true,"href":"https:\/\/www2.memri.org\/polish\/wp-json\/wp\/v2\/users\/1"}],"replies":[{"embeddable":true,"href":"https:\/\/www2.memri.org\/polish\/wp-json\/wp\/v2\/comments?post=1287"}],"version-history":[{"count":0,"href":"https:\/\/www2.memri.org\/polish\/wp-json\/wp\/v2\/posts\/1287\/revisions"}],"wp:attachment":[{"href":"https:\/\/www2.memri.org\/polish\/wp-json\/wp\/v2\/media?parent=1287"}],"wp:term":[{"taxonomy":"category","embeddable":true,"href":"https:\/\/www2.memri.org\/polish\/wp-json\/wp\/v2\/categories?post=1287"},{"taxonomy":"post_tag","embeddable":true,"href":"https:\/\/www2.memri.org\/polish\/wp-json\/wp\/v2\/tags?post=1287"}],"curies":[{"name":"wp","href":"https:\/\/api.w.org\/{rel}","templated":true}]}}