{"id":12757,"date":"2019-05-07T20:40:53","date_gmt":"2019-05-07T18:40:53","guid":{"rendered":"https:\/\/www2.memri.org\/polish\/?p=12757"},"modified":"2019-05-07T20:48:52","modified_gmt":"2019-05-07T18:48:52","slug":"sudanscy-duchowni-apeluja-do-rady-wojskowej-o-zaprowadzenie-islamskiego-prawa-nalezy-ustanowic-kalifat-sudan-nalezy-do-muzulmanow-niewierni-komunisci-nie-moga-przyniesc-reform","status":"publish","type":"post","link":"https:\/\/www2.memri.org\/polish\/sudanscy-duchowni-apeluja-do-rady-wojskowej-o-zaprowadzenie-islamskiego-prawa-nalezy-ustanowic-kalifat-sudan-nalezy-do-muzulmanow-niewierni-komunisci-nie-moga-przyniesc-reform\/12757","title":{"rendered":"Suda\u0144scy duchowni apeluj\u0105 do Rady Wojskowej o zaprowadzenie islamskiego prawa: Nale\u017cy ustanowi\u0107 kalifat; Sudan nale\u017cy do muzulman\u00f3w, \u201cniewierni komuni\u015bci\u2019 nie mog\u0105 przynie\u015b\u0107 reform"},"content":{"rendered":"<p><em>Ten wideoklip jest wyborem wypowiedzi suda\u0144skich duchownych, kt\u00f3rzy wzywaj\u0105 Tymczasow\u0105 Rad\u0119 Wojskow\u0105 do zaprowadzenia prawa szariatu w Sudanie. Szejk Nasser Ridha z suda\u0144skiego oddzia\u0142u Hizb-ut-Tahrir powiedzial w sieci telezizyjnej Al-D\u017cazira (Katar) 21 kwietnia 2019 r., \u017ce obecnie spraw\u0105 jest ustanowienie islamskiego kalifatu i nieoddanie Sudanu \u015bwieckiemu rz\u0105dowi. Powiedzia\u0142, \u017ce jest obowi\u0105zkiem [narodu] Sudanu z\u0142o\u017cenie przysi\u0119gi lojalno\u015bci imamowi, kt\u00f3ry zaprowadzi prawo szariatu. 19 kwietnia 2019 r. dr Abd Haj Jousif, dziekan Bada\u0144 Islamskich na Mi\u0119dzynarodowym Uniwersytecie Afryki, powiedzia\u0142 w Tayba TV (Sudan), \u017ce religia Allaha\u00a0 jest tam, gdzie przeci\u0105gni\u0119ta jest linia i ostrzeg\u0142 Rad\u0119 Wojskow\u0105, by nie zaszkodzi\u0142a lub nie pope\u0142ni\u0142a \u201cwykroczenia przeciwko\u201d islamowi lub szariatowi. Wezwa\u0142 muzu\u0142man\u00f3w w Sudanie do wyj\u015bcia na ulice, by \u201cobali\u0107 k\u0142amstwo\u201d \u015bwieckich ludzi, kt\u00f3rzy, jak powiedzia\u0142, pr\u00f3buj\u0105 narzuci\u0107 ludziom \u201cwypaczon\u0105 wizj\u0119\u201d i chc\u0105 pozwolenia na alkohol, prostytucj\u0119 i przeklinanie islamu. 20 kwietnia 2019 r. szejk Muhammad Mustafa Abdel Kader powiedzia\u0142 w nagranym na wideo przem\u00f3wieniu zamieszczonym na YouTube, kt\u00f3re mia\u0142o niemal 100 tysi\u0119cy ogl\u0105da\u0144, \u017ce ka\u017cdy system polityczny inny ni\u017c islam jest nie do przyj\u0119cia i \u017ce Sudan nale\u017cy do muzu\u0142man\u00f3w. Splun\u0105\u0142 kilkakrotnie na \u201cobrzydliwych\u201d \u015bwieckich \u201ckomunist\u00f3w\u201d, \u201cniewiernych\u201d i \u201capostat\u00f3w\u201d, kt\u00f3rzy, jak powiedzia\u0142, chc\u0105 widzie\u0107 Sudan zanurzony we krwi, konfliktach, zepsuciu i cudzo\u0142\u00f3stwie. \u00a0<\/em><\/p>\n<p><strong>Aby zobaczy\u0107 klip z suda\u0144skimi duchownymi w MEMRI TV, kliknij <\/strong><a href=\"https:\/\/www.memri.org\/tv\/sudanese-clerics-appeal-military-council-instate-islamic-sharia-law-caliphate-communist-infidels\"><strong>tutaj<\/strong><\/a><strong>\u00a0lub poni\u017cej.<\/strong><\/p>\n<p><iframe loading=\"lazy\" src=\"https:\/\/www.memri.org\/player\/clip\/42663\/780,440\/1\" width=\"780\" height=\"440\" frameborder=\"0\"><\/iframe><\/p>\n<p><strong>21 kwietnia 2019 \u2013 &#8222;Spraw\u0105 jest ustanowienie kalifatu w spos\u00f3b prorok\u00f3w \u2013 nie oddawajcie w\u0142adzy \u015bwieckiemu rz\u0105dowi\u201d <\/strong><\/p>\n<p><strong>Szejk Nasser Ridha:\u00a0<\/strong>Nie chodzi o to, czy Sudan jest rz\u0105dzony przez rad\u0119 wojskow\u0105 czy przez rz\u0105d cywilny. Spraw\u0105 jest\u00a0 to, czy b\u0119dziemy czci\u0107 Allaha i czy spowodujemy, \u017ce ludzie b\u0119d\u0105 czci\u0107 Allaha przez zaprowadzenie Jego prawa.<br \/>\n[&#8230;]<\/p>\n<p>Spraw\u0105 jest ustanowienie kalifatu w spos\u00f3b prorok\u00f3w. Nie oddawajcie w\u0142adzy \u015bwieckiemu rz\u0105dowi. M\u00f3wi\u0119 wam. Powinni\u015bcie pozwoli\u0107 narodowi na z\u0142o\u017cenie przysi\u0119gi lojalno\u015bci imamowi, kt\u00f3ry zaprowadzi szariat. To jest [wasz] obowi\u0105zek i zobowi\u0105zanie.<\/p>\n<p><img loading=\"lazy\" decoding=\"async\" class=\"alignnone size-full wp-image-12760\" src=\"https:\/\/www2.memri.org\/polish\/wp-content\/uploads\/2019\/05\/MTV7193.jpg\" width=\"609\" height=\"322\" srcset=\"https:\/\/www2.memri.org\/polish\/wp-content\/uploads\/2019\/05\/MTV7193.jpg 609w, https:\/\/www2.memri.org\/polish\/wp-content\/uploads\/2019\/05\/MTV7193-300x159.jpg 300w, https:\/\/www2.memri.org\/polish\/wp-content\/uploads\/2019\/05\/MTV7193-600x317.jpg 600w\" sizes=\"auto, (max-width: 609px) 100vw, 609px\" \/><\/p>\n<p>[&#8230;]<\/p>\n<p><strong>19 kwietnia 2019 \u2013 &#8222;Islam jest religi\u0105 Allaha i krew leje si\u0119\u00a0 dla niego\u201d <\/strong><\/p>\n<p><strong>Dr Abd Haj Jousif:\u00a0<\/strong>M\u00f3wi\u0119 do przewodnicz\u0105cego Rady Wojskowej, jego zast\u0119pcy i cz\u0142onk\u00f3w Rady, kt\u00f3rzy stali si\u0119 w\u0142adcami tego kraju: strze\u017ccie si\u0119 [przed zaszkodzeniem] religii Allaha. Religia Allaha jest tam, gdzie my przeci\u0105gamy lini\u0119. Szariat jest najszlachetniejszym z cel\u00f3w. Nie pozwolimy, by mu zaszkodzono lub pope\u0142niano przeciwko niemu wykroczenia. Strze\u017ccie si\u0119. Nie s\u0142uchajcie tych nikczemnych g\u0142os\u00f3w.<\/p>\n<p>[&#8230;]<\/p>\n<p>Islam jest nasz\u0105 religi\u0105. Jest religi\u0105 muzu\u0142man\u00f3w w tym kraju. Nie jest religi\u0105 prezydenta [Al-Baszira], kt\u00f3rego teraz ju\u017c nie ma. To nie jest prywatna religia obalonego rz\u0105du lub partii politycznej, kt\u00f3rej ju\u017c nie ma. Islam jest religi\u0105 Allaha i krew leje si\u0119 dla niego.<\/p>\n<p>[&#8230;]<\/p>\n<p>My, kt\u00f3rzy g\u0142osimy religi\u0119 Allaha, wzywamy muzu\u0142man\u00f3w tego kraju. Wyjdziemy na ulice i zgromadzimy si\u0119 na publicznych placach w celu odrzucenia \u017cycia [\u015bwieckich] ludzi, kt\u00f3rzy twierdz\u0105, \u017ce reprezentuj\u0105 ten nar\u00f3d i wyra\u017caj\u0105 jego pragnienia. Na Boga, nie. Ludzie nie chc\u0105, by ich religia zosta\u0142a wykluczona. Ludzie nie chc\u0105, by ich to\u017csamo\u015b\u0107 zosta\u0142a wymazana. Ludzie nie chc\u0105 \u201ewymieni\u0107 tego, co lepsze, na to, co gorsze\u201d. Ciemne, ciemne, ciemne twarze podnosz\u0105 si\u0119 dzisiaj. Pr\u00f3buj\u0105 narzuci\u0107 krajowi swoj\u0105 \u015blep\u0105, kulaw\u0105 i wypaczon\u0105 wizj\u0119. T\u0119skni\u0105 do dni, kiedy alkohol by\u0142 wsz\u0119dzie, kiedy prostytucja by\u0142a dozwolona i kiedy s\u0142ycha\u0107 by\u0142o przeklinanie islamu bez tego, by [pad\u0142o] pot\u0119pienie. M\u00f3wimy: Na Allaha, tak nie b\u0119dzie! Na Allaha, tak nie b\u0119dzie! Na Allaha, tak nie b\u0119dzie! Ci ludzie po\u015bwi\u0119cili tysi\u0105ce m\u0119czennik\u00f3w\u2026 Niemal nie ma domu bez m\u0119czennik\u00f3w.<\/p>\n<p><img loading=\"lazy\" decoding=\"async\" class=\"alignnone size-full wp-image-12761\" src=\"https:\/\/www2.memri.org\/polish\/wp-content\/uploads\/2019\/05\/MTV71931.jpg\" width=\"772\" height=\"202\" srcset=\"https:\/\/www2.memri.org\/polish\/wp-content\/uploads\/2019\/05\/MTV71931.jpg 772w, https:\/\/www2.memri.org\/polish\/wp-content\/uploads\/2019\/05\/MTV71931-300x78.jpg 300w, https:\/\/www2.memri.org\/polish\/wp-content\/uploads\/2019\/05\/MTV71931-768x201.jpg 768w, https:\/\/www2.memri.org\/polish\/wp-content\/uploads\/2019\/05\/MTV71931-600x157.jpg 600w, https:\/\/www2.memri.org\/polish\/wp-content\/uploads\/2019\/05\/MTV71931-696x182.jpg 696w\" sizes=\"auto, (max-width: 772px) 100vw, 772px\" \/><\/p>\n<p><img loading=\"lazy\" decoding=\"async\" class=\"alignnone size-full wp-image-12762\" src=\"https:\/\/www2.memri.org\/polish\/wp-content\/uploads\/2019\/05\/MTV71932.jpg\" width=\"809\" height=\"213\" srcset=\"https:\/\/www2.memri.org\/polish\/wp-content\/uploads\/2019\/05\/MTV71932.jpg 809w, https:\/\/www2.memri.org\/polish\/wp-content\/uploads\/2019\/05\/MTV71932-300x79.jpg 300w, https:\/\/www2.memri.org\/polish\/wp-content\/uploads\/2019\/05\/MTV71932-768x202.jpg 768w, https:\/\/www2.memri.org\/polish\/wp-content\/uploads\/2019\/05\/MTV71932-600x158.jpg 600w, https:\/\/www2.memri.org\/polish\/wp-content\/uploads\/2019\/05\/MTV71932-696x183.jpg 696w\" sizes=\"auto, (max-width: 809px) 100vw, 809px\" \/><\/p>\n<p>Ludzie nie zgodz\u0105 si\u0119 na zrezygnowanie z szariatu. M\u00f3wi\u0119 do w\u0142adc\u00f3w: Nie macie prawa dokonywa\u0107 zmian. Powiedzieli\u015bcie, \u017ce wasz przej\u015bciowy okres b\u0119dzie trwa\u0142 dwa lata, urz\u0105d\u017acie wi\u0119c wszystko i zorganizujcie wybory, a wtedy ten muzu\u0142ma\u0144ski nar\u00f3d podejmie decyzj\u0119.<\/p>\n<p><img loading=\"lazy\" decoding=\"async\" class=\"alignnone size-full wp-image-12763\" src=\"https:\/\/www2.memri.org\/polish\/wp-content\/uploads\/2019\/05\/MTV71933.jpg\" width=\"608\" height=\"324\" srcset=\"https:\/\/www2.memri.org\/polish\/wp-content\/uploads\/2019\/05\/MTV71933.jpg 608w, https:\/\/www2.memri.org\/polish\/wp-content\/uploads\/2019\/05\/MTV71933-300x160.jpg 300w, https:\/\/www2.memri.org\/polish\/wp-content\/uploads\/2019\/05\/MTV71933-600x320.jpg 600w\" sizes=\"auto, (max-width: 608px) 100vw, 608px\" \/><\/p>\n<p>[&#8230;]<\/p>\n<p><strong>20 kwietnia 2019 \u2013 &#8222;Ka\u017cdy system polityczny inny ni\u017c islam jest dla nas nie do przyj\u0119cia\u201d \u00a0<\/strong><\/p>\n<p><strong>Szejk Muhammad Mustafa Abdel Kader:<\/strong>\u00a0To, co si\u0119 zdarzy\u0142o, by\u0142o zrz\u0105dzeniem Allaha, wbrew temu, co twierdz\u0105 ci m\u0105drale sekulary\u015bci ze swoimi wypaczonymi partiami politycznymi. [M\u00f3wi\u0105]: \u201eMy zrobili\u015bmy to\u2026 Gdyby nie my, to by si\u0119 nie zdarzy\u0142o\u2026\u201d<\/p>\n<p><img loading=\"lazy\" decoding=\"async\" class=\"alignnone size-full wp-image-12764\" src=\"https:\/\/www2.memri.org\/polish\/wp-content\/uploads\/2019\/05\/mtv71934.jpg\" width=\"800\" height=\"210\" srcset=\"https:\/\/www2.memri.org\/polish\/wp-content\/uploads\/2019\/05\/mtv71934.jpg 800w, https:\/\/www2.memri.org\/polish\/wp-content\/uploads\/2019\/05\/mtv71934-300x79.jpg 300w, https:\/\/www2.memri.org\/polish\/wp-content\/uploads\/2019\/05\/mtv71934-768x202.jpg 768w, https:\/\/www2.memri.org\/polish\/wp-content\/uploads\/2019\/05\/mtv71934-600x158.jpg 600w, https:\/\/www2.memri.org\/polish\/wp-content\/uploads\/2019\/05\/mtv71934-696x183.jpg 696w\" sizes=\"auto, (max-width: 800px) 100vw, 800px\" \/><\/p>\n<p>[&#8230;]<\/p>\n<p>Ka\u017cdy system polityczny inny ni\u017c islam jest dla nas nie do przyj\u0119cia. Nie \u017cartuj\u0119. M\u0105drale, kt\u00f3re siedz\u0105 tutaj\u2026 To wszystko jest napisane w gazecie\u2026 M\u00f3wi\u0105, co jest dobre dla kraju i jak to mo\u017cna osi\u0105gn\u0105\u0107\u2026 Dla nas nic nie jest dobre poza islamem. Mo\u017cecie by\u0107 pewni, \u017ce \u017caden komunista nie naprawi tego kraju. Je\u015bli komunista dojdzie do w\u0142adzy, sko\u0144czymy t\u0119skni\u0105c za dniami islamist\u00f3w. \u00a0Je\u015bli kto\u015b obrzydliwy jak [komunista] przyjdzie\u2026 Je\u015bli kto\u015b obrzydliwy m\u00f3wi, \u017ce chce, by arak sprzedawa\u0142y dziewcz\u0119ta, kt\u00f3re sprzedaj\u0105 herbat\u0119\u2026 Zesz\u0142ego wieczoru s\u0142ysza\u0142em odcinek sugeruj\u0105cy, by marihuana zast\u0105pi\u0142a herbat\u0119\u2026 Niechaj Allah przeklnie was, obrzydliwi niewierni, apostaci! Dla nas, tylko muzu\u0142manin \u2013 nie komunista \u2013 mo\u017ce by\u0107 reformatorem.<\/p>\n<p>[&#8230;]<\/p>\n<p>Ci [protestuj\u0105cy] dzia\u0142aj\u0105, jakby byli rz\u0105dem, a s\u0105 ich zdj\u0119cia, jak pal\u0105 narkotyki\u2026 Pij\u0105 herbat\u0119 i \u015bpiewaj\u0105 piosenki jak\u2026 Wy politei\u015bci! Wy apostaci! Komunistyczni m\u0119scy i kobiecy \u015bpiewacy\u2026 Banda m\u0119t\u00f3w spo\u0142ecznych pope\u0142niaj\u0105cych wszystkie rodzaje zepsucia! Jak oni mog\u0105 dokona\u0107 reform? Kraj ma by\u0107 oddany tym m\u0105dralom?<\/p>\n<p>[&#8230;]<\/p>\n<p>Ci komuni\u015bci maj\u0105 bardzo wielki plan. Chc\u0105 zobaczy\u0107 kraj zanurzony we krwi i konflikcie. Te m\u0105drale chc\u0105, by ca\u0142y kraj pe\u0142en by\u0142 krajem zepsucia i cudzo\u0142\u00f3stwa\u2026 Nie uda wam si\u0119, obrzydliwi ludzie! Kraj nale\u017cy do muzu\u0142man\u00f3w. Ten kraj nale\u017cy do muzu\u0142man\u00f3w, obrzydliwi komuni\u015bci! Muzu\u0142manie mog\u0105 mie\u0107 [ze sob\u0105] nieporozumienia, ale podstaw\u0105 jest islam. Wy obrzydliwi komuni\u015bci! Wy apostaci! Wy niewierni!<\/p>\n","protected":false},"excerpt":{"rendered":"<p>Ten wideoklip jest wyborem wypowiedzi suda\u0144skich duchownych, kt\u00f3rzy wzywaj\u0105 Tymczasow\u0105 Rad\u0119 Wojskow\u0105 do zaprowadzenia prawa szariatu w Sudanie. Szejk Nasser Ridha z suda\u0144skiego oddzia\u0142u Hizb-ut-Tahrir powiedzial w sieci telezizyjnej Al-D\u017cazira (Katar) 21 kwietnia 2019 r., \u017ce obecnie spraw\u0105 jest ustanowienie islamskiego kalifatu i nieoddanie Sudanu \u015bwieckiemu rz\u0105dowi. Powiedzia\u0142, \u017ce jest obowi\u0105zkiem [narodu] Sudanu z\u0142o\u017cenie przysi\u0119gi [&hellip;]<\/p>\n","protected":false},"author":1,"featured_media":12760,"comment_status":"open","ping_status":"open","sticky":false,"template":"","format":"standard","meta":{"footnotes":""},"categories":[824,835],"tags":[],"class_list":["post-12757","post","type-post","status-publish","format-standard","has-post-thumbnail","hentry","category-specjalne-komunikaty","category-archiwum"],"_links":{"self":[{"href":"https:\/\/www2.memri.org\/polish\/wp-json\/wp\/v2\/posts\/12757","targetHints":{"allow":["GET"]}}],"collection":[{"href":"https:\/\/www2.memri.org\/polish\/wp-json\/wp\/v2\/posts"}],"about":[{"href":"https:\/\/www2.memri.org\/polish\/wp-json\/wp\/v2\/types\/post"}],"author":[{"embeddable":true,"href":"https:\/\/www2.memri.org\/polish\/wp-json\/wp\/v2\/users\/1"}],"replies":[{"embeddable":true,"href":"https:\/\/www2.memri.org\/polish\/wp-json\/wp\/v2\/comments?post=12757"}],"version-history":[{"count":3,"href":"https:\/\/www2.memri.org\/polish\/wp-json\/wp\/v2\/posts\/12757\/revisions"}],"predecessor-version":[{"id":12765,"href":"https:\/\/www2.memri.org\/polish\/wp-json\/wp\/v2\/posts\/12757\/revisions\/12765"}],"wp:featuredmedia":[{"embeddable":true,"href":"https:\/\/www2.memri.org\/polish\/wp-json\/wp\/v2\/media\/12760"}],"wp:attachment":[{"href":"https:\/\/www2.memri.org\/polish\/wp-json\/wp\/v2\/media?parent=12757"}],"wp:term":[{"taxonomy":"category","embeddable":true,"href":"https:\/\/www2.memri.org\/polish\/wp-json\/wp\/v2\/categories?post=12757"},{"taxonomy":"post_tag","embeddable":true,"href":"https:\/\/www2.memri.org\/polish\/wp-json\/wp\/v2\/tags?post=12757"}],"curies":[{"name":"wp","href":"https:\/\/api.w.org\/{rel}","templated":true}]}}