{"id":1247,"date":"2010-07-22T00:00:00","date_gmt":"2010-07-22T00:00:00","guid":{"rendered":"http:\/\/www2.memri.org\/polaco\/talal-abu-ghazaleh-jordanski-biznesmen-i-wiceprzewodniczacy-un-global-compact-11-wrzesnia-przeprowadzony-przez-talibow-byl-czescia-syjonistycznej-intrygi-jak-to-jest-ze-nie-mowimy-o-katolickim-t\/1247"},"modified":"2010-07-22T00:00:00","modified_gmt":"2010-07-22T00:00:00","slug":"talal-abu-ghazaleh-jordanski-biznesmen-i-wiceprzewodniczacy-un-global-compact-11-wrzesnia-przeprowadzony-przez-talibow-byl-czescia-syjonistycznej-intrygi-jak-to-jest-ze-nie-mowimy-o-katolickim-t","status":"publish","type":"post","link":"https:\/\/www2.memri.org\/polish\/talal-abu-ghazaleh-jordanski-biznesmen-i-wiceprzewodniczacy-un-global-compact-11-wrzesnia-przeprowadzony-przez-talibow-byl-czescia-syjonistycznej-intrygi-jak-to-jest-ze-nie-mowimy-o-katolickim-t\/1247","title":{"rendered":"Talal Abu Ghazaleh, jorda\u0144ski biznesmen i wiceprzewodnicz\u0105cy UN Global Compact: 11 wrze\u015bnia, przeprowadzony przez talib\u00f3w, by\u0142 cz\u0119\u015bci\u0105 syjonistycznej intrygi; Jak to jest, \u017ce nie m\u00f3wimy o katolickim terroryzmie?"},"content":{"rendered":"<div class=\"bodytext c1\">\n<p><em>Jorda\u0144ski biznesmen Talal Abu Ghazaleh udzieli\u0142 niedawno wywiadu Decision Makers TV (Zjednoczone Emiraty Arabskie). Abu Ghazaleh, przewodnicz\u0105cy i za\u0142o\u017cyciel mi\u0119dzynarodowej organizacji z siedzib\u0105 w Jordanii, Talal Abu-Ghazaleh Organization, za\u0142o\u017cy\u0142 wiele profesjonalnych firm w dziedzinie zarz\u0105dzania, konsultingu, us\u0142ug prawnych i informatyki. W 2007 r. zosta\u0142 mianowany przez sekretarza generalnego ONZ, Ban Ki Moona na stanowisko wice przewodnicz\u0105cego UN Global Compact. Za\u0142o\u017cy\u0142 tak\u017ce Talal Abu Ghazaleh College of Business, wydzia\u0142 niemiecko-jorda\u0144skiego uniwersytetu. Jest ekspertem w dziedzinie w\u0142asno\u015bci intelektualnej i ksi\u0119gowo\u015bci i uzyska\u0142 przydomek \u201eojca chrzestnego arabskiej ksi\u0119gowo\u015bci\u201d. W 2007 r. zosta\u0142 wprowadzony do IP Hall of Fame w Chicago.<\/em><\/p>\n<p><em>Przewodniczy licznym arabskim i mi\u0119dzynarodowym komitetom i instytutom oraz rozmaitym komitetom i inicjatywom ONZ, w\u0142\u0105cznie z United Nations Global Alliance for ICT and Development (od 2009).<\/em><\/p>\n<p><em>Poni\u017cej podajemy fragmenty tego wywiadu, kt\u00f3ry zosta\u0142 nadany 14 lipca 2010 r..<\/em><\/p>\n<p><em>\u017beby zobaczy\u0107 ten clip w MEMRI TV, odwied\u017a<\/em> <a href=\"http:\/\/www.memritv.org\/clip\/en\/0\/0\/0\/0\/0\/0\/2553.htm\"><em>http:\/\/www.memritv.org\/clip\/en\/0\/0\/0\/0\/0\/0\/2553.htm<\/em><\/a> <em>.<\/em><\/p>\n<p><strong><em><img loading=\"lazy\" decoding=\"async\" border=\"0\" src=\"http:\/\/www.memri.org\/image\/4766.jpg\" width=\"388\" height=\"263\" \/><\/em><\/strong><\/p>\n<p><strong>Talal Abu Ghazaleh<\/strong>: 11 wrze\u015bnia nie by\u0142 islamsk\u0105 operacj\u0105 ani islamskim terroryzmem. Zosta\u0142o to przeprowadzone przez talib\u00f3w. W naszej epoce si\u0142a syjonistyczna kontroluje wszystkie o\u015brodki podejmowania decyzji. Zawsze m\u00f3wi\u0119, \u017ce tak samo jak my, Arabowie, USA jest ofiar\u0105 syjonistycznych wp\u0142yw\u00f3w, kt\u00f3re cz\u0119sto \u2013 je\u015bli nie zawsze \u2013 steruj\u0105 decyzje USA przeciwko interesom ameryka\u0144skim i s\u0105 zawsze zgodne z interesami syjonistycznymi. [\u2026]<\/p>\n<p>To by\u0142 izolowany incydent, przeprowadzony przez grup\u0119 nazywaj\u0105c\u0105 si\u0119 Taliban. Tak si\u0119 z\u0142o\u017cy\u0142o, \u017ce ten incydent rozwin\u0105\u0142 si\u0119 w \u201cislamski terroryzm\u201d i \u201carabski terroryzm\u201d\u2026<\/p>\n<p><strong>Dziennikarz<\/strong>: I w \u201cglobalny terroryzm\u201d\u2026<\/p>\n<p><strong>Talal Abu Ghazaleh<\/strong>: Racja, i w \u201ewojn\u0119 przeciwko terroryzmowi\u201d. Ca\u0142y j\u0119zyk zosta\u0142 wypaczony, \u017ceby\u015bmy zacz\u0119li m\u00f3wi\u0107 o \u201ewojnie przeciwko terrorowi\u201d. Wojna jest prowadzona mi\u0119dzy dwiema si\u0142ami, dwiema armiami, dwoma krajami, dwoma gangami. Kto jest drug\u0105 stron\u0105 w przypadku tej wojny z terrorem?<\/p>\n<p>Musieli stworzy\u0107 wroga, \u017ceby z nim walczy\u0107 i mie\u0107 sprawiedliwo\u015b\u0107 po swojej stronie, kiedy m\u00f3wi\u0105 o wojnie z terrorem.<\/p>\n<p>Tak wi\u0119c globalny syjonizm stworzy\u0142 poj\u0119cie wroga nazywanego \u201cterrorystyczny islam\u201d Jak to jest, \u017ce nie m\u00f3wimy o \u201ckatolickim terroryzmie\u201d w przypadku wojny w Irlandii? Nikt nawet nie wspomina, \u017ce te ruchy terrorystyczne by\u0142y katolickie. Jak to jest, \u017ce nie wspominamy religii ETA w Hiszpanii i Europie?<\/p>\n<p>Tylko w wypadku Talibanu religia jest przyczepiona do [ruchu]. To jest wyj\u0105tek od tego, co by\u0142o regu\u0142\u0105 w ca\u0142ej historii. Oskar\u017cenie rzuca si\u0119 przeciwko grupie, kt\u00f3ra jest wrogiem syjonizmu \u2013 poniewa\u017c sam syjonizm jest wrogiem tej grupy \u2013 a m\u00f3wi\u0119 o narodzie arabskim i islamskim.<\/p>\n<p>Dlatego, \u017ceby ustawi\u0107 to w kontek\u015bcie historycznym, syjonizm, kt\u00f3ry spiskowa\u0142 ca\u0142y czas, natkn\u0105\u0142 si\u0119 na historyczn\u0105 okazj\u0119 i przekona\u0142 tak\u017ce administracj\u0119 USA, \u017ce to jest okazja.<\/p>\n<p>W ten spos\u00f3b si\u0119 to wszystko zacz\u0119\u0142o. Tak zacz\u0119\u0142a si\u0119 wojna. O\u015brodki badawcze \u2013 aczkolwiek po cichu i w sekrecie \u2013 rozumiej\u0105, \u017ce USA zapad\u0142y si\u0119 w tym grz\u0119zawisku w wyniku \u017cydowskiej nienawi\u015bci do Ameryki. Ka\u017cdy, kto my\u015bli inaczej \u2013 wierz\u0105c, \u017ce syjonistyczny wr\u00f3g kocha Ameryk\u0119 i dzia\u0142a w jej najlepszym interesie \u2013 myli si\u0119.<\/p>\n<p>Wszystkie konsekwencje 11 wrze\u015bnia, jak r\u00f3wnie\u017c przygotowania prowadz\u0105ce do 11 wrze\u015bnia\u2026<\/p>\n<p><strong>Dziennikarz<\/strong>: To wszystko zosta\u0142o \u201cuknute\u201d&#8230;<\/p>\n<p><strong>Talal Abu Ghazaleh<\/strong>: W\u0142a\u015bnie tak. Jest to zrobione przez kolonialist\u00f3w i syjonist\u00f3w. [&#8230;]<\/p>\n<\/div>\n","protected":false},"excerpt":{"rendered":"<p>Jorda\u0144ski biznesmen Talal Abu Ghazaleh udzieli\u0142 niedawno wywiadu Decision Makers TV (Zjednoczone Emiraty Arabskie). Abu Ghazaleh, przewodnicz\u0105cy i za\u0142o\u017cyciel mi\u0119dzynarodowej organizacji z siedzib\u0105 w Jordanii, Talal Abu-Ghazaleh Organization, za\u0142o\u017cy\u0142 wiele profesjonalnych firm w dziedzinie zarz\u0105dzania, konsultingu, us\u0142ug prawnych i informatyki. W 2007 r. zosta\u0142 mianowany przez sekretarza generalnego ONZ, Ban Ki Moona na stanowisko wice [&hellip;]<\/p>\n","protected":false},"author":1,"featured_media":0,"comment_status":"open","ping_status":"closed","sticky":false,"template":"","format":"standard","meta":{"footnotes":""},"categories":[824,829,832,835,836],"tags":[],"class_list":["post-1247","post","type-post","status-publish","format-standard","hentry","category-specjalne-komunikaty","category-usa-i-bliski-wschod","category-projekt-badan-nad-dzihadem-i-terroryzmem","category-archiwum","category-tematy"],"_links":{"self":[{"href":"https:\/\/www2.memri.org\/polish\/wp-json\/wp\/v2\/posts\/1247","targetHints":{"allow":["GET"]}}],"collection":[{"href":"https:\/\/www2.memri.org\/polish\/wp-json\/wp\/v2\/posts"}],"about":[{"href":"https:\/\/www2.memri.org\/polish\/wp-json\/wp\/v2\/types\/post"}],"author":[{"embeddable":true,"href":"https:\/\/www2.memri.org\/polish\/wp-json\/wp\/v2\/users\/1"}],"replies":[{"embeddable":true,"href":"https:\/\/www2.memri.org\/polish\/wp-json\/wp\/v2\/comments?post=1247"}],"version-history":[{"count":0,"href":"https:\/\/www2.memri.org\/polish\/wp-json\/wp\/v2\/posts\/1247\/revisions"}],"wp:attachment":[{"href":"https:\/\/www2.memri.org\/polish\/wp-json\/wp\/v2\/media?parent=1247"}],"wp:term":[{"taxonomy":"category","embeddable":true,"href":"https:\/\/www2.memri.org\/polish\/wp-json\/wp\/v2\/categories?post=1247"},{"taxonomy":"post_tag","embeddable":true,"href":"https:\/\/www2.memri.org\/polish\/wp-json\/wp\/v2\/tags?post=1247"}],"curies":[{"name":"wp","href":"https:\/\/api.w.org\/{rel}","templated":true}]}}