{"id":12406,"date":"2019-03-25T19:37:13","date_gmt":"2019-03-25T18:37:13","guid":{"rendered":"https:\/\/www2.memri.org\/polish\/?p=12406"},"modified":"2019-03-26T19:41:45","modified_gmt":"2019-03-26T18:41:45","slug":"turecki-prezydent-erdogan-masakra-w-nowej-zelandii-byla-komunikatem-dla-nas-nasi-wrogowie-probuja-postawic-nam-wyzwanie-ale-my-mozemy-ich-pokonac-jak-w-gallipoli","status":"publish","type":"post","link":"https:\/\/www2.memri.org\/polish\/turecki-prezydent-erdogan-masakra-w-nowej-zelandii-byla-komunikatem-dla-nas-nasi-wrogowie-probuja-postawic-nam-wyzwanie-ale-my-mozemy-ich-pokonac-jak-w-gallipoli\/12406","title":{"rendered":"Turecki prezydent Erdo\u011fan: Masakra w Nowej Zelandii by\u0142a komunikatem dla nas;  Nasi wrogowie, pr\u00f3buj\u0105 postawi\u0107 nam wyzwanie, ale my mo\u017cemy ich pokona\u0107 jak w Gallipoli"},"content":{"rendered":"<p><em>W przem\u00f3wieniu wyg\u0142oszonym 13 marca, w kt\u00f3rym m\u00f3wi\u0142 o Netanjahu, Izraelu i kwestii palesty\u0144skiej, turecki prezydent Recep Tayyip Erdo\u011fan powiedzia\u0142: &#8222;Nigdy nie uciskali\u015bmy \u017byd\u00f3w w tym kraju\u2026 Nie prowokujcie nas\u201d. W innym przem\u00f3wieniu, wyg\u0142oszonym 18 marca 2019 r. podczas ceremonii upami\u0119tniaj\u0105cej Bitw\u0119 o Gallipoli, Erdo\u011fan powiedzia\u0142, \u017ce wrogowie Turcji wypr\u00f3bowuj\u0105 jej cierpliwo\u015b\u0107 i zdecydowanie przez stawianie jej rozmaitych wyzwa\u0144 na Bliskim Wschodzie, atakowanie meczet\u00f3w w Europie i pr\u00f3by zamach\u00f3w stanu, ataki na gospodark\u0119 i \u201ctworzenie mrocznych sojuszy&#8221; w Turcji. Powiedzia\u0142 tak\u017ce, \u017ce wrogowie Turcji wystawiaj\u0105 j\u0105 na pr\u00f3b\u0119 \u201cwysy\u0142anymi komunikatami, takimi jak masakra w Nowej Zelandii. Powiedzia\u0142: &#8222;Rozumiemy wasze uczucia i wasze zamiary [i] co to znaczy, \u017ce pojawi\u0142 si\u0119 jeden terrorysta i zabi\u0142 50 muzu\u0142man\u00f3w\u2026 To nie jest indywidualne wydarzenie. To by\u0142o [dokonane] wraz z organizacj\u0105&#8221;. Zagrozi\u0142, \u017ce Turcja b\u0119dzie walczy\u0107 z wrogami w ten sam spos\u00f3b, w jaki Turcja walczy\u0142a z wrogami w Bitwie o Gallipoli. Powiedzia\u0142 tak\u017ce: &#8222;Wypowiedzi [syna Netanjahu] s\u0105 takie same jak terrorysty z Nowej Zelandii. Karmi\u0105 si\u0119 z tego samego \u017ar\u00f3d\u0142a\u201d. W innym przem\u00f3wieniu nast\u0119pnego dnia Erdo\u011fan powiedzia\u0142: \u201cOdpowiecie za to. Je\u015bli Nowa Zelandia\u00a0 tego nie rozliczy, my wiemy, jak to rozliczy\u0107\u201d. Przem\u00f3wienia Erdo\u011fana nada\u0142a agencja informacyjnay Anadolu (Turcja).<\/em><\/p>\n<p><strong>Aby zobaczy\u0107 klip z tureckim prezydentem Recepem Tayyipem Erdo\u011fanem w MEMRI TV, kliknij\u00a0<\/strong><a href=\"https:\/\/www.memri.org\/tv\/turkish-president-erdogan-jews-oppress-provoke-new-zealand-massacre-message-organized-challenge-turkey\"><strong>tutaj<\/strong><\/a><strong>\u00a0lub poni\u017cej.<\/strong><\/p>\n<p><iframe loading=\"lazy\" src=\"https:\/\/www.memri.org\/player\/clip\/42302\/780,440\/1\" width=\"780\" height=\"440\" frameborder=\"0\"><\/iframe><\/p>\n<p><strong>&#8222;Wypr\u00f3bowuj\u0105 nas komunikatami, kt\u00f3re wysy\u0142aj\u0105, [jak] w Nowej Zelandii\u201d <\/strong><\/p>\n<p><strong>13 marca 2019<\/strong><\/p>\n<p><strong>Recep Tayyip Erdo\u011fan<\/strong>: Nie prowokujcie nas. Patrzcie, my nigdy nie uciskali\u015bmy \u017cadnego \u017byda w tym kraju. Nigdy nie zrobili\u015bmy \u017cadnej synagodze tego, co jest robione [meczetom]. Nie prowokujcie nas. Nie b\u0119dziemy grali w t\u0119 gr\u0119, to jest inna kwestia. Ale prosimy spo\u0142eczno\u015b\u0107 mi\u0119dzynarodow\u0105, by wyja\u015bni\u0142a to.<\/p>\n<p><img loading=\"lazy\" decoding=\"async\" class=\"alignnone size-full wp-image-12407\" src=\"https:\/\/www2.memri.org\/polish\/wp-content\/uploads\/2019\/03\/MTV7105.jpg\" width=\"851\" height=\"224\" srcset=\"https:\/\/www2.memri.org\/polish\/wp-content\/uploads\/2019\/03\/MTV7105.jpg 851w, https:\/\/www2.memri.org\/polish\/wp-content\/uploads\/2019\/03\/MTV7105-300x79.jpg 300w, https:\/\/www2.memri.org\/polish\/wp-content\/uploads\/2019\/03\/MTV7105-768x202.jpg 768w, https:\/\/www2.memri.org\/polish\/wp-content\/uploads\/2019\/03\/MTV7105-600x158.jpg 600w, https:\/\/www2.memri.org\/polish\/wp-content\/uploads\/2019\/03\/MTV7105-696x183.jpg 696w\" sizes=\"auto, (max-width: 851px) 100vw, 851px\" \/><\/p>\n<p><img loading=\"lazy\" decoding=\"async\" class=\"alignnone size-full wp-image-12408\" src=\"https:\/\/www2.memri.org\/polish\/wp-content\/uploads\/2019\/03\/MTV71051.jpg\" width=\"610\" height=\"326\" srcset=\"https:\/\/www2.memri.org\/polish\/wp-content\/uploads\/2019\/03\/MTV71051.jpg 610w, https:\/\/www2.memri.org\/polish\/wp-content\/uploads\/2019\/03\/MTV71051-300x160.jpg 300w, https:\/\/www2.memri.org\/polish\/wp-content\/uploads\/2019\/03\/MTV71051-600x321.jpg 600w\" sizes=\"auto, (max-width: 610px) 100vw, 610px\" \/><\/p>\n<p>[&#8230;]<\/p>\n<p><strong>18 marca 2019<\/strong><\/p>\n<p>Pragniemy te\u017c, by Allah nie wystawia\u0142 tego narodu raz jeszcze na tak\u0105 pr\u00f3b\u0119, jak [Bitwa o] Gallipoli.<\/p>\n<p><img loading=\"lazy\" decoding=\"async\" class=\"alignnone size-full wp-image-12409\" src=\"https:\/\/www2.memri.org\/polish\/wp-content\/uploads\/2019\/03\/MTV71052.jpg\" width=\"818\" height=\"213\" srcset=\"https:\/\/www2.memri.org\/polish\/wp-content\/uploads\/2019\/03\/MTV71052.jpg 818w, https:\/\/www2.memri.org\/polish\/wp-content\/uploads\/2019\/03\/MTV71052-300x78.jpg 300w, https:\/\/www2.memri.org\/polish\/wp-content\/uploads\/2019\/03\/MTV71052-768x200.jpg 768w, https:\/\/www2.memri.org\/polish\/wp-content\/uploads\/2019\/03\/MTV71052-600x156.jpg 600w, https:\/\/www2.memri.org\/polish\/wp-content\/uploads\/2019\/03\/MTV71052-696x181.jpg 696w\" sizes=\"auto, (max-width: 818px) 100vw, 818px\" \/><\/p>\n<p>Jednak, je\u015bli taka sytuacja kiedykolwiek si\u0119 zdarzy, b\u0105d\u017acie pewni, \u017ce \u2013 tak samo jak 104 lata temu \u2013 nie zawahamy si\u0119 pogrzeba\u0107 tych wrog\u00f3w w ziemi i wodach Gallipoli.<\/p>\n<p><img loading=\"lazy\" decoding=\"async\" class=\"alignnone size-full wp-image-12410\" src=\"https:\/\/www2.memri.org\/polish\/wp-content\/uploads\/2019\/03\/MTV71053.jpg\" width=\"609\" height=\"324\" srcset=\"https:\/\/www2.memri.org\/polish\/wp-content\/uploads\/2019\/03\/MTV71053.jpg 609w, https:\/\/www2.memri.org\/polish\/wp-content\/uploads\/2019\/03\/MTV71053-300x160.jpg 300w, https:\/\/www2.memri.org\/polish\/wp-content\/uploads\/2019\/03\/MTV71053-600x319.jpg 600w\" sizes=\"auto, (max-width: 609px) 100vw, 609px\" \/><\/p>\n<p>[&#8230;]<\/p>\n<p>Moi bracia i siostry, oni ci\u0105gle wystawiaj\u0105 na pr\u00f3b\u0119 cierpliwo\u015b\u0107 i zdecydowanie Turcji, mimo \u017ce min\u0119\u0142o ponad stulecie. Przez n\u0119kanie naszej syryjskiej granicy i pr\u00f3b\u0119 ustanowienia korytarza terroru wystawiaj\u0105 te rzeczy na pr\u00f3b\u0119. Na skraju naszej irackiej granicy zaczynaj\u0105 tymi metodami w ten sam spos\u00f3b. Na Cyprze na wschodzie Morza \u015ar\u00f3dziemnego wypr\u00f3bowuj\u0105 te rzeczy przez pr\u00f3by \u0142amania naszych praw. Na Morzu Egejskim przez wi\u0119zienie nas na naszej ziemi i pr\u00f3b\u0119 zrobienia tak, by\u015bmy nie mogli wyj\u015b\u0107 w morze, wypr\u00f3bowuj\u0105 te same rzeczy. W Europie \u2013 szczeg\u00f3lnie w Niemczech i we Francji \u2013 przez dokonywanie co roku setek atak\u00f3w na nasze meczety, stowarzyszenia i obywateli \u2013 wypr\u00f3bowuj\u0105 oni te rzeczy. Wypr\u00f3bowuj\u0105 [nas] przez anga\u017cowanie si\u0119 na ulicach naszego kraju, przez pr\u00f3by zamach\u00f3w stanu i przez tworzenie mrocznych sojuszy. Wypr\u00f3bowuj\u0105 [nas] przez atakowanie naszej gospodarki, przez przygl\u0105danie si\u0119 pracy ludzi \u2013 ich chlebowi, ich [\u017cywno\u015bci]. W rzeczywisto\u015bci, tak si\u0119 sk\u0142ada, \u017ce wypr\u00f3bowuj\u0105 nas komunikatami, jakie wysy\u0142aj\u0105 \u2013 [takimi jak ten] w Nowej Zelandii, 16,5 tysi\u0105ca kilometr\u00f3w od naszego kraju.<\/p>\n<p><img loading=\"lazy\" decoding=\"async\" class=\"alignnone size-full wp-image-12411\" src=\"https:\/\/www2.memri.org\/polish\/wp-content\/uploads\/2019\/03\/MTV71054.jpg\" width=\"846\" height=\"221\" srcset=\"https:\/\/www2.memri.org\/polish\/wp-content\/uploads\/2019\/03\/MTV71054.jpg 846w, https:\/\/www2.memri.org\/polish\/wp-content\/uploads\/2019\/03\/MTV71054-300x78.jpg 300w, https:\/\/www2.memri.org\/polish\/wp-content\/uploads\/2019\/03\/MTV71054-768x201.jpg 768w, https:\/\/www2.memri.org\/polish\/wp-content\/uploads\/2019\/03\/MTV71054-600x157.jpg 600w, https:\/\/www2.memri.org\/polish\/wp-content\/uploads\/2019\/03\/MTV71054-696x182.jpg 696w\" sizes=\"auto, (max-width: 846px) 100vw, 846px\" \/><\/p>\n<p><img loading=\"lazy\" decoding=\"async\" class=\"alignnone size-full wp-image-12412\" src=\"https:\/\/www2.memri.org\/polish\/wp-content\/uploads\/2019\/03\/MTV71055.jpg\" width=\"609\" height=\"323\" srcset=\"https:\/\/www2.memri.org\/polish\/wp-content\/uploads\/2019\/03\/MTV71055.jpg 609w, https:\/\/www2.memri.org\/polish\/wp-content\/uploads\/2019\/03\/MTV71055-300x159.jpg 300w, https:\/\/www2.memri.org\/polish\/wp-content\/uploads\/2019\/03\/MTV71055-600x318.jpg 600w\" sizes=\"auto, (max-width: 609px) 100vw, 609px\" \/><\/p>\n<p>[&#8230;]<\/p>\n<p>&#8222;Je\u015bli przybywacie jako przyjaciele, ugo\u015bcimy was, ale je\u015bli przybywacie jako wrogowie, b\u0119dziemy was traktowa\u0107 odpowiednio\u2026 pochowamy was, gdzie stoicie\u201d<\/p>\n<p>Moi drodzy bracia i siostry, 104 lata po Gallipoli wo\u0142amy raz jeszcze: otrzymali\u015bmy wasz komunikat i rozumiemy wasze uczucia i wasze zamiary.<\/p>\n<p><img loading=\"lazy\" decoding=\"async\" class=\"alignnone size-full wp-image-12413\" src=\"https:\/\/www2.memri.org\/polish\/wp-content\/uploads\/2019\/03\/MTV71056.jpg\" width=\"611\" height=\"324\" srcset=\"https:\/\/www2.memri.org\/polish\/wp-content\/uploads\/2019\/03\/MTV71056.jpg 611w, https:\/\/www2.memri.org\/polish\/wp-content\/uploads\/2019\/03\/MTV71056-300x159.jpg 300w, https:\/\/www2.memri.org\/polish\/wp-content\/uploads\/2019\/03\/MTV71056-600x318.jpg 600w\" sizes=\"auto, (max-width: 611px) 100vw, 611px\" \/><\/p>\n<p>Rozumiemy, \u017ce wasza wrogo\u015b\u0107 i wasza nienawi\u015b\u0107 s\u0105 \u017cywe. Rozumiemy, co to znaczy, \u017ce jeden terrorysta pojawi\u0142 si\u0119 i zabi\u0142 50 muzu\u0142man\u00f3w. Wiemy, \u017ce my\u015blicie, \u017ce ziemia, na kt\u00f3rej \u017cyjemy, i powietrze, kt\u00f3rym oddychamy, to za du\u017co dla nas. [Zamachowiec powiedzia\u0142] \u017ce [ludzie] nie b\u0119d\u0105 mogli przej\u015b\u0107 z europejskiej strony na azjatyck\u0105 stron\u0119 [Bosforu]. Z tej gro\u017aby w jego manife\u015bcie rozumiemy, jakiego rodzaju jest terroryst\u0105. To nie jest indywidualne wydarzenie. To by\u0142o [dokonane] wraz z organizacj\u0105. Ale jeste\u015bmy tutaj \u2013 jeste\u015bmy w Gallipoli!<\/p>\n<p><img loading=\"lazy\" decoding=\"async\" class=\"alignnone size-full wp-image-12414\" src=\"https:\/\/www2.memri.org\/polish\/wp-content\/uploads\/2019\/03\/MTV71057.jpg\" width=\"609\" height=\"324\" srcset=\"https:\/\/www2.memri.org\/polish\/wp-content\/uploads\/2019\/03\/MTV71057.jpg 609w, https:\/\/www2.memri.org\/polish\/wp-content\/uploads\/2019\/03\/MTV71057-300x160.jpg 300w, https:\/\/www2.memri.org\/polish\/wp-content\/uploads\/2019\/03\/MTV71057-600x319.jpg 600w\" sizes=\"auto, (max-width: 609px) 100vw, 609px\" \/><\/p>\n<p>[&#8230;]<\/p>\n<p>Jeste\u015bmy tutaj od tysi\u0105ca lat i, z wol\u0105 Boga, b\u0119dziemy tutaj do Dnia S\u0105du Ostatecznego.<\/p>\n<p><img loading=\"lazy\" decoding=\"async\" class=\"alignnone size-full wp-image-12415\" src=\"https:\/\/www2.memri.org\/polish\/wp-content\/uploads\/2019\/03\/MTV71058.jpg\" width=\"857\" height=\"227\" srcset=\"https:\/\/www2.memri.org\/polish\/wp-content\/uploads\/2019\/03\/MTV71058.jpg 857w, https:\/\/www2.memri.org\/polish\/wp-content\/uploads\/2019\/03\/MTV71058-300x79.jpg 300w, https:\/\/www2.memri.org\/polish\/wp-content\/uploads\/2019\/03\/MTV71058-768x203.jpg 768w, https:\/\/www2.memri.org\/polish\/wp-content\/uploads\/2019\/03\/MTV71058-600x159.jpg 600w, https:\/\/www2.memri.org\/polish\/wp-content\/uploads\/2019\/03\/MTV71058-696x184.jpg 696w\" sizes=\"auto, (max-width: 857px) 100vw, 857px\" \/><\/p>\n<p>[&#8230;]<\/p>\n<p>Wasi dziadowie przyszli i zobaczyli, \u017ce jeste\u015bmy tutaj, a potem niekt\u00f3rzy z nich wr\u00f3cili do domu na swoich nogach \u2013 a niekt\u00f3rzy wr\u00f3cili do domu w trumnach. Je\u015bli przyjdziecie z tym samymi zamiarami, b\u0119dziemy r\u00f3wnie\u017c czeka\u0107 na was. Nie miejcie w\u0105tpliwo\u015bci, \u017ce ode\u015blemy was tak samo jak waszych dziad\u00f3w!<\/p>\n<p><img loading=\"lazy\" decoding=\"async\" class=\"alignnone size-full wp-image-12416\" src=\"https:\/\/www2.memri.org\/polish\/wp-content\/uploads\/2019\/03\/MTV71059.jpg\" width=\"828\" height=\"216\" srcset=\"https:\/\/www2.memri.org\/polish\/wp-content\/uploads\/2019\/03\/MTV71059.jpg 828w, https:\/\/www2.memri.org\/polish\/wp-content\/uploads\/2019\/03\/MTV71059-300x78.jpg 300w, https:\/\/www2.memri.org\/polish\/wp-content\/uploads\/2019\/03\/MTV71059-768x200.jpg 768w, https:\/\/www2.memri.org\/polish\/wp-content\/uploads\/2019\/03\/MTV71059-600x157.jpg 600w, https:\/\/www2.memri.org\/polish\/wp-content\/uploads\/2019\/03\/MTV71059-696x182.jpg 696w\" sizes=\"auto, (max-width: 828px) 100vw, 828px\" \/><\/p>\n<p>[&#8230;]<\/p>\n<p>Je\u015bli przyb\u0119dziecie jako przyjaciele, ugo\u015bcimy was, ale je\u015bli przyb\u0119dziecie jako wrogowie, potraktujemy was odpowiednio. Tak samo jak terroryst\u00f3w, kt\u00f3rzy pr\u00f3bowali postawi\u0107 wyzwanie naszemu krajowi \u2013 jak ci na naszej syryjskiej granicy, [ci] z ISIS, z PKK i mordercy z PYD \u2013 pochowamy was tam, gdzie stoicie.<\/p>\n<p><img loading=\"lazy\" decoding=\"async\" class=\"alignnone size-full wp-image-12417\" src=\"https:\/\/www2.memri.org\/polish\/wp-content\/uploads\/2019\/03\/MTV710510.jpg\" width=\"610\" height=\"322\" srcset=\"https:\/\/www2.memri.org\/polish\/wp-content\/uploads\/2019\/03\/MTV710510.jpg 610w, https:\/\/www2.memri.org\/polish\/wp-content\/uploads\/2019\/03\/MTV710510-300x158.jpg 300w, https:\/\/www2.memri.org\/polish\/wp-content\/uploads\/2019\/03\/MTV710510-600x317.jpg 600w\" sizes=\"auto, (max-width: 610px) 100vw, 610px\" \/><\/p>\n<p>[&#8230;]<\/p>\n<p>&#8222;Je\u015bli Nowa Zelandia nie rozliczy tego, my wiemy jak to rozliczy\u0107 w ten lub w inny spos\u00f3b\u201d<\/p>\n<p>Zauwa\u017ccie, \u017ce wyra\u017cenia syna tej osoby na czele Izraela s\u0105 takie same jak terrorysty z Nowej Zelandii. Karmi\u0105 si\u0119 z tego samego \u017ar\u00f3d\u0142a, niezale\u017cnie od tego, gdzie s\u0105 na \u015bwiecie.<\/p>\n<p><img loading=\"lazy\" decoding=\"async\" class=\"alignnone size-full wp-image-12418\" src=\"https:\/\/www2.memri.org\/polish\/wp-content\/uploads\/2019\/03\/MTV710511.jpg\" width=\"856\" height=\"226\" srcset=\"https:\/\/www2.memri.org\/polish\/wp-content\/uploads\/2019\/03\/MTV710511.jpg 856w, https:\/\/www2.memri.org\/polish\/wp-content\/uploads\/2019\/03\/MTV710511-300x79.jpg 300w, https:\/\/www2.memri.org\/polish\/wp-content\/uploads\/2019\/03\/MTV710511-768x203.jpg 768w, https:\/\/www2.memri.org\/polish\/wp-content\/uploads\/2019\/03\/MTV710511-600x158.jpg 600w, https:\/\/www2.memri.org\/polish\/wp-content\/uploads\/2019\/03\/MTV710511-696x184.jpg 696w\" sizes=\"auto, (max-width: 856px) 100vw, 856px\" \/><\/p>\n<p>[&#8230;]<\/p>\n<p><strong>19 marca 2019<\/strong><\/p>\n<p>Pi\u0119\u0107dziesi\u0119ciu naszych braci i si\u00f3str, kt\u00f3rzy modlili si\u0119 \u2013 perfidnie, koszmarnie i nikczemnie zabili\u015bcie ich. Ale odpowiecie za to. Je\u015bli Nowa Zelandia nie rozliczy tego, my wiemy jak to rozliczy\u0107 w ten lub w inny spos\u00f3b.<\/p>\n","protected":false},"excerpt":{"rendered":"<p>W przem\u00f3wieniu wyg\u0142oszonym 13 marca, w kt\u00f3rym m\u00f3wi\u0142 o Netanjahu, Izraelu i kwestii palesty\u0144skiej, turecki prezydent Recep Tayyip Erdo\u011fan powiedzia\u0142: &#8222;Nigdy nie uciskali\u015bmy \u017byd\u00f3w w tym kraju\u2026 Nie prowokujcie nas\u201d. W innym przem\u00f3wieniu, wyg\u0142oszonym 18 marca 2019 r. podczas ceremonii upami\u0119tniaj\u0105cej Bitw\u0119 o Gallipoli, Erdo\u011fan powiedzia\u0142, \u017ce wrogowie Turcji wypr\u00f3bowuj\u0105 jej cierpliwo\u015b\u0107 i zdecydowanie przez [&hellip;]<\/p>\n","protected":false},"author":1,"featured_media":12407,"comment_status":"open","ping_status":"open","sticky":false,"template":"","format":"standard","meta":{"footnotes":""},"categories":[824,835,837,843],"tags":[],"class_list":["post-12406","post","type-post","status-publish","format-standard","has-post-thumbnail","hentry","category-specjalne-komunikaty","category-archiwum","category-kraje","category-turcja"],"_links":{"self":[{"href":"https:\/\/www2.memri.org\/polish\/wp-json\/wp\/v2\/posts\/12406","targetHints":{"allow":["GET"]}}],"collection":[{"href":"https:\/\/www2.memri.org\/polish\/wp-json\/wp\/v2\/posts"}],"about":[{"href":"https:\/\/www2.memri.org\/polish\/wp-json\/wp\/v2\/types\/post"}],"author":[{"embeddable":true,"href":"https:\/\/www2.memri.org\/polish\/wp-json\/wp\/v2\/users\/1"}],"replies":[{"embeddable":true,"href":"https:\/\/www2.memri.org\/polish\/wp-json\/wp\/v2\/comments?post=12406"}],"version-history":[{"count":1,"href":"https:\/\/www2.memri.org\/polish\/wp-json\/wp\/v2\/posts\/12406\/revisions"}],"predecessor-version":[{"id":12419,"href":"https:\/\/www2.memri.org\/polish\/wp-json\/wp\/v2\/posts\/12406\/revisions\/12419"}],"wp:featuredmedia":[{"embeddable":true,"href":"https:\/\/www2.memri.org\/polish\/wp-json\/wp\/v2\/media\/12407"}],"wp:attachment":[{"href":"https:\/\/www2.memri.org\/polish\/wp-json\/wp\/v2\/media?parent=12406"}],"wp:term":[{"taxonomy":"category","embeddable":true,"href":"https:\/\/www2.memri.org\/polish\/wp-json\/wp\/v2\/categories?post=12406"},{"taxonomy":"post_tag","embeddable":true,"href":"https:\/\/www2.memri.org\/polish\/wp-json\/wp\/v2\/tags?post=12406"}],"curies":[{"name":"wp","href":"https:\/\/api.w.org\/{rel}","templated":true}]}}