{"id":12227,"date":"2019-03-01T19:56:48","date_gmt":"2019-03-01T18:56:48","guid":{"rendered":"https:\/\/www2.memri.org\/polish\/?p=12227"},"modified":"2019-03-01T19:56:48","modified_gmt":"2019-03-01T18:56:48","slug":"tunezyjska-prawniczka-i-autorka-maya-ksouri-jest-hipokryzja-ze-strony-bractwa-muzulmanskiego-ktore-chwali-iran-i-isis-za-zabijanie-homoseksualistow-oburzanie-sie-na-egzekucje-egip","status":"publish","type":"post","link":"https:\/\/www2.memri.org\/polish\/tunezyjska-prawniczka-i-autorka-maya-ksouri-jest-hipokryzja-ze-strony-bractwa-muzulmanskiego-ktore-chwali-iran-i-isis-za-zabijanie-homoseksualistow-oburzanie-sie-na-egzekucje-egip\/12227","title":{"rendered":"Tunezyjska prawniczka i autorka Maya Ksouri: Jest hipokryzj\u0105 ze strony Bractwa Muzu\u0142ma\u0144skiego \u2013 kt\u00f3re chwali Iran i ISIS za zabijanie homoseksualist\u00f3w \u2013 oburzanie si\u0119 na egzekucje egipskich, islamistycznych terroryst\u00f3w"},"content":{"rendered":"<p><em>Tunezyjska prawniczka i autorka Maya Ksouri powiedzia\u0142a w programie nadanym przez Elhiwar Ettounsi TV (Tunezja) 21 lutego 2019 r., \u017ce wiele z reakcji na niedawn\u0105 egzekucj\u0119 dziewi\u0119ciu cz\u0142onk\u00f3w Bractwa Muzu\u0142ma\u0144skiego, skazanych za zabicie egipskich funkcjonariuszy w 2015 r., by\u0142o \u201cska\u017conych hipokryzj\u0105\u201d. Krytykowa\u0142a egipskie Bractwo Muzu\u0142ma\u0144skie za nag\u0142e wyst\u0119powanie przeciwko karze \u015bmierci, mimo \u017ce sami s\u0105 za zasad\u0105 \u201coko za oko\u201d, chc\u0105 zaprowadzic prawo szariatu i chwal\u0105 Iran oraz ISIS za egzekucje homoseksualist\u00f3w. Powiedzia\u0142a, \u017ce Mekameleen TV, egipski kana\u0142 BM nadaj\u0105cy z Turcji, nada\u0142 \u201c\u0142zawy pokaz\u201d, w kt\u00f3rym testament jednego ze straconych m\u0119\u017cczyzn odczyta\u0142 jego ojciec. W testamencie ten cz\u0142owiek napisa\u0142, \u017ce wybra\u0142 drog\u0119 D\u017cihadu. Ksouri powiedzia\u0142a r\u00f3wnie\u017c, \u017ce ideologia Bractwa Muzulma\u0144skiego szerzy si\u0119 jak rak, kt\u00f3ry \u017cyje na finansowych i moralnych s\u0142abo\u015bciach ludzi, i \u017ce nale\u017cy z nim walczy\u0107 przez o\u015bwiecon\u0105 edukacj\u0119, kt\u00f3ra mo\u017ce usun\u0105\u0107 ignorancj\u0119 i uprzedzenia z umys\u0142\u00f3w ludzi. \u00a0<\/em><\/p>\n<p><strong>Aby zobaczy\u0107 klip z May\u0105 Ksouri w MEMRI TV, kliknij\u00a0<\/strong><strong><u><a href=\"https:\/\/www.memri.org\/tv\/tunisian-lawyer-maya-ksouri-hypocritical-muslim-brotherhood-egypt-execution-islamists\">tutaj<\/a><\/u><\/strong><strong>\u00a0lub poni\u017cej.<\/strong><\/p>\n<p><iframe loading=\"lazy\" src=\"https:\/\/www.memri.org\/player\/clip\/42050\/780,440\/1\" width=\"780\" height=\"440\" frameborder=\"0\"><\/iframe><\/p>\n<p><strong>&#8222;To s\u0105 ci sami ludzie, kt\u00f3rzy chwal\u0105 Iran za egzekucje na homoseksualistach \u2013 chwalili nawet ISIS za zrzucanie homoseksualist\u00f3w z dach\u00f3w\u201d <\/strong><\/p>\n<p><strong>Maya Ksouri:<\/strong>\u00a0Co tak oburzy\u0142o tych ludzi [w sprawie egzekucji dziewi\u0119ciu islamist\u00f3w w Egipcie]? Dwie rzeczy ich oburzy\u0142y: sama egzekucja i twierdzenie, \u017ce przyznanie zosta\u0142o wydobyte torturami. Zobaczmy, dlaczego to wszystko jest ska\u017cone hipokryzj\u0105.<\/p>\n<p><img loading=\"lazy\" decoding=\"async\" class=\"alignnone size-full wp-image-12228\" src=\"https:\/\/www2.memri.org\/polish\/wp-content\/uploads\/2019\/03\/7048.jpg\" width=\"746\" height=\"432\" srcset=\"https:\/\/www2.memri.org\/polish\/wp-content\/uploads\/2019\/03\/7048.jpg 746w, https:\/\/www2.memri.org\/polish\/wp-content\/uploads\/2019\/03\/7048-300x174.jpg 300w, https:\/\/www2.memri.org\/polish\/wp-content\/uploads\/2019\/03\/7048-600x347.jpg 600w, https:\/\/www2.memri.org\/polish\/wp-content\/uploads\/2019\/03\/7048-696x403.jpg 696w, https:\/\/www2.memri.org\/polish\/wp-content\/uploads\/2019\/03\/7048-725x420.jpg 725w\" sizes=\"auto, (max-width: 746px) 100vw, 746px\" \/><\/p>\n<p>[&#8230;]<\/p>\n<p>Wszystkie gazety pe\u0142ne by\u0142y zdj\u0119\u0107 \u017con i dzieci tych, kt\u00f3rzy zostali straceni, jak gdyby ludzie, kt\u00f3rych [oni] zabili i spalili nie mieli \u017con i dzieci. Pom\u00f3wmy o pierwszej kwestii \u2013 karze \u015bmierci. Ci, kt\u00f3rzy chc\u0105 zaprowadzi\u0107 szariat i wierz\u0105 w koncepcj\u0119 \u201eoko za oko\u201d \u2013 dlaczego nagle oburza ich kara \u015bmierci?<\/p>\n<p><img loading=\"lazy\" decoding=\"async\" class=\"alignnone size-full wp-image-12229\" src=\"https:\/\/www2.memri.org\/polish\/wp-content\/uploads\/2019\/03\/7048a.jpg\" width=\"777\" height=\"225\" srcset=\"https:\/\/www2.memri.org\/polish\/wp-content\/uploads\/2019\/03\/7048a.jpg 777w, https:\/\/www2.memri.org\/polish\/wp-content\/uploads\/2019\/03\/7048a-300x87.jpg 300w, https:\/\/www2.memri.org\/polish\/wp-content\/uploads\/2019\/03\/7048a-768x222.jpg 768w, https:\/\/www2.memri.org\/polish\/wp-content\/uploads\/2019\/03\/7048a-600x174.jpg 600w, https:\/\/www2.memri.org\/polish\/wp-content\/uploads\/2019\/03\/7048a-696x202.jpg 696w\" sizes=\"auto, (max-width: 777px) 100vw, 777px\" \/><\/p>\n<p><img loading=\"lazy\" decoding=\"async\" class=\"alignnone size-full wp-image-12230\" src=\"https:\/\/www2.memri.org\/polish\/wp-content\/uploads\/2019\/03\/7048b.jpg\" width=\"656\" height=\"379\" srcset=\"https:\/\/www2.memri.org\/polish\/wp-content\/uploads\/2019\/03\/7048b.jpg 656w, https:\/\/www2.memri.org\/polish\/wp-content\/uploads\/2019\/03\/7048b-300x173.jpg 300w, https:\/\/www2.memri.org\/polish\/wp-content\/uploads\/2019\/03\/7048b-600x347.jpg 600w\" sizes=\"auto, (max-width: 656px) 100vw, 656px\" \/><\/p>\n<p>To s\u0105 ci sami ludzie, kt\u00f3rzy chwal\u0105 Iran za egzekucje na homoseksualistach \u2013 chwalili nawet ISIS za zrzucanie homoseksualist\u00f3w z dach\u00f3w, m\u00f3wi\u0105c, \u017ce zas\u0142u\u017cyli na to. Nagle ci ludzie s\u0105 przeciwko karze \u015bmierci.<\/p>\n<p><img loading=\"lazy\" decoding=\"async\" class=\"alignnone size-full wp-image-12231\" src=\"https:\/\/www2.memri.org\/polish\/wp-content\/uploads\/2019\/03\/7048c.jpg\" width=\"762\" height=\"218\" srcset=\"https:\/\/www2.memri.org\/polish\/wp-content\/uploads\/2019\/03\/7048c.jpg 762w, https:\/\/www2.memri.org\/polish\/wp-content\/uploads\/2019\/03\/7048c-300x86.jpg 300w, https:\/\/www2.memri.org\/polish\/wp-content\/uploads\/2019\/03\/7048c-600x172.jpg 600w, https:\/\/www2.memri.org\/polish\/wp-content\/uploads\/2019\/03\/7048c-696x199.jpg 696w\" sizes=\"auto, (max-width: 762px) 100vw, 762px\" \/><\/p>\n<p><img loading=\"lazy\" decoding=\"async\" class=\"alignnone size-full wp-image-12232\" src=\"https:\/\/www2.memri.org\/polish\/wp-content\/uploads\/2019\/03\/7048d.jpg\" width=\"658\" height=\"378\" srcset=\"https:\/\/www2.memri.org\/polish\/wp-content\/uploads\/2019\/03\/7048d.jpg 658w, https:\/\/www2.memri.org\/polish\/wp-content\/uploads\/2019\/03\/7048d-300x172.jpg 300w, https:\/\/www2.memri.org\/polish\/wp-content\/uploads\/2019\/03\/7048d-600x345.jpg 600w\" sizes=\"auto, (max-width: 658px) 100vw, 658px\" \/><\/p>\n<p>[&#8230;]<\/p>\n<p>S\u0105 wideo tych, kt\u00f3rzy zostali straceni, m\u00f3wi\u0105cych, \u017ce nie pope\u0142nili [przest\u0119pstwa]. Dlaczego ludzie wierz\u0105 im, jak gdyby ich s\u0142owa by\u0142y z Koranu?<\/p>\n<p>[&#8230;]<\/p>\n<p>&#8222;Pozw\u00f3lcie, \u017ce przeczytam jego w\u0142asne s\u0142owa\u2026 \u2018Poszed\u0142em prowadzi\u0107 D\u017cihad, to jest moja droga \u2013 Koran i miecz\u2019\u201d<\/p>\n<p>Istnieje [nadaj\u0105cy z Turcji] kana\u0142 egipskiego Bractwa Muzu\u0142ma\u0144skiego o nazwie\u00a0<em>Mekameleen<\/em>. Ten kana\u0142 nada\u0142 specjalny program \u017ca\u0142obny w celu pod\u017cegania ludzi. Dzwonili do rodzin m\u0142odych m\u0119\u017cczyzn, kt\u00f3rzy zostali straceni. \u201eJak si\u0119 czu\u0142e\u015b, kiedy zabili twojego syna\u2026?\u201d Zamienili to w \u0142zawy pokaz w programie nadawanym na \u017cywo. [Terrorysta] Abu Bark Al-Sajjed, kt\u00f3ry wygl\u0105da bardzo przyjemnie na zdj\u0119ciach\u2026 Jego ojciec jest prostym cz\u0142owiekiem, kt\u00f3ry s\u0105dzi\u0142, \u017ce on robi\u0142 dobr\u0105 rzecz\u2026<\/p>\n<p>[&#8230;]<\/p>\n<p>Powiedzia\u0142, \u017ce jego syn napisa\u0142 testament i chcia\u0142, by odczytano go po jego \u015bmierci. Co by\u0142o w tym testamencie, kt\u00f3ry ojciec odczyta\u0142 w nadawanym na \u017cywo programie? Zawiera przyznanie si\u0119 jego syna. Jest wideo [ojca czytaj\u0105cego testament]. Co m\u00f3wi? Pozw\u00f3lcie, \u017ce przeczytam jego w\u0142asne s\u0142owa: \u2026 \u201eTo jest droga, jak\u0105 wybra\u0142em. Poszed\u0142em t\u0105 drog\u0105 i nigdy z niej nie zbocz\u0119, podj\u0105\u0142em t\u0119 decyzje ze stalow\u0105 determinacj\u0105. O matko, nie b\u0105d\u017a smutna z mojego odej\u015bcia, bo poszed\u0142em prowadzi\u0107 D\u017cihad, to jest moja droga \u2013 Koran i miecz\u201d. Prawda jest tutaj bardzo wyra\u017ana dla mnie, jak r\u00f3wnie\u017c dla Bractwa Muzu\u0142ma\u0144skiego.<\/p>\n<p>[&#8230;]<\/p>\n<p>&#8222;Potrzebujemy edukacji i nowoczesnego, o\u015bwieconego kraju, kt\u00f3ry o\u015bwieci ludzi i usunie ignorancje i uprzedzenia z ich umys\u0142\u00f3w\u201d<\/p>\n<p>To jest prawda, ale to mnie niepokoi: co doprowadzi\u0142o nas do takiej sytuacji? Dlaczego dzisiaj dokonuje si\u0119 egzekucji takich dzieci? Jest tak, poniewa\u017c ideologia Bractwa Muzu\u0142ma\u0144skiego szerzy si\u0119 jak rak. \u017byje na finansowych i moralnych s\u0142abo\u015bciach ludzi takich jak oni.<\/p>\n<p><img loading=\"lazy\" decoding=\"async\" class=\"alignnone size-full wp-image-12233\" src=\"https:\/\/www2.memri.org\/polish\/wp-content\/uploads\/2019\/03\/7048f.jpg\" width=\"657\" height=\"378\" srcset=\"https:\/\/www2.memri.org\/polish\/wp-content\/uploads\/2019\/03\/7048f.jpg 657w, https:\/\/www2.memri.org\/polish\/wp-content\/uploads\/2019\/03\/7048f-300x173.jpg 300w, https:\/\/www2.memri.org\/polish\/wp-content\/uploads\/2019\/03\/7048f-600x345.jpg 600w\" sizes=\"auto, (max-width: 657px) 100vw, 657px\" \/><\/p>\n<p>[&#8230;]<\/p>\n<p>Ta kara jest niezb\u0119dna. Kara \u015bmierci istnieje w prawie egipskim i jest u\u017cywana w sprawach takich przest\u0119pstw, jak to.<\/p>\n<p><img loading=\"lazy\" decoding=\"async\" class=\"alignnone size-full wp-image-12234\" src=\"https:\/\/www2.memri.org\/polish\/wp-content\/uploads\/2019\/03\/7048g.jpg\" width=\"776\" height=\"220\" srcset=\"https:\/\/www2.memri.org\/polish\/wp-content\/uploads\/2019\/03\/7048g.jpg 776w, https:\/\/www2.memri.org\/polish\/wp-content\/uploads\/2019\/03\/7048g-300x85.jpg 300w, https:\/\/www2.memri.org\/polish\/wp-content\/uploads\/2019\/03\/7048g-768x218.jpg 768w, https:\/\/www2.memri.org\/polish\/wp-content\/uploads\/2019\/03\/7048g-600x170.jpg 600w, https:\/\/www2.memri.org\/polish\/wp-content\/uploads\/2019\/03\/7048g-696x197.jpg 696w\" sizes=\"auto, (max-width: 776px) 100vw, 776px\" \/><\/p>\n<p>[&#8230;]<\/p>\n<p>Uwa\u017cam, \u017ce kara \u015bmierci jest niezb\u0119dna, ale niewystarczaj\u0105ca. W celu pokonania tego raka, kt\u00f3ry nas opanowa\u0142, potrzebujemy edukacji i nowoczesnego, o\u015bwieconego kraju, kt\u00f3ry o\u015bwieci ludzi i usunie ignorancj\u0119 i uprzedzenia z ich umys\u0142\u00f3w.<\/p>\n<p><img loading=\"lazy\" decoding=\"async\" class=\"alignnone size-full wp-image-12235\" src=\"https:\/\/www2.memri.org\/polish\/wp-content\/uploads\/2019\/03\/7048h.jpg\" width=\"773\" height=\"444\" srcset=\"https:\/\/www2.memri.org\/polish\/wp-content\/uploads\/2019\/03\/7048h.jpg 773w, https:\/\/www2.memri.org\/polish\/wp-content\/uploads\/2019\/03\/7048h-300x172.jpg 300w, https:\/\/www2.memri.org\/polish\/wp-content\/uploads\/2019\/03\/7048h-768x441.jpg 768w, https:\/\/www2.memri.org\/polish\/wp-content\/uploads\/2019\/03\/7048h-600x345.jpg 600w, https:\/\/www2.memri.org\/polish\/wp-content\/uploads\/2019\/03\/7048h-696x400.jpg 696w, https:\/\/www2.memri.org\/polish\/wp-content\/uploads\/2019\/03\/7048h-731x420.jpg 731w\" sizes=\"auto, (max-width: 773px) 100vw, 773px\" \/><\/p>\n","protected":false},"excerpt":{"rendered":"<p>Tunezyjska prawniczka i autorka Maya Ksouri powiedzia\u0142a w programie nadanym przez Elhiwar Ettounsi TV (Tunezja) 21 lutego 2019 r., \u017ce wiele z reakcji na niedawn\u0105 egzekucj\u0119 dziewi\u0119ciu cz\u0142onk\u00f3w Bractwa Muzu\u0142ma\u0144skiego, skazanych za zabicie egipskich funkcjonariuszy w 2015 r., by\u0142o \u201cska\u017conych hipokryzj\u0105\u201d. Krytykowa\u0142a egipskie Bractwo Muzu\u0142ma\u0144skie za nag\u0142e wyst\u0119powanie przeciwko karze \u015bmierci, mimo \u017ce sami s\u0105 [&hellip;]<\/p>\n","protected":false},"author":1,"featured_media":12228,"comment_status":"open","ping_status":"open","sticky":false,"template":"","format":"standard","meta":{"footnotes":""},"categories":[824,832,835,836,837,863],"tags":[],"class_list":["post-12227","post","type-post","status-publish","format-standard","has-post-thumbnail","hentry","category-specjalne-komunikaty","category-projekt-badan-nad-dzihadem-i-terroryzmem","category-archiwum","category-tematy","category-kraje","category-egipt"],"_links":{"self":[{"href":"https:\/\/www2.memri.org\/polish\/wp-json\/wp\/v2\/posts\/12227","targetHints":{"allow":["GET"]}}],"collection":[{"href":"https:\/\/www2.memri.org\/polish\/wp-json\/wp\/v2\/posts"}],"about":[{"href":"https:\/\/www2.memri.org\/polish\/wp-json\/wp\/v2\/types\/post"}],"author":[{"embeddable":true,"href":"https:\/\/www2.memri.org\/polish\/wp-json\/wp\/v2\/users\/1"}],"replies":[{"embeddable":true,"href":"https:\/\/www2.memri.org\/polish\/wp-json\/wp\/v2\/comments?post=12227"}],"version-history":[{"count":1,"href":"https:\/\/www2.memri.org\/polish\/wp-json\/wp\/v2\/posts\/12227\/revisions"}],"predecessor-version":[{"id":12236,"href":"https:\/\/www2.memri.org\/polish\/wp-json\/wp\/v2\/posts\/12227\/revisions\/12236"}],"wp:featuredmedia":[{"embeddable":true,"href":"https:\/\/www2.memri.org\/polish\/wp-json\/wp\/v2\/media\/12228"}],"wp:attachment":[{"href":"https:\/\/www2.memri.org\/polish\/wp-json\/wp\/v2\/media?parent=12227"}],"wp:term":[{"taxonomy":"category","embeddable":true,"href":"https:\/\/www2.memri.org\/polish\/wp-json\/wp\/v2\/categories?post=12227"},{"taxonomy":"post_tag","embeddable":true,"href":"https:\/\/www2.memri.org\/polish\/wp-json\/wp\/v2\/tags?post=12227"}],"curies":[{"name":"wp","href":"https:\/\/api.w.org\/{rel}","templated":true}]}}