{"id":11811,"date":"2018-12-19T22:19:25","date_gmt":"2018-12-19T21:19:25","guid":{"rendered":"https:\/\/www2.memri.org\/polish\/?p=11811"},"modified":"2018-12-19T22:19:25","modified_gmt":"2018-12-19T21:19:25","slug":"w-piatkowym-kazaniu-w-chartumie-szejk-muhammad-tannoun-cytuje-protokoly-medrcow-syjonu-i-mowi-zydzi-stoja-za-kazda-wojna-wojna-z-nimi-nie-jest-o-granice-ale-o-wiare-o-allahu-policz-ich","status":"publish","type":"post","link":"https:\/\/www2.memri.org\/polish\/w-piatkowym-kazaniu-w-chartumie-szejk-muhammad-tannoun-cytuje-protokoly-medrcow-syjonu-i-mowi-zydzi-stoja-za-kazda-wojna-wojna-z-nimi-nie-jest-o-granice-ale-o-wiare-o-allahu-policz-ich\/11811","title":{"rendered":"W pi\u0105tkowym kazaniu w Chartumie szejk Muhammad Tannoun cytuje Protoko\u0142y medrc\u00f3w Syjonu i m\u00f3wi:  \u017bydzi stoja za ka\u017cd\u0105 wojn\u0105; Wojna z nimi nie jest o granice, ale o wiar\u0119; \u201cO Allahu, policz ich jednego za drugim, zabij do ostatniego\u201d"},"content":{"rendered":"<p><em>Podczas kazania pi\u0105tkowego 7 grudnia w Chartumie, nadanym w Sudan TV, szejk Muhammad Tannoun m\u00f3wi\u0142 o <\/em>Protoko\u0142ach m\u0119drc\u00f3w Syjonu<em>\u00a0i powiedzia\u0142, \u017ce \u017bydzi chc\u0105 panowa\u0107 nad \u015bwiatem przez swoj\u0105 religi\u0119. Oskar\u017cy\u0142 \u017byd\u00f3w o to, \u017ce stoj\u0105 za ka\u017cd\u0105 wojn\u0105 w historii, w\u0142\u0105cznie z obydwiema wojnami \u015bwiatowymi i wszystkimi wojnami, jakie tocz\u0105 si\u0119 na \u015bwiecie dzisiaj, poniewa\u017c mog\u0105 \u017cy\u0107 tylko w atmosferze zgorszenia, wojny i konfliktu. Powiedzia\u0142 nast\u0119pnie, \u017ce nie ma sensu normalizowanie stosunk\u00f3w z \u017bydami, poniewa\u017c konflikt z nimi jest wojn\u0105 religijn\u0105, kt\u00f3r\u0105 mo\u017cna rozwi\u0105za\u0107 tylko przez d\u017cihad. Szejk Tannoun zako\u0144czy\u0142 kazanie modlitw\u0105 o unicestwienie \u017byd\u00f3w. Wiecej o szejku Muhammadzie Tannounie w MEMRI TV clip no. 1471\u00a0<\/em><em><u><a href=\"https:\/\/www.memri.org\/tv\/friday-sermon-sudan-palestine-occupied-offspring-apes-and-pigs\">Friday Sermon In Sudan: Palestine Is Occupied By The Offspring Of Apes And Pigs<\/a><\/u><\/em><em>, 25 maja 2007.<\/em><\/p>\n<p><strong>\u017beby zobaczy\u0107 klip z Muhammadem Tannounem w MEMRI TV, kliknij\u00a0<\/strong><strong><u><a href=\"https:\/\/www.memri.org\/tv\/sudan-anti-semitic-sermon-muhammad-tannoun-jews-behind-wars-corruption-strife\">tutaj<\/a><\/u><\/strong><strong>\u00a0lub poni\u017cej.<\/strong><\/p>\n<p><iframe loading=\"lazy\" src=\"https:\/\/www.memri.org\/player\/clip\/41393\/780,440\/1\" width=\"780\" height=\"440\" frameborder=\"0\" data-mce-fragment=\"1\"><\/iframe><\/p>\n<p><strong>&#8222;I Wojna \u015awiatowa i II Wojna \u015bwiatowa, wojny przed nimi i wojny, jakie tocz\u0105 si\u0119 obecnie w naszych krajach i w innych krajach\u2026 \u017bydzi stoj\u0105 za tymi wszystkimi wojnami\u201d<\/strong><\/p>\n<p><strong>Szejk Muhammad Tannoun:<\/strong>\u00a0\u017bydzi twierdz\u0105, \u017ce Palestyna i ka\u017cdy inny kraj, w jakim mieszkali, nale\u017c\u0105 do nich. W\u00a0<em>Protoko\u0142ach m\u0119drc\u00f3w Syjonu<\/em> m\u00f3wi\u0105, \u017ce chc\u0105 rz\u0105dzi\u0107 \u015bwiatem wed\u0142ug tylko jednej religii \u2013 ich religii. To dlatego chc\u0105 zamieni\u0107 Jerozolim\u0119 w stolic\u0119 tego globalnego pa\u0144stwa.<\/p>\n<p><img loading=\"lazy\" decoding=\"async\" class=\"alignnone size-full wp-image-11812\" src=\"https:\/\/www2.memri.org\/polish\/wp-content\/uploads\/2018\/12\/SD7812.jpg\" width=\"847\" height=\"258\" srcset=\"https:\/\/www2.memri.org\/polish\/wp-content\/uploads\/2018\/12\/SD7812.jpg 847w, https:\/\/www2.memri.org\/polish\/wp-content\/uploads\/2018\/12\/SD7812-300x91.jpg 300w, https:\/\/www2.memri.org\/polish\/wp-content\/uploads\/2018\/12\/SD7812-768x234.jpg 768w, https:\/\/www2.memri.org\/polish\/wp-content\/uploads\/2018\/12\/SD7812-600x183.jpg 600w, https:\/\/www2.memri.org\/polish\/wp-content\/uploads\/2018\/12\/SD7812-696x212.jpg 696w\" sizes=\"auto, (max-width: 847px) 100vw, 847px\" \/><\/p>\n<p>[&#8230;]<\/p>\n<p>Musimy czyta\u0107 Koran, \u017ceby zrozumie\u0107 \u017byd\u00f3w i ich cechy. Czy jest cho\u0107 jeden werset w Koranie chwal\u0105cy \u017byd\u00f3w po tym, jak pogwa\u0142cili ich pakt z Allahem i Jego pos\u0142a\u0144cami, i po tym, jak zabili ich prorok\u00f3w? Nie. [Koran m\u00f3wi:] \u201eGdziekolwiek oni rozpalaj\u0105 ogie\u0144 wojny, Allah go gasi\u201d. Wszystkie wojny, jakie si\u0119 toczy\u0142y &#8211; I Wojna \u015awiatowa i II Wojna \u015bwiatowa, wojny przed nimi i wojny, jakie tocz\u0105 si\u0119 obecnie w naszych krajach i w innych krajach\u2026 \u017bydzi stoj\u0105 za tymi wszystkimi wojnami. Oni mog\u0105 \u017cy\u0107 tylko w atmosferze zgorszenia, wojen i konflikt\u00f3w. [Koran m\u00f3wi:] '\u201dOni usi\u0142uj\u0105 szerzy\u0107 na ziemi zgorszenie\u201d. Czasownik jest w czasie tera\u017aniejszym. To jest oczywiste. Werset nie m\u00f3wi \u201eusi\u0142owali szerzy\u0107\u201d albo \u201eb\u0119d\u0105 usi\u0142owali szerzy\u0107\u201d\u2026 M\u00f3wi, \u017ce usi\u0142uj\u0105 szerzy\u0107 [zgorszenie]\u00a0 w tera\u017aniejszo\u015bci i w przysz\u0142o\u015bci. \u201eUsi\u0142uj\u0105 szerzy\u0107 zgorszenie na ziemi\u201d. Dlaczego wi\u0119c normalizujemy stosunki ze zgorszycielami i zaprzyja\u017aniamy si\u0119 z nimi?<\/p>\n<p><img loading=\"lazy\" decoding=\"async\" class=\"alignnone size-full wp-image-11813\" src=\"https:\/\/www2.memri.org\/polish\/wp-content\/uploads\/2018\/12\/SD78121.jpg\" width=\"599\" height=\"365\" srcset=\"https:\/\/www2.memri.org\/polish\/wp-content\/uploads\/2018\/12\/SD78121.jpg 599w, https:\/\/www2.memri.org\/polish\/wp-content\/uploads\/2018\/12\/SD78121-300x183.jpg 300w\" sizes=\"auto, (max-width: 599px) 100vw, 599px\" \/><\/p>\n<p>[&#8230;]<\/p>\n<p>&#8222;O Allahu, policz ich jednego za drugim, zabij ich do ostatniego i nie oszcz\u0119d\u017a ani jednego z nich\u201d<\/p>\n<p>Nie mo\u017ce by\u0107 trwa\u0142ego pokoju ani pe\u0142nego porozumienia z nimi, poniewa\u017c wojna z nimi nie jest marginaln\u0105 lub b\u0142ah\u0105 wojn\u0105. Ta wojna nie jest o granice, kt\u00f3re mo\u017cna nakre\u015bli\u0107 na nowo. Oni nie maj\u0105 granic. Ta wojna nie jest o sprzeczne interesy, kt\u00f3re mo\u017cna rozwi\u0105za\u0107. Ta wojna nie jest narodow\u0105 wojn\u0105 ani strategiczn\u0105 wojn\u0105. To jest wojna wiar. Albo my, albo oni.<\/p>\n<p><img loading=\"lazy\" decoding=\"async\" class=\"alignnone size-full wp-image-11814\" src=\"https:\/\/www2.memri.org\/polish\/wp-content\/uploads\/2018\/12\/SD78122.jpg\" width=\"849\" height=\"256\" srcset=\"https:\/\/www2.memri.org\/polish\/wp-content\/uploads\/2018\/12\/SD78122.jpg 849w, https:\/\/www2.memri.org\/polish\/wp-content\/uploads\/2018\/12\/SD78122-300x90.jpg 300w, https:\/\/www2.memri.org\/polish\/wp-content\/uploads\/2018\/12\/SD78122-768x232.jpg 768w, https:\/\/www2.memri.org\/polish\/wp-content\/uploads\/2018\/12\/SD78122-600x181.jpg 600w, https:\/\/www2.memri.org\/polish\/wp-content\/uploads\/2018\/12\/SD78122-696x210.jpg 696w\" sizes=\"auto, (max-width: 849px) 100vw, 849px\" \/><\/p>\n<p>Religijnych wojen nie mo\u017cna rozstrzygn\u0105\u0107 przez manewry, porozumienia i kompromisy. [Mo\u017cna je rozstrzygn\u0105\u0107] tylko przez D\u017cihad. Je\u015bli p\u00f3jdziemy tam i rozpoczniemy D\u017cihad, powinni\u015bmy to zrobi\u0107, ale s\u0105 granice, ograniczenia i przeszkody. Je\u015bli nie mo\u017cemy prowadzi\u0107 D\u017cihadu naszym \u017cyciem, powinni\u015bmy to zrobi\u0107 naszymi pieni\u0119dzmi.<\/p>\n<p><img loading=\"lazy\" decoding=\"async\" class=\"alignnone size-full wp-image-11815\" src=\"https:\/\/www2.memri.org\/polish\/wp-content\/uploads\/2018\/12\/SD78123.jpg\" width=\"834\" height=\"256\" srcset=\"https:\/\/www2.memri.org\/polish\/wp-content\/uploads\/2018\/12\/SD78123.jpg 834w, https:\/\/www2.memri.org\/polish\/wp-content\/uploads\/2018\/12\/SD78123-300x92.jpg 300w, https:\/\/www2.memri.org\/polish\/wp-content\/uploads\/2018\/12\/SD78123-768x236.jpg 768w, https:\/\/www2.memri.org\/polish\/wp-content\/uploads\/2018\/12\/SD78123-600x184.jpg 600w, https:\/\/www2.memri.org\/polish\/wp-content\/uploads\/2018\/12\/SD78123-696x214.jpg 696w\" sizes=\"auto, (max-width: 834px) 100vw, 834px\" \/><\/p>\n<p>[&#8230;]<\/p>\n<p>O Allahu, dotknij \u017byd\u00f3w Swoj\u0105 olbrzymi\u0105 pot\u0119g\u0105. O Allahu, poka\u017c na nich cuda Swojej pot\u0119gi. O Allahu, policz ich jednego za drugim, zabij ich do ostatniego i nie oszcz\u0119d\u017a ani jednego z nich.<\/p>\n<p><img loading=\"lazy\" decoding=\"async\" class=\"alignnone size-full wp-image-11816\" src=\"https:\/\/www2.memri.org\/polish\/wp-content\/uploads\/2018\/12\/SD78124.jpg\" width=\"827\" height=\"252\" srcset=\"https:\/\/www2.memri.org\/polish\/wp-content\/uploads\/2018\/12\/SD78124.jpg 827w, https:\/\/www2.memri.org\/polish\/wp-content\/uploads\/2018\/12\/SD78124-300x91.jpg 300w, https:\/\/www2.memri.org\/polish\/wp-content\/uploads\/2018\/12\/SD78124-768x234.jpg 768w, https:\/\/www2.memri.org\/polish\/wp-content\/uploads\/2018\/12\/SD78124-600x183.jpg 600w, https:\/\/www2.memri.org\/polish\/wp-content\/uploads\/2018\/12\/SD78124-696x212.jpg 696w\" sizes=\"auto, (max-width: 827px) 100vw, 827px\" \/><\/p>\n<p><img loading=\"lazy\" decoding=\"async\" class=\"alignnone size-full wp-image-11817\" src=\"https:\/\/www2.memri.org\/polish\/wp-content\/uploads\/2018\/12\/SD78125.jpg\" width=\"598\" height=\"366\" srcset=\"https:\/\/www2.memri.org\/polish\/wp-content\/uploads\/2018\/12\/SD78125.jpg 598w, https:\/\/www2.memri.org\/polish\/wp-content\/uploads\/2018\/12\/SD78125-300x184.jpg 300w\" sizes=\"auto, (max-width: 598px) 100vw, 598px\" \/><\/p>\n","protected":false},"excerpt":{"rendered":"<p>Podczas kazania pi\u0105tkowego 7 grudnia w Chartumie, nadanym w Sudan TV, szejk Muhammad Tannoun m\u00f3wi\u0142 o Protoko\u0142ach m\u0119drc\u00f3w Syjonu\u00a0i powiedzia\u0142, \u017ce \u017bydzi chc\u0105 panowa\u0107 nad \u015bwiatem przez swoj\u0105 religi\u0119. Oskar\u017cy\u0142 \u017byd\u00f3w o to, \u017ce stoj\u0105 za ka\u017cd\u0105 wojn\u0105 w historii, w\u0142\u0105cznie z obydwiema wojnami \u015bwiatowymi i wszystkimi wojnami, jakie tocz\u0105 si\u0119 na \u015bwiecie dzisiaj, poniewa\u017c [&hellip;]<\/p>\n","protected":false},"author":1,"featured_media":11812,"comment_status":"open","ping_status":"open","sticky":false,"template":"","format":"standard","meta":{"footnotes":""},"categories":[824,831,835,836],"tags":[],"class_list":["post-11811","post","type-post","status-publish","format-standard","has-post-thumbnail","hentry","category-specjalne-komunikaty","category-projekt-dokumentacji-antysemityzmu","category-archiwum","category-tematy"],"_links":{"self":[{"href":"https:\/\/www2.memri.org\/polish\/wp-json\/wp\/v2\/posts\/11811","targetHints":{"allow":["GET"]}}],"collection":[{"href":"https:\/\/www2.memri.org\/polish\/wp-json\/wp\/v2\/posts"}],"about":[{"href":"https:\/\/www2.memri.org\/polish\/wp-json\/wp\/v2\/types\/post"}],"author":[{"embeddable":true,"href":"https:\/\/www2.memri.org\/polish\/wp-json\/wp\/v2\/users\/1"}],"replies":[{"embeddable":true,"href":"https:\/\/www2.memri.org\/polish\/wp-json\/wp\/v2\/comments?post=11811"}],"version-history":[{"count":1,"href":"https:\/\/www2.memri.org\/polish\/wp-json\/wp\/v2\/posts\/11811\/revisions"}],"predecessor-version":[{"id":11818,"href":"https:\/\/www2.memri.org\/polish\/wp-json\/wp\/v2\/posts\/11811\/revisions\/11818"}],"wp:featuredmedia":[{"embeddable":true,"href":"https:\/\/www2.memri.org\/polish\/wp-json\/wp\/v2\/media\/11812"}],"wp:attachment":[{"href":"https:\/\/www2.memri.org\/polish\/wp-json\/wp\/v2\/media?parent=11811"}],"wp:term":[{"taxonomy":"category","embeddable":true,"href":"https:\/\/www2.memri.org\/polish\/wp-json\/wp\/v2\/categories?post=11811"},{"taxonomy":"post_tag","embeddable":true,"href":"https:\/\/www2.memri.org\/polish\/wp-json\/wp\/v2\/tags?post=11811"}],"curies":[{"name":"wp","href":"https:\/\/api.w.org\/{rel}","templated":true}]}}